{"id":152623,"date":"2026-03-14T09:00:47","date_gmt":"2026-03-14T12:00:47","guid":{"rendered":"https:\/\/www.conveniosocial.com.br\/blog\/nehuma\/clinica-francoso-cuidados-em-psiquiatria-em-maua\/"},"modified":"2026-03-14T09:00:47","modified_gmt":"2026-03-14T12:00:47","slug":"clinica-francoso-cuidados-em-psiquiatria-em-maua","status":"publish","type":"post","link":"https:\/\/www.conveniosocial.com.br\/blog\/psiquiatria\/clinica-francoso-cuidados-em-psiquiatria-em-maua\/","title":{"rendered":"Cl\u00ednica Fran\u00e7oso: Cuidados em Psiquiatria em Mau\u00e1"},"content":{"rendered":"<div id=\"ez-toc-container\" class=\"ez-toc-v2_0_82_2 counter-flat ez-toc-counter ez-toc-white ez-toc-container-direction\">\n<p class=\"ez-toc-title\" style=\"cursor:inherit\">\u00cdndice do Conte\u00fado<\/p>\n<label for=\"ez-toc-cssicon-toggle-item-69f1d49fe27e4\" class=\"ez-toc-cssicon-toggle-label\"><span class=\"ez-toc-cssicon\"><span class=\"eztoc-hide\" style=\"display:none;\">Toggle<\/span><span class=\"ez-toc-icon-toggle-span\"><svg style=\"fill: #999;color:#999\" xmlns=\"http:\/\/www.w3.org\/2000\/svg\" class=\"list-377408\" width=\"20px\" height=\"20px\" viewBox=\"0 0 24 24\" fill=\"none\"><path d=\"M6 6H4v2h2V6zm14 0H8v2h12V6zM4 11h2v2H4v-2zm16 0H8v2h12v-2zM4 16h2v2H4v-2zm16 0H8v2h12v-2z\" fill=\"currentColor\"><\/path><\/svg><svg style=\"fill: #999;color:#999\" class=\"arrow-unsorted-368013\" xmlns=\"http:\/\/www.w3.org\/2000\/svg\" width=\"10px\" height=\"10px\" viewBox=\"0 0 24 24\" version=\"1.2\" baseProfile=\"tiny\"><path d=\"M18.2 9.3l-6.2-6.3-6.2 6.3c-.2.2-.3.4-.3.7s.1.5.3.7c.2.2.4.3.7.3h11c.3 0 .5-.1.7-.3.2-.2.3-.5.3-.7s-.1-.5-.3-.7zM5.8 14.7l6.2 6.3 6.2-6.3c.2-.2.3-.5.3-.7s-.1-.5-.3-.7c-.2-.2-.4-.3-.7-.3h-11c-.3 0-.5.1-.7.3-.2.2-.3.5-.3.7s.1.5.3.7z\"\/><\/svg><\/span><\/span><\/label><input type=\"checkbox\"  id=\"ez-toc-cssicon-toggle-item-69f1d49fe27e4\" checked aria-label=\"Alternar\" \/><nav><ul class='ez-toc-list ez-toc-list-level-1 ' ><li class='ez-toc-page-1'><a class=\"ez-toc-link ez-toc-heading-1\" href=\"https:\/\/www.conveniosocial.com.br\/blog\/psiquiatria\/clinica-francoso-cuidados-em-psiquiatria-em-maua\/#Clinica_Francoso_Cuidados_em_Psiquiatria_em_Maua\" >Cl\u00ednica Fran\u00e7oso: Cuidados em Psiquiatria em Mau\u00e1<\/a><\/li><li class='ez-toc-page-1'><a class=\"ez-toc-link ez-toc-heading-2\" href=\"https:\/\/www.conveniosocial.com.br\/blog\/psiquiatria\/clinica-francoso-cuidados-em-psiquiatria-em-maua\/#Perguntas_Frequentes\" >Perguntas Frequentes<\/a><\/li><li class='ez-toc-page-1'><a class=\"ez-toc-link ez-toc-heading-3\" href=\"https:\/\/www.conveniosocial.com.br\/blog\/psiquiatria\/clinica-francoso-cuidados-em-psiquiatria-em-maua\/#Contato\" >Contato<\/a><\/li><\/ul><\/nav><\/div>\n<h2><span class=\"ez-toc-section\" id=\"Clinica_Francoso_Cuidados_em_Psiquiatria_em_Maua\"><\/span>Cl\u00ednica Fran\u00e7oso: Cuidados em Psiquiatria em Mau\u00e1<span class=\"ez-toc-section-end\"><\/span><\/h2>\n<p>A Cl\u00ednica Fran\u00e7oso \u00e9 um espa\u00e7o dedicado ao cuidado da sa\u00fade mental, localizada no cora\u00e7\u00e3o da Vila No\u00eamia, em Mau\u00e1, SP. Sob a responsabilidade do Dr. Maur\u00edcio Garrote, m\u00e9dico psiquiatra com CRM 52873-SP, a cl\u00ednica se destaca pela abordagem humanizada e acolhedora em todas as suas consultas. A psiquiatria \u00e9 uma especialidade que requer sensibilidade e aten\u00e7\u00e3o, e aqui, cada paciente \u00e9 tratado como um indiv\u00edduo \u00fanico, com suas pr\u00f3prias necessidades e desafios. <\/p>\n<p>A Cl\u00ednica Fran\u00e7oso tem como miss\u00e3o proporcionar um ambiente seguro e confort\u00e1vel para aqueles que buscam tratamento psicol\u00f3gico e psiqui\u00e1trico. O Dr. Maur\u00edcio Garrote \u00e9 reconhecido por sua dedica\u00e7\u00e3o e profissionalismo, oferecendo um atendimento personalizado que visa n\u00e3o apenas o tratamento dos sintomas, mas tamb\u00e9m o fortalecimento da sa\u00fade mental de cada paciente. <\/p>\n<p>Localizada em uma \u00e1rea de f\u00e1cil acesso, a cl\u00ednica \u00e9 ideal para quem reside em Mau\u00e1 e regi\u00f5es adjacentes. Com um ambiente tranquilo e acolhedor, os pacientes podem se sentir \u00e0 vontade durante suas consultas, promovendo uma melhor rela\u00e7\u00e3o entre m\u00e9dico e paciente. <\/p>\n<p>Embora a cl\u00ednica n\u00e3o tenha informa\u00e7\u00f5es sobre exames ou conv\u00eanios dispon\u00edveis, a equipe est\u00e1 sempre pronta para orientar os pacientes sobre os melhores caminhos para o tratamento. A sa\u00fade mental \u00e9 uma prioridade e, por isso, a Cl\u00ednica Fran\u00e7oso busca constantemente atualiza\u00e7\u00e3o e aprimoramento em suas pr\u00e1ticas. <\/p>\n<p>Al\u00e9m do atendimento presencial, a cl\u00ednica tamb\u00e9m est\u00e1 aberta a inova\u00e7\u00f5es e sugest\u00f5es de como melhorar o acesso aos servi\u00e7os. Os pacientes podem entrar em contato pelo telefone (11) 99184-3225 para agendar uma consulta ou tirar d\u00favidas sobre os servi\u00e7os oferecidos. Embora n\u00e3o haja um site ou perfil no Instagram no momento, a presen\u00e7a digital \u00e9 uma meta da cl\u00ednica para o futuro, com o intuito de ampliar o alcance e a visibilidade dos seus servi\u00e7os. <\/p>\n<p>A Cl\u00ednica Fran\u00e7oso \u00e9 mais do que um local de atendimento; \u00e9 um espa\u00e7o onde cada hist\u00f3ria \u00e9 ouvida e cada tratamento \u00e9 pensado de maneira individualizada. Os pacientes podem esperar um atendimento que prioriza n\u00e3o apenas a sa\u00fade mental, mas tamb\u00e9m o bem-estar emocional e psicol\u00f3gico. <\/p>\n<p>Se voc\u00ea est\u00e1 buscando apoio na sua jornada de sa\u00fade mental, a Cl\u00ednica Fran\u00e7oso est\u00e1 aqui para ajudar. Venha nos visitar e descobrir como podemos trabalhar juntos para melhorar sua qualidade de vida.<\/p>\n<h3><span class=\"ez-toc-section\" id=\"Perguntas_Frequentes\"><\/span>Perguntas Frequentes<span class=\"ez-toc-section-end\"><\/span><\/h3>\n<p>P: Quais servi\u00e7os a Cl\u00ednica Fran\u00e7oso oferece?<br \/>\nR: A cl\u00ednica oferece servi\u00e7os na \u00e1rea de psiquiatria, com atendimento personalizado. <\/p>\n<p>P: Como posso agendar uma consulta?<br \/>\nR: Para agendar uma consulta, voc\u00ea pode ligar para (11) 99184-3225. <\/p>\n<p>P: A cl\u00ednica aceita conv\u00eanios?<br \/>\nR: No momento, n\u00e3o temos informa\u00e7\u00f5es sobre conv\u00eanios dispon\u00edveis. <\/p>\n<p>P: Quem \u00e9 o respons\u00e1vel t\u00e9cnico da cl\u00ednica?<br \/>\nR: O respons\u00e1vel t\u00e9cnico da cl\u00ednica \u00e9 o Dr. Maur\u00edcio Garrote, m\u00e9dico psiquiatra. <\/p>\n<p>P: Qual \u00e9 a localiza\u00e7\u00e3o da Cl\u00ednica Fran\u00e7oso?<br \/>\nR: A cl\u00ednica est\u00e1 localizada na Vila No\u00eamia, em Mau\u00e1, SP. <\/p>\n<p>P: A cl\u00ednica possui hor\u00e1rio de funcionamento espec\u00edfico?<br \/>\nR: As informa\u00e7\u00f5es sobre o hor\u00e1rio de funcionamento n\u00e3o est\u00e3o dispon\u00edveis atualmente. <\/p>\n<p>P: A Cl\u00ednica Fran\u00e7oso realiza exames?<br \/>\nR: No momento, n\u00e3o temos informa\u00e7\u00f5es sobre a realiza\u00e7\u00e3o de exames na cl\u00ednica. <\/p>\n<p>P: A cl\u00ednica oferece atendimento online?<br \/>\nR: Atualmente, a Cl\u00ednica Fran\u00e7oso n\u00e3o possui informa\u00e7\u00f5es sobre atendimento online. <\/p>\n<p>P: O que diferencia a Cl\u00ednica Fran\u00e7oso de outras cl\u00ednicas?<br \/>\nR: A cl\u00ednica se destaca pelo atendimento humanizado e acolhedor, priorizando o bem-estar do paciente. <\/p>\n<p>P: Como posso entrar em contato para mais informa\u00e7\u00f5es?<br \/>\nR: Voc\u00ea pode entrar em contato pelo telefone (11) 99184-3225 para mais informa\u00e7\u00f5es.<\/p>\n<h3><span class=\"ez-toc-section\" id=\"Contato\"><\/span>Contato<span class=\"ez-toc-section-end\"><\/span><\/h3>\n<p><strong>Tel.:  | <\/strong><br \/>\n<strong>WhatsApp: &#8211; <\/strong><\/p>\n","protected":false},"excerpt":{"rendered":"<p>Cl\u00ednica Fran\u00e7oso: Cuidados em Psiquiatria em Mau\u00e1 A Cl\u00ednica Fran\u00e7oso \u00e9 um espa\u00e7o dedicado ao cuidado da sa\u00fade mental, localizada no cora\u00e7\u00e3o da Vila No\u00eamia, em Mau\u00e1, SP. Sob a responsabilidade do Dr. Maur\u00edcio Garrote, m\u00e9dico psiquiatra com CRM 52873-SP, a cl\u00ednica se destaca pela abordagem humanizada e acolhedora em todas as suas consultas. A [&hellip;]<\/p>\n","protected":false},"author":0,"featured_media":0,"comment_status":"open","ping_status":"open","sticky":false,"template":"","format":"standard","meta":{"_et_pb_use_builder":"o","_et_pb_old_content":"","_et_gb_content_width":"","footnotes":""},"categories":[2530,901,1306],"tags":[],"class_list":["post-152623","post","type-post","status-publish","format-standard","hentry","category-clinica-em-maua","category-psiquiatria","category-saude-mental"],"yoast_head":"<!-- This site is optimized with the Yoast SEO Premium plugin v21.3 (Yoast SEO v27.5) - https:\/\/yoast.com\/product\/yoast-seo-premium-wordpress\/ -->\n<title>Cl\u00ednica Fran\u00e7oso: Cuidados em Psiquiatria em Mau\u00e1 - Conv\u00eanio Social<\/title>\n<meta name=\"robots\" content=\"index, follow, max-snippet:-1, max-image-preview:large, max-video-preview:-1\" \/>\n<link rel=\"canonical\" href=\"https:\/\/www.conveniosocial.com.br\/blog\/psiquiatria\/clinica-francoso-cuidados-em-psiquiatria-em-maua\/\" \/>\n<meta property=\"og:locale\" content=\"pt_BR\" \/>\n<meta property=\"og:type\" content=\"article\" \/>\n<meta property=\"og:title\" content=\"Cl\u00ednica Fran\u00e7oso: Cuidados em Psiquiatria em Mau\u00e1\" \/>\n<meta property=\"og:description\" content=\"Cl\u00ednica Fran\u00e7oso: Cuidados em Psiquiatria em Mau\u00e1 A Cl\u00ednica Fran\u00e7oso \u00e9 um espa\u00e7o dedicado ao cuidado da sa\u00fade mental, localizada no cora\u00e7\u00e3o da Vila No\u00eamia, em Mau\u00e1, SP. Sob a responsabilidade do Dr. Maur\u00edcio Garrote, m\u00e9dico psiquiatra com CRM 52873-SP, a cl\u00ednica se destaca pela abordagem humanizada e acolhedora em todas as suas consultas. A [&hellip;]\" \/>\n<meta property=\"og:url\" content=\"https:\/\/www.conveniosocial.com.br\/blog\/psiquiatria\/clinica-francoso-cuidados-em-psiquiatria-em-maua\/\" \/>\n<meta property=\"og:site_name\" content=\"Conv\u00eanio Social\" \/>\n<meta property=\"article:published_time\" content=\"2026-03-14T12:00:47+00:00\" \/>\n<meta name=\"twitter:card\" content=\"summary_large_image\" \/>\n<meta name=\"twitter:label1\" content=\"Est. tempo de leitura\" \/>\n\t<meta name=\"twitter:data1\" content=\"3 minutos\" \/>\n<script type=\"application\/ld+json\" class=\"yoast-schema-graph\">{\"@context\":\"https:\\\/\\\/schema.org\",\"@graph\":[{\"@type\":\"Article\",\"@id\":\"https:\\\/\\\/www.conveniosocial.com.br\\\/blog\\\/psiquiatria\\\/clinica-francoso-cuidados-em-psiquiatria-em-maua\\\/#article\",\"isPartOf\":{\"@id\":\"https:\\\/\\\/www.conveniosocial.com.br\\\/blog\\\/psiquiatria\\\/clinica-francoso-cuidados-em-psiquiatria-em-maua\\\/\"},\"author\":{\"name\":\"\",\"@id\":\"\"},\"headline\":\"Cl\u00ednica Fran\u00e7oso: Cuidados em Psiquiatria em Mau\u00e1\",\"datePublished\":\"2026-03-14T12:00:47+00:00\",\"mainEntityOfPage\":{\"@id\":\"https:\\\/\\\/www.conveniosocial.com.br\\\/blog\\\/psiquiatria\\\/clinica-francoso-cuidados-em-psiquiatria-em-maua\\\/\"},\"wordCount\":680,\"commentCount\":0,\"publisher\":{\"@id\":\"https:\\\/\\\/www.conveniosocial.com.br\\\/blog\\\/#organization\"},\"articleSection\":[\"Cl\u00ednica em Mau\u00e1\",\"Psiquiatria\",\"Sa\u00fade Mental\"],\"inLanguage\":\"pt-BR\"},{\"@type\":\"WebPage\",\"@id\":\"https:\\\/\\\/www.conveniosocial.com.br\\\/blog\\\/psiquiatria\\\/clinica-francoso-cuidados-em-psiquiatria-em-maua\\\/\",\"url\":\"https:\\\/\\\/www.conveniosocial.com.br\\\/blog\\\/psiquiatria\\\/clinica-francoso-cuidados-em-psiquiatria-em-maua\\\/\",\"name\":\"Cl\u00ednica Fran\u00e7oso: Cuidados em Psiquiatria em Mau\u00e1 - Conv\u00eanio Social\",\"isPartOf\":{\"@id\":\"https:\\\/\\\/www.conveniosocial.com.br\\\/blog\\\/#website\"},\"datePublished\":\"2026-03-14T12:00:47+00:00\",\"breadcrumb\":{\"@id\":\"https:\\\/\\\/www.conveniosocial.com.br\\\/blog\\\/psiquiatria\\\/clinica-francoso-cuidados-em-psiquiatria-em-maua\\\/#breadcrumb\"},\"inLanguage\":\"pt-BR\",\"potentialAction\":[{\"@type\":\"ReadAction\",\"target\":[\"https:\\\/\\\/www.conveniosocial.com.br\\\/blog\\\/psiquiatria\\\/clinica-francoso-cuidados-em-psiquiatria-em-maua\\\/\"]}]},{\"@type\":\"BreadcrumbList\",\"@id\":\"https:\\\/\\\/www.conveniosocial.com.br\\\/blog\\\/psiquiatria\\\/clinica-francoso-cuidados-em-psiquiatria-em-maua\\\/#breadcrumb\",\"itemListElement\":[{\"@type\":\"ListItem\",\"position\":1,\"name\":\"Home\",\"item\":\"https:\\\/\\\/www.conveniosocial.com.br\\\/blog\\\/\"},{\"@type\":\"ListItem\",\"position\":2,\"name\":\"Cl\u00ednica em Mau\u00e1\",\"item\":\"https:\\\/\\\/www.conveniosocial.com.br\\\/blog\\\/clinica-em-maua\\\/\"},{\"@type\":\"ListItem\",\"position\":3,\"name\":\"Cl\u00ednica Fran\u00e7oso: Cuidados em Psiquiatria em Mau\u00e1\"}]},{\"@type\":\"WebSite\",\"@id\":\"https:\\\/\\\/www.conveniosocial.com.br\\\/blog\\\/#website\",\"url\":\"https:\\\/\\\/www.conveniosocial.com.br\\\/blog\\\/\",\"name\":\"Conv\u00eanio Social\",\"description\":\"Informa\u00e7\u00f5es de Sa\u00fade e Bem-estar, Consultas e Exames Popular\",\"publisher\":{\"@id\":\"https:\\\/\\\/www.conveniosocial.com.br\\\/blog\\\/#organization\"},\"potentialAction\":[{\"@type\":\"SearchAction\",\"target\":{\"@type\":\"EntryPoint\",\"urlTemplate\":\"https:\\\/\\\/www.conveniosocial.com.br\\\/blog\\\/?s={search_term_string}\"},\"query-input\":{\"@type\":\"PropertyValueSpecification\",\"valueRequired\":true,\"valueName\":\"search_term_string\"}}],\"inLanguage\":\"pt-BR\"},{\"@type\":\"Organization\",\"@id\":\"https:\\\/\\\/www.conveniosocial.com.br\\\/blog\\\/#organization\",\"name\":\"Conv\u00eanio Social\",\"url\":\"https:\\\/\\\/www.conveniosocial.com.br\\\/blog\\\/\",\"logo\":{\"@type\":\"ImageObject\",\"inLanguage\":\"pt-BR\",\"@id\":\"https:\\\/\\\/www.conveniosocial.com.br\\\/blog\\\/#\\\/schema\\\/logo\\\/image\\\/\",\"url\":\"https:\\\/\\\/www.conveniosocial.com.br\\\/blog\\\/wp-content\\\/uploads\\\/2021\\\/11\\\/novo_logo-convenio-socia-digital.png\",\"contentUrl\":\"https:\\\/\\\/www.conveniosocial.com.br\\\/blog\\\/wp-content\\\/uploads\\\/2021\\\/11\\\/novo_logo-convenio-socia-digital.png\",\"width\":400,\"height\":102,\"caption\":\"Conv\u00eanio Social\"},\"image\":{\"@id\":\"https:\\\/\\\/www.conveniosocial.com.br\\\/blog\\\/#\\\/schema\\\/logo\\\/image\\\/\"}}]}<\/script>\n<!-- \/ Yoast SEO Premium plugin. -->","yoast_head_json":{"title":"Cl\u00ednica Fran\u00e7oso: Cuidados em Psiquiatria em Mau\u00e1 - Conv\u00eanio Social","robots":{"index":"index","follow":"follow","max-snippet":"max-snippet:-1","max-image-preview":"max-image-preview:large","max-video-preview":"max-video-preview:-1"},"canonical":"https:\/\/www.conveniosocial.com.br\/blog\/psiquiatria\/clinica-francoso-cuidados-em-psiquiatria-em-maua\/","og_locale":"pt_BR","og_type":"article","og_title":"Cl\u00ednica Fran\u00e7oso: Cuidados em Psiquiatria em Mau\u00e1","og_description":"Cl\u00ednica Fran\u00e7oso: Cuidados em Psiquiatria em Mau\u00e1 A Cl\u00ednica Fran\u00e7oso \u00e9 um espa\u00e7o dedicado ao cuidado da sa\u00fade mental, localizada no cora\u00e7\u00e3o da Vila No\u00eamia, em Mau\u00e1, SP. Sob a responsabilidade do Dr. Maur\u00edcio Garrote, m\u00e9dico psiquiatra com CRM 52873-SP, a cl\u00ednica se destaca pela abordagem humanizada e acolhedora em todas as suas consultas. A [&hellip;]","og_url":"https:\/\/www.conveniosocial.com.br\/blog\/psiquiatria\/clinica-francoso-cuidados-em-psiquiatria-em-maua\/","og_site_name":"Conv\u00eanio Social","article_published_time":"2026-03-14T12:00:47+00:00","twitter_card":"summary_large_image","twitter_misc":{"Est. tempo de leitura":"3 minutos"},"schema":{"@context":"https:\/\/schema.org","@graph":[{"@type":"Article","@id":"https:\/\/www.conveniosocial.com.br\/blog\/psiquiatria\/clinica-francoso-cuidados-em-psiquiatria-em-maua\/#article","isPartOf":{"@id":"https:\/\/www.conveniosocial.com.br\/blog\/psiquiatria\/clinica-francoso-cuidados-em-psiquiatria-em-maua\/"},"author":{"name":"","@id":""},"headline":"Cl\u00ednica Fran\u00e7oso: Cuidados em Psiquiatria em Mau\u00e1","datePublished":"2026-03-14T12:00:47+00:00","mainEntityOfPage":{"@id":"https:\/\/www.conveniosocial.com.br\/blog\/psiquiatria\/clinica-francoso-cuidados-em-psiquiatria-em-maua\/"},"wordCount":680,"commentCount":0,"publisher":{"@id":"https:\/\/www.conveniosocial.com.br\/blog\/#organization"},"articleSection":["Cl\u00ednica em Mau\u00e1","Psiquiatria","Sa\u00fade Mental"],"inLanguage":"pt-BR"},{"@type":"WebPage","@id":"https:\/\/www.conveniosocial.com.br\/blog\/psiquiatria\/clinica-francoso-cuidados-em-psiquiatria-em-maua\/","url":"https:\/\/www.conveniosocial.com.br\/blog\/psiquiatria\/clinica-francoso-cuidados-em-psiquiatria-em-maua\/","name":"Cl\u00ednica Fran\u00e7oso: Cuidados em Psiquiatria em Mau\u00e1 - Conv\u00eanio Social","isPartOf":{"@id":"https:\/\/www.conveniosocial.com.br\/blog\/#website"},"datePublished":"2026-03-14T12:00:47+00:00","breadcrumb":{"@id":"https:\/\/www.conveniosocial.com.br\/blog\/psiquiatria\/clinica-francoso-cuidados-em-psiquiatria-em-maua\/#breadcrumb"},"inLanguage":"pt-BR","potentialAction":[{"@type":"ReadAction","target":["https:\/\/www.conveniosocial.com.br\/blog\/psiquiatria\/clinica-francoso-cuidados-em-psiquiatria-em-maua\/"]}]},{"@type":"BreadcrumbList","@id":"https:\/\/www.conveniosocial.com.br\/blog\/psiquiatria\/clinica-francoso-cuidados-em-psiquiatria-em-maua\/#breadcrumb","itemListElement":[{"@type":"ListItem","position":1,"name":"Home","item":"https:\/\/www.conveniosocial.com.br\/blog\/"},{"@type":"ListItem","position":2,"name":"Cl\u00ednica em Mau\u00e1","item":"https:\/\/www.conveniosocial.com.br\/blog\/clinica-em-maua\/"},{"@type":"ListItem","position":3,"name":"Cl\u00ednica Fran\u00e7oso: Cuidados em Psiquiatria em Mau\u00e1"}]},{"@type":"WebSite","@id":"https:\/\/www.conveniosocial.com.br\/blog\/#website","url":"https:\/\/www.conveniosocial.com.br\/blog\/","name":"Conv\u00eanio Social","description":"Informa\u00e7\u00f5es de Sa\u00fade e Bem-estar, Consultas e Exames Popular","publisher":{"@id":"https:\/\/www.conveniosocial.com.br\/blog\/#organization"},"potentialAction":[{"@type":"SearchAction","target":{"@type":"EntryPoint","urlTemplate":"https:\/\/www.conveniosocial.com.br\/blog\/?s={search_term_string}"},"query-input":{"@type":"PropertyValueSpecification","valueRequired":true,"valueName":"search_term_string"}}],"inLanguage":"pt-BR"},{"@type":"Organization","@id":"https:\/\/www.conveniosocial.com.br\/blog\/#organization","name":"Conv\u00eanio Social","url":"https:\/\/www.conveniosocial.com.br\/blog\/","logo":{"@type":"ImageObject","inLanguage":"pt-BR","@id":"https:\/\/www.conveniosocial.com.br\/blog\/#\/schema\/logo\/image\/","url":"https:\/\/www.conveniosocial.com.br\/blog\/wp-content\/uploads\/2021\/11\/novo_logo-convenio-socia-digital.png","contentUrl":"https:\/\/www.conveniosocial.com.br\/blog\/wp-content\/uploads\/2021\/11\/novo_logo-convenio-socia-digital.png","width":400,"height":102,"caption":"Conv\u00eanio Social"},"image":{"@id":"https:\/\/www.conveniosocial.com.br\/blog\/#\/schema\/logo\/image\/"}}]}},"_links":{"self":[{"href":"https:\/\/www.conveniosocial.com.br\/blog\/wp-json\/wp\/v2\/posts\/152623","targetHints":{"allow":["GET"]}}],"collection":[{"href":"https:\/\/www.conveniosocial.com.br\/blog\/wp-json\/wp\/v2\/posts"}],"about":[{"href":"https:\/\/www.conveniosocial.com.br\/blog\/wp-json\/wp\/v2\/types\/post"}],"replies":[{"embeddable":true,"href":"https:\/\/www.conveniosocial.com.br\/blog\/wp-json\/wp\/v2\/comments?post=152623"}],"version-history":[{"count":0,"href":"https:\/\/www.conveniosocial.com.br\/blog\/wp-json\/wp\/v2\/posts\/152623\/revisions"}],"wp:attachment":[{"href":"https:\/\/www.conveniosocial.com.br\/blog\/wp-json\/wp\/v2\/media?parent=152623"}],"wp:term":[{"taxonomy":"category","embeddable":true,"href":"https:\/\/www.conveniosocial.com.br\/blog\/wp-json\/wp\/v2\/categories?post=152623"},{"taxonomy":"post_tag","embeddable":true,"href":"https:\/\/www.conveniosocial.com.br\/blog\/wp-json\/wp\/v2\/tags?post=152623"}],"curies":[{"name":"wp","href":"https:\/\/api.w.org\/{rel}","templated":true}]}}