{"id":152627,"date":"2026-03-14T09:00:47","date_gmt":"2026-03-14T12:00:47","guid":{"rendered":"https:\/\/www.conveniosocial.com.br\/blog\/nehuma\/clinica-de-neurologia-em-vilhena-dr-thiago-guzzo\/"},"modified":"2026-03-14T09:00:47","modified_gmt":"2026-03-14T12:00:47","slug":"clinica-de-neurologia-em-vilhena-dr-thiago-guzzo","status":"publish","type":"post","link":"https:\/\/www.conveniosocial.com.br\/blog\/neurologia\/clinica-de-neurologia-em-vilhena-dr-thiago-guzzo\/","title":{"rendered":"Cl\u00ednica de Neurologia em Vilhena &#8211; Dr. Thiago Guzzo"},"content":{"rendered":"<div id=\"ez-toc-container\" class=\"ez-toc-v2_0_82_2 counter-flat ez-toc-counter ez-toc-white ez-toc-container-direction\">\n<p class=\"ez-toc-title\" style=\"cursor:inherit\">\u00cdndice do Conte\u00fado<\/p>\n<label for=\"ez-toc-cssicon-toggle-item-69f4e83c684c9\" class=\"ez-toc-cssicon-toggle-label\"><span class=\"ez-toc-cssicon\"><span class=\"eztoc-hide\" style=\"display:none;\">Toggle<\/span><span class=\"ez-toc-icon-toggle-span\"><svg style=\"fill: #999;color:#999\" xmlns=\"http:\/\/www.w3.org\/2000\/svg\" class=\"list-377408\" width=\"20px\" height=\"20px\" viewBox=\"0 0 24 24\" fill=\"none\"><path d=\"M6 6H4v2h2V6zm14 0H8v2h12V6zM4 11h2v2H4v-2zm16 0H8v2h12v-2zM4 16h2v2H4v-2zm16 0H8v2h12v-2z\" fill=\"currentColor\"><\/path><\/svg><svg style=\"fill: #999;color:#999\" class=\"arrow-unsorted-368013\" xmlns=\"http:\/\/www.w3.org\/2000\/svg\" width=\"10px\" height=\"10px\" viewBox=\"0 0 24 24\" version=\"1.2\" baseProfile=\"tiny\"><path d=\"M18.2 9.3l-6.2-6.3-6.2 6.3c-.2.2-.3.4-.3.7s.1.5.3.7c.2.2.4.3.7.3h11c.3 0 .5-.1.7-.3.2-.2.3-.5.3-.7s-.1-.5-.3-.7zM5.8 14.7l6.2 6.3 6.2-6.3c.2-.2.3-.5.3-.7s-.1-.5-.3-.7c-.2-.2-.4-.3-.7-.3h-11c-.3 0-.5.1-.7.3-.2.2-.3.5-.3.7s.1.5.3.7z\"\/><\/svg><\/span><\/span><\/label><input type=\"checkbox\"  id=\"ez-toc-cssicon-toggle-item-69f4e83c684c9\" checked aria-label=\"Alternar\" \/><nav><ul class='ez-toc-list ez-toc-list-level-1 ' ><li class='ez-toc-page-1'><a class=\"ez-toc-link ez-toc-heading-1\" href=\"https:\/\/www.conveniosocial.com.br\/blog\/neurologia\/clinica-de-neurologia-em-vilhena-dr-thiago-guzzo\/#Clinica_de_Neurologia_em_Vilhena_%E2%80%93_Dr_Thiago_Guzzo\" >Cl\u00ednica de Neurologia em Vilhena &#8211; Dr. Thiago Guzzo<\/a><\/li><li class='ez-toc-page-1'><a class=\"ez-toc-link ez-toc-heading-2\" href=\"https:\/\/www.conveniosocial.com.br\/blog\/neurologia\/clinica-de-neurologia-em-vilhena-dr-thiago-guzzo\/#Perguntas_Frequentes\" >Perguntas Frequentes<\/a><\/li><li class='ez-toc-page-1'><a class=\"ez-toc-link ez-toc-heading-3\" href=\"https:\/\/www.conveniosocial.com.br\/blog\/neurologia\/clinica-de-neurologia-em-vilhena-dr-thiago-guzzo\/#Contato\" >Contato<\/a><\/li><\/ul><\/nav><\/div>\n<h2><span class=\"ez-toc-section\" id=\"Clinica_de_Neurologia_em_Vilhena_%E2%80%93_Dr_Thiago_Guzzo\"><\/span>Cl\u00ednica de Neurologia em Vilhena &#8211; Dr. Thiago Guzzo<span class=\"ez-toc-section-end\"><\/span><\/h2>\n<p>A Cl\u00ednica Thiago Parreira Guzzo \u00e9 um espa\u00e7o dedicado ao cuidado da sa\u00fade neurol\u00f3gica, localizada no cora\u00e7\u00e3o do Jardim Eldorado, em Vilhena, RO. Sob a lideran\u00e7a do Dr. Thiago Guzzo, CRM 3998 RO, oferecemos um atendimento especializado e humanizado, focado na sa\u00fade e bem-estar dos nossos pacientes. Nossa miss\u00e3o \u00e9 proporcionar um atendimento de excel\u00eancia, com um olhar atento \u00e0s necessidades individuais de cada um. <\/p>\n<p>Com a crescente demanda por servi\u00e7os de sa\u00fade mental e neurol\u00f3gica, nossa cl\u00ednica se destaca pela qualidade dos servi\u00e7os prestados e pelo compromisso com a sa\u00fade integral dos nossos pacientes. O Dr. Thiago Guzzo \u00e9 um neurologista experiente, com forma\u00e7\u00e3o s\u00f3lida e um hist\u00f3rico de atendimentos que prioriza a escuta e a empatia. <\/p>\n<p>A localiza\u00e7\u00e3o da cl\u00ednica \u00e9 estrat\u00e9gica e de f\u00e1cil acesso, situada em um dos bairros mais tranquilos de Vilhena, o Jardim Eldorado. Isso facilita a chegada de pacientes de toda a regi\u00e3o, incluindo os bairros pr\u00f3ximos, como S\u00e3o Paulo. Estamos comprometidos em oferecer um ambiente acolhedor e confort\u00e1vel, onde nossos pacientes se sintam seguros e bem tratados. <\/p>\n<p>Nossas especialidades incluem diagn\u00f3stico e tratamento de diversas condi\u00e7\u00f5es neurol\u00f3gicas, com \u00eanfase na sa\u00fade mental. Embora ainda n\u00e3o tenhamos informa\u00e7\u00f5es sobre os exames realizados ou conv\u00eanios aceitos, estamos sempre abertos a parcerias que ampliem as op\u00e7\u00f5es de atendimento e facilitem o acesso dos nossos pacientes a diferentes modalidades de tratamento. <\/p>\n<p>Acreditamos que a comunica\u00e7\u00e3o \u00e9 fundamental para um bom atendimento. Por isso, incentivamos nossos pacientes a entrarem em contato para esclarecer d\u00favidas e agendar consultas. Voc\u00ea pode nos ligar pelo telefone 69 33222623. Embora ainda n\u00e3o tenhamos um site ou Instagram dispon\u00edveis, estamos em processo de desenvolvimento para oferecer mais informa\u00e7\u00f5es sobre nossos servi\u00e7os e compartilhar conte\u00fados relevantes sobre sa\u00fade neurol\u00f3gica. <\/p>\n<p>A Cl\u00ednica Thiago Parreira Guzzo \u00e9 mais do que um consult\u00f3rio; \u00e9 um local onde o cuidado e o respeito andam lado a lado. Estamos aqui para apoiar voc\u00ea em sua jornada de sa\u00fade, oferecendo um acompanhamento que vai al\u00e9m da consulta. Se voc\u00ea busca um neurologista em Vilhena que trate suas necessidades com aten\u00e7\u00e3o e dedica\u00e7\u00e3o, n\u00e3o hesite em nos procurar. Estamos prontos para cuidar de voc\u00ea!<\/p>\n<h3><span class=\"ez-toc-section\" id=\"Perguntas_Frequentes\"><\/span>Perguntas Frequentes<span class=\"ez-toc-section-end\"><\/span><\/h3>\n<p>P: Quais especialidades s\u00e3o atendidas na cl\u00ednica?<br \/>\nR: A cl\u00ednica \u00e9 especializada em neurologia, com foco na sa\u00fade mental.<\/p>\n<p>P: Como posso agendar uma consulta?<br \/>\nR: Voc\u00ea pode agendar uma consulta ligando para o telefone 69 33222623.<\/p>\n<p>P: A cl\u00ednica aceita conv\u00eanios?<br \/>\nR: No momento, n\u00e3o temos informa\u00e7\u00f5es dispon\u00edveis sobre conv\u00eanios aceitos. Recomendamos entrar em contato para mais detalhes.<\/p>\n<p>P: Qual \u00e9 a localiza\u00e7\u00e3o da cl\u00ednica?<br \/>\nR: A cl\u00ednica est\u00e1 localizada no Jardim Eldorado, em Vilhena, RO.<\/p>\n<p>P: Quais s\u00e3o os hor\u00e1rios de atendimento?<br \/>\nR: As informa\u00e7\u00f5es sobre hor\u00e1rios de atendimento ainda n\u00e3o est\u00e3o dispon\u00edveis. Entre em contato para mais detalhes.<\/p>\n<p>P: O Dr. Thiago Guzzo tem experi\u00eancia na \u00e1rea?<br \/>\nR: Sim, o Dr. Thiago Guzzo \u00e9 um neurologista experiente e comprometido com a sa\u00fade dos pacientes.<\/p>\n<p>P: Quais condi\u00e7\u00f5es neurol\u00f3gicas s\u00e3o tratadas na cl\u00ednica?<br \/>\nR: Tratamos diversas condi\u00e7\u00f5es neurol\u00f3gicas, com \u00eanfase na sa\u00fade mental e bem-estar.<\/p>\n<p>P: A cl\u00ednica oferece exames?<br \/>\nR: Atualmente, n\u00e3o temos informa\u00e7\u00f5es sobre a realiza\u00e7\u00e3o de exames na cl\u00ednica.<\/p>\n<p>P: Como posso obter mais informa\u00e7\u00f5es sobre a cl\u00ednica?<br \/>\nR: Voc\u00ea pode ligar para o telefone 69 33222623 para obter mais informa\u00e7\u00f5es.<\/p>\n<p>P: A cl\u00ednica possui redes sociais?<br \/>\nR: No momento, a cl\u00ednica ainda n\u00e3o possui redes sociais, mas estamos trabalhando para isso.<\/p>\n<h3><span class=\"ez-toc-section\" id=\"Contato\"><\/span>Contato<span class=\"ez-toc-section-end\"><\/span><\/h3>\n<p><strong>Tel.:  | <\/strong><br \/>\n<strong>WhatsApp: &#8211; <\/strong><\/p>\n","protected":false},"excerpt":{"rendered":"<p>Cl\u00ednica de Neurologia em Vilhena &#8211; Dr. Thiago Guzzo A Cl\u00ednica Thiago Parreira Guzzo \u00e9 um espa\u00e7o dedicado ao cuidado da sa\u00fade neurol\u00f3gica, localizada no cora\u00e7\u00e3o do Jardim Eldorado, em Vilhena, RO. Sob a lideran\u00e7a do Dr. Thiago Guzzo, CRM 3998 RO, oferecemos um atendimento especializado e humanizado, focado na sa\u00fade e bem-estar dos nossos [&hellip;]<\/p>\n","protected":false},"author":0,"featured_media":0,"comment_status":"open","ping_status":"open","sticky":false,"template":"","format":"standard","meta":{"_et_pb_use_builder":"o","_et_pb_old_content":"","_et_gb_content_width":"","footnotes":""},"categories":[2532,1051,1306],"tags":[],"class_list":["post-152627","post","type-post","status-publish","format-standard","hentry","category-clinicas-em-vilhena","category-neurologia","category-saude-mental"],"yoast_head":"<!-- This site is optimized with the Yoast SEO Premium plugin v21.3 (Yoast SEO v27.5) - https:\/\/yoast.com\/product\/yoast-seo-premium-wordpress\/ -->\n<title>Cl\u00ednica de Neurologia em Vilhena - Dr. Thiago Guzzo - Conv\u00eanio Social<\/title>\n<meta name=\"robots\" content=\"index, follow, max-snippet:-1, max-image-preview:large, max-video-preview:-1\" \/>\n<link rel=\"canonical\" href=\"https:\/\/www.conveniosocial.com.br\/blog\/neurologia\/clinica-de-neurologia-em-vilhena-dr-thiago-guzzo\/\" \/>\n<meta property=\"og:locale\" content=\"pt_BR\" \/>\n<meta property=\"og:type\" content=\"article\" \/>\n<meta property=\"og:title\" content=\"Cl\u00ednica de Neurologia em Vilhena - Dr. Thiago Guzzo\" \/>\n<meta property=\"og:description\" content=\"Cl\u00ednica de Neurologia em Vilhena - Dr. Thiago Guzzo A Cl\u00ednica Thiago Parreira Guzzo \u00e9 um espa\u00e7o dedicado ao cuidado da sa\u00fade neurol\u00f3gica, localizada no cora\u00e7\u00e3o do Jardim Eldorado, em Vilhena, RO. Sob a lideran\u00e7a do Dr. Thiago Guzzo, CRM 3998 RO, oferecemos um atendimento especializado e humanizado, focado na sa\u00fade e bem-estar dos nossos [&hellip;]\" \/>\n<meta property=\"og:url\" content=\"https:\/\/www.conveniosocial.com.br\/blog\/neurologia\/clinica-de-neurologia-em-vilhena-dr-thiago-guzzo\/\" \/>\n<meta property=\"og:site_name\" content=\"Conv\u00eanio Social\" \/>\n<meta property=\"article:published_time\" content=\"2026-03-14T12:00:47+00:00\" \/>\n<meta name=\"twitter:card\" content=\"summary_large_image\" \/>\n<meta name=\"twitter:label1\" content=\"Est. tempo de leitura\" \/>\n\t<meta name=\"twitter:data1\" content=\"3 minutos\" \/>\n<script type=\"application\/ld+json\" class=\"yoast-schema-graph\">{\"@context\":\"https:\\\/\\\/schema.org\",\"@graph\":[{\"@type\":\"Article\",\"@id\":\"https:\\\/\\\/www.conveniosocial.com.br\\\/blog\\\/neurologia\\\/clinica-de-neurologia-em-vilhena-dr-thiago-guzzo\\\/#article\",\"isPartOf\":{\"@id\":\"https:\\\/\\\/www.conveniosocial.com.br\\\/blog\\\/neurologia\\\/clinica-de-neurologia-em-vilhena-dr-thiago-guzzo\\\/\"},\"author\":{\"name\":\"\",\"@id\":\"\"},\"headline\":\"Cl\u00ednica de Neurologia em Vilhena &#8211; Dr. Thiago Guzzo\",\"datePublished\":\"2026-03-14T12:00:47+00:00\",\"mainEntityOfPage\":{\"@id\":\"https:\\\/\\\/www.conveniosocial.com.br\\\/blog\\\/neurologia\\\/clinica-de-neurologia-em-vilhena-dr-thiago-guzzo\\\/\"},\"wordCount\":659,\"commentCount\":0,\"publisher\":{\"@id\":\"https:\\\/\\\/www.conveniosocial.com.br\\\/blog\\\/#organization\"},\"articleSection\":[\"Cl\u00ednicas em Vilhena\",\"Neurologia\",\"Sa\u00fade Mental\"],\"inLanguage\":\"pt-BR\"},{\"@type\":\"WebPage\",\"@id\":\"https:\\\/\\\/www.conveniosocial.com.br\\\/blog\\\/neurologia\\\/clinica-de-neurologia-em-vilhena-dr-thiago-guzzo\\\/\",\"url\":\"https:\\\/\\\/www.conveniosocial.com.br\\\/blog\\\/neurologia\\\/clinica-de-neurologia-em-vilhena-dr-thiago-guzzo\\\/\",\"name\":\"Cl\u00ednica de Neurologia em Vilhena - Dr. Thiago Guzzo - Conv\u00eanio Social\",\"isPartOf\":{\"@id\":\"https:\\\/\\\/www.conveniosocial.com.br\\\/blog\\\/#website\"},\"datePublished\":\"2026-03-14T12:00:47+00:00\",\"breadcrumb\":{\"@id\":\"https:\\\/\\\/www.conveniosocial.com.br\\\/blog\\\/neurologia\\\/clinica-de-neurologia-em-vilhena-dr-thiago-guzzo\\\/#breadcrumb\"},\"inLanguage\":\"pt-BR\",\"potentialAction\":[{\"@type\":\"ReadAction\",\"target\":[\"https:\\\/\\\/www.conveniosocial.com.br\\\/blog\\\/neurologia\\\/clinica-de-neurologia-em-vilhena-dr-thiago-guzzo\\\/\"]}]},{\"@type\":\"BreadcrumbList\",\"@id\":\"https:\\\/\\\/www.conveniosocial.com.br\\\/blog\\\/neurologia\\\/clinica-de-neurologia-em-vilhena-dr-thiago-guzzo\\\/#breadcrumb\",\"itemListElement\":[{\"@type\":\"ListItem\",\"position\":1,\"name\":\"Home\",\"item\":\"https:\\\/\\\/www.conveniosocial.com.br\\\/blog\\\/\"},{\"@type\":\"ListItem\",\"position\":2,\"name\":\"Cl\u00ednicas em Vilhena\",\"item\":\"https:\\\/\\\/www.conveniosocial.com.br\\\/blog\\\/clinicas-em-vilhena\\\/\"},{\"@type\":\"ListItem\",\"position\":3,\"name\":\"Cl\u00ednica de Neurologia em Vilhena &#8211; Dr. Thiago Guzzo\"}]},{\"@type\":\"WebSite\",\"@id\":\"https:\\\/\\\/www.conveniosocial.com.br\\\/blog\\\/#website\",\"url\":\"https:\\\/\\\/www.conveniosocial.com.br\\\/blog\\\/\",\"name\":\"Conv\u00eanio Social\",\"description\":\"Informa\u00e7\u00f5es de Sa\u00fade e Bem-estar, Consultas e Exames Popular\",\"publisher\":{\"@id\":\"https:\\\/\\\/www.conveniosocial.com.br\\\/blog\\\/#organization\"},\"potentialAction\":[{\"@type\":\"SearchAction\",\"target\":{\"@type\":\"EntryPoint\",\"urlTemplate\":\"https:\\\/\\\/www.conveniosocial.com.br\\\/blog\\\/?s={search_term_string}\"},\"query-input\":{\"@type\":\"PropertyValueSpecification\",\"valueRequired\":true,\"valueName\":\"search_term_string\"}}],\"inLanguage\":\"pt-BR\"},{\"@type\":\"Organization\",\"@id\":\"https:\\\/\\\/www.conveniosocial.com.br\\\/blog\\\/#organization\",\"name\":\"Conv\u00eanio Social\",\"url\":\"https:\\\/\\\/www.conveniosocial.com.br\\\/blog\\\/\",\"logo\":{\"@type\":\"ImageObject\",\"inLanguage\":\"pt-BR\",\"@id\":\"https:\\\/\\\/www.conveniosocial.com.br\\\/blog\\\/#\\\/schema\\\/logo\\\/image\\\/\",\"url\":\"https:\\\/\\\/www.conveniosocial.com.br\\\/blog\\\/wp-content\\\/uploads\\\/2021\\\/11\\\/novo_logo-convenio-socia-digital.png\",\"contentUrl\":\"https:\\\/\\\/www.conveniosocial.com.br\\\/blog\\\/wp-content\\\/uploads\\\/2021\\\/11\\\/novo_logo-convenio-socia-digital.png\",\"width\":400,\"height\":102,\"caption\":\"Conv\u00eanio Social\"},\"image\":{\"@id\":\"https:\\\/\\\/www.conveniosocial.com.br\\\/blog\\\/#\\\/schema\\\/logo\\\/image\\\/\"}}]}<\/script>\n<!-- \/ Yoast SEO Premium plugin. -->","yoast_head_json":{"title":"Cl\u00ednica de Neurologia em Vilhena - Dr. Thiago Guzzo - Conv\u00eanio Social","robots":{"index":"index","follow":"follow","max-snippet":"max-snippet:-1","max-image-preview":"max-image-preview:large","max-video-preview":"max-video-preview:-1"},"canonical":"https:\/\/www.conveniosocial.com.br\/blog\/neurologia\/clinica-de-neurologia-em-vilhena-dr-thiago-guzzo\/","og_locale":"pt_BR","og_type":"article","og_title":"Cl\u00ednica de Neurologia em Vilhena - Dr. Thiago Guzzo","og_description":"Cl\u00ednica de Neurologia em Vilhena - Dr. Thiago Guzzo A Cl\u00ednica Thiago Parreira Guzzo \u00e9 um espa\u00e7o dedicado ao cuidado da sa\u00fade neurol\u00f3gica, localizada no cora\u00e7\u00e3o do Jardim Eldorado, em Vilhena, RO. Sob a lideran\u00e7a do Dr. Thiago Guzzo, CRM 3998 RO, oferecemos um atendimento especializado e humanizado, focado na sa\u00fade e bem-estar dos nossos [&hellip;]","og_url":"https:\/\/www.conveniosocial.com.br\/blog\/neurologia\/clinica-de-neurologia-em-vilhena-dr-thiago-guzzo\/","og_site_name":"Conv\u00eanio Social","article_published_time":"2026-03-14T12:00:47+00:00","twitter_card":"summary_large_image","twitter_misc":{"Est. tempo de leitura":"3 minutos"},"schema":{"@context":"https:\/\/schema.org","@graph":[{"@type":"Article","@id":"https:\/\/www.conveniosocial.com.br\/blog\/neurologia\/clinica-de-neurologia-em-vilhena-dr-thiago-guzzo\/#article","isPartOf":{"@id":"https:\/\/www.conveniosocial.com.br\/blog\/neurologia\/clinica-de-neurologia-em-vilhena-dr-thiago-guzzo\/"},"author":{"name":"","@id":""},"headline":"Cl\u00ednica de Neurologia em Vilhena &#8211; Dr. Thiago Guzzo","datePublished":"2026-03-14T12:00:47+00:00","mainEntityOfPage":{"@id":"https:\/\/www.conveniosocial.com.br\/blog\/neurologia\/clinica-de-neurologia-em-vilhena-dr-thiago-guzzo\/"},"wordCount":659,"commentCount":0,"publisher":{"@id":"https:\/\/www.conveniosocial.com.br\/blog\/#organization"},"articleSection":["Cl\u00ednicas em Vilhena","Neurologia","Sa\u00fade Mental"],"inLanguage":"pt-BR"},{"@type":"WebPage","@id":"https:\/\/www.conveniosocial.com.br\/blog\/neurologia\/clinica-de-neurologia-em-vilhena-dr-thiago-guzzo\/","url":"https:\/\/www.conveniosocial.com.br\/blog\/neurologia\/clinica-de-neurologia-em-vilhena-dr-thiago-guzzo\/","name":"Cl\u00ednica de Neurologia em Vilhena - Dr. Thiago Guzzo - Conv\u00eanio Social","isPartOf":{"@id":"https:\/\/www.conveniosocial.com.br\/blog\/#website"},"datePublished":"2026-03-14T12:00:47+00:00","breadcrumb":{"@id":"https:\/\/www.conveniosocial.com.br\/blog\/neurologia\/clinica-de-neurologia-em-vilhena-dr-thiago-guzzo\/#breadcrumb"},"inLanguage":"pt-BR","potentialAction":[{"@type":"ReadAction","target":["https:\/\/www.conveniosocial.com.br\/blog\/neurologia\/clinica-de-neurologia-em-vilhena-dr-thiago-guzzo\/"]}]},{"@type":"BreadcrumbList","@id":"https:\/\/www.conveniosocial.com.br\/blog\/neurologia\/clinica-de-neurologia-em-vilhena-dr-thiago-guzzo\/#breadcrumb","itemListElement":[{"@type":"ListItem","position":1,"name":"Home","item":"https:\/\/www.conveniosocial.com.br\/blog\/"},{"@type":"ListItem","position":2,"name":"Cl\u00ednicas em Vilhena","item":"https:\/\/www.conveniosocial.com.br\/blog\/clinicas-em-vilhena\/"},{"@type":"ListItem","position":3,"name":"Cl\u00ednica de Neurologia em Vilhena &#8211; Dr. Thiago Guzzo"}]},{"@type":"WebSite","@id":"https:\/\/www.conveniosocial.com.br\/blog\/#website","url":"https:\/\/www.conveniosocial.com.br\/blog\/","name":"Conv\u00eanio Social","description":"Informa\u00e7\u00f5es de Sa\u00fade e Bem-estar, Consultas e Exames Popular","publisher":{"@id":"https:\/\/www.conveniosocial.com.br\/blog\/#organization"},"potentialAction":[{"@type":"SearchAction","target":{"@type":"EntryPoint","urlTemplate":"https:\/\/www.conveniosocial.com.br\/blog\/?s={search_term_string}"},"query-input":{"@type":"PropertyValueSpecification","valueRequired":true,"valueName":"search_term_string"}}],"inLanguage":"pt-BR"},{"@type":"Organization","@id":"https:\/\/www.conveniosocial.com.br\/blog\/#organization","name":"Conv\u00eanio Social","url":"https:\/\/www.conveniosocial.com.br\/blog\/","logo":{"@type":"ImageObject","inLanguage":"pt-BR","@id":"https:\/\/www.conveniosocial.com.br\/blog\/#\/schema\/logo\/image\/","url":"https:\/\/www.conveniosocial.com.br\/blog\/wp-content\/uploads\/2021\/11\/novo_logo-convenio-socia-digital.png","contentUrl":"https:\/\/www.conveniosocial.com.br\/blog\/wp-content\/uploads\/2021\/11\/novo_logo-convenio-socia-digital.png","width":400,"height":102,"caption":"Conv\u00eanio Social"},"image":{"@id":"https:\/\/www.conveniosocial.com.br\/blog\/#\/schema\/logo\/image\/"}}]}},"_links":{"self":[{"href":"https:\/\/www.conveniosocial.com.br\/blog\/wp-json\/wp\/v2\/posts\/152627","targetHints":{"allow":["GET"]}}],"collection":[{"href":"https:\/\/www.conveniosocial.com.br\/blog\/wp-json\/wp\/v2\/posts"}],"about":[{"href":"https:\/\/www.conveniosocial.com.br\/blog\/wp-json\/wp\/v2\/types\/post"}],"replies":[{"embeddable":true,"href":"https:\/\/www.conveniosocial.com.br\/blog\/wp-json\/wp\/v2\/comments?post=152627"}],"version-history":[{"count":0,"href":"https:\/\/www.conveniosocial.com.br\/blog\/wp-json\/wp\/v2\/posts\/152627\/revisions"}],"wp:attachment":[{"href":"https:\/\/www.conveniosocial.com.br\/blog\/wp-json\/wp\/v2\/media?parent=152627"}],"wp:term":[{"taxonomy":"category","embeddable":true,"href":"https:\/\/www.conveniosocial.com.br\/blog\/wp-json\/wp\/v2\/categories?post=152627"},{"taxonomy":"post_tag","embeddable":true,"href":"https:\/\/www.conveniosocial.com.br\/blog\/wp-json\/wp\/v2\/tags?post=152627"}],"curies":[{"name":"wp","href":"https:\/\/api.w.org\/{rel}","templated":true}]}}