{"id":152635,"date":"2026-03-14T21:01:00","date_gmt":"2026-03-15T00:01:00","guid":{"rendered":"https:\/\/www.conveniosocial.com.br\/blog\/nehuma\/clinica-de-dermatologia-em-santarem-cuide-da-sua-pele\/"},"modified":"2026-03-14T21:01:00","modified_gmt":"2026-03-15T00:01:00","slug":"clinica-de-dermatologia-em-santarem-cuide-da-sua-pele","status":"publish","type":"post","link":"https:\/\/www.conveniosocial.com.br\/blog\/dermatologia-consultorios-e-clinicas\/clinica-de-dermatologia-em-santarem-cuide-da-sua-pele\/","title":{"rendered":"Cl\u00ednica de Dermatologia em Santar\u00e9m &#8211; Cuide da Sua Pele"},"content":{"rendered":"<div id=\"ez-toc-container\" class=\"ez-toc-v2_0_82_2 counter-flat ez-toc-counter ez-toc-white ez-toc-container-direction\">\n<p class=\"ez-toc-title\" style=\"cursor:inherit\">\u00cdndice do Conte\u00fado<\/p>\n<label for=\"ez-toc-cssicon-toggle-item-69f5d5a829cae\" class=\"ez-toc-cssicon-toggle-label\"><span class=\"ez-toc-cssicon\"><span class=\"eztoc-hide\" style=\"display:none;\">Toggle<\/span><span class=\"ez-toc-icon-toggle-span\"><svg style=\"fill: #999;color:#999\" xmlns=\"http:\/\/www.w3.org\/2000\/svg\" class=\"list-377408\" width=\"20px\" height=\"20px\" viewBox=\"0 0 24 24\" fill=\"none\"><path d=\"M6 6H4v2h2V6zm14 0H8v2h12V6zM4 11h2v2H4v-2zm16 0H8v2h12v-2zM4 16h2v2H4v-2zm16 0H8v2h12v-2z\" fill=\"currentColor\"><\/path><\/svg><svg style=\"fill: #999;color:#999\" class=\"arrow-unsorted-368013\" xmlns=\"http:\/\/www.w3.org\/2000\/svg\" width=\"10px\" height=\"10px\" viewBox=\"0 0 24 24\" version=\"1.2\" baseProfile=\"tiny\"><path d=\"M18.2 9.3l-6.2-6.3-6.2 6.3c-.2.2-.3.4-.3.7s.1.5.3.7c.2.2.4.3.7.3h11c.3 0 .5-.1.7-.3.2-.2.3-.5.3-.7s-.1-.5-.3-.7zM5.8 14.7l6.2 6.3 6.2-6.3c.2-.2.3-.5.3-.7s-.1-.5-.3-.7c-.2-.2-.4-.3-.7-.3h-11c-.3 0-.5.1-.7.3-.2.2-.3.5-.3.7s.1.5.3.7z\"\/><\/svg><\/span><\/span><\/label><input type=\"checkbox\"  id=\"ez-toc-cssicon-toggle-item-69f5d5a829cae\" checked aria-label=\"Alternar\" \/><nav><ul class='ez-toc-list ez-toc-list-level-1 ' ><li class='ez-toc-page-1'><a class=\"ez-toc-link ez-toc-heading-1\" href=\"https:\/\/www.conveniosocial.com.br\/blog\/dermatologia-consultorios-e-clinicas\/clinica-de-dermatologia-em-santarem-cuide-da-sua-pele\/#Clinica_de_Dermatologia_em_Santarem_%E2%80%93_Cuide_da_Sua_Pele\" >Cl\u00ednica de Dermatologia em Santar\u00e9m &#8211; Cuide da Sua Pele<\/a><\/li><li class='ez-toc-page-1'><a class=\"ez-toc-link ez-toc-heading-2\" href=\"https:\/\/www.conveniosocial.com.br\/blog\/dermatologia-consultorios-e-clinicas\/clinica-de-dermatologia-em-santarem-cuide-da-sua-pele\/#Perguntas_Frequentes\" >Perguntas Frequentes<\/a><\/li><li class='ez-toc-page-1'><a class=\"ez-toc-link ez-toc-heading-3\" href=\"https:\/\/www.conveniosocial.com.br\/blog\/dermatologia-consultorios-e-clinicas\/clinica-de-dermatologia-em-santarem-cuide-da-sua-pele\/#Contato\" >Contato<\/a><\/li><\/ul><\/nav><\/div>\n<h2><span class=\"ez-toc-section\" id=\"Clinica_de_Dermatologia_em_Santarem_%E2%80%93_Cuide_da_Sua_Pele\"><\/span>Cl\u00ednica de Dermatologia em Santar\u00e9m &#8211; Cuide da Sua Pele<span class=\"ez-toc-section-end\"><\/span><\/h2>\n<p>A Cl\u00ednica F\u00e1bio Jose Dolzany de Figueiredo, localizada no cora\u00e7\u00e3o de Santar\u00e9m, Par\u00e1, \u00e9 um espa\u00e7o dedicado ao cuidado da sa\u00fade da pele, oferecendo atendimento especializado em dermatologia. Sob a responsabilidade do Dr. F\u00e1bio Jose Dolzany de Figueiredo, m\u00e9dico com CRM 14616, nossa cl\u00ednica se destaca pelo compromisso com a sa\u00fade e o bem-estar dos pacientes, proporcionando um ambiente acolhedor e humanizado.  <\/p>\n<p>Estamos situados no bairro Centro, uma \u00e1rea de f\u00e1cil acesso com transporte p\u00fablico nas proximidades, permitindo que nossos pacientes cheguem at\u00e9 n\u00f3s sem dificuldades. Nosso hor\u00e1rio de atendimento \u00e9 de segunda a sexta-feira, das 09:00 \u00e0s 12:00 e das 14:00 \u00e0s 18:00, garantindo que voc\u00ea possa agendar sua consulta de acordo com sua conveni\u00eancia.  <\/p>\n<p>Na Cl\u00ednica F\u00e1bio Jose Dolzany de Figueiredo, entendemos que cada paciente \u00e9 \u00fanico e possui necessidades espec\u00edficas. Por isso, oferecemos um atendimento individualizado, com foco na escuta ativa e no entendimento das queixas dos pacientes. Nossos servi\u00e7os incluem o diagn\u00f3stico e tratamento de diversas condi\u00e7\u00f5es dermatol\u00f3gicas, como acne, eczema, psor\u00edase, entre outras. Al\u00e9m disso, estamos sempre atualizados com as melhores pr\u00e1ticas e tecnologias na \u00e1rea da dermatologia, buscando proporcionar os melhores resultados e a m\u00e1xima satisfa\u00e7\u00e3o.  <\/p>\n<p>Embora informa\u00e7\u00f5es sobre exames e conv\u00eanios ainda n\u00e3o estejam dispon\u00edveis, estamos trabalhando para expandir nossos servi\u00e7os e parcerias com institui\u00e7\u00f5es que possam facilitar o acesso a tratamentos complementares. Acreditamos que a sa\u00fade da pele \u00e9 uma parte fundamental do bem-estar geral, e estamos aqui para ajud\u00e1-lo a alcan\u00e7ar seus objetivos de sa\u00fade.  <\/p>\n<p>Para mais informa\u00e7\u00f5es, voc\u00ea pode entrar em contato conosco por telefone, que em breve ser\u00e1 disponibilizado, ou visitar nosso site e redes sociais, onde estaremos atualizando conte\u00fados sobre cuidados com a pele e novidades da cl\u00ednica. Acompanhe nosso Instagram para dicas de sa\u00fade da pele e fique por dentro de tudo que acontece na cl\u00ednica. Estamos ansiosos para atend\u00ea-lo e ajud\u00e1-lo a conquistar uma pele saud\u00e1vel e bonita.<\/p>\n<h3><span class=\"ez-toc-section\" id=\"Perguntas_Frequentes\"><\/span>Perguntas Frequentes<span class=\"ez-toc-section-end\"><\/span><\/h3>\n<p>P: Quais especialidades a cl\u00ednica oferece?<br \/>\nR: A cl\u00ednica oferece atendimento especializado em dermatologia.<\/p>\n<p>P: Como posso agendar uma consulta?<br \/>\nR: Voc\u00ea pode entrar em contato conosco assim que disponibilizarmos nosso telefone ou atrav\u00e9s das redes sociais.<\/p>\n<p>P: Qual o hor\u00e1rio de funcionamento da cl\u00ednica?<br \/>\nR: A cl\u00ednica funciona de segunda a sexta-feira, das 09:00 \u00e0s 12:00 e das 14:00 \u00e0s 18:00.<\/p>\n<p>P: A cl\u00ednica aceita conv\u00eanios?<br \/>\nR: Atualmente, informa\u00e7\u00f5es sobre conv\u00eanios n\u00e3o est\u00e3o dispon\u00edveis, mas estamos trabalhando para ampliar nossas parcerias.<\/p>\n<p>P: A cl\u00ednica realiza exames?<br \/>\nR: No momento, n\u00e3o temos informa\u00e7\u00f5es sobre a realiza\u00e7\u00e3o de exames, mas estamos buscando expandir nossos servi\u00e7os.<\/p>\n<p>P: Onde a cl\u00ednica est\u00e1 localizada?<br \/>\nR: A Cl\u00ednica F\u00e1bio Jose Dolzany de Figueiredo est\u00e1 localizada no bairro Centro, em Santar\u00e9m, Par\u00e1.<\/p>\n<p>P: O que devo levar para a consulta?<br \/>\nR: \u00c9 importante trazer documentos pessoais e um hist\u00f3rico m\u00e9dico, se poss\u00edvel.<\/p>\n<p>P: A cl\u00ednica oferece atendimento humanizado?<br \/>\nR: Sim, temos um enfoque especial no atendimento humanizado, onde priorizamos a escuta e o cuidado integral ao paciente.<\/p>\n<p>P: Posso acompanhar as redes sociais da cl\u00ednica?<br \/>\nR: Sim, em breve teremos nosso Instagram dispon\u00edvel com dicas e novidades.<\/p>\n<p>P: Quais tratamentos dermatol\u00f3gicos a cl\u00ednica realiza?<br \/>\nR: Oferecemos diagn\u00f3stico e tratamento de diversas condi\u00e7\u00f5es dermatol\u00f3gicas, como acne, eczema e psor\u00edase.<\/p>\n<h3><span class=\"ez-toc-section\" id=\"Contato\"><\/span>Contato<span class=\"ez-toc-section-end\"><\/span><\/h3>\n<p><strong>Tel.:  | <\/strong><br \/>\n<strong>WhatsApp: &#8211; <\/strong><\/p>\n","protected":false},"excerpt":{"rendered":"<p>Cl\u00ednica de Dermatologia em Santar\u00e9m &#8211; Cuide da Sua Pele A Cl\u00ednica F\u00e1bio Jose Dolzany de Figueiredo, localizada no cora\u00e7\u00e3o de Santar\u00e9m, Par\u00e1, \u00e9 um espa\u00e7o dedicado ao cuidado da sa\u00fade da pele, oferecendo atendimento especializado em dermatologia. Sob a responsabilidade do Dr. F\u00e1bio Jose Dolzany de Figueiredo, m\u00e9dico com CRM 14616, nossa cl\u00ednica se [&hellip;]<\/p>\n","protected":false},"author":0,"featured_media":0,"comment_status":"open","ping_status":"open","sticky":false,"template":"","format":"standard","meta":{"_et_pb_use_builder":"o","_et_pb_old_content":"","_et_gb_content_width":"","footnotes":""},"categories":[2512,722,1501],"tags":[],"class_list":["post-152635","post","type-post","status-publish","format-standard","hentry","category-clinicas-em-santarem","category-dermatologia-consultorios-e-clinicas","category-saude-da-pele"],"yoast_head":"<!-- This site is optimized with the Yoast SEO Premium plugin v21.3 (Yoast SEO v27.5) - https:\/\/yoast.com\/product\/yoast-seo-premium-wordpress\/ -->\n<title>Cl\u00ednica de Dermatologia em Santar\u00e9m - Cuide da Sua Pele - Conv\u00eanio Social<\/title>\n<meta name=\"robots\" content=\"index, follow, max-snippet:-1, max-image-preview:large, max-video-preview:-1\" \/>\n<link rel=\"canonical\" href=\"https:\/\/www.conveniosocial.com.br\/blog\/dermatologia-consultorios-e-clinicas\/clinica-de-dermatologia-em-santarem-cuide-da-sua-pele\/\" \/>\n<meta property=\"og:locale\" content=\"pt_BR\" \/>\n<meta property=\"og:type\" content=\"article\" \/>\n<meta property=\"og:title\" content=\"Cl\u00ednica de Dermatologia em Santar\u00e9m - Cuide da Sua Pele\" \/>\n<meta property=\"og:description\" content=\"Cl\u00ednica de Dermatologia em Santar\u00e9m - Cuide da Sua Pele A Cl\u00ednica F\u00e1bio Jose Dolzany de Figueiredo, localizada no cora\u00e7\u00e3o de Santar\u00e9m, Par\u00e1, \u00e9 um espa\u00e7o dedicado ao cuidado da sa\u00fade da pele, oferecendo atendimento especializado em dermatologia. Sob a responsabilidade do Dr. F\u00e1bio Jose Dolzany de Figueiredo, m\u00e9dico com CRM 14616, nossa cl\u00ednica se [&hellip;]\" \/>\n<meta property=\"og:url\" content=\"https:\/\/www.conveniosocial.com.br\/blog\/dermatologia-consultorios-e-clinicas\/clinica-de-dermatologia-em-santarem-cuide-da-sua-pele\/\" \/>\n<meta property=\"og:site_name\" content=\"Conv\u00eanio Social\" \/>\n<meta property=\"article:published_time\" content=\"2026-03-15T00:01:00+00:00\" \/>\n<meta name=\"twitter:card\" content=\"summary_large_image\" \/>\n<meta name=\"twitter:label1\" content=\"Est. tempo de leitura\" \/>\n\t<meta name=\"twitter:data1\" content=\"3 minutos\" \/>\n<script type=\"application\/ld+json\" class=\"yoast-schema-graph\">{\"@context\":\"https:\\\/\\\/schema.org\",\"@graph\":[{\"@type\":\"Article\",\"@id\":\"https:\\\/\\\/www.conveniosocial.com.br\\\/blog\\\/dermatologia-consultorios-e-clinicas\\\/clinica-de-dermatologia-em-santarem-cuide-da-sua-pele\\\/#article\",\"isPartOf\":{\"@id\":\"https:\\\/\\\/www.conveniosocial.com.br\\\/blog\\\/dermatologia-consultorios-e-clinicas\\\/clinica-de-dermatologia-em-santarem-cuide-da-sua-pele\\\/\"},\"author\":{\"name\":\"\",\"@id\":\"\"},\"headline\":\"Cl\u00ednica de Dermatologia em Santar\u00e9m &#8211; Cuide da Sua Pele\",\"datePublished\":\"2026-03-15T00:01:00+00:00\",\"mainEntityOfPage\":{\"@id\":\"https:\\\/\\\/www.conveniosocial.com.br\\\/blog\\\/dermatologia-consultorios-e-clinicas\\\/clinica-de-dermatologia-em-santarem-cuide-da-sua-pele\\\/\"},\"wordCount\":618,\"commentCount\":0,\"publisher\":{\"@id\":\"https:\\\/\\\/www.conveniosocial.com.br\\\/blog\\\/#organization\"},\"articleSection\":[\"Cl\u00ednicas em Santar\u00e9m\",\"Dermatologia\",\"Sa\u00fade da Pele\"],\"inLanguage\":\"pt-BR\"},{\"@type\":\"WebPage\",\"@id\":\"https:\\\/\\\/www.conveniosocial.com.br\\\/blog\\\/dermatologia-consultorios-e-clinicas\\\/clinica-de-dermatologia-em-santarem-cuide-da-sua-pele\\\/\",\"url\":\"https:\\\/\\\/www.conveniosocial.com.br\\\/blog\\\/dermatologia-consultorios-e-clinicas\\\/clinica-de-dermatologia-em-santarem-cuide-da-sua-pele\\\/\",\"name\":\"Cl\u00ednica de Dermatologia em Santar\u00e9m - Cuide da Sua Pele - Conv\u00eanio Social\",\"isPartOf\":{\"@id\":\"https:\\\/\\\/www.conveniosocial.com.br\\\/blog\\\/#website\"},\"datePublished\":\"2026-03-15T00:01:00+00:00\",\"breadcrumb\":{\"@id\":\"https:\\\/\\\/www.conveniosocial.com.br\\\/blog\\\/dermatologia-consultorios-e-clinicas\\\/clinica-de-dermatologia-em-santarem-cuide-da-sua-pele\\\/#breadcrumb\"},\"inLanguage\":\"pt-BR\",\"potentialAction\":[{\"@type\":\"ReadAction\",\"target\":[\"https:\\\/\\\/www.conveniosocial.com.br\\\/blog\\\/dermatologia-consultorios-e-clinicas\\\/clinica-de-dermatologia-em-santarem-cuide-da-sua-pele\\\/\"]}]},{\"@type\":\"BreadcrumbList\",\"@id\":\"https:\\\/\\\/www.conveniosocial.com.br\\\/blog\\\/dermatologia-consultorios-e-clinicas\\\/clinica-de-dermatologia-em-santarem-cuide-da-sua-pele\\\/#breadcrumb\",\"itemListElement\":[{\"@type\":\"ListItem\",\"position\":1,\"name\":\"Home\",\"item\":\"https:\\\/\\\/www.conveniosocial.com.br\\\/blog\\\/\"},{\"@type\":\"ListItem\",\"position\":2,\"name\":\"Cl\u00ednicas em Santar\u00e9m\",\"item\":\"https:\\\/\\\/www.conveniosocial.com.br\\\/blog\\\/clinicas-em-santarem\\\/\"},{\"@type\":\"ListItem\",\"position\":3,\"name\":\"Cl\u00ednica de Dermatologia em Santar\u00e9m &#8211; Cuide da Sua Pele\"}]},{\"@type\":\"WebSite\",\"@id\":\"https:\\\/\\\/www.conveniosocial.com.br\\\/blog\\\/#website\",\"url\":\"https:\\\/\\\/www.conveniosocial.com.br\\\/blog\\\/\",\"name\":\"Conv\u00eanio Social\",\"description\":\"Informa\u00e7\u00f5es de Sa\u00fade e Bem-estar, Consultas e Exames Popular\",\"publisher\":{\"@id\":\"https:\\\/\\\/www.conveniosocial.com.br\\\/blog\\\/#organization\"},\"potentialAction\":[{\"@type\":\"SearchAction\",\"target\":{\"@type\":\"EntryPoint\",\"urlTemplate\":\"https:\\\/\\\/www.conveniosocial.com.br\\\/blog\\\/?s={search_term_string}\"},\"query-input\":{\"@type\":\"PropertyValueSpecification\",\"valueRequired\":true,\"valueName\":\"search_term_string\"}}],\"inLanguage\":\"pt-BR\"},{\"@type\":\"Organization\",\"@id\":\"https:\\\/\\\/www.conveniosocial.com.br\\\/blog\\\/#organization\",\"name\":\"Conv\u00eanio Social\",\"url\":\"https:\\\/\\\/www.conveniosocial.com.br\\\/blog\\\/\",\"logo\":{\"@type\":\"ImageObject\",\"inLanguage\":\"pt-BR\",\"@id\":\"https:\\\/\\\/www.conveniosocial.com.br\\\/blog\\\/#\\\/schema\\\/logo\\\/image\\\/\",\"url\":\"https:\\\/\\\/www.conveniosocial.com.br\\\/blog\\\/wp-content\\\/uploads\\\/2021\\\/11\\\/novo_logo-convenio-socia-digital.png\",\"contentUrl\":\"https:\\\/\\\/www.conveniosocial.com.br\\\/blog\\\/wp-content\\\/uploads\\\/2021\\\/11\\\/novo_logo-convenio-socia-digital.png\",\"width\":400,\"height\":102,\"caption\":\"Conv\u00eanio Social\"},\"image\":{\"@id\":\"https:\\\/\\\/www.conveniosocial.com.br\\\/blog\\\/#\\\/schema\\\/logo\\\/image\\\/\"}}]}<\/script>\n<!-- \/ Yoast SEO Premium plugin. -->","yoast_head_json":{"title":"Cl\u00ednica de Dermatologia em Santar\u00e9m - Cuide da Sua Pele - Conv\u00eanio Social","robots":{"index":"index","follow":"follow","max-snippet":"max-snippet:-1","max-image-preview":"max-image-preview:large","max-video-preview":"max-video-preview:-1"},"canonical":"https:\/\/www.conveniosocial.com.br\/blog\/dermatologia-consultorios-e-clinicas\/clinica-de-dermatologia-em-santarem-cuide-da-sua-pele\/","og_locale":"pt_BR","og_type":"article","og_title":"Cl\u00ednica de Dermatologia em Santar\u00e9m - Cuide da Sua Pele","og_description":"Cl\u00ednica de Dermatologia em Santar\u00e9m - Cuide da Sua Pele A Cl\u00ednica F\u00e1bio Jose Dolzany de Figueiredo, localizada no cora\u00e7\u00e3o de Santar\u00e9m, Par\u00e1, \u00e9 um espa\u00e7o dedicado ao cuidado da sa\u00fade da pele, oferecendo atendimento especializado em dermatologia. Sob a responsabilidade do Dr. F\u00e1bio Jose Dolzany de Figueiredo, m\u00e9dico com CRM 14616, nossa cl\u00ednica se [&hellip;]","og_url":"https:\/\/www.conveniosocial.com.br\/blog\/dermatologia-consultorios-e-clinicas\/clinica-de-dermatologia-em-santarem-cuide-da-sua-pele\/","og_site_name":"Conv\u00eanio Social","article_published_time":"2026-03-15T00:01:00+00:00","twitter_card":"summary_large_image","twitter_misc":{"Est. tempo de leitura":"3 minutos"},"schema":{"@context":"https:\/\/schema.org","@graph":[{"@type":"Article","@id":"https:\/\/www.conveniosocial.com.br\/blog\/dermatologia-consultorios-e-clinicas\/clinica-de-dermatologia-em-santarem-cuide-da-sua-pele\/#article","isPartOf":{"@id":"https:\/\/www.conveniosocial.com.br\/blog\/dermatologia-consultorios-e-clinicas\/clinica-de-dermatologia-em-santarem-cuide-da-sua-pele\/"},"author":{"name":"","@id":""},"headline":"Cl\u00ednica de Dermatologia em Santar\u00e9m &#8211; Cuide da Sua Pele","datePublished":"2026-03-15T00:01:00+00:00","mainEntityOfPage":{"@id":"https:\/\/www.conveniosocial.com.br\/blog\/dermatologia-consultorios-e-clinicas\/clinica-de-dermatologia-em-santarem-cuide-da-sua-pele\/"},"wordCount":618,"commentCount":0,"publisher":{"@id":"https:\/\/www.conveniosocial.com.br\/blog\/#organization"},"articleSection":["Cl\u00ednicas em Santar\u00e9m","Dermatologia","Sa\u00fade da Pele"],"inLanguage":"pt-BR"},{"@type":"WebPage","@id":"https:\/\/www.conveniosocial.com.br\/blog\/dermatologia-consultorios-e-clinicas\/clinica-de-dermatologia-em-santarem-cuide-da-sua-pele\/","url":"https:\/\/www.conveniosocial.com.br\/blog\/dermatologia-consultorios-e-clinicas\/clinica-de-dermatologia-em-santarem-cuide-da-sua-pele\/","name":"Cl\u00ednica de Dermatologia em Santar\u00e9m - Cuide da Sua Pele - Conv\u00eanio Social","isPartOf":{"@id":"https:\/\/www.conveniosocial.com.br\/blog\/#website"},"datePublished":"2026-03-15T00:01:00+00:00","breadcrumb":{"@id":"https:\/\/www.conveniosocial.com.br\/blog\/dermatologia-consultorios-e-clinicas\/clinica-de-dermatologia-em-santarem-cuide-da-sua-pele\/#breadcrumb"},"inLanguage":"pt-BR","potentialAction":[{"@type":"ReadAction","target":["https:\/\/www.conveniosocial.com.br\/blog\/dermatologia-consultorios-e-clinicas\/clinica-de-dermatologia-em-santarem-cuide-da-sua-pele\/"]}]},{"@type":"BreadcrumbList","@id":"https:\/\/www.conveniosocial.com.br\/blog\/dermatologia-consultorios-e-clinicas\/clinica-de-dermatologia-em-santarem-cuide-da-sua-pele\/#breadcrumb","itemListElement":[{"@type":"ListItem","position":1,"name":"Home","item":"https:\/\/www.conveniosocial.com.br\/blog\/"},{"@type":"ListItem","position":2,"name":"Cl\u00ednicas em Santar\u00e9m","item":"https:\/\/www.conveniosocial.com.br\/blog\/clinicas-em-santarem\/"},{"@type":"ListItem","position":3,"name":"Cl\u00ednica de Dermatologia em Santar\u00e9m &#8211; Cuide da Sua Pele"}]},{"@type":"WebSite","@id":"https:\/\/www.conveniosocial.com.br\/blog\/#website","url":"https:\/\/www.conveniosocial.com.br\/blog\/","name":"Conv\u00eanio Social","description":"Informa\u00e7\u00f5es de Sa\u00fade e Bem-estar, Consultas e Exames Popular","publisher":{"@id":"https:\/\/www.conveniosocial.com.br\/blog\/#organization"},"potentialAction":[{"@type":"SearchAction","target":{"@type":"EntryPoint","urlTemplate":"https:\/\/www.conveniosocial.com.br\/blog\/?s={search_term_string}"},"query-input":{"@type":"PropertyValueSpecification","valueRequired":true,"valueName":"search_term_string"}}],"inLanguage":"pt-BR"},{"@type":"Organization","@id":"https:\/\/www.conveniosocial.com.br\/blog\/#organization","name":"Conv\u00eanio Social","url":"https:\/\/www.conveniosocial.com.br\/blog\/","logo":{"@type":"ImageObject","inLanguage":"pt-BR","@id":"https:\/\/www.conveniosocial.com.br\/blog\/#\/schema\/logo\/image\/","url":"https:\/\/www.conveniosocial.com.br\/blog\/wp-content\/uploads\/2021\/11\/novo_logo-convenio-socia-digital.png","contentUrl":"https:\/\/www.conveniosocial.com.br\/blog\/wp-content\/uploads\/2021\/11\/novo_logo-convenio-socia-digital.png","width":400,"height":102,"caption":"Conv\u00eanio Social"},"image":{"@id":"https:\/\/www.conveniosocial.com.br\/blog\/#\/schema\/logo\/image\/"}}]}},"_links":{"self":[{"href":"https:\/\/www.conveniosocial.com.br\/blog\/wp-json\/wp\/v2\/posts\/152635","targetHints":{"allow":["GET"]}}],"collection":[{"href":"https:\/\/www.conveniosocial.com.br\/blog\/wp-json\/wp\/v2\/posts"}],"about":[{"href":"https:\/\/www.conveniosocial.com.br\/blog\/wp-json\/wp\/v2\/types\/post"}],"replies":[{"embeddable":true,"href":"https:\/\/www.conveniosocial.com.br\/blog\/wp-json\/wp\/v2\/comments?post=152635"}],"version-history":[{"count":0,"href":"https:\/\/www.conveniosocial.com.br\/blog\/wp-json\/wp\/v2\/posts\/152635\/revisions"}],"wp:attachment":[{"href":"https:\/\/www.conveniosocial.com.br\/blog\/wp-json\/wp\/v2\/media?parent=152635"}],"wp:term":[{"taxonomy":"category","embeddable":true,"href":"https:\/\/www.conveniosocial.com.br\/blog\/wp-json\/wp\/v2\/categories?post=152635"},{"taxonomy":"post_tag","embeddable":true,"href":"https:\/\/www.conveniosocial.com.br\/blog\/wp-json\/wp\/v2\/tags?post=152635"}],"curies":[{"name":"wp","href":"https:\/\/api.w.org\/{rel}","templated":true}]}}