{"id":152636,"date":"2026-03-14T21:01:00","date_gmt":"2026-03-15T00:01:00","guid":{"rendered":"https:\/\/www.conveniosocial.com.br\/blog\/nehuma\/clinica-de-dermatologia-isaac-de-aguiar-neres\/"},"modified":"2026-03-14T21:01:00","modified_gmt":"2026-03-15T00:01:00","slug":"clinica-de-dermatologia-isaac-de-aguiar-neres","status":"publish","type":"post","link":"https:\/\/www.conveniosocial.com.br\/blog\/dermatologia-consultorios-e-clinicas\/clinica-de-dermatologia-isaac-de-aguiar-neres\/","title":{"rendered":"Cl\u00ednica de Dermatologia Isaac de Aguiar Neres"},"content":{"rendered":"<div id=\"ez-toc-container\" class=\"ez-toc-v2_0_82_2 counter-flat ez-toc-counter ez-toc-white ez-toc-container-direction\">\n<p class=\"ez-toc-title\" style=\"cursor:inherit\">\u00cdndice do Conte\u00fado<\/p>\n<label for=\"ez-toc-cssicon-toggle-item-69f20a7d3a69d\" class=\"ez-toc-cssicon-toggle-label\"><span class=\"ez-toc-cssicon\"><span class=\"eztoc-hide\" style=\"display:none;\">Toggle<\/span><span class=\"ez-toc-icon-toggle-span\"><svg style=\"fill: #999;color:#999\" xmlns=\"http:\/\/www.w3.org\/2000\/svg\" class=\"list-377408\" width=\"20px\" height=\"20px\" viewBox=\"0 0 24 24\" fill=\"none\"><path d=\"M6 6H4v2h2V6zm14 0H8v2h12V6zM4 11h2v2H4v-2zm16 0H8v2h12v-2zM4 16h2v2H4v-2zm16 0H8v2h12v-2z\" fill=\"currentColor\"><\/path><\/svg><svg style=\"fill: #999;color:#999\" class=\"arrow-unsorted-368013\" xmlns=\"http:\/\/www.w3.org\/2000\/svg\" width=\"10px\" height=\"10px\" viewBox=\"0 0 24 24\" version=\"1.2\" baseProfile=\"tiny\"><path d=\"M18.2 9.3l-6.2-6.3-6.2 6.3c-.2.2-.3.4-.3.7s.1.5.3.7c.2.2.4.3.7.3h11c.3 0 .5-.1.7-.3.2-.2.3-.5.3-.7s-.1-.5-.3-.7zM5.8 14.7l6.2 6.3 6.2-6.3c.2-.2.3-.5.3-.7s-.1-.5-.3-.7c-.2-.2-.4-.3-.7-.3h-11c-.3 0-.5.1-.7.3-.2.2-.3.5-.3.7s.1.5.3.7z\"\/><\/svg><\/span><\/span><\/label><input type=\"checkbox\"  id=\"ez-toc-cssicon-toggle-item-69f20a7d3a69d\" checked aria-label=\"Alternar\" \/><nav><ul class='ez-toc-list ez-toc-list-level-1 ' ><li class='ez-toc-page-1'><a class=\"ez-toc-link ez-toc-heading-1\" href=\"https:\/\/www.conveniosocial.com.br\/blog\/dermatologia-consultorios-e-clinicas\/clinica-de-dermatologia-isaac-de-aguiar-neres\/#Clinica_de_Dermatologia_Isaac_de_Aguiar_Neres\" >Cl\u00ednica de Dermatologia Isaac de Aguiar Neres<\/a><\/li><li class='ez-toc-page-1'><a class=\"ez-toc-link ez-toc-heading-2\" href=\"https:\/\/www.conveniosocial.com.br\/blog\/dermatologia-consultorios-e-clinicas\/clinica-de-dermatologia-isaac-de-aguiar-neres\/#Perguntas_Frequentes\" >Perguntas Frequentes<\/a><\/li><li class='ez-toc-page-1'><a class=\"ez-toc-link ez-toc-heading-3\" href=\"https:\/\/www.conveniosocial.com.br\/blog\/dermatologia-consultorios-e-clinicas\/clinica-de-dermatologia-isaac-de-aguiar-neres\/#Contato\" >Contato<\/a><\/li><\/ul><\/nav><\/div>\n<h2><span class=\"ez-toc-section\" id=\"Clinica_de_Dermatologia_Isaac_de_Aguiar_Neres\"><\/span>Cl\u00ednica de Dermatologia Isaac de Aguiar Neres<span class=\"ez-toc-section-end\"><\/span><\/h2>\n<p>A Cl\u00ednica Isaac de Aguiar Neres, localizada em Santar\u00e9m, Par\u00e1, \u00e9 um espa\u00e7o dedicado \u00e0 sa\u00fade e bem-estar da sua pele. Sob a responsabilidade do Dr. Isaac de Aguiar Neres, m\u00e9dico dermatologista com CRM 14291, a cl\u00ednica oferece um atendimento acolhedor e de qualidade, focando no cuidado individualizado de cada paciente. <\/p>\n<p>Nosso compromisso \u00e9 proporcionar uma experi\u00eancia humanizada, onde a sa\u00fade da pele \u00e9 tratada com a aten\u00e7\u00e3o que merece. Na cl\u00ednica, tratamos diversas condi\u00e7\u00f5es dermatol\u00f3gicas, desde problemas comuns como acne, eczema e psor\u00edase, at\u00e9 quest\u00f5es est\u00e9ticas, como envelhecimento cut\u00e2neo e manchas na pele. Sabemos que a pele \u00e9 um reflexo da sa\u00fade, e por isso, nosso objetivo \u00e9 ajudar nossos pacientes a se sentirem bem em sua pr\u00f3pria pele. <\/p>\n<p>A localiza\u00e7\u00e3o \u00e9 um dos nossos diferenciais. Situada no bairro Santa Clara, a cl\u00ednica \u00e9 de f\u00e1cil acesso, permitindo que pacientes de diversas \u00e1reas de Santar\u00e9m cheguem sem dificuldades. Al\u00e9m disso, o ambiente foi pensado para ser acolhedor, promovendo conforto e tranquilidade durante as consultas. <\/p>\n<p>Atendemos de segunda a sexta-feira, das 08:00 \u00e0s 18:00, e aos s\u00e1bados, das 08:00 \u00e0s 12:00, oferecendo hor\u00e1rios flex\u00edveis para melhor atender a sua rotina. Embora ainda n\u00e3o tenhamos informa\u00e7\u00f5es sobre conv\u00eanios e exames dispon\u00edveis, estamos sempre abertos a oferecer o melhor para nossos pacientes. <\/p>\n<p>Para agendar uma consulta, entre em contato pelo telefone, que ser\u00e1 disponibilizado em breve, ou acesse nosso site, que tamb\u00e9m est\u00e1 em constru\u00e7\u00e3o. N\u00e3o deixe de nos seguir no Instagram para acompanhar dicas de cuidados com a pele, novidades e promo\u00e7\u00f5es. <\/p>\n<p>A Cl\u00ednica Isaac de Aguiar Neres \u00e9 sua parceira na busca por uma pele saud\u00e1vel e bonita. Venha nos visitar e descubra como podemos ajudar voc\u00ea a alcan\u00e7ar seus objetivos de sa\u00fade e est\u00e9tica. Estamos prontos para atender voc\u00ea com todo o carinho e profissionalismo que merece.<\/p>\n<h3><span class=\"ez-toc-section\" id=\"Perguntas_Frequentes\"><\/span>Perguntas Frequentes<span class=\"ez-toc-section-end\"><\/span><\/h3>\n<p>P: Quais servi\u00e7os a cl\u00ednica oferece?<br \/>\nR: A cl\u00ednica oferece servi\u00e7os de dermatologia, incluindo tratamento para acne, eczema, psor\u00edase e quest\u00f5es est\u00e9ticas.<\/p>\n<p>P: Qual \u00e9 a localiza\u00e7\u00e3o da cl\u00ednica?<br \/>\nR: A Cl\u00ednica Isaac de Aguiar Neres est\u00e1 localizada no bairro Santa Clara, em Santar\u00e9m, Par\u00e1.<\/p>\n<p>P: Quais s\u00e3o os hor\u00e1rios de funcionamento?<br \/>\nR: Atendemos de segunda a sexta-feira, das 08:00 \u00e0s 18:00, e aos s\u00e1bados, das 08:00 \u00e0s 12:00.<\/p>\n<p>P: Como posso agendar uma consulta?<br \/>\nR: Voc\u00ea pode agendar uma consulta entrando em contato pelo telefone que ser\u00e1 disponibilizado em breve.<\/p>\n<p>P: A cl\u00ednica aceita conv\u00eanios?<br \/>\nR: No momento, n\u00e3o temos informa\u00e7\u00f5es sobre conv\u00eanios aceitos, mas estamos trabalhando para oferecer essa op\u00e7\u00e3o.<\/p>\n<p>P: H\u00e1 exames dispon\u00edveis na cl\u00ednica?<br \/>\nR: Atualmente, n\u00e3o temos informa\u00e7\u00f5es sobre exames dispon\u00edveis, mas focamos em consultas e tratamentos dermatol\u00f3gicos.<\/p>\n<p>P: O Dr. Isaac de Aguiar Neres \u00e9 qualificado?<br \/>\nR: Sim, o Dr. Isaac de Aguiar Neres \u00e9 um m\u00e9dico dermatologista com CRM 14291.<\/p>\n<p>P: A cl\u00ednica oferece algum tipo de promo\u00e7\u00e3o?<br \/>\nR: Para acompanhar promo\u00e7\u00f5es e novidades, siga nosso Instagram, que estar\u00e1 dispon\u00edvel em breve.<\/p>\n<p>P: Quais cuidados com a pele s\u00e3o recomendados?<br \/>\nR: Recomendamos cuidados di\u00e1rios, como limpeza adequada, hidrata\u00e7\u00e3o e prote\u00e7\u00e3o solar, dependendo do seu tipo de pele.<\/p>\n<p>P: A cl\u00ednica tem acessibilidade?<br \/>\nR: Sim, a cl\u00ednica foi projetada para ser acess\u00edvel e confort\u00e1vel para todos os pacientes.<\/p>\n<h3><span class=\"ez-toc-section\" id=\"Contato\"><\/span>Contato<span class=\"ez-toc-section-end\"><\/span><\/h3>\n<p><strong>Tel.:  | <\/strong><br \/>\n<strong>WhatsApp: &#8211; <\/strong><\/p>\n","protected":false},"excerpt":{"rendered":"<p>Cl\u00ednica de Dermatologia Isaac de Aguiar Neres A Cl\u00ednica Isaac de Aguiar Neres, localizada em Santar\u00e9m, Par\u00e1, \u00e9 um espa\u00e7o dedicado \u00e0 sa\u00fade e bem-estar da sua pele. Sob a responsabilidade do Dr. Isaac de Aguiar Neres, m\u00e9dico dermatologista com CRM 14291, a cl\u00ednica oferece um atendimento acolhedor e de qualidade, focando no cuidado individualizado [&hellip;]<\/p>\n","protected":false},"author":0,"featured_media":0,"comment_status":"open","ping_status":"open","sticky":false,"template":"","format":"standard","meta":{"_et_pb_use_builder":"o","_et_pb_old_content":"","_et_gb_content_width":"","footnotes":""},"categories":[2512,722,1501],"tags":[],"class_list":["post-152636","post","type-post","status-publish","format-standard","hentry","category-clinicas-em-santarem","category-dermatologia-consultorios-e-clinicas","category-saude-da-pele"],"yoast_head":"<!-- This site is optimized with the Yoast SEO Premium plugin v21.3 (Yoast SEO v27.5) - https:\/\/yoast.com\/product\/yoast-seo-premium-wordpress\/ -->\n<title>Cl\u00ednica de Dermatologia Isaac de Aguiar Neres - Conv\u00eanio Social<\/title>\n<meta name=\"robots\" content=\"index, follow, max-snippet:-1, max-image-preview:large, max-video-preview:-1\" \/>\n<link rel=\"canonical\" href=\"https:\/\/www.conveniosocial.com.br\/blog\/dermatologia-consultorios-e-clinicas\/clinica-de-dermatologia-isaac-de-aguiar-neres\/\" \/>\n<meta property=\"og:locale\" content=\"pt_BR\" \/>\n<meta property=\"og:type\" content=\"article\" \/>\n<meta property=\"og:title\" content=\"Cl\u00ednica de Dermatologia Isaac de Aguiar Neres\" \/>\n<meta property=\"og:description\" content=\"Cl\u00ednica de Dermatologia Isaac de Aguiar Neres A Cl\u00ednica Isaac de Aguiar Neres, localizada em Santar\u00e9m, Par\u00e1, \u00e9 um espa\u00e7o dedicado \u00e0 sa\u00fade e bem-estar da sua pele. Sob a responsabilidade do Dr. Isaac de Aguiar Neres, m\u00e9dico dermatologista com CRM 14291, a cl\u00ednica oferece um atendimento acolhedor e de qualidade, focando no cuidado individualizado [&hellip;]\" \/>\n<meta property=\"og:url\" content=\"https:\/\/www.conveniosocial.com.br\/blog\/dermatologia-consultorios-e-clinicas\/clinica-de-dermatologia-isaac-de-aguiar-neres\/\" \/>\n<meta property=\"og:site_name\" content=\"Conv\u00eanio Social\" \/>\n<meta property=\"article:published_time\" content=\"2026-03-15T00:01:00+00:00\" \/>\n<meta name=\"twitter:card\" content=\"summary_large_image\" \/>\n<meta name=\"twitter:label1\" content=\"Est. tempo de leitura\" \/>\n\t<meta name=\"twitter:data1\" content=\"3 minutos\" \/>\n<script type=\"application\/ld+json\" class=\"yoast-schema-graph\">{\"@context\":\"https:\\\/\\\/schema.org\",\"@graph\":[{\"@type\":\"Article\",\"@id\":\"https:\\\/\\\/www.conveniosocial.com.br\\\/blog\\\/dermatologia-consultorios-e-clinicas\\\/clinica-de-dermatologia-isaac-de-aguiar-neres\\\/#article\",\"isPartOf\":{\"@id\":\"https:\\\/\\\/www.conveniosocial.com.br\\\/blog\\\/dermatologia-consultorios-e-clinicas\\\/clinica-de-dermatologia-isaac-de-aguiar-neres\\\/\"},\"author\":{\"name\":\"\",\"@id\":\"\"},\"headline\":\"Cl\u00ednica de Dermatologia Isaac de Aguiar Neres\",\"datePublished\":\"2026-03-15T00:01:00+00:00\",\"mainEntityOfPage\":{\"@id\":\"https:\\\/\\\/www.conveniosocial.com.br\\\/blog\\\/dermatologia-consultorios-e-clinicas\\\/clinica-de-dermatologia-isaac-de-aguiar-neres\\\/\"},\"wordCount\":599,\"commentCount\":0,\"publisher\":{\"@id\":\"https:\\\/\\\/www.conveniosocial.com.br\\\/blog\\\/#organization\"},\"articleSection\":[\"Cl\u00ednicas em Santar\u00e9m\",\"Dermatologia\",\"Sa\u00fade da Pele\"],\"inLanguage\":\"pt-BR\"},{\"@type\":\"WebPage\",\"@id\":\"https:\\\/\\\/www.conveniosocial.com.br\\\/blog\\\/dermatologia-consultorios-e-clinicas\\\/clinica-de-dermatologia-isaac-de-aguiar-neres\\\/\",\"url\":\"https:\\\/\\\/www.conveniosocial.com.br\\\/blog\\\/dermatologia-consultorios-e-clinicas\\\/clinica-de-dermatologia-isaac-de-aguiar-neres\\\/\",\"name\":\"Cl\u00ednica de Dermatologia Isaac de Aguiar Neres - Conv\u00eanio Social\",\"isPartOf\":{\"@id\":\"https:\\\/\\\/www.conveniosocial.com.br\\\/blog\\\/#website\"},\"datePublished\":\"2026-03-15T00:01:00+00:00\",\"breadcrumb\":{\"@id\":\"https:\\\/\\\/www.conveniosocial.com.br\\\/blog\\\/dermatologia-consultorios-e-clinicas\\\/clinica-de-dermatologia-isaac-de-aguiar-neres\\\/#breadcrumb\"},\"inLanguage\":\"pt-BR\",\"potentialAction\":[{\"@type\":\"ReadAction\",\"target\":[\"https:\\\/\\\/www.conveniosocial.com.br\\\/blog\\\/dermatologia-consultorios-e-clinicas\\\/clinica-de-dermatologia-isaac-de-aguiar-neres\\\/\"]}]},{\"@type\":\"BreadcrumbList\",\"@id\":\"https:\\\/\\\/www.conveniosocial.com.br\\\/blog\\\/dermatologia-consultorios-e-clinicas\\\/clinica-de-dermatologia-isaac-de-aguiar-neres\\\/#breadcrumb\",\"itemListElement\":[{\"@type\":\"ListItem\",\"position\":1,\"name\":\"Home\",\"item\":\"https:\\\/\\\/www.conveniosocial.com.br\\\/blog\\\/\"},{\"@type\":\"ListItem\",\"position\":2,\"name\":\"Cl\u00ednicas em Santar\u00e9m\",\"item\":\"https:\\\/\\\/www.conveniosocial.com.br\\\/blog\\\/clinicas-em-santarem\\\/\"},{\"@type\":\"ListItem\",\"position\":3,\"name\":\"Cl\u00ednica de Dermatologia Isaac de Aguiar Neres\"}]},{\"@type\":\"WebSite\",\"@id\":\"https:\\\/\\\/www.conveniosocial.com.br\\\/blog\\\/#website\",\"url\":\"https:\\\/\\\/www.conveniosocial.com.br\\\/blog\\\/\",\"name\":\"Conv\u00eanio Social\",\"description\":\"Informa\u00e7\u00f5es de Sa\u00fade e Bem-estar, Consultas e Exames Popular\",\"publisher\":{\"@id\":\"https:\\\/\\\/www.conveniosocial.com.br\\\/blog\\\/#organization\"},\"potentialAction\":[{\"@type\":\"SearchAction\",\"target\":{\"@type\":\"EntryPoint\",\"urlTemplate\":\"https:\\\/\\\/www.conveniosocial.com.br\\\/blog\\\/?s={search_term_string}\"},\"query-input\":{\"@type\":\"PropertyValueSpecification\",\"valueRequired\":true,\"valueName\":\"search_term_string\"}}],\"inLanguage\":\"pt-BR\"},{\"@type\":\"Organization\",\"@id\":\"https:\\\/\\\/www.conveniosocial.com.br\\\/blog\\\/#organization\",\"name\":\"Conv\u00eanio Social\",\"url\":\"https:\\\/\\\/www.conveniosocial.com.br\\\/blog\\\/\",\"logo\":{\"@type\":\"ImageObject\",\"inLanguage\":\"pt-BR\",\"@id\":\"https:\\\/\\\/www.conveniosocial.com.br\\\/blog\\\/#\\\/schema\\\/logo\\\/image\\\/\",\"url\":\"https:\\\/\\\/www.conveniosocial.com.br\\\/blog\\\/wp-content\\\/uploads\\\/2021\\\/11\\\/novo_logo-convenio-socia-digital.png\",\"contentUrl\":\"https:\\\/\\\/www.conveniosocial.com.br\\\/blog\\\/wp-content\\\/uploads\\\/2021\\\/11\\\/novo_logo-convenio-socia-digital.png\",\"width\":400,\"height\":102,\"caption\":\"Conv\u00eanio Social\"},\"image\":{\"@id\":\"https:\\\/\\\/www.conveniosocial.com.br\\\/blog\\\/#\\\/schema\\\/logo\\\/image\\\/\"}}]}<\/script>\n<!-- \/ Yoast SEO Premium plugin. -->","yoast_head_json":{"title":"Cl\u00ednica de Dermatologia Isaac de Aguiar Neres - Conv\u00eanio Social","robots":{"index":"index","follow":"follow","max-snippet":"max-snippet:-1","max-image-preview":"max-image-preview:large","max-video-preview":"max-video-preview:-1"},"canonical":"https:\/\/www.conveniosocial.com.br\/blog\/dermatologia-consultorios-e-clinicas\/clinica-de-dermatologia-isaac-de-aguiar-neres\/","og_locale":"pt_BR","og_type":"article","og_title":"Cl\u00ednica de Dermatologia Isaac de Aguiar Neres","og_description":"Cl\u00ednica de Dermatologia Isaac de Aguiar Neres A Cl\u00ednica Isaac de Aguiar Neres, localizada em Santar\u00e9m, Par\u00e1, \u00e9 um espa\u00e7o dedicado \u00e0 sa\u00fade e bem-estar da sua pele. Sob a responsabilidade do Dr. Isaac de Aguiar Neres, m\u00e9dico dermatologista com CRM 14291, a cl\u00ednica oferece um atendimento acolhedor e de qualidade, focando no cuidado individualizado [&hellip;]","og_url":"https:\/\/www.conveniosocial.com.br\/blog\/dermatologia-consultorios-e-clinicas\/clinica-de-dermatologia-isaac-de-aguiar-neres\/","og_site_name":"Conv\u00eanio Social","article_published_time":"2026-03-15T00:01:00+00:00","twitter_card":"summary_large_image","twitter_misc":{"Est. tempo de leitura":"3 minutos"},"schema":{"@context":"https:\/\/schema.org","@graph":[{"@type":"Article","@id":"https:\/\/www.conveniosocial.com.br\/blog\/dermatologia-consultorios-e-clinicas\/clinica-de-dermatologia-isaac-de-aguiar-neres\/#article","isPartOf":{"@id":"https:\/\/www.conveniosocial.com.br\/blog\/dermatologia-consultorios-e-clinicas\/clinica-de-dermatologia-isaac-de-aguiar-neres\/"},"author":{"name":"","@id":""},"headline":"Cl\u00ednica de Dermatologia Isaac de Aguiar Neres","datePublished":"2026-03-15T00:01:00+00:00","mainEntityOfPage":{"@id":"https:\/\/www.conveniosocial.com.br\/blog\/dermatologia-consultorios-e-clinicas\/clinica-de-dermatologia-isaac-de-aguiar-neres\/"},"wordCount":599,"commentCount":0,"publisher":{"@id":"https:\/\/www.conveniosocial.com.br\/blog\/#organization"},"articleSection":["Cl\u00ednicas em Santar\u00e9m","Dermatologia","Sa\u00fade da Pele"],"inLanguage":"pt-BR"},{"@type":"WebPage","@id":"https:\/\/www.conveniosocial.com.br\/blog\/dermatologia-consultorios-e-clinicas\/clinica-de-dermatologia-isaac-de-aguiar-neres\/","url":"https:\/\/www.conveniosocial.com.br\/blog\/dermatologia-consultorios-e-clinicas\/clinica-de-dermatologia-isaac-de-aguiar-neres\/","name":"Cl\u00ednica de Dermatologia Isaac de Aguiar Neres - Conv\u00eanio Social","isPartOf":{"@id":"https:\/\/www.conveniosocial.com.br\/blog\/#website"},"datePublished":"2026-03-15T00:01:00+00:00","breadcrumb":{"@id":"https:\/\/www.conveniosocial.com.br\/blog\/dermatologia-consultorios-e-clinicas\/clinica-de-dermatologia-isaac-de-aguiar-neres\/#breadcrumb"},"inLanguage":"pt-BR","potentialAction":[{"@type":"ReadAction","target":["https:\/\/www.conveniosocial.com.br\/blog\/dermatologia-consultorios-e-clinicas\/clinica-de-dermatologia-isaac-de-aguiar-neres\/"]}]},{"@type":"BreadcrumbList","@id":"https:\/\/www.conveniosocial.com.br\/blog\/dermatologia-consultorios-e-clinicas\/clinica-de-dermatologia-isaac-de-aguiar-neres\/#breadcrumb","itemListElement":[{"@type":"ListItem","position":1,"name":"Home","item":"https:\/\/www.conveniosocial.com.br\/blog\/"},{"@type":"ListItem","position":2,"name":"Cl\u00ednicas em Santar\u00e9m","item":"https:\/\/www.conveniosocial.com.br\/blog\/clinicas-em-santarem\/"},{"@type":"ListItem","position":3,"name":"Cl\u00ednica de Dermatologia Isaac de Aguiar Neres"}]},{"@type":"WebSite","@id":"https:\/\/www.conveniosocial.com.br\/blog\/#website","url":"https:\/\/www.conveniosocial.com.br\/blog\/","name":"Conv\u00eanio Social","description":"Informa\u00e7\u00f5es de Sa\u00fade e Bem-estar, Consultas e Exames Popular","publisher":{"@id":"https:\/\/www.conveniosocial.com.br\/blog\/#organization"},"potentialAction":[{"@type":"SearchAction","target":{"@type":"EntryPoint","urlTemplate":"https:\/\/www.conveniosocial.com.br\/blog\/?s={search_term_string}"},"query-input":{"@type":"PropertyValueSpecification","valueRequired":true,"valueName":"search_term_string"}}],"inLanguage":"pt-BR"},{"@type":"Organization","@id":"https:\/\/www.conveniosocial.com.br\/blog\/#organization","name":"Conv\u00eanio Social","url":"https:\/\/www.conveniosocial.com.br\/blog\/","logo":{"@type":"ImageObject","inLanguage":"pt-BR","@id":"https:\/\/www.conveniosocial.com.br\/blog\/#\/schema\/logo\/image\/","url":"https:\/\/www.conveniosocial.com.br\/blog\/wp-content\/uploads\/2021\/11\/novo_logo-convenio-socia-digital.png","contentUrl":"https:\/\/www.conveniosocial.com.br\/blog\/wp-content\/uploads\/2021\/11\/novo_logo-convenio-socia-digital.png","width":400,"height":102,"caption":"Conv\u00eanio Social"},"image":{"@id":"https:\/\/www.conveniosocial.com.br\/blog\/#\/schema\/logo\/image\/"}}]}},"_links":{"self":[{"href":"https:\/\/www.conveniosocial.com.br\/blog\/wp-json\/wp\/v2\/posts\/152636","targetHints":{"allow":["GET"]}}],"collection":[{"href":"https:\/\/www.conveniosocial.com.br\/blog\/wp-json\/wp\/v2\/posts"}],"about":[{"href":"https:\/\/www.conveniosocial.com.br\/blog\/wp-json\/wp\/v2\/types\/post"}],"replies":[{"embeddable":true,"href":"https:\/\/www.conveniosocial.com.br\/blog\/wp-json\/wp\/v2\/comments?post=152636"}],"version-history":[{"count":0,"href":"https:\/\/www.conveniosocial.com.br\/blog\/wp-json\/wp\/v2\/posts\/152636\/revisions"}],"wp:attachment":[{"href":"https:\/\/www.conveniosocial.com.br\/blog\/wp-json\/wp\/v2\/media?parent=152636"}],"wp:term":[{"taxonomy":"category","embeddable":true,"href":"https:\/\/www.conveniosocial.com.br\/blog\/wp-json\/wp\/v2\/categories?post=152636"},{"taxonomy":"post_tag","embeddable":true,"href":"https:\/\/www.conveniosocial.com.br\/blog\/wp-json\/wp\/v2\/tags?post=152636"}],"curies":[{"name":"wp","href":"https:\/\/api.w.org\/{rel}","templated":true}]}}