{"id":152673,"date":"2026-03-14T21:01:04","date_gmt":"2026-03-15T00:01:04","guid":{"rendered":"https:\/\/www.conveniosocial.com.br\/blog\/nehuma\/cuide-da-sua-saude-mental-com-a-dra-raphaela-neves\/"},"modified":"2026-03-14T21:01:04","modified_gmt":"2026-03-15T00:01:04","slug":"cuide-da-sua-saude-mental-com-a-dra-raphaela-neves","status":"publish","type":"post","link":"https:\/\/www.conveniosocial.com.br\/blog\/psiquiatria\/cuide-da-sua-saude-mental-com-a-dra-raphaela-neves\/","title":{"rendered":"Cuide da sua Sa\u00fade Mental com a Dra. Raphaela Neves"},"content":{"rendered":"<div id=\"ez-toc-container\" class=\"ez-toc-v2_0_82_2 counter-flat ez-toc-counter ez-toc-white ez-toc-container-direction\">\n<p class=\"ez-toc-title\" style=\"cursor:inherit\">\u00cdndice do Conte\u00fado<\/p>\n<label for=\"ez-toc-cssicon-toggle-item-69f4d2ff560d6\" class=\"ez-toc-cssicon-toggle-label\"><span class=\"ez-toc-cssicon\"><span class=\"eztoc-hide\" style=\"display:none;\">Toggle<\/span><span class=\"ez-toc-icon-toggle-span\"><svg style=\"fill: #999;color:#999\" xmlns=\"http:\/\/www.w3.org\/2000\/svg\" class=\"list-377408\" width=\"20px\" height=\"20px\" viewBox=\"0 0 24 24\" fill=\"none\"><path d=\"M6 6H4v2h2V6zm14 0H8v2h12V6zM4 11h2v2H4v-2zm16 0H8v2h12v-2zM4 16h2v2H4v-2zm16 0H8v2h12v-2z\" fill=\"currentColor\"><\/path><\/svg><svg style=\"fill: #999;color:#999\" class=\"arrow-unsorted-368013\" xmlns=\"http:\/\/www.w3.org\/2000\/svg\" width=\"10px\" height=\"10px\" viewBox=\"0 0 24 24\" version=\"1.2\" baseProfile=\"tiny\"><path d=\"M18.2 9.3l-6.2-6.3-6.2 6.3c-.2.2-.3.4-.3.7s.1.5.3.7c.2.2.4.3.7.3h11c.3 0 .5-.1.7-.3.2-.2.3-.5.3-.7s-.1-.5-.3-.7zM5.8 14.7l6.2 6.3 6.2-6.3c.2-.2.3-.5.3-.7s-.1-.5-.3-.7c-.2-.2-.4-.3-.7-.3h-11c-.3 0-.5.1-.7.3-.2.2-.3.5-.3.7s.1.5.3.7z\"\/><\/svg><\/span><\/span><\/label><input type=\"checkbox\"  id=\"ez-toc-cssicon-toggle-item-69f4d2ff560d6\" checked aria-label=\"Alternar\" \/><nav><ul class='ez-toc-list ez-toc-list-level-1 ' ><li class='ez-toc-page-1'><a class=\"ez-toc-link ez-toc-heading-1\" href=\"https:\/\/www.conveniosocial.com.br\/blog\/psiquiatria\/cuide-da-sua-saude-mental-com-a-dra-raphaela-neves\/#Cuide_da_sua_Saude_Mental_com_a_Dra_Raphaela_Neves\" >Cuide da sua Sa\u00fade Mental com a Dra. Raphaela Neves<\/a><\/li><li class='ez-toc-page-1'><a class=\"ez-toc-link ez-toc-heading-2\" href=\"https:\/\/www.conveniosocial.com.br\/blog\/psiquiatria\/cuide-da-sua-saude-mental-com-a-dra-raphaela-neves\/#Perguntas_Frequentes\" >Perguntas Frequentes<\/a><\/li><li class='ez-toc-page-1'><a class=\"ez-toc-link ez-toc-heading-3\" href=\"https:\/\/www.conveniosocial.com.br\/blog\/psiquiatria\/cuide-da-sua-saude-mental-com-a-dra-raphaela-neves\/#Contato\" >Contato<\/a><\/li><\/ul><\/nav><\/div>\n<h2><span class=\"ez-toc-section\" id=\"Cuide_da_sua_Saude_Mental_com_a_Dra_Raphaela_Neves\"><\/span>Cuide da sua Sa\u00fade Mental com a Dra. Raphaela Neves<span class=\"ez-toc-section-end\"><\/span><\/h2>\n<p>A Dra. Raphaela De Souza Louzada Neves \u00e9 uma profissional renomada na \u00e1rea de psiquiatria, oferecendo atendimento especializado e humanizado na cidade de Vilhena, estado de Rond\u00f4nia. Com grande dedica\u00e7\u00e3o \u00e0 sa\u00fade mental, a cl\u00ednica da Dra. Raphaela se destaca pela abordagem acolhedora e atenta \u00e0s necessidades individuais de cada paciente. Localizada no cora\u00e7\u00e3o do Centro de Vilhena, a cl\u00ednica \u00e9 de f\u00e1cil acesso, permitindo que pacientes de diferentes bairros, como S\u00e3o Paulo, possam chegar sem dificuldades. <\/p>\n<p>A Dra. Raphaela \u00e9 registrada no CRM-PR 33664 e possui RQE 23264, garantindo a qualidade e a \u00e9tica em seus atendimentos. Sua especialidade em psiquiatria abrange uma ampla gama de condi\u00e7\u00f5es, incluindo depress\u00e3o, ansiedade, transtornos de humor e outros desafios emocionais. A cl\u00ednica se preocupa em criar um ambiente seguro e confort\u00e1vel, onde os pacientes se sintam \u00e0 vontade para compartilhar suas preocupa\u00e7\u00f5es e buscar o apoio necess\u00e1rio. <\/p>\n<p>Al\u00e9m do atendimento psicol\u00f3gico, a Dra. Raphaela oferece orienta\u00e7\u00f5es e tratamentos personalizados, utilizando t\u00e9cnicas modernas e eficazes para cada caso. A cl\u00ednica est\u00e1 equipada para proporcionar um suporte integral, que n\u00e3o se limita apenas \u00e0 consulta, mas tamb\u00e9m \u00e0 orienta\u00e7\u00e3o para o bem-estar cont\u00ednuo dos pacientes. <\/p>\n<p>Infelizmente, informa\u00e7\u00f5es sobre exames e conv\u00eanios ainda n\u00e3o est\u00e3o dispon\u00edveis, mas a Dra. Raphaela est\u00e1 sempre disposta a auxiliar os pacientes na busca de alternativas que se adequem \u00e0s suas necessidades. Para qualquer d\u00favida ou agendamento de consultas, os pacientes podem entrar em contato diretamente com a cl\u00ednica. <\/p>\n<p>Embora o telefone, site e Instagram ainda n\u00e3o estejam informados, a Dra. Raphaela est\u00e1 comprometida em oferecer um atendimento de excel\u00eancia e est\u00e1 sempre dispon\u00edvel para ouvir e entender as necessidades de seus pacientes, proporcionando um espa\u00e7o de escuta ativa e cuidado. <\/p>\n<p>Se voc\u00ea est\u00e1 buscando apoio em sua sa\u00fade mental, n\u00e3o hesite em conhecer a cl\u00ednica da Dra. Raphaela. A sa\u00fade mental \u00e9 fundamental para uma vida plena e feliz, e a Dra. Raphaela est\u00e1 aqui para ajud\u00e1-lo nessa jornada. Agende uma consulta e d\u00ea o primeiro passo em dire\u00e7\u00e3o ao seu bem-estar emocional.<\/p>\n<h3><span class=\"ez-toc-section\" id=\"Perguntas_Frequentes\"><\/span>Perguntas Frequentes<span class=\"ez-toc-section-end\"><\/span><\/h3>\n<p>P: O que \u00e9 a psiquiatria?<br \/>\nR: A psiquiatria \u00e9 uma especialidade m\u00e9dica que se dedica ao diagn\u00f3stico, tratamento e preven\u00e7\u00e3o de transtornos mentais e emocionais.<\/p>\n<p>P: Como posso agendar uma consulta com a Dra. Raphaela?<br \/>\nR: Voc\u00ea pode entrar em contato diretamente com a cl\u00ednica para mais informa\u00e7\u00f5es sobre como agendar sua consulta.<\/p>\n<p>P: Quais condi\u00e7\u00f5es a psiquiatria pode tratar?<br \/>\nR: A psiquiatria pode tratar uma variedade de condi\u00e7\u00f5es, incluindo depress\u00e3o, ansiedade, transtornos de humor, entre outros problemas de sa\u00fade mental.<\/p>\n<p>P: A Dra. Raphaela atende conv\u00eanios?<br \/>\nR: Atualmente, n\u00e3o temos informa\u00e7\u00f5es sobre conv\u00eanios, mas a Dra. Raphaela pode orientar sobre as melhores op\u00e7\u00f5es de pagamento.<\/p>\n<p>P: Como \u00e9 o tratamento na cl\u00ednica?<br \/>\nR: O tratamento \u00e9 individualizado, com foco nas necessidades de cada paciente, utilizando abordagens modernas e eficazes.<\/p>\n<p>P: A cl\u00ednica oferece suporte para familiares?<br \/>\nR: Sim, a Dra. Raphaela pode oferecer orienta\u00e7\u00f5es para familiares que desejam entender e ajudar seus entes queridos.<\/p>\n<p>P: Quais s\u00e3o os hor\u00e1rios de atendimento?<br \/>\nR: Informa\u00e7\u00f5es sobre hor\u00e1rios de atendimento ainda n\u00e3o est\u00e3o dispon\u00edveis, mas voc\u00ea pode consultar diretamente a cl\u00ednica.<\/p>\n<p>P: A cl\u00ednica \u00e9 acess\u00edvel para pessoas com mobilidade reduzida?<br \/>\nR: A localiza\u00e7\u00e3o da cl\u00ednica no Centro de Vilhena foi escolhida para facilitar o acesso a todos os pacientes.<\/p>\n<p>P: Posso buscar atendimento para crises de ansiedade?<br \/>\nR: Sim, a Dra. Raphaela est\u00e1 preparada para ajudar pacientes que enfrentam crises de ansiedade, oferecendo suporte especializado.<\/p>\n<p>P: Como a Dra. Raphaela se diferencia de outros profissionais?<br \/>\nR: A Dra. Raphaela se destaca pelo seu atendimento humanizado e pela dedica\u00e7\u00e3o em compreender as necessidades \u00fanicas de cada paciente.<\/p>\n<h3><span class=\"ez-toc-section\" id=\"Contato\"><\/span>Contato<span class=\"ez-toc-section-end\"><\/span><\/h3>\n<p><strong>Tel.:  | <\/strong><br \/>\n<strong>WhatsApp: &#8211; <\/strong><\/p>\n","protected":false},"excerpt":{"rendered":"<p>Cuide da sua Sa\u00fade Mental com a Dra. Raphaela Neves A Dra. Raphaela De Souza Louzada Neves \u00e9 uma profissional renomada na \u00e1rea de psiquiatria, oferecendo atendimento especializado e humanizado na cidade de Vilhena, estado de Rond\u00f4nia. Com grande dedica\u00e7\u00e3o \u00e0 sa\u00fade mental, a cl\u00ednica da Dra. Raphaela se destaca pela abordagem acolhedora e atenta [&hellip;]<\/p>\n","protected":false},"author":0,"featured_media":0,"comment_status":"open","ping_status":"open","sticky":false,"template":"","format":"standard","meta":{"_et_pb_use_builder":"o","_et_pb_old_content":"","_et_gb_content_width":"","footnotes":""},"categories":[907,901,1306],"tags":[],"class_list":["post-152673","post","type-post","status-publish","format-standard","hentry","category-atendimento-humanizado","category-psiquiatria","category-saude-mental"],"yoast_head":"<!-- This site is optimized with the Yoast SEO Premium plugin v21.3 (Yoast SEO v27.5) - https:\/\/yoast.com\/product\/yoast-seo-premium-wordpress\/ -->\n<title>Cuide da sua Sa\u00fade Mental com a Dra. Raphaela Neves - Conv\u00eanio Social<\/title>\n<meta name=\"robots\" content=\"index, follow, max-snippet:-1, max-image-preview:large, max-video-preview:-1\" \/>\n<link rel=\"canonical\" href=\"https:\/\/www.conveniosocial.com.br\/blog\/psiquiatria\/cuide-da-sua-saude-mental-com-a-dra-raphaela-neves\/\" \/>\n<meta property=\"og:locale\" content=\"pt_BR\" \/>\n<meta property=\"og:type\" content=\"article\" \/>\n<meta property=\"og:title\" content=\"Cuide da sua Sa\u00fade Mental com a Dra. Raphaela Neves\" \/>\n<meta property=\"og:description\" content=\"Cuide da sua Sa\u00fade Mental com a Dra. Raphaela Neves A Dra. Raphaela De Souza Louzada Neves \u00e9 uma profissional renomada na \u00e1rea de psiquiatria, oferecendo atendimento especializado e humanizado na cidade de Vilhena, estado de Rond\u00f4nia. Com grande dedica\u00e7\u00e3o \u00e0 sa\u00fade mental, a cl\u00ednica da Dra. Raphaela se destaca pela abordagem acolhedora e atenta [&hellip;]\" \/>\n<meta property=\"og:url\" content=\"https:\/\/www.conveniosocial.com.br\/blog\/psiquiatria\/cuide-da-sua-saude-mental-com-a-dra-raphaela-neves\/\" \/>\n<meta property=\"og:site_name\" content=\"Conv\u00eanio Social\" \/>\n<meta property=\"article:published_time\" content=\"2026-03-15T00:01:04+00:00\" \/>\n<meta name=\"twitter:card\" content=\"summary_large_image\" \/>\n<meta name=\"twitter:label1\" content=\"Est. tempo de leitura\" \/>\n\t<meta name=\"twitter:data1\" content=\"3 minutos\" \/>\n<script type=\"application\/ld+json\" class=\"yoast-schema-graph\">{\"@context\":\"https:\\\/\\\/schema.org\",\"@graph\":[{\"@type\":\"Article\",\"@id\":\"https:\\\/\\\/www.conveniosocial.com.br\\\/blog\\\/psiquiatria\\\/cuide-da-sua-saude-mental-com-a-dra-raphaela-neves\\\/#article\",\"isPartOf\":{\"@id\":\"https:\\\/\\\/www.conveniosocial.com.br\\\/blog\\\/psiquiatria\\\/cuide-da-sua-saude-mental-com-a-dra-raphaela-neves\\\/\"},\"author\":{\"name\":\"\",\"@id\":\"\"},\"headline\":\"Cuide da sua Sa\u00fade Mental com a Dra. Raphaela Neves\",\"datePublished\":\"2026-03-15T00:01:04+00:00\",\"mainEntityOfPage\":{\"@id\":\"https:\\\/\\\/www.conveniosocial.com.br\\\/blog\\\/psiquiatria\\\/cuide-da-sua-saude-mental-com-a-dra-raphaela-neves\\\/\"},\"wordCount\":682,\"commentCount\":0,\"publisher\":{\"@id\":\"https:\\\/\\\/www.conveniosocial.com.br\\\/blog\\\/#organization\"},\"articleSection\":[\"Atendimento Humanizado\",\"Psiquiatria\",\"Sa\u00fade Mental\"],\"inLanguage\":\"pt-BR\"},{\"@type\":\"WebPage\",\"@id\":\"https:\\\/\\\/www.conveniosocial.com.br\\\/blog\\\/psiquiatria\\\/cuide-da-sua-saude-mental-com-a-dra-raphaela-neves\\\/\",\"url\":\"https:\\\/\\\/www.conveniosocial.com.br\\\/blog\\\/psiquiatria\\\/cuide-da-sua-saude-mental-com-a-dra-raphaela-neves\\\/\",\"name\":\"Cuide da sua Sa\u00fade Mental com a Dra. Raphaela Neves - Conv\u00eanio Social\",\"isPartOf\":{\"@id\":\"https:\\\/\\\/www.conveniosocial.com.br\\\/blog\\\/#website\"},\"datePublished\":\"2026-03-15T00:01:04+00:00\",\"breadcrumb\":{\"@id\":\"https:\\\/\\\/www.conveniosocial.com.br\\\/blog\\\/psiquiatria\\\/cuide-da-sua-saude-mental-com-a-dra-raphaela-neves\\\/#breadcrumb\"},\"inLanguage\":\"pt-BR\",\"potentialAction\":[{\"@type\":\"ReadAction\",\"target\":[\"https:\\\/\\\/www.conveniosocial.com.br\\\/blog\\\/psiquiatria\\\/cuide-da-sua-saude-mental-com-a-dra-raphaela-neves\\\/\"]}]},{\"@type\":\"BreadcrumbList\",\"@id\":\"https:\\\/\\\/www.conveniosocial.com.br\\\/blog\\\/psiquiatria\\\/cuide-da-sua-saude-mental-com-a-dra-raphaela-neves\\\/#breadcrumb\",\"itemListElement\":[{\"@type\":\"ListItem\",\"position\":1,\"name\":\"Home\",\"item\":\"https:\\\/\\\/www.conveniosocial.com.br\\\/blog\\\/\"},{\"@type\":\"ListItem\",\"position\":2,\"name\":\"Atendimento Humanizado\",\"item\":\"https:\\\/\\\/www.conveniosocial.com.br\\\/blog\\\/atendimento-humanizado\\\/\"},{\"@type\":\"ListItem\",\"position\":3,\"name\":\"Cuide da sua Sa\u00fade Mental com a Dra. Raphaela Neves\"}]},{\"@type\":\"WebSite\",\"@id\":\"https:\\\/\\\/www.conveniosocial.com.br\\\/blog\\\/#website\",\"url\":\"https:\\\/\\\/www.conveniosocial.com.br\\\/blog\\\/\",\"name\":\"Conv\u00eanio Social\",\"description\":\"Informa\u00e7\u00f5es de Sa\u00fade e Bem-estar, Consultas e Exames Popular\",\"publisher\":{\"@id\":\"https:\\\/\\\/www.conveniosocial.com.br\\\/blog\\\/#organization\"},\"potentialAction\":[{\"@type\":\"SearchAction\",\"target\":{\"@type\":\"EntryPoint\",\"urlTemplate\":\"https:\\\/\\\/www.conveniosocial.com.br\\\/blog\\\/?s={search_term_string}\"},\"query-input\":{\"@type\":\"PropertyValueSpecification\",\"valueRequired\":true,\"valueName\":\"search_term_string\"}}],\"inLanguage\":\"pt-BR\"},{\"@type\":\"Organization\",\"@id\":\"https:\\\/\\\/www.conveniosocial.com.br\\\/blog\\\/#organization\",\"name\":\"Conv\u00eanio Social\",\"url\":\"https:\\\/\\\/www.conveniosocial.com.br\\\/blog\\\/\",\"logo\":{\"@type\":\"ImageObject\",\"inLanguage\":\"pt-BR\",\"@id\":\"https:\\\/\\\/www.conveniosocial.com.br\\\/blog\\\/#\\\/schema\\\/logo\\\/image\\\/\",\"url\":\"https:\\\/\\\/www.conveniosocial.com.br\\\/blog\\\/wp-content\\\/uploads\\\/2021\\\/11\\\/novo_logo-convenio-socia-digital.png\",\"contentUrl\":\"https:\\\/\\\/www.conveniosocial.com.br\\\/blog\\\/wp-content\\\/uploads\\\/2021\\\/11\\\/novo_logo-convenio-socia-digital.png\",\"width\":400,\"height\":102,\"caption\":\"Conv\u00eanio Social\"},\"image\":{\"@id\":\"https:\\\/\\\/www.conveniosocial.com.br\\\/blog\\\/#\\\/schema\\\/logo\\\/image\\\/\"}}]}<\/script>\n<!-- \/ Yoast SEO Premium plugin. -->","yoast_head_json":{"title":"Cuide da sua Sa\u00fade Mental com a Dra. Raphaela Neves - Conv\u00eanio Social","robots":{"index":"index","follow":"follow","max-snippet":"max-snippet:-1","max-image-preview":"max-image-preview:large","max-video-preview":"max-video-preview:-1"},"canonical":"https:\/\/www.conveniosocial.com.br\/blog\/psiquiatria\/cuide-da-sua-saude-mental-com-a-dra-raphaela-neves\/","og_locale":"pt_BR","og_type":"article","og_title":"Cuide da sua Sa\u00fade Mental com a Dra. Raphaela Neves","og_description":"Cuide da sua Sa\u00fade Mental com a Dra. Raphaela Neves A Dra. Raphaela De Souza Louzada Neves \u00e9 uma profissional renomada na \u00e1rea de psiquiatria, oferecendo atendimento especializado e humanizado na cidade de Vilhena, estado de Rond\u00f4nia. Com grande dedica\u00e7\u00e3o \u00e0 sa\u00fade mental, a cl\u00ednica da Dra. Raphaela se destaca pela abordagem acolhedora e atenta [&hellip;]","og_url":"https:\/\/www.conveniosocial.com.br\/blog\/psiquiatria\/cuide-da-sua-saude-mental-com-a-dra-raphaela-neves\/","og_site_name":"Conv\u00eanio Social","article_published_time":"2026-03-15T00:01:04+00:00","twitter_card":"summary_large_image","twitter_misc":{"Est. tempo de leitura":"3 minutos"},"schema":{"@context":"https:\/\/schema.org","@graph":[{"@type":"Article","@id":"https:\/\/www.conveniosocial.com.br\/blog\/psiquiatria\/cuide-da-sua-saude-mental-com-a-dra-raphaela-neves\/#article","isPartOf":{"@id":"https:\/\/www.conveniosocial.com.br\/blog\/psiquiatria\/cuide-da-sua-saude-mental-com-a-dra-raphaela-neves\/"},"author":{"name":"","@id":""},"headline":"Cuide da sua Sa\u00fade Mental com a Dra. Raphaela Neves","datePublished":"2026-03-15T00:01:04+00:00","mainEntityOfPage":{"@id":"https:\/\/www.conveniosocial.com.br\/blog\/psiquiatria\/cuide-da-sua-saude-mental-com-a-dra-raphaela-neves\/"},"wordCount":682,"commentCount":0,"publisher":{"@id":"https:\/\/www.conveniosocial.com.br\/blog\/#organization"},"articleSection":["Atendimento Humanizado","Psiquiatria","Sa\u00fade Mental"],"inLanguage":"pt-BR"},{"@type":"WebPage","@id":"https:\/\/www.conveniosocial.com.br\/blog\/psiquiatria\/cuide-da-sua-saude-mental-com-a-dra-raphaela-neves\/","url":"https:\/\/www.conveniosocial.com.br\/blog\/psiquiatria\/cuide-da-sua-saude-mental-com-a-dra-raphaela-neves\/","name":"Cuide da sua Sa\u00fade Mental com a Dra. Raphaela Neves - Conv\u00eanio Social","isPartOf":{"@id":"https:\/\/www.conveniosocial.com.br\/blog\/#website"},"datePublished":"2026-03-15T00:01:04+00:00","breadcrumb":{"@id":"https:\/\/www.conveniosocial.com.br\/blog\/psiquiatria\/cuide-da-sua-saude-mental-com-a-dra-raphaela-neves\/#breadcrumb"},"inLanguage":"pt-BR","potentialAction":[{"@type":"ReadAction","target":["https:\/\/www.conveniosocial.com.br\/blog\/psiquiatria\/cuide-da-sua-saude-mental-com-a-dra-raphaela-neves\/"]}]},{"@type":"BreadcrumbList","@id":"https:\/\/www.conveniosocial.com.br\/blog\/psiquiatria\/cuide-da-sua-saude-mental-com-a-dra-raphaela-neves\/#breadcrumb","itemListElement":[{"@type":"ListItem","position":1,"name":"Home","item":"https:\/\/www.conveniosocial.com.br\/blog\/"},{"@type":"ListItem","position":2,"name":"Atendimento Humanizado","item":"https:\/\/www.conveniosocial.com.br\/blog\/atendimento-humanizado\/"},{"@type":"ListItem","position":3,"name":"Cuide da sua Sa\u00fade Mental com a Dra. Raphaela Neves"}]},{"@type":"WebSite","@id":"https:\/\/www.conveniosocial.com.br\/blog\/#website","url":"https:\/\/www.conveniosocial.com.br\/blog\/","name":"Conv\u00eanio Social","description":"Informa\u00e7\u00f5es de Sa\u00fade e Bem-estar, Consultas e Exames Popular","publisher":{"@id":"https:\/\/www.conveniosocial.com.br\/blog\/#organization"},"potentialAction":[{"@type":"SearchAction","target":{"@type":"EntryPoint","urlTemplate":"https:\/\/www.conveniosocial.com.br\/blog\/?s={search_term_string}"},"query-input":{"@type":"PropertyValueSpecification","valueRequired":true,"valueName":"search_term_string"}}],"inLanguage":"pt-BR"},{"@type":"Organization","@id":"https:\/\/www.conveniosocial.com.br\/blog\/#organization","name":"Conv\u00eanio Social","url":"https:\/\/www.conveniosocial.com.br\/blog\/","logo":{"@type":"ImageObject","inLanguage":"pt-BR","@id":"https:\/\/www.conveniosocial.com.br\/blog\/#\/schema\/logo\/image\/","url":"https:\/\/www.conveniosocial.com.br\/blog\/wp-content\/uploads\/2021\/11\/novo_logo-convenio-socia-digital.png","contentUrl":"https:\/\/www.conveniosocial.com.br\/blog\/wp-content\/uploads\/2021\/11\/novo_logo-convenio-socia-digital.png","width":400,"height":102,"caption":"Conv\u00eanio Social"},"image":{"@id":"https:\/\/www.conveniosocial.com.br\/blog\/#\/schema\/logo\/image\/"}}]}},"_links":{"self":[{"href":"https:\/\/www.conveniosocial.com.br\/blog\/wp-json\/wp\/v2\/posts\/152673","targetHints":{"allow":["GET"]}}],"collection":[{"href":"https:\/\/www.conveniosocial.com.br\/blog\/wp-json\/wp\/v2\/posts"}],"about":[{"href":"https:\/\/www.conveniosocial.com.br\/blog\/wp-json\/wp\/v2\/types\/post"}],"replies":[{"embeddable":true,"href":"https:\/\/www.conveniosocial.com.br\/blog\/wp-json\/wp\/v2\/comments?post=152673"}],"version-history":[{"count":0,"href":"https:\/\/www.conveniosocial.com.br\/blog\/wp-json\/wp\/v2\/posts\/152673\/revisions"}],"wp:attachment":[{"href":"https:\/\/www.conveniosocial.com.br\/blog\/wp-json\/wp\/v2\/media?parent=152673"}],"wp:term":[{"taxonomy":"category","embeddable":true,"href":"https:\/\/www.conveniosocial.com.br\/blog\/wp-json\/wp\/v2\/categories?post=152673"},{"taxonomy":"post_tag","embeddable":true,"href":"https:\/\/www.conveniosocial.com.br\/blog\/wp-json\/wp\/v2\/tags?post=152673"}],"curies":[{"name":"wp","href":"https:\/\/api.w.org\/{rel}","templated":true}]}}