{"id":152674,"date":"2026-03-14T21:01:04","date_gmt":"2026-03-15T00:01:04","guid":{"rendered":"https:\/\/www.conveniosocial.com.br\/blog\/nehuma\/clinica-de-psiquiatria-em-vilhena-dra-raphaela-neves\/"},"modified":"2026-03-14T21:01:04","modified_gmt":"2026-03-15T00:01:04","slug":"clinica-de-psiquiatria-em-vilhena-dra-raphaela-neves","status":"publish","type":"post","link":"https:\/\/www.conveniosocial.com.br\/blog\/psiquiatria\/clinica-de-psiquiatria-em-vilhena-dra-raphaela-neves\/","title":{"rendered":"Cl\u00ednica de Psiquiatria em Vilhena | Dra. Raphaela Neves"},"content":{"rendered":"<div id=\"ez-toc-container\" class=\"ez-toc-v2_0_82_2 counter-flat ez-toc-counter ez-toc-white ez-toc-container-direction\">\n<p class=\"ez-toc-title\" style=\"cursor:inherit\">\u00cdndice do Conte\u00fado<\/p>\n<label for=\"ez-toc-cssicon-toggle-item-69f1d4a072598\" class=\"ez-toc-cssicon-toggle-label\"><span class=\"ez-toc-cssicon\"><span class=\"eztoc-hide\" style=\"display:none;\">Toggle<\/span><span class=\"ez-toc-icon-toggle-span\"><svg style=\"fill: #999;color:#999\" xmlns=\"http:\/\/www.w3.org\/2000\/svg\" class=\"list-377408\" width=\"20px\" height=\"20px\" viewBox=\"0 0 24 24\" fill=\"none\"><path d=\"M6 6H4v2h2V6zm14 0H8v2h12V6zM4 11h2v2H4v-2zm16 0H8v2h12v-2zM4 16h2v2H4v-2zm16 0H8v2h12v-2z\" fill=\"currentColor\"><\/path><\/svg><svg style=\"fill: #999;color:#999\" class=\"arrow-unsorted-368013\" xmlns=\"http:\/\/www.w3.org\/2000\/svg\" width=\"10px\" height=\"10px\" viewBox=\"0 0 24 24\" version=\"1.2\" baseProfile=\"tiny\"><path d=\"M18.2 9.3l-6.2-6.3-6.2 6.3c-.2.2-.3.4-.3.7s.1.5.3.7c.2.2.4.3.7.3h11c.3 0 .5-.1.7-.3.2-.2.3-.5.3-.7s-.1-.5-.3-.7zM5.8 14.7l6.2 6.3 6.2-6.3c.2-.2.3-.5.3-.7s-.1-.5-.3-.7c-.2-.2-.4-.3-.7-.3h-11c-.3 0-.5.1-.7.3-.2.2-.3.5-.3.7s.1.5.3.7z\"\/><\/svg><\/span><\/span><\/label><input type=\"checkbox\"  id=\"ez-toc-cssicon-toggle-item-69f1d4a072598\" checked aria-label=\"Alternar\" \/><nav><ul class='ez-toc-list ez-toc-list-level-1 ' ><li class='ez-toc-page-1'><a class=\"ez-toc-link ez-toc-heading-1\" href=\"https:\/\/www.conveniosocial.com.br\/blog\/psiquiatria\/clinica-de-psiquiatria-em-vilhena-dra-raphaela-neves\/#Clinica_de_Psiquiatria_em_Vilhena_Dra_Raphaela_Neves\" >Cl\u00ednica de Psiquiatria em Vilhena | Dra. Raphaela Neves<\/a><\/li><li class='ez-toc-page-1'><a class=\"ez-toc-link ez-toc-heading-2\" href=\"https:\/\/www.conveniosocial.com.br\/blog\/psiquiatria\/clinica-de-psiquiatria-em-vilhena-dra-raphaela-neves\/#Perguntas_Frequentes\" >Perguntas Frequentes<\/a><\/li><li class='ez-toc-page-1'><a class=\"ez-toc-link ez-toc-heading-3\" href=\"https:\/\/www.conveniosocial.com.br\/blog\/psiquiatria\/clinica-de-psiquiatria-em-vilhena-dra-raphaela-neves\/#Contato\" >Contato<\/a><\/li><\/ul><\/nav><\/div>\n<h2><span class=\"ez-toc-section\" id=\"Clinica_de_Psiquiatria_em_Vilhena_Dra_Raphaela_Neves\"><\/span>Cl\u00ednica de Psiquiatria em Vilhena | Dra. Raphaela Neves<span class=\"ez-toc-section-end\"><\/span><\/h2>\n<p>A Cl\u00ednica da Dra. Raphaela De Souza Louzada Neves, localizada no cora\u00e7\u00e3o de Vilhena, RO, \u00e9 um espa\u00e7o dedicado \u00e0 sa\u00fade mental, oferecendo um atendimento especializado e humanizado em psiquiatria. Com um compromisso inabal\u00e1vel com o bem-estar de seus pacientes, a cl\u00ednica se destaca pelo cuidado individualizado, buscando sempre entender as necessidades de cada um. <\/p>\n<p>A Dra. Raphaela, respons\u00e1vel t\u00e9cnica da cl\u00ednica, possui vasta experi\u00eancia na \u00e1rea de psiquiatria, com CRM-PR 33664 e RQE 23264, e est\u00e1 sempre atualizada nas melhores pr\u00e1ticas e abordagens terap\u00eauticas. O foco principal da cl\u00ednica \u00e9 proporcionar um ambiente acolhedor, onde os pacientes se sintam seguros para compartilhar suas dificuldades e desafios emocionais. <\/p>\n<p>Localizada no Centro de Vilhena, a cl\u00ednica tem f\u00e1cil acesso, tornando-se uma op\u00e7\u00e3o conveniente para moradores de toda a regi\u00e3o. O espa\u00e7o foi projetado para oferecer conforto e privacidade, caracter\u00edsticas essenciais para um atendimento em sa\u00fade mental. <\/p>\n<p>Embora as informa\u00e7\u00f5es sobre conv\u00eanios e exames n\u00e3o tenham sido fornecidas, a Dra. Raphaela est\u00e1 sempre disposta a orientar seus pacientes sobre as melhores op\u00e7\u00f5es de tratamento e recursos dispon\u00edveis. O foco \u00e9 a sa\u00fade e a qualidade de vida, e a cl\u00ednica atende a todas as faixas et\u00e1rias, garantindo que cada paciente receba a aten\u00e7\u00e3o e o tratamento adequados. <\/p>\n<p>Al\u00e9m disso, a Dra. Raphaela acredita na import\u00e2ncia de um acompanhamento cont\u00ednuo e na educa\u00e7\u00e3o em sa\u00fade mental, promovendo palestras e workshops que ajudam a desmistificar quest\u00f5es relacionadas \u00e0 psicologia e psiquiatria. <\/p>\n<p>Para entrar em contato, embora o telefone e o site da cl\u00ednica n\u00e3o estejam dispon\u00edveis, a comunidade \u00e9 convidada a acompanhar as novidades e informa\u00e7\u00f5es \u00fateis atrav\u00e9s do Instagram, onde a Dra. Raphaela frequentemente compartilha dicas e orienta\u00e7\u00f5es sobre sa\u00fade mental. <\/p>\n<p>A Cl\u00ednica Dra. Raphaela De Souza Louzada Neves \u00e9 mais do que um espa\u00e7o de atendimento; \u00e9 um local onde a sa\u00fade mental \u00e9 tratada com respeito, empatia e profissionalismo. Venha nos visitar e descubra como podemos ajudar voc\u00ea a viver uma vida mais plena e saud\u00e1vel.<\/p>\n<h3><span class=\"ez-toc-section\" id=\"Perguntas_Frequentes\"><\/span>Perguntas Frequentes<span class=\"ez-toc-section-end\"><\/span><\/h3>\n<p>P: Quais s\u00e3o os servi\u00e7os oferecidos pela cl\u00ednica?<br \/>\nR: A cl\u00ednica oferece atendimento especializado em psiquiatria, focando na sa\u00fade mental dos pacientes.<\/p>\n<p>P: A Dra. Raphaela atende crian\u00e7as e adolescentes?<br \/>\nR: Sim, a Dra. Raphaela atende pacientes de todas as idades, incluindo crian\u00e7as e adolescentes.<\/p>\n<p>P: \u00c9 necess\u00e1rio agendar consultas com anteced\u00eancia?<br \/>\nR: Sim, recomendamos agendar suas consultas com anteced\u00eancia para garantir um atendimento adequado.<\/p>\n<p>P: A cl\u00ednica aceita conv\u00eanios?<br \/>\nR: Informa\u00e7\u00f5es sobre conv\u00eanios n\u00e3o foram divulgadas; entre em contato para mais detalhes.<\/p>\n<p>P: Como posso entrar em contato com a cl\u00ednica?<br \/>\nR: Embora o telefone n\u00e3o esteja dispon\u00edvel, siga a Dra. Raphaela no Instagram para atualiza\u00e7\u00f5es e dicas de sa\u00fade mental.<\/p>\n<p>P: Quais s\u00e3o os hor\u00e1rios de atendimento?<br \/>\nR: Os hor\u00e1rios de atendimento n\u00e3o foram informados; entre em contato para mais informa\u00e7\u00f5es.<\/p>\n<p>P: A cl\u00ednica oferece algum tipo de acompanhamento psicol\u00f3gico?<br \/>\nR: A cl\u00ednica foca em psiquiatria, mas a Dra. Raphaela pode orientar sobre acompanhamento psicol\u00f3gico.<\/p>\n<p>P: A Dra. Raphaela \u00e9 qualificada?<br \/>\nR: Sim, a Dra. Raphaela possui CRM-PR 33664 e RQE 23264, com experi\u00eancia na \u00e1rea.<\/p>\n<p>P: A cl\u00ednica \u00e9 acess\u00edvel?<br \/>\nR: Sim, a cl\u00ednica est\u00e1 localizada no Centro de Vilhena, com f\u00e1cil acesso para todos.<\/p>\n<p>P: Existem palestras ou workshops sobre sa\u00fade mental?<br \/>\nR: Sim, a Dra. Raphaela promove eventos educacionais sobre sa\u00fade mental periodicamente.<\/p>\n<h3><span class=\"ez-toc-section\" id=\"Contato\"><\/span>Contato<span class=\"ez-toc-section-end\"><\/span><\/h3>\n<p><strong>Tel.:  | <\/strong><br \/>\n<strong>WhatsApp: &#8211; <\/strong><\/p>\n","protected":false},"excerpt":{"rendered":"<p>Cl\u00ednica de Psiquiatria em Vilhena | Dra. Raphaela Neves A Cl\u00ednica da Dra. Raphaela De Souza Louzada Neves, localizada no cora\u00e7\u00e3o de Vilhena, RO, \u00e9 um espa\u00e7o dedicado \u00e0 sa\u00fade mental, oferecendo um atendimento especializado e humanizado em psiquiatria. Com um compromisso inabal\u00e1vel com o bem-estar de seus pacientes, a cl\u00ednica se destaca pelo cuidado [&hellip;]<\/p>\n","protected":false},"author":0,"featured_media":0,"comment_status":"open","ping_status":"open","sticky":false,"template":"","format":"standard","meta":{"_et_pb_use_builder":"o","_et_pb_old_content":"","_et_gb_content_width":"","footnotes":""},"categories":[907,901,1306],"tags":[],"class_list":["post-152674","post","type-post","status-publish","format-standard","hentry","category-atendimento-humanizado","category-psiquiatria","category-saude-mental"],"yoast_head":"<!-- This site is optimized with the Yoast SEO Premium plugin v21.3 (Yoast SEO v27.5) - https:\/\/yoast.com\/product\/yoast-seo-premium-wordpress\/ -->\n<title>Cl\u00ednica de Psiquiatria em Vilhena | Dra. Raphaela Neves - Conv\u00eanio Social<\/title>\n<meta name=\"robots\" content=\"index, follow, max-snippet:-1, max-image-preview:large, max-video-preview:-1\" \/>\n<link rel=\"canonical\" href=\"https:\/\/www.conveniosocial.com.br\/blog\/psiquiatria\/clinica-de-psiquiatria-em-vilhena-dra-raphaela-neves\/\" \/>\n<meta property=\"og:locale\" content=\"pt_BR\" \/>\n<meta property=\"og:type\" content=\"article\" \/>\n<meta property=\"og:title\" content=\"Cl\u00ednica de Psiquiatria em Vilhena | Dra. Raphaela Neves\" \/>\n<meta property=\"og:description\" content=\"Cl\u00ednica de Psiquiatria em Vilhena | Dra. Raphaela Neves A Cl\u00ednica da Dra. Raphaela De Souza Louzada Neves, localizada no cora\u00e7\u00e3o de Vilhena, RO, \u00e9 um espa\u00e7o dedicado \u00e0 sa\u00fade mental, oferecendo um atendimento especializado e humanizado em psiquiatria. Com um compromisso inabal\u00e1vel com o bem-estar de seus pacientes, a cl\u00ednica se destaca pelo cuidado [&hellip;]\" \/>\n<meta property=\"og:url\" content=\"https:\/\/www.conveniosocial.com.br\/blog\/psiquiatria\/clinica-de-psiquiatria-em-vilhena-dra-raphaela-neves\/\" \/>\n<meta property=\"og:site_name\" content=\"Conv\u00eanio Social\" \/>\n<meta property=\"article:published_time\" content=\"2026-03-15T00:01:04+00:00\" \/>\n<meta name=\"twitter:card\" content=\"summary_large_image\" \/>\n<meta name=\"twitter:label1\" content=\"Est. tempo de leitura\" \/>\n\t<meta name=\"twitter:data1\" content=\"3 minutos\" \/>\n<script type=\"application\/ld+json\" class=\"yoast-schema-graph\">{\"@context\":\"https:\\\/\\\/schema.org\",\"@graph\":[{\"@type\":\"Article\",\"@id\":\"https:\\\/\\\/www.conveniosocial.com.br\\\/blog\\\/psiquiatria\\\/clinica-de-psiquiatria-em-vilhena-dra-raphaela-neves\\\/#article\",\"isPartOf\":{\"@id\":\"https:\\\/\\\/www.conveniosocial.com.br\\\/blog\\\/psiquiatria\\\/clinica-de-psiquiatria-em-vilhena-dra-raphaela-neves\\\/\"},\"author\":{\"name\":\"\",\"@id\":\"\"},\"headline\":\"Cl\u00ednica de Psiquiatria em Vilhena | Dra. Raphaela Neves\",\"datePublished\":\"2026-03-15T00:01:04+00:00\",\"mainEntityOfPage\":{\"@id\":\"https:\\\/\\\/www.conveniosocial.com.br\\\/blog\\\/psiquiatria\\\/clinica-de-psiquiatria-em-vilhena-dra-raphaela-neves\\\/\"},\"wordCount\":632,\"commentCount\":0,\"publisher\":{\"@id\":\"https:\\\/\\\/www.conveniosocial.com.br\\\/blog\\\/#organization\"},\"articleSection\":[\"Atendimento Humanizado\",\"Psiquiatria\",\"Sa\u00fade Mental\"],\"inLanguage\":\"pt-BR\"},{\"@type\":\"WebPage\",\"@id\":\"https:\\\/\\\/www.conveniosocial.com.br\\\/blog\\\/psiquiatria\\\/clinica-de-psiquiatria-em-vilhena-dra-raphaela-neves\\\/\",\"url\":\"https:\\\/\\\/www.conveniosocial.com.br\\\/blog\\\/psiquiatria\\\/clinica-de-psiquiatria-em-vilhena-dra-raphaela-neves\\\/\",\"name\":\"Cl\u00ednica de Psiquiatria em Vilhena | Dra. Raphaela Neves - Conv\u00eanio Social\",\"isPartOf\":{\"@id\":\"https:\\\/\\\/www.conveniosocial.com.br\\\/blog\\\/#website\"},\"datePublished\":\"2026-03-15T00:01:04+00:00\",\"breadcrumb\":{\"@id\":\"https:\\\/\\\/www.conveniosocial.com.br\\\/blog\\\/psiquiatria\\\/clinica-de-psiquiatria-em-vilhena-dra-raphaela-neves\\\/#breadcrumb\"},\"inLanguage\":\"pt-BR\",\"potentialAction\":[{\"@type\":\"ReadAction\",\"target\":[\"https:\\\/\\\/www.conveniosocial.com.br\\\/blog\\\/psiquiatria\\\/clinica-de-psiquiatria-em-vilhena-dra-raphaela-neves\\\/\"]}]},{\"@type\":\"BreadcrumbList\",\"@id\":\"https:\\\/\\\/www.conveniosocial.com.br\\\/blog\\\/psiquiatria\\\/clinica-de-psiquiatria-em-vilhena-dra-raphaela-neves\\\/#breadcrumb\",\"itemListElement\":[{\"@type\":\"ListItem\",\"position\":1,\"name\":\"Home\",\"item\":\"https:\\\/\\\/www.conveniosocial.com.br\\\/blog\\\/\"},{\"@type\":\"ListItem\",\"position\":2,\"name\":\"Atendimento Humanizado\",\"item\":\"https:\\\/\\\/www.conveniosocial.com.br\\\/blog\\\/atendimento-humanizado\\\/\"},{\"@type\":\"ListItem\",\"position\":3,\"name\":\"Cl\u00ednica de Psiquiatria em Vilhena | Dra. Raphaela Neves\"}]},{\"@type\":\"WebSite\",\"@id\":\"https:\\\/\\\/www.conveniosocial.com.br\\\/blog\\\/#website\",\"url\":\"https:\\\/\\\/www.conveniosocial.com.br\\\/blog\\\/\",\"name\":\"Conv\u00eanio Social\",\"description\":\"Informa\u00e7\u00f5es de Sa\u00fade e Bem-estar, Consultas e Exames Popular\",\"publisher\":{\"@id\":\"https:\\\/\\\/www.conveniosocial.com.br\\\/blog\\\/#organization\"},\"potentialAction\":[{\"@type\":\"SearchAction\",\"target\":{\"@type\":\"EntryPoint\",\"urlTemplate\":\"https:\\\/\\\/www.conveniosocial.com.br\\\/blog\\\/?s={search_term_string}\"},\"query-input\":{\"@type\":\"PropertyValueSpecification\",\"valueRequired\":true,\"valueName\":\"search_term_string\"}}],\"inLanguage\":\"pt-BR\"},{\"@type\":\"Organization\",\"@id\":\"https:\\\/\\\/www.conveniosocial.com.br\\\/blog\\\/#organization\",\"name\":\"Conv\u00eanio Social\",\"url\":\"https:\\\/\\\/www.conveniosocial.com.br\\\/blog\\\/\",\"logo\":{\"@type\":\"ImageObject\",\"inLanguage\":\"pt-BR\",\"@id\":\"https:\\\/\\\/www.conveniosocial.com.br\\\/blog\\\/#\\\/schema\\\/logo\\\/image\\\/\",\"url\":\"https:\\\/\\\/www.conveniosocial.com.br\\\/blog\\\/wp-content\\\/uploads\\\/2021\\\/11\\\/novo_logo-convenio-socia-digital.png\",\"contentUrl\":\"https:\\\/\\\/www.conveniosocial.com.br\\\/blog\\\/wp-content\\\/uploads\\\/2021\\\/11\\\/novo_logo-convenio-socia-digital.png\",\"width\":400,\"height\":102,\"caption\":\"Conv\u00eanio Social\"},\"image\":{\"@id\":\"https:\\\/\\\/www.conveniosocial.com.br\\\/blog\\\/#\\\/schema\\\/logo\\\/image\\\/\"}}]}<\/script>\n<!-- \/ Yoast SEO Premium plugin. -->","yoast_head_json":{"title":"Cl\u00ednica de Psiquiatria em Vilhena | Dra. Raphaela Neves - Conv\u00eanio Social","robots":{"index":"index","follow":"follow","max-snippet":"max-snippet:-1","max-image-preview":"max-image-preview:large","max-video-preview":"max-video-preview:-1"},"canonical":"https:\/\/www.conveniosocial.com.br\/blog\/psiquiatria\/clinica-de-psiquiatria-em-vilhena-dra-raphaela-neves\/","og_locale":"pt_BR","og_type":"article","og_title":"Cl\u00ednica de Psiquiatria em Vilhena | Dra. Raphaela Neves","og_description":"Cl\u00ednica de Psiquiatria em Vilhena | Dra. Raphaela Neves A Cl\u00ednica da Dra. Raphaela De Souza Louzada Neves, localizada no cora\u00e7\u00e3o de Vilhena, RO, \u00e9 um espa\u00e7o dedicado \u00e0 sa\u00fade mental, oferecendo um atendimento especializado e humanizado em psiquiatria. Com um compromisso inabal\u00e1vel com o bem-estar de seus pacientes, a cl\u00ednica se destaca pelo cuidado [&hellip;]","og_url":"https:\/\/www.conveniosocial.com.br\/blog\/psiquiatria\/clinica-de-psiquiatria-em-vilhena-dra-raphaela-neves\/","og_site_name":"Conv\u00eanio Social","article_published_time":"2026-03-15T00:01:04+00:00","twitter_card":"summary_large_image","twitter_misc":{"Est. tempo de leitura":"3 minutos"},"schema":{"@context":"https:\/\/schema.org","@graph":[{"@type":"Article","@id":"https:\/\/www.conveniosocial.com.br\/blog\/psiquiatria\/clinica-de-psiquiatria-em-vilhena-dra-raphaela-neves\/#article","isPartOf":{"@id":"https:\/\/www.conveniosocial.com.br\/blog\/psiquiatria\/clinica-de-psiquiatria-em-vilhena-dra-raphaela-neves\/"},"author":{"name":"","@id":""},"headline":"Cl\u00ednica de Psiquiatria em Vilhena | Dra. Raphaela Neves","datePublished":"2026-03-15T00:01:04+00:00","mainEntityOfPage":{"@id":"https:\/\/www.conveniosocial.com.br\/blog\/psiquiatria\/clinica-de-psiquiatria-em-vilhena-dra-raphaela-neves\/"},"wordCount":632,"commentCount":0,"publisher":{"@id":"https:\/\/www.conveniosocial.com.br\/blog\/#organization"},"articleSection":["Atendimento Humanizado","Psiquiatria","Sa\u00fade Mental"],"inLanguage":"pt-BR"},{"@type":"WebPage","@id":"https:\/\/www.conveniosocial.com.br\/blog\/psiquiatria\/clinica-de-psiquiatria-em-vilhena-dra-raphaela-neves\/","url":"https:\/\/www.conveniosocial.com.br\/blog\/psiquiatria\/clinica-de-psiquiatria-em-vilhena-dra-raphaela-neves\/","name":"Cl\u00ednica de Psiquiatria em Vilhena | Dra. Raphaela Neves - Conv\u00eanio Social","isPartOf":{"@id":"https:\/\/www.conveniosocial.com.br\/blog\/#website"},"datePublished":"2026-03-15T00:01:04+00:00","breadcrumb":{"@id":"https:\/\/www.conveniosocial.com.br\/blog\/psiquiatria\/clinica-de-psiquiatria-em-vilhena-dra-raphaela-neves\/#breadcrumb"},"inLanguage":"pt-BR","potentialAction":[{"@type":"ReadAction","target":["https:\/\/www.conveniosocial.com.br\/blog\/psiquiatria\/clinica-de-psiquiatria-em-vilhena-dra-raphaela-neves\/"]}]},{"@type":"BreadcrumbList","@id":"https:\/\/www.conveniosocial.com.br\/blog\/psiquiatria\/clinica-de-psiquiatria-em-vilhena-dra-raphaela-neves\/#breadcrumb","itemListElement":[{"@type":"ListItem","position":1,"name":"Home","item":"https:\/\/www.conveniosocial.com.br\/blog\/"},{"@type":"ListItem","position":2,"name":"Atendimento Humanizado","item":"https:\/\/www.conveniosocial.com.br\/blog\/atendimento-humanizado\/"},{"@type":"ListItem","position":3,"name":"Cl\u00ednica de Psiquiatria em Vilhena | Dra. Raphaela Neves"}]},{"@type":"WebSite","@id":"https:\/\/www.conveniosocial.com.br\/blog\/#website","url":"https:\/\/www.conveniosocial.com.br\/blog\/","name":"Conv\u00eanio Social","description":"Informa\u00e7\u00f5es de Sa\u00fade e Bem-estar, Consultas e Exames Popular","publisher":{"@id":"https:\/\/www.conveniosocial.com.br\/blog\/#organization"},"potentialAction":[{"@type":"SearchAction","target":{"@type":"EntryPoint","urlTemplate":"https:\/\/www.conveniosocial.com.br\/blog\/?s={search_term_string}"},"query-input":{"@type":"PropertyValueSpecification","valueRequired":true,"valueName":"search_term_string"}}],"inLanguage":"pt-BR"},{"@type":"Organization","@id":"https:\/\/www.conveniosocial.com.br\/blog\/#organization","name":"Conv\u00eanio Social","url":"https:\/\/www.conveniosocial.com.br\/blog\/","logo":{"@type":"ImageObject","inLanguage":"pt-BR","@id":"https:\/\/www.conveniosocial.com.br\/blog\/#\/schema\/logo\/image\/","url":"https:\/\/www.conveniosocial.com.br\/blog\/wp-content\/uploads\/2021\/11\/novo_logo-convenio-socia-digital.png","contentUrl":"https:\/\/www.conveniosocial.com.br\/blog\/wp-content\/uploads\/2021\/11\/novo_logo-convenio-socia-digital.png","width":400,"height":102,"caption":"Conv\u00eanio Social"},"image":{"@id":"https:\/\/www.conveniosocial.com.br\/blog\/#\/schema\/logo\/image\/"}}]}},"_links":{"self":[{"href":"https:\/\/www.conveniosocial.com.br\/blog\/wp-json\/wp\/v2\/posts\/152674","targetHints":{"allow":["GET"]}}],"collection":[{"href":"https:\/\/www.conveniosocial.com.br\/blog\/wp-json\/wp\/v2\/posts"}],"about":[{"href":"https:\/\/www.conveniosocial.com.br\/blog\/wp-json\/wp\/v2\/types\/post"}],"replies":[{"embeddable":true,"href":"https:\/\/www.conveniosocial.com.br\/blog\/wp-json\/wp\/v2\/comments?post=152674"}],"version-history":[{"count":0,"href":"https:\/\/www.conveniosocial.com.br\/blog\/wp-json\/wp\/v2\/posts\/152674\/revisions"}],"wp:attachment":[{"href":"https:\/\/www.conveniosocial.com.br\/blog\/wp-json\/wp\/v2\/media?parent=152674"}],"wp:term":[{"taxonomy":"category","embeddable":true,"href":"https:\/\/www.conveniosocial.com.br\/blog\/wp-json\/wp\/v2\/categories?post=152674"},{"taxonomy":"post_tag","embeddable":true,"href":"https:\/\/www.conveniosocial.com.br\/blog\/wp-json\/wp\/v2\/tags?post=152674"}],"curies":[{"name":"wp","href":"https:\/\/api.w.org\/{rel}","templated":true}]}}