{"id":152681,"date":"2026-03-14T21:01:05","date_gmt":"2026-03-15T00:01:05","guid":{"rendered":"https:\/\/www.conveniosocial.com.br\/blog\/nehuma\/cuide-da-sua-saude-mental-com-dra-raphaela-neves\/"},"modified":"2026-03-14T21:01:05","modified_gmt":"2026-03-15T00:01:05","slug":"cuide-da-sua-saude-mental-com-dra-raphaela-neves","status":"publish","type":"post","link":"https:\/\/www.conveniosocial.com.br\/blog\/psiquiatria\/cuide-da-sua-saude-mental-com-dra-raphaela-neves\/","title":{"rendered":"Cuide da Sua Sa\u00fade Mental com Dra. Raphaela Neves"},"content":{"rendered":"<div id=\"ez-toc-container\" class=\"ez-toc-v2_0_82_2 counter-flat ez-toc-counter ez-toc-white ez-toc-container-direction\">\n<p class=\"ez-toc-title\" style=\"cursor:inherit\">\u00cdndice do Conte\u00fado<\/p>\n<label for=\"ez-toc-cssicon-toggle-item-69f20541c3406\" class=\"ez-toc-cssicon-toggle-label\"><span class=\"ez-toc-cssicon\"><span class=\"eztoc-hide\" style=\"display:none;\">Toggle<\/span><span class=\"ez-toc-icon-toggle-span\"><svg style=\"fill: #999;color:#999\" xmlns=\"http:\/\/www.w3.org\/2000\/svg\" class=\"list-377408\" width=\"20px\" height=\"20px\" viewBox=\"0 0 24 24\" fill=\"none\"><path d=\"M6 6H4v2h2V6zm14 0H8v2h12V6zM4 11h2v2H4v-2zm16 0H8v2h12v-2zM4 16h2v2H4v-2zm16 0H8v2h12v-2z\" fill=\"currentColor\"><\/path><\/svg><svg style=\"fill: #999;color:#999\" class=\"arrow-unsorted-368013\" xmlns=\"http:\/\/www.w3.org\/2000\/svg\" width=\"10px\" height=\"10px\" viewBox=\"0 0 24 24\" version=\"1.2\" baseProfile=\"tiny\"><path d=\"M18.2 9.3l-6.2-6.3-6.2 6.3c-.2.2-.3.4-.3.7s.1.5.3.7c.2.2.4.3.7.3h11c.3 0 .5-.1.7-.3.2-.2.3-.5.3-.7s-.1-.5-.3-.7zM5.8 14.7l6.2 6.3 6.2-6.3c.2-.2.3-.5.3-.7s-.1-.5-.3-.7c-.2-.2-.4-.3-.7-.3h-11c-.3 0-.5.1-.7.3-.2.2-.3.5-.3.7s.1.5.3.7z\"\/><\/svg><\/span><\/span><\/label><input type=\"checkbox\"  id=\"ez-toc-cssicon-toggle-item-69f20541c3406\" checked aria-label=\"Alternar\" \/><nav><ul class='ez-toc-list ez-toc-list-level-1 ' ><li class='ez-toc-page-1'><a class=\"ez-toc-link ez-toc-heading-1\" href=\"https:\/\/www.conveniosocial.com.br\/blog\/psiquiatria\/cuide-da-sua-saude-mental-com-dra-raphaela-neves\/#Cuide_da_Sua_Saude_Mental_com_Dra_Raphaela_Neves\" >Cuide da Sua Sa\u00fade Mental com Dra. Raphaela Neves<\/a><\/li><li class='ez-toc-page-1'><a class=\"ez-toc-link ez-toc-heading-2\" href=\"https:\/\/www.conveniosocial.com.br\/blog\/psiquiatria\/cuide-da-sua-saude-mental-com-dra-raphaela-neves\/#Perguntas_Frequentes\" >Perguntas Frequentes<\/a><\/li><li class='ez-toc-page-1'><a class=\"ez-toc-link ez-toc-heading-3\" href=\"https:\/\/www.conveniosocial.com.br\/blog\/psiquiatria\/cuide-da-sua-saude-mental-com-dra-raphaela-neves\/#Contato\" >Contato<\/a><\/li><\/ul><\/nav><\/div>\n<h2><span class=\"ez-toc-section\" id=\"Cuide_da_Sua_Saude_Mental_com_Dra_Raphaela_Neves\"><\/span>Cuide da Sua Sa\u00fade Mental com Dra. Raphaela Neves<span class=\"ez-toc-section-end\"><\/span><\/h2>\n<p>A Cl\u00ednica da Dra. Raphaela De Souza Louzada Neves, localizada no cora\u00e7\u00e3o de Vilhena, RO, \u00e9 um espa\u00e7o dedicado ao cuidado e \u00e0 promo\u00e7\u00e3o da sa\u00fade mental. Com uma abordagem humanizada e acolhedora, a Dra. Raphaela, uma psiquiatra renomada com CRM 33664-PR e RQE 23264, oferece um atendimento de qualidade, focado no bem-estar e na recupera\u00e7\u00e3o de seus pacientes.  <\/p>\n<p>A cl\u00ednica est\u00e1 situada no Centro de Vilhena, facilitando o acesso para todos os moradores da regi\u00e3o e das cidades vizinhas. A localiza\u00e7\u00e3o estrat\u00e9gica permite que os pacientes possam chegar facilmente, seja a p\u00e9, de carro ou transporte p\u00fablico. A Dra. Raphaela entende que a sa\u00fade mental \u00e9 fundamental para a qualidade de vida, e por isso, se empenha em criar um ambiente seguro e confort\u00e1vel, onde cada paciente se sinta \u00e0 vontade para compartilhar suas preocupa\u00e7\u00f5es.  <\/p>\n<p>Na cl\u00ednica, a Dra. Raphaela se especializa no diagn\u00f3stico e tratamento de diversas condi\u00e7\u00f5es psiqui\u00e1tricas, incluindo ansiedade, depress\u00e3o, transtornos de humor e outros dist\u00farbios emocionais. Seu compromisso \u00e9 oferecer um tratamento individualizado, utilizando abordagens contempor\u00e2neas e eficazes. <\/p>\n<p>Embora ainda n\u00e3o estejam dispon\u00edveis informa\u00e7\u00f5es sobre exames ou conv\u00eanios, a Dra. Raphaela \u00e9 conhecida por estabelecer um v\u00ednculo de confian\u00e7a com seus pacientes, garantindo um acompanhamento cont\u00ednuo e personalizado. Esse relacionamento \u00e9 fundamental para o sucesso do tratamento, pois permite uma compreens\u00e3o mais profunda das necessidades e desafios de cada paciente. <\/p>\n<p>Al\u00e9m do atendimento presencial, a Dra. Raphaela considera a import\u00e2ncia da comunica\u00e7\u00e3o e est\u00e1 aberta a sugest\u00f5es sobre como melhorar a experi\u00eancia de seus pacientes. Para agendar uma consulta ou obter mais informa\u00e7\u00f5es, os interessados podem entrar em contato diretamente com a cl\u00ednica. Por enquanto, o n\u00famero de telefone, o site e o Instagram da cl\u00ednica ainda est\u00e3o em fase de cria\u00e7\u00e3o, mas a Dra. Raphaela est\u00e1 comprometida em facilitar a comunica\u00e7\u00e3o e o acesso \u00e0 informa\u00e7\u00e3o.  <\/p>\n<p>A sa\u00fade mental \u00e9 um tema cada vez mais relevante na sociedade atual, e a Dra. Raphaela De Souza Louzada Neves est\u00e1 pronta para ajudar voc\u00ea a cuidar do seu bem-estar emocional. N\u00e3o hesite em buscar ajuda e agendar uma consulta. Sua sa\u00fade mental merece aten\u00e7\u00e3o e cuidado.<\/p>\n<h3><span class=\"ez-toc-section\" id=\"Perguntas_Frequentes\"><\/span>Perguntas Frequentes<span class=\"ez-toc-section-end\"><\/span><\/h3>\n<p>P: Quais s\u00e3o as especialidades atendidas pela cl\u00ednica?<br \/>\nR: A cl\u00ednica \u00e9 especializada em psiquiatria, focando na sa\u00fade mental.<\/p>\n<p>P: Onde a cl\u00ednica est\u00e1 localizada?<br \/>\nR: A cl\u00ednica est\u00e1 localizada no Centro de Vilhena, RO.<\/p>\n<p>P: Como posso agendar uma consulta?<br \/>\nR: Para agendar uma consulta, entre em contato diretamente com a cl\u00ednica pelo telefone que ser\u00e1 disponibilizado em breve.<\/p>\n<p>P: Quais condi\u00e7\u00f5es psiqui\u00e1tricas s\u00e3o tratadas?<br \/>\nR: Tratamos condi\u00e7\u00f5es como ansiedade, depress\u00e3o e transtornos de humor, entre outros.<\/p>\n<p>P: A cl\u00ednica aceita conv\u00eanios?<br \/>\nR: Informa\u00e7\u00f5es sobre conv\u00eanios ainda n\u00e3o est\u00e3o dispon\u00edveis, mas entre em contato para mais detalhes.<\/p>\n<p>P: Qual \u00e9 o hor\u00e1rio de funcionamento da cl\u00ednica?<br \/>\nR: O hor\u00e1rio de funcionamento ainda n\u00e3o foi informado. Em breve, ser\u00e1 disponibilizado.<\/p>\n<p>P: Existe algum exame necess\u00e1rio para o tratamento?<br \/>\nR: Atualmente, n\u00e3o foram informados exames espec\u00edficos; o foco \u00e9 na avalia\u00e7\u00e3o cl\u00ednica.<\/p>\n<p>P: A Dra. Raphaela \u00e9 qualificada?<br \/>\nR: Sim, a Dra. Raphaela possui CRM 33664-PR e RQE 23264, e \u00e9 uma profissional reconhecida na \u00e1rea.<\/p>\n<p>P: A cl\u00ednica oferece atendimento online?<br \/>\nR: Informa\u00e7\u00f5es sobre atendimento online ser\u00e3o divulgadas em breve.<\/p>\n<p>P: Como posso acompanhar as novidades da cl\u00ednica?<br \/>\nR: Acompanhe as redes sociais da cl\u00ednica, que ser\u00e3o criadas em breve, para novidades e dicas sobre sa\u00fade mental.<\/p>\n<h3><span class=\"ez-toc-section\" id=\"Contato\"><\/span>Contato<span class=\"ez-toc-section-end\"><\/span><\/h3>\n<p><strong>Tel.:  | <\/strong><br \/>\n<strong>WhatsApp: &#8211; <\/strong><\/p>\n","protected":false},"excerpt":{"rendered":"<p>Cuide da Sua Sa\u00fade Mental com Dra. Raphaela Neves A Cl\u00ednica da Dra. Raphaela De Souza Louzada Neves, localizada no cora\u00e7\u00e3o de Vilhena, RO, \u00e9 um espa\u00e7o dedicado ao cuidado e \u00e0 promo\u00e7\u00e3o da sa\u00fade mental. Com uma abordagem humanizada e acolhedora, a Dra. Raphaela, uma psiquiatra renomada com CRM 33664-PR e RQE 23264, oferece [&hellip;]<\/p>\n","protected":false},"author":0,"featured_media":0,"comment_status":"open","ping_status":"open","sticky":false,"template":"","format":"standard","meta":{"_et_pb_use_builder":"o","_et_pb_old_content":"","_et_gb_content_width":"","footnotes":""},"categories":[1333,901,1306],"tags":[],"class_list":["post-152681","post","type-post","status-publish","format-standard","hentry","category-clinica-medica","category-psiquiatria","category-saude-mental"],"yoast_head":"<!-- This site is optimized with the Yoast SEO Premium plugin v21.3 (Yoast SEO v27.5) - https:\/\/yoast.com\/product\/yoast-seo-premium-wordpress\/ -->\n<title>Cuide da Sua Sa\u00fade Mental com Dra. Raphaela Neves - Conv\u00eanio Social<\/title>\n<meta name=\"robots\" content=\"index, follow, max-snippet:-1, max-image-preview:large, max-video-preview:-1\" \/>\n<link rel=\"canonical\" href=\"https:\/\/www.conveniosocial.com.br\/blog\/psiquiatria\/cuide-da-sua-saude-mental-com-dra-raphaela-neves\/\" \/>\n<meta property=\"og:locale\" content=\"pt_BR\" \/>\n<meta property=\"og:type\" content=\"article\" \/>\n<meta property=\"og:title\" content=\"Cuide da Sua Sa\u00fade Mental com Dra. Raphaela Neves\" \/>\n<meta property=\"og:description\" content=\"Cuide da Sua Sa\u00fade Mental com Dra. Raphaela Neves A Cl\u00ednica da Dra. Raphaela De Souza Louzada Neves, localizada no cora\u00e7\u00e3o de Vilhena, RO, \u00e9 um espa\u00e7o dedicado ao cuidado e \u00e0 promo\u00e7\u00e3o da sa\u00fade mental. Com uma abordagem humanizada e acolhedora, a Dra. Raphaela, uma psiquiatra renomada com CRM 33664-PR e RQE 23264, oferece [&hellip;]\" \/>\n<meta property=\"og:url\" content=\"https:\/\/www.conveniosocial.com.br\/blog\/psiquiatria\/cuide-da-sua-saude-mental-com-dra-raphaela-neves\/\" \/>\n<meta property=\"og:site_name\" content=\"Conv\u00eanio Social\" \/>\n<meta property=\"article:published_time\" content=\"2026-03-15T00:01:05+00:00\" \/>\n<meta name=\"twitter:card\" content=\"summary_large_image\" \/>\n<meta name=\"twitter:label1\" content=\"Est. tempo de leitura\" \/>\n\t<meta name=\"twitter:data1\" content=\"3 minutos\" \/>\n<script type=\"application\/ld+json\" class=\"yoast-schema-graph\">{\"@context\":\"https:\\\/\\\/schema.org\",\"@graph\":[{\"@type\":\"Article\",\"@id\":\"https:\\\/\\\/www.conveniosocial.com.br\\\/blog\\\/psiquiatria\\\/cuide-da-sua-saude-mental-com-dra-raphaela-neves\\\/#article\",\"isPartOf\":{\"@id\":\"https:\\\/\\\/www.conveniosocial.com.br\\\/blog\\\/psiquiatria\\\/cuide-da-sua-saude-mental-com-dra-raphaela-neves\\\/\"},\"author\":{\"name\":\"\",\"@id\":\"\"},\"headline\":\"Cuide da Sua Sa\u00fade Mental com Dra. Raphaela Neves\",\"datePublished\":\"2026-03-15T00:01:05+00:00\",\"mainEntityOfPage\":{\"@id\":\"https:\\\/\\\/www.conveniosocial.com.br\\\/blog\\\/psiquiatria\\\/cuide-da-sua-saude-mental-com-dra-raphaela-neves\\\/\"},\"wordCount\":647,\"commentCount\":0,\"publisher\":{\"@id\":\"https:\\\/\\\/www.conveniosocial.com.br\\\/blog\\\/#organization\"},\"articleSection\":[\"Cl\u00ednica M\u00e9dica\",\"Psiquiatria\",\"Sa\u00fade Mental\"],\"inLanguage\":\"pt-BR\"},{\"@type\":\"WebPage\",\"@id\":\"https:\\\/\\\/www.conveniosocial.com.br\\\/blog\\\/psiquiatria\\\/cuide-da-sua-saude-mental-com-dra-raphaela-neves\\\/\",\"url\":\"https:\\\/\\\/www.conveniosocial.com.br\\\/blog\\\/psiquiatria\\\/cuide-da-sua-saude-mental-com-dra-raphaela-neves\\\/\",\"name\":\"Cuide da Sua Sa\u00fade Mental com Dra. Raphaela Neves - Conv\u00eanio Social\",\"isPartOf\":{\"@id\":\"https:\\\/\\\/www.conveniosocial.com.br\\\/blog\\\/#website\"},\"datePublished\":\"2026-03-15T00:01:05+00:00\",\"breadcrumb\":{\"@id\":\"https:\\\/\\\/www.conveniosocial.com.br\\\/blog\\\/psiquiatria\\\/cuide-da-sua-saude-mental-com-dra-raphaela-neves\\\/#breadcrumb\"},\"inLanguage\":\"pt-BR\",\"potentialAction\":[{\"@type\":\"ReadAction\",\"target\":[\"https:\\\/\\\/www.conveniosocial.com.br\\\/blog\\\/psiquiatria\\\/cuide-da-sua-saude-mental-com-dra-raphaela-neves\\\/\"]}]},{\"@type\":\"BreadcrumbList\",\"@id\":\"https:\\\/\\\/www.conveniosocial.com.br\\\/blog\\\/psiquiatria\\\/cuide-da-sua-saude-mental-com-dra-raphaela-neves\\\/#breadcrumb\",\"itemListElement\":[{\"@type\":\"ListItem\",\"position\":1,\"name\":\"Home\",\"item\":\"https:\\\/\\\/www.conveniosocial.com.br\\\/blog\\\/\"},{\"@type\":\"ListItem\",\"position\":2,\"name\":\"Cl\u00ednica M\u00e9dica\",\"item\":\"https:\\\/\\\/www.conveniosocial.com.br\\\/blog\\\/clinica-medica\\\/\"},{\"@type\":\"ListItem\",\"position\":3,\"name\":\"Cuide da Sua Sa\u00fade Mental com Dra. Raphaela Neves\"}]},{\"@type\":\"WebSite\",\"@id\":\"https:\\\/\\\/www.conveniosocial.com.br\\\/blog\\\/#website\",\"url\":\"https:\\\/\\\/www.conveniosocial.com.br\\\/blog\\\/\",\"name\":\"Conv\u00eanio Social\",\"description\":\"Informa\u00e7\u00f5es de Sa\u00fade e Bem-estar, Consultas e Exames Popular\",\"publisher\":{\"@id\":\"https:\\\/\\\/www.conveniosocial.com.br\\\/blog\\\/#organization\"},\"potentialAction\":[{\"@type\":\"SearchAction\",\"target\":{\"@type\":\"EntryPoint\",\"urlTemplate\":\"https:\\\/\\\/www.conveniosocial.com.br\\\/blog\\\/?s={search_term_string}\"},\"query-input\":{\"@type\":\"PropertyValueSpecification\",\"valueRequired\":true,\"valueName\":\"search_term_string\"}}],\"inLanguage\":\"pt-BR\"},{\"@type\":\"Organization\",\"@id\":\"https:\\\/\\\/www.conveniosocial.com.br\\\/blog\\\/#organization\",\"name\":\"Conv\u00eanio Social\",\"url\":\"https:\\\/\\\/www.conveniosocial.com.br\\\/blog\\\/\",\"logo\":{\"@type\":\"ImageObject\",\"inLanguage\":\"pt-BR\",\"@id\":\"https:\\\/\\\/www.conveniosocial.com.br\\\/blog\\\/#\\\/schema\\\/logo\\\/image\\\/\",\"url\":\"https:\\\/\\\/www.conveniosocial.com.br\\\/blog\\\/wp-content\\\/uploads\\\/2021\\\/11\\\/novo_logo-convenio-socia-digital.png\",\"contentUrl\":\"https:\\\/\\\/www.conveniosocial.com.br\\\/blog\\\/wp-content\\\/uploads\\\/2021\\\/11\\\/novo_logo-convenio-socia-digital.png\",\"width\":400,\"height\":102,\"caption\":\"Conv\u00eanio Social\"},\"image\":{\"@id\":\"https:\\\/\\\/www.conveniosocial.com.br\\\/blog\\\/#\\\/schema\\\/logo\\\/image\\\/\"}}]}<\/script>\n<!-- \/ Yoast SEO Premium plugin. -->","yoast_head_json":{"title":"Cuide da Sua Sa\u00fade Mental com Dra. Raphaela Neves - Conv\u00eanio Social","robots":{"index":"index","follow":"follow","max-snippet":"max-snippet:-1","max-image-preview":"max-image-preview:large","max-video-preview":"max-video-preview:-1"},"canonical":"https:\/\/www.conveniosocial.com.br\/blog\/psiquiatria\/cuide-da-sua-saude-mental-com-dra-raphaela-neves\/","og_locale":"pt_BR","og_type":"article","og_title":"Cuide da Sua Sa\u00fade Mental com Dra. Raphaela Neves","og_description":"Cuide da Sua Sa\u00fade Mental com Dra. Raphaela Neves A Cl\u00ednica da Dra. Raphaela De Souza Louzada Neves, localizada no cora\u00e7\u00e3o de Vilhena, RO, \u00e9 um espa\u00e7o dedicado ao cuidado e \u00e0 promo\u00e7\u00e3o da sa\u00fade mental. Com uma abordagem humanizada e acolhedora, a Dra. Raphaela, uma psiquiatra renomada com CRM 33664-PR e RQE 23264, oferece [&hellip;]","og_url":"https:\/\/www.conveniosocial.com.br\/blog\/psiquiatria\/cuide-da-sua-saude-mental-com-dra-raphaela-neves\/","og_site_name":"Conv\u00eanio Social","article_published_time":"2026-03-15T00:01:05+00:00","twitter_card":"summary_large_image","twitter_misc":{"Est. tempo de leitura":"3 minutos"},"schema":{"@context":"https:\/\/schema.org","@graph":[{"@type":"Article","@id":"https:\/\/www.conveniosocial.com.br\/blog\/psiquiatria\/cuide-da-sua-saude-mental-com-dra-raphaela-neves\/#article","isPartOf":{"@id":"https:\/\/www.conveniosocial.com.br\/blog\/psiquiatria\/cuide-da-sua-saude-mental-com-dra-raphaela-neves\/"},"author":{"name":"","@id":""},"headline":"Cuide da Sua Sa\u00fade Mental com Dra. Raphaela Neves","datePublished":"2026-03-15T00:01:05+00:00","mainEntityOfPage":{"@id":"https:\/\/www.conveniosocial.com.br\/blog\/psiquiatria\/cuide-da-sua-saude-mental-com-dra-raphaela-neves\/"},"wordCount":647,"commentCount":0,"publisher":{"@id":"https:\/\/www.conveniosocial.com.br\/blog\/#organization"},"articleSection":["Cl\u00ednica M\u00e9dica","Psiquiatria","Sa\u00fade Mental"],"inLanguage":"pt-BR"},{"@type":"WebPage","@id":"https:\/\/www.conveniosocial.com.br\/blog\/psiquiatria\/cuide-da-sua-saude-mental-com-dra-raphaela-neves\/","url":"https:\/\/www.conveniosocial.com.br\/blog\/psiquiatria\/cuide-da-sua-saude-mental-com-dra-raphaela-neves\/","name":"Cuide da Sua Sa\u00fade Mental com Dra. Raphaela Neves - Conv\u00eanio Social","isPartOf":{"@id":"https:\/\/www.conveniosocial.com.br\/blog\/#website"},"datePublished":"2026-03-15T00:01:05+00:00","breadcrumb":{"@id":"https:\/\/www.conveniosocial.com.br\/blog\/psiquiatria\/cuide-da-sua-saude-mental-com-dra-raphaela-neves\/#breadcrumb"},"inLanguage":"pt-BR","potentialAction":[{"@type":"ReadAction","target":["https:\/\/www.conveniosocial.com.br\/blog\/psiquiatria\/cuide-da-sua-saude-mental-com-dra-raphaela-neves\/"]}]},{"@type":"BreadcrumbList","@id":"https:\/\/www.conveniosocial.com.br\/blog\/psiquiatria\/cuide-da-sua-saude-mental-com-dra-raphaela-neves\/#breadcrumb","itemListElement":[{"@type":"ListItem","position":1,"name":"Home","item":"https:\/\/www.conveniosocial.com.br\/blog\/"},{"@type":"ListItem","position":2,"name":"Cl\u00ednica M\u00e9dica","item":"https:\/\/www.conveniosocial.com.br\/blog\/clinica-medica\/"},{"@type":"ListItem","position":3,"name":"Cuide da Sua Sa\u00fade Mental com Dra. Raphaela Neves"}]},{"@type":"WebSite","@id":"https:\/\/www.conveniosocial.com.br\/blog\/#website","url":"https:\/\/www.conveniosocial.com.br\/blog\/","name":"Conv\u00eanio Social","description":"Informa\u00e7\u00f5es de Sa\u00fade e Bem-estar, Consultas e Exames Popular","publisher":{"@id":"https:\/\/www.conveniosocial.com.br\/blog\/#organization"},"potentialAction":[{"@type":"SearchAction","target":{"@type":"EntryPoint","urlTemplate":"https:\/\/www.conveniosocial.com.br\/blog\/?s={search_term_string}"},"query-input":{"@type":"PropertyValueSpecification","valueRequired":true,"valueName":"search_term_string"}}],"inLanguage":"pt-BR"},{"@type":"Organization","@id":"https:\/\/www.conveniosocial.com.br\/blog\/#organization","name":"Conv\u00eanio Social","url":"https:\/\/www.conveniosocial.com.br\/blog\/","logo":{"@type":"ImageObject","inLanguage":"pt-BR","@id":"https:\/\/www.conveniosocial.com.br\/blog\/#\/schema\/logo\/image\/","url":"https:\/\/www.conveniosocial.com.br\/blog\/wp-content\/uploads\/2021\/11\/novo_logo-convenio-socia-digital.png","contentUrl":"https:\/\/www.conveniosocial.com.br\/blog\/wp-content\/uploads\/2021\/11\/novo_logo-convenio-socia-digital.png","width":400,"height":102,"caption":"Conv\u00eanio Social"},"image":{"@id":"https:\/\/www.conveniosocial.com.br\/blog\/#\/schema\/logo\/image\/"}}]}},"_links":{"self":[{"href":"https:\/\/www.conveniosocial.com.br\/blog\/wp-json\/wp\/v2\/posts\/152681","targetHints":{"allow":["GET"]}}],"collection":[{"href":"https:\/\/www.conveniosocial.com.br\/blog\/wp-json\/wp\/v2\/posts"}],"about":[{"href":"https:\/\/www.conveniosocial.com.br\/blog\/wp-json\/wp\/v2\/types\/post"}],"replies":[{"embeddable":true,"href":"https:\/\/www.conveniosocial.com.br\/blog\/wp-json\/wp\/v2\/comments?post=152681"}],"version-history":[{"count":0,"href":"https:\/\/www.conveniosocial.com.br\/blog\/wp-json\/wp\/v2\/posts\/152681\/revisions"}],"wp:attachment":[{"href":"https:\/\/www.conveniosocial.com.br\/blog\/wp-json\/wp\/v2\/media?parent=152681"}],"wp:term":[{"taxonomy":"category","embeddable":true,"href":"https:\/\/www.conveniosocial.com.br\/blog\/wp-json\/wp\/v2\/categories?post=152681"},{"taxonomy":"post_tag","embeddable":true,"href":"https:\/\/www.conveniosocial.com.br\/blog\/wp-json\/wp\/v2\/tags?post=152681"}],"curies":[{"name":"wp","href":"https:\/\/api.w.org\/{rel}","templated":true}]}}