{"id":152683,"date":"2026-03-14T21:01:05","date_gmt":"2026-03-15T00:01:05","guid":{"rendered":"https:\/\/www.conveniosocial.com.br\/blog\/nehuma\/dra-luciana-ribeiro-ratto-psiquiatra-em-vilhena\/"},"modified":"2026-03-14T21:01:05","modified_gmt":"2026-03-15T00:01:05","slug":"dra-luciana-ribeiro-ratto-psiquiatra-em-vilhena","status":"publish","type":"post","link":"https:\/\/www.conveniosocial.com.br\/blog\/psiquiatria\/dra-luciana-ribeiro-ratto-psiquiatra-em-vilhena\/","title":{"rendered":"Dra. Luciana Ribeiro Ratto: Psiquiatra em Vilhena"},"content":{"rendered":"<div id=\"ez-toc-container\" class=\"ez-toc-v2_0_82_2 counter-flat ez-toc-counter ez-toc-white ez-toc-container-direction\">\n<p class=\"ez-toc-title\" style=\"cursor:inherit\">\u00cdndice do Conte\u00fado<\/p>\n<label for=\"ez-toc-cssicon-toggle-item-69f20541ef815\" class=\"ez-toc-cssicon-toggle-label\"><span class=\"ez-toc-cssicon\"><span class=\"eztoc-hide\" style=\"display:none;\">Toggle<\/span><span class=\"ez-toc-icon-toggle-span\"><svg style=\"fill: #999;color:#999\" xmlns=\"http:\/\/www.w3.org\/2000\/svg\" class=\"list-377408\" width=\"20px\" height=\"20px\" viewBox=\"0 0 24 24\" fill=\"none\"><path d=\"M6 6H4v2h2V6zm14 0H8v2h12V6zM4 11h2v2H4v-2zm16 0H8v2h12v-2zM4 16h2v2H4v-2zm16 0H8v2h12v-2z\" fill=\"currentColor\"><\/path><\/svg><svg style=\"fill: #999;color:#999\" class=\"arrow-unsorted-368013\" xmlns=\"http:\/\/www.w3.org\/2000\/svg\" width=\"10px\" height=\"10px\" viewBox=\"0 0 24 24\" version=\"1.2\" baseProfile=\"tiny\"><path d=\"M18.2 9.3l-6.2-6.3-6.2 6.3c-.2.2-.3.4-.3.7s.1.5.3.7c.2.2.4.3.7.3h11c.3 0 .5-.1.7-.3.2-.2.3-.5.3-.7s-.1-.5-.3-.7zM5.8 14.7l6.2 6.3 6.2-6.3c.2-.2.3-.5.3-.7s-.1-.5-.3-.7c-.2-.2-.4-.3-.7-.3h-11c-.3 0-.5.1-.7.3-.2.2-.3.5-.3.7s.1.5.3.7z\"\/><\/svg><\/span><\/span><\/label><input type=\"checkbox\"  id=\"ez-toc-cssicon-toggle-item-69f20541ef815\" checked aria-label=\"Alternar\" \/><nav><ul class='ez-toc-list ez-toc-list-level-1 ' ><li class='ez-toc-page-1'><a class=\"ez-toc-link ez-toc-heading-1\" href=\"https:\/\/www.conveniosocial.com.br\/blog\/psiquiatria\/dra-luciana-ribeiro-ratto-psiquiatra-em-vilhena\/#Dra_Luciana_Ribeiro_Ratto_Psiquiatra_em_Vilhena\" >Dra. Luciana Ribeiro Ratto: Psiquiatra em Vilhena<\/a><\/li><li class='ez-toc-page-1'><a class=\"ez-toc-link ez-toc-heading-2\" href=\"https:\/\/www.conveniosocial.com.br\/blog\/psiquiatria\/dra-luciana-ribeiro-ratto-psiquiatra-em-vilhena\/#Perguntas_Frequentes\" >Perguntas Frequentes<\/a><\/li><li class='ez-toc-page-1'><a class=\"ez-toc-link ez-toc-heading-3\" href=\"https:\/\/www.conveniosocial.com.br\/blog\/psiquiatria\/dra-luciana-ribeiro-ratto-psiquiatra-em-vilhena\/#Contato\" >Contato<\/a><\/li><\/ul><\/nav><\/div>\n<h2><span class=\"ez-toc-section\" id=\"Dra_Luciana_Ribeiro_Ratto_Psiquiatra_em_Vilhena\"><\/span>Dra. Luciana Ribeiro Ratto: Psiquiatra em Vilhena<span class=\"ez-toc-section-end\"><\/span><\/h2>\n<p>A Dra. Luciana Ribeiro Ratto \u00e9 uma profissional dedicada e reconhecida na \u00e1rea da psiquiatria, localizada na cidade de Vilhena, estado de Rond\u00f4nia. Com um compromisso s\u00f3lido com a sa\u00fade mental, a cl\u00ednica oferece um atendimento humanizado e acolhedor, ideal para quem busca apoio psicol\u00f3gico e psiqui\u00e1trico em um ambiente seguro e respeitoso. A Dra. Luciana, com CRM 6392 MT e RQE 6146, \u00e9 a respons\u00e1vel t\u00e9cnica da cl\u00ednica e traz consigo uma vasta experi\u00eancia na \u00e1rea, ajudando pacientes a enfrentar desafios emocionais e mentais de forma eficaz.<\/p>\n<p>A cl\u00ednica est\u00e1 estrategicamente situada em Vilhena, facilitando o acesso para moradores de diversas regi\u00f5es, incluindo os bairros pr\u00f3ximos, como S\u00e3o Paulo. Para aqueles que buscam um especialista em sa\u00fade mental, a Dra. Luciana oferece consultas personalizadas, abordando desde transtornos de ansiedade at\u00e9 depress\u00e3o, al\u00e9m de outras quest\u00f5es relacionadas \u00e0 sa\u00fade mental. Cada atendimento \u00e9 realizado com aten\u00e7\u00e3o \u00e0s necessidades individuais, garantindo que os pacientes se sintam ouvidos e compreendidos.<\/p>\n<p>Al\u00e9m de consultas, a cl\u00ednica se preocupa em oferecer um espa\u00e7o onde os pacientes possam se sentir confort\u00e1veis e seguros. A Dra. Luciana utiliza uma abordagem integrada, que considera n\u00e3o apenas os sintomas, mas tamb\u00e9m o contexto de vida de cada paciente, proporcionando um tratamento mais eficaz e humanizado.<\/p>\n<p>Por ora, informa\u00e7\u00f5es sobre conv\u00eanios e exames n\u00e3o foram divulgadas, mas a Dra. Luciana est\u00e1 sempre disposta a atender novas demandas e a fornecer informa\u00e7\u00f5es que possam facilitar o acesso aos servi\u00e7os de sa\u00fade mental. O telefone, o site e o Instagram da cl\u00ednica est\u00e3o atualmente em desenvolvimento, e ser\u00e3o disponibilizados em breve para melhor comunica\u00e7\u00e3o com os pacientes.<\/p>\n<p>A Dra. Luciana Ribeiro Ratto acredita que a sa\u00fade mental \u00e9 fundamental para uma vida plena e satisfat\u00f3ria. Por isso, ela se dedica a oferecer um atendimento que n\u00e3o apenas trata, mas que tamb\u00e9m educa e empodera os pacientes em sua jornada de autoconhecimento e cura. Se voc\u00ea est\u00e1 em busca de um profissional qualificado em psiquiatria em Vilhena, a cl\u00ednica da Dra. Luciana \u00e9 uma excelente escolha para iniciar essa jornada. N\u00e3o hesite em entrar em contato e agendar uma consulta, sua sa\u00fade mental merece aten\u00e7\u00e3o e cuidado.<\/p>\n<h3><span class=\"ez-toc-section\" id=\"Perguntas_Frequentes\"><\/span>Perguntas Frequentes<span class=\"ez-toc-section-end\"><\/span><\/h3>\n<p>P: O que \u00e9 a psiquiatria?<br \/>\nR: A psiquiatria \u00e9 a especialidade m\u00e9dica que trata dos transtornos mentais e emocionais, oferecendo diagn\u00f3sticos e tratamentos adequados.<\/p>\n<p>P: Quais s\u00e3o os principais sintomas que indicam a necessidade de um psiquiatra?<br \/>\nR: Sintomas como ansiedade excessiva, mudan\u00e7as de humor, ins\u00f4nia, depress\u00e3o e dificuldades de concentra\u00e7\u00e3o podem indicar a necessidade de uma avalia\u00e7\u00e3o psiqui\u00e1trica.<\/p>\n<p>P: Como \u00e9 a abordagem da Dra. Luciana Ribeiro Ratto?<br \/>\nR: A Dra. Luciana adota uma abordagem humanizada, escutando atentamente cada paciente e desenvolvendo um plano de tratamento personalizado.<\/p>\n<p>P: A cl\u00ednica oferece atendimento para crian\u00e7as e adolescentes?<br \/>\nR: Sim, a Dra. Luciana est\u00e1 capacitada para atender pacientes de todas as idades, incluindo crian\u00e7as e adolescentes.<\/p>\n<p>P: Quais s\u00e3o os tratamentos dispon\u00edveis na cl\u00ednica?<br \/>\nR: A cl\u00ednica oferece consultas para avalia\u00e7\u00e3o e tratamento de transtornos mentais, podendo incluir terapia farmacol\u00f3gica e acompanhamento psicol\u00f3gico.<\/p>\n<p>P: \u00c9 necess\u00e1rio agendar consulta com anteced\u00eancia?<br \/>\nR: Sim, recomendamos que os pacientes agendem suas consultas com anteced\u00eancia para garantir um hor\u00e1rio adequado.<\/p>\n<p>P: A cl\u00ednica atende conv\u00eanios?<br \/>\nR: Informa\u00e7\u00f5es sobre conv\u00eanios n\u00e3o est\u00e3o dispon\u00edveis no momento, mas a Dra. Luciana est\u00e1 aberta a discutir op\u00e7\u00f5es de pagamento.<\/p>\n<p>P: Como posso entrar em contato com a cl\u00ednica?<br \/>\nR: Detalhes de contato ser\u00e3o disponibilizados em breve, incluindo telefone e redes sociais.<\/p>\n<p>P: A Dra. Luciana realiza atendimentos online?<br \/>\nR: A disponibilidade para atendimentos online pode ser confirmada diretamente com a cl\u00ednica, conforme a necessidade do paciente.<\/p>\n<p>P: Quais cuidados devo ter antes de uma consulta psiqui\u00e1trica?<br \/>\nR: \u00c9 importante estar aberto a conversar sobre suas dificuldades e trazer qualquer informa\u00e7\u00e3o relevante sobre sua sa\u00fade mental e hist\u00f3rica m\u00e9dica.<\/p>\n<h3><span class=\"ez-toc-section\" id=\"Contato\"><\/span>Contato<span class=\"ez-toc-section-end\"><\/span><\/h3>\n<p><strong>Tel.:  | <\/strong><br \/>\n<strong>WhatsApp: &#8211; <\/strong><\/p>\n","protected":false},"excerpt":{"rendered":"<p>Dra. Luciana Ribeiro Ratto: Psiquiatra em Vilhena A Dra. Luciana Ribeiro Ratto \u00e9 uma profissional dedicada e reconhecida na \u00e1rea da psiquiatria, localizada na cidade de Vilhena, estado de Rond\u00f4nia. Com um compromisso s\u00f3lido com a sa\u00fade mental, a cl\u00ednica oferece um atendimento humanizado e acolhedor, ideal para quem busca apoio psicol\u00f3gico e psiqui\u00e1trico em [&hellip;]<\/p>\n","protected":false},"author":0,"featured_media":0,"comment_status":"open","ping_status":"open","sticky":false,"template":"","format":"standard","meta":{"_et_pb_use_builder":"o","_et_pb_old_content":"","_et_gb_content_width":"","footnotes":""},"categories":[912,901,1306],"tags":[],"class_list":["post-152683","post","type-post","status-publish","format-standard","hentry","category-consultas-medicas","category-psiquiatria","category-saude-mental"],"yoast_head":"<!-- This site is optimized with the Yoast SEO Premium plugin v21.3 (Yoast SEO v27.5) - https:\/\/yoast.com\/product\/yoast-seo-premium-wordpress\/ -->\n<title>Dra. Luciana Ribeiro Ratto: Psiquiatra em Vilhena - Conv\u00eanio Social<\/title>\n<meta name=\"robots\" content=\"index, follow, max-snippet:-1, max-image-preview:large, max-video-preview:-1\" \/>\n<link rel=\"canonical\" href=\"https:\/\/www.conveniosocial.com.br\/blog\/psiquiatria\/dra-luciana-ribeiro-ratto-psiquiatra-em-vilhena\/\" \/>\n<meta property=\"og:locale\" content=\"pt_BR\" \/>\n<meta property=\"og:type\" content=\"article\" \/>\n<meta property=\"og:title\" content=\"Dra. Luciana Ribeiro Ratto: Psiquiatra em Vilhena\" \/>\n<meta property=\"og:description\" content=\"Dra. Luciana Ribeiro Ratto: Psiquiatra em Vilhena A Dra. Luciana Ribeiro Ratto \u00e9 uma profissional dedicada e reconhecida na \u00e1rea da psiquiatria, localizada na cidade de Vilhena, estado de Rond\u00f4nia. Com um compromisso s\u00f3lido com a sa\u00fade mental, a cl\u00ednica oferece um atendimento humanizado e acolhedor, ideal para quem busca apoio psicol\u00f3gico e psiqui\u00e1trico em [&hellip;]\" \/>\n<meta property=\"og:url\" content=\"https:\/\/www.conveniosocial.com.br\/blog\/psiquiatria\/dra-luciana-ribeiro-ratto-psiquiatra-em-vilhena\/\" \/>\n<meta property=\"og:site_name\" content=\"Conv\u00eanio Social\" \/>\n<meta property=\"article:published_time\" content=\"2026-03-15T00:01:05+00:00\" \/>\n<meta name=\"twitter:card\" content=\"summary_large_image\" \/>\n<meta name=\"twitter:label1\" content=\"Est. tempo de leitura\" \/>\n\t<meta name=\"twitter:data1\" content=\"4 minutos\" \/>\n<script type=\"application\/ld+json\" class=\"yoast-schema-graph\">{\"@context\":\"https:\\\/\\\/schema.org\",\"@graph\":[{\"@type\":\"Article\",\"@id\":\"https:\\\/\\\/www.conveniosocial.com.br\\\/blog\\\/psiquiatria\\\/dra-luciana-ribeiro-ratto-psiquiatra-em-vilhena\\\/#article\",\"isPartOf\":{\"@id\":\"https:\\\/\\\/www.conveniosocial.com.br\\\/blog\\\/psiquiatria\\\/dra-luciana-ribeiro-ratto-psiquiatra-em-vilhena\\\/\"},\"author\":{\"name\":\"\",\"@id\":\"\"},\"headline\":\"Dra. Luciana Ribeiro Ratto: Psiquiatra em Vilhena\",\"datePublished\":\"2026-03-15T00:01:05+00:00\",\"mainEntityOfPage\":{\"@id\":\"https:\\\/\\\/www.conveniosocial.com.br\\\/blog\\\/psiquiatria\\\/dra-luciana-ribeiro-ratto-psiquiatra-em-vilhena\\\/\"},\"wordCount\":714,\"commentCount\":0,\"publisher\":{\"@id\":\"https:\\\/\\\/www.conveniosocial.com.br\\\/blog\\\/#organization\"},\"articleSection\":[\"Consultas M\u00e9dicas\",\"Psiquiatria\",\"Sa\u00fade Mental\"],\"inLanguage\":\"pt-BR\"},{\"@type\":\"WebPage\",\"@id\":\"https:\\\/\\\/www.conveniosocial.com.br\\\/blog\\\/psiquiatria\\\/dra-luciana-ribeiro-ratto-psiquiatra-em-vilhena\\\/\",\"url\":\"https:\\\/\\\/www.conveniosocial.com.br\\\/blog\\\/psiquiatria\\\/dra-luciana-ribeiro-ratto-psiquiatra-em-vilhena\\\/\",\"name\":\"Dra. Luciana Ribeiro Ratto: Psiquiatra em Vilhena - Conv\u00eanio Social\",\"isPartOf\":{\"@id\":\"https:\\\/\\\/www.conveniosocial.com.br\\\/blog\\\/#website\"},\"datePublished\":\"2026-03-15T00:01:05+00:00\",\"breadcrumb\":{\"@id\":\"https:\\\/\\\/www.conveniosocial.com.br\\\/blog\\\/psiquiatria\\\/dra-luciana-ribeiro-ratto-psiquiatra-em-vilhena\\\/#breadcrumb\"},\"inLanguage\":\"pt-BR\",\"potentialAction\":[{\"@type\":\"ReadAction\",\"target\":[\"https:\\\/\\\/www.conveniosocial.com.br\\\/blog\\\/psiquiatria\\\/dra-luciana-ribeiro-ratto-psiquiatra-em-vilhena\\\/\"]}]},{\"@type\":\"BreadcrumbList\",\"@id\":\"https:\\\/\\\/www.conveniosocial.com.br\\\/blog\\\/psiquiatria\\\/dra-luciana-ribeiro-ratto-psiquiatra-em-vilhena\\\/#breadcrumb\",\"itemListElement\":[{\"@type\":\"ListItem\",\"position\":1,\"name\":\"Home\",\"item\":\"https:\\\/\\\/www.conveniosocial.com.br\\\/blog\\\/\"},{\"@type\":\"ListItem\",\"position\":2,\"name\":\"Consultas M\u00e9dicas\",\"item\":\"https:\\\/\\\/www.conveniosocial.com.br\\\/blog\\\/consultas-medicas\\\/\"},{\"@type\":\"ListItem\",\"position\":3,\"name\":\"Dra. Luciana Ribeiro Ratto: Psiquiatra em Vilhena\"}]},{\"@type\":\"WebSite\",\"@id\":\"https:\\\/\\\/www.conveniosocial.com.br\\\/blog\\\/#website\",\"url\":\"https:\\\/\\\/www.conveniosocial.com.br\\\/blog\\\/\",\"name\":\"Conv\u00eanio Social\",\"description\":\"Informa\u00e7\u00f5es de Sa\u00fade e Bem-estar, Consultas e Exames Popular\",\"publisher\":{\"@id\":\"https:\\\/\\\/www.conveniosocial.com.br\\\/blog\\\/#organization\"},\"potentialAction\":[{\"@type\":\"SearchAction\",\"target\":{\"@type\":\"EntryPoint\",\"urlTemplate\":\"https:\\\/\\\/www.conveniosocial.com.br\\\/blog\\\/?s={search_term_string}\"},\"query-input\":{\"@type\":\"PropertyValueSpecification\",\"valueRequired\":true,\"valueName\":\"search_term_string\"}}],\"inLanguage\":\"pt-BR\"},{\"@type\":\"Organization\",\"@id\":\"https:\\\/\\\/www.conveniosocial.com.br\\\/blog\\\/#organization\",\"name\":\"Conv\u00eanio Social\",\"url\":\"https:\\\/\\\/www.conveniosocial.com.br\\\/blog\\\/\",\"logo\":{\"@type\":\"ImageObject\",\"inLanguage\":\"pt-BR\",\"@id\":\"https:\\\/\\\/www.conveniosocial.com.br\\\/blog\\\/#\\\/schema\\\/logo\\\/image\\\/\",\"url\":\"https:\\\/\\\/www.conveniosocial.com.br\\\/blog\\\/wp-content\\\/uploads\\\/2021\\\/11\\\/novo_logo-convenio-socia-digital.png\",\"contentUrl\":\"https:\\\/\\\/www.conveniosocial.com.br\\\/blog\\\/wp-content\\\/uploads\\\/2021\\\/11\\\/novo_logo-convenio-socia-digital.png\",\"width\":400,\"height\":102,\"caption\":\"Conv\u00eanio Social\"},\"image\":{\"@id\":\"https:\\\/\\\/www.conveniosocial.com.br\\\/blog\\\/#\\\/schema\\\/logo\\\/image\\\/\"}}]}<\/script>\n<!-- \/ Yoast SEO Premium plugin. -->","yoast_head_json":{"title":"Dra. Luciana Ribeiro Ratto: Psiquiatra em Vilhena - Conv\u00eanio Social","robots":{"index":"index","follow":"follow","max-snippet":"max-snippet:-1","max-image-preview":"max-image-preview:large","max-video-preview":"max-video-preview:-1"},"canonical":"https:\/\/www.conveniosocial.com.br\/blog\/psiquiatria\/dra-luciana-ribeiro-ratto-psiquiatra-em-vilhena\/","og_locale":"pt_BR","og_type":"article","og_title":"Dra. Luciana Ribeiro Ratto: Psiquiatra em Vilhena","og_description":"Dra. Luciana Ribeiro Ratto: Psiquiatra em Vilhena A Dra. Luciana Ribeiro Ratto \u00e9 uma profissional dedicada e reconhecida na \u00e1rea da psiquiatria, localizada na cidade de Vilhena, estado de Rond\u00f4nia. Com um compromisso s\u00f3lido com a sa\u00fade mental, a cl\u00ednica oferece um atendimento humanizado e acolhedor, ideal para quem busca apoio psicol\u00f3gico e psiqui\u00e1trico em [&hellip;]","og_url":"https:\/\/www.conveniosocial.com.br\/blog\/psiquiatria\/dra-luciana-ribeiro-ratto-psiquiatra-em-vilhena\/","og_site_name":"Conv\u00eanio Social","article_published_time":"2026-03-15T00:01:05+00:00","twitter_card":"summary_large_image","twitter_misc":{"Est. tempo de leitura":"4 minutos"},"schema":{"@context":"https:\/\/schema.org","@graph":[{"@type":"Article","@id":"https:\/\/www.conveniosocial.com.br\/blog\/psiquiatria\/dra-luciana-ribeiro-ratto-psiquiatra-em-vilhena\/#article","isPartOf":{"@id":"https:\/\/www.conveniosocial.com.br\/blog\/psiquiatria\/dra-luciana-ribeiro-ratto-psiquiatra-em-vilhena\/"},"author":{"name":"","@id":""},"headline":"Dra. Luciana Ribeiro Ratto: Psiquiatra em Vilhena","datePublished":"2026-03-15T00:01:05+00:00","mainEntityOfPage":{"@id":"https:\/\/www.conveniosocial.com.br\/blog\/psiquiatria\/dra-luciana-ribeiro-ratto-psiquiatra-em-vilhena\/"},"wordCount":714,"commentCount":0,"publisher":{"@id":"https:\/\/www.conveniosocial.com.br\/blog\/#organization"},"articleSection":["Consultas M\u00e9dicas","Psiquiatria","Sa\u00fade Mental"],"inLanguage":"pt-BR"},{"@type":"WebPage","@id":"https:\/\/www.conveniosocial.com.br\/blog\/psiquiatria\/dra-luciana-ribeiro-ratto-psiquiatra-em-vilhena\/","url":"https:\/\/www.conveniosocial.com.br\/blog\/psiquiatria\/dra-luciana-ribeiro-ratto-psiquiatra-em-vilhena\/","name":"Dra. Luciana Ribeiro Ratto: Psiquiatra em Vilhena - Conv\u00eanio Social","isPartOf":{"@id":"https:\/\/www.conveniosocial.com.br\/blog\/#website"},"datePublished":"2026-03-15T00:01:05+00:00","breadcrumb":{"@id":"https:\/\/www.conveniosocial.com.br\/blog\/psiquiatria\/dra-luciana-ribeiro-ratto-psiquiatra-em-vilhena\/#breadcrumb"},"inLanguage":"pt-BR","potentialAction":[{"@type":"ReadAction","target":["https:\/\/www.conveniosocial.com.br\/blog\/psiquiatria\/dra-luciana-ribeiro-ratto-psiquiatra-em-vilhena\/"]}]},{"@type":"BreadcrumbList","@id":"https:\/\/www.conveniosocial.com.br\/blog\/psiquiatria\/dra-luciana-ribeiro-ratto-psiquiatra-em-vilhena\/#breadcrumb","itemListElement":[{"@type":"ListItem","position":1,"name":"Home","item":"https:\/\/www.conveniosocial.com.br\/blog\/"},{"@type":"ListItem","position":2,"name":"Consultas M\u00e9dicas","item":"https:\/\/www.conveniosocial.com.br\/blog\/consultas-medicas\/"},{"@type":"ListItem","position":3,"name":"Dra. Luciana Ribeiro Ratto: Psiquiatra em Vilhena"}]},{"@type":"WebSite","@id":"https:\/\/www.conveniosocial.com.br\/blog\/#website","url":"https:\/\/www.conveniosocial.com.br\/blog\/","name":"Conv\u00eanio Social","description":"Informa\u00e7\u00f5es de Sa\u00fade e Bem-estar, Consultas e Exames Popular","publisher":{"@id":"https:\/\/www.conveniosocial.com.br\/blog\/#organization"},"potentialAction":[{"@type":"SearchAction","target":{"@type":"EntryPoint","urlTemplate":"https:\/\/www.conveniosocial.com.br\/blog\/?s={search_term_string}"},"query-input":{"@type":"PropertyValueSpecification","valueRequired":true,"valueName":"search_term_string"}}],"inLanguage":"pt-BR"},{"@type":"Organization","@id":"https:\/\/www.conveniosocial.com.br\/blog\/#organization","name":"Conv\u00eanio Social","url":"https:\/\/www.conveniosocial.com.br\/blog\/","logo":{"@type":"ImageObject","inLanguage":"pt-BR","@id":"https:\/\/www.conveniosocial.com.br\/blog\/#\/schema\/logo\/image\/","url":"https:\/\/www.conveniosocial.com.br\/blog\/wp-content\/uploads\/2021\/11\/novo_logo-convenio-socia-digital.png","contentUrl":"https:\/\/www.conveniosocial.com.br\/blog\/wp-content\/uploads\/2021\/11\/novo_logo-convenio-socia-digital.png","width":400,"height":102,"caption":"Conv\u00eanio Social"},"image":{"@id":"https:\/\/www.conveniosocial.com.br\/blog\/#\/schema\/logo\/image\/"}}]}},"_links":{"self":[{"href":"https:\/\/www.conveniosocial.com.br\/blog\/wp-json\/wp\/v2\/posts\/152683","targetHints":{"allow":["GET"]}}],"collection":[{"href":"https:\/\/www.conveniosocial.com.br\/blog\/wp-json\/wp\/v2\/posts"}],"about":[{"href":"https:\/\/www.conveniosocial.com.br\/blog\/wp-json\/wp\/v2\/types\/post"}],"replies":[{"embeddable":true,"href":"https:\/\/www.conveniosocial.com.br\/blog\/wp-json\/wp\/v2\/comments?post=152683"}],"version-history":[{"count":0,"href":"https:\/\/www.conveniosocial.com.br\/blog\/wp-json\/wp\/v2\/posts\/152683\/revisions"}],"wp:attachment":[{"href":"https:\/\/www.conveniosocial.com.br\/blog\/wp-json\/wp\/v2\/media?parent=152683"}],"wp:term":[{"taxonomy":"category","embeddable":true,"href":"https:\/\/www.conveniosocial.com.br\/blog\/wp-json\/wp\/v2\/categories?post=152683"},{"taxonomy":"post_tag","embeddable":true,"href":"https:\/\/www.conveniosocial.com.br\/blog\/wp-json\/wp\/v2\/tags?post=152683"}],"curies":[{"name":"wp","href":"https:\/\/api.w.org\/{rel}","templated":true}]}}