{"id":152835,"date":"2026-03-17T21:00:53","date_gmt":"2026-03-18T00:00:53","guid":{"rendered":"https:\/\/www.conveniosocial.com.br\/blog\/nehuma\/osten-ortopedia-cuidado-especializado-em-sao-jose-dos-campos\/"},"modified":"2026-03-17T21:00:53","modified_gmt":"2026-03-18T00:00:53","slug":"osten-ortopedia-cuidado-especializado-em-sao-jose-dos-campos","status":"publish","type":"post","link":"https:\/\/www.conveniosocial.com.br\/blog\/ortopedia\/osten-ortopedia-cuidado-especializado-em-sao-jose-dos-campos\/","title":{"rendered":"Osten Ortopedia: Cuidado Especializado em S\u00e3o Jos\u00e9 dos Campos"},"content":{"rendered":"<div id=\"ez-toc-container\" class=\"ez-toc-v2_0_82_2 counter-flat ez-toc-counter ez-toc-white ez-toc-container-direction\">\n<p class=\"ez-toc-title\" style=\"cursor:inherit\">\u00cdndice do Conte\u00fado<\/p>\n<label for=\"ez-toc-cssicon-toggle-item-69f77e2754e4b\" class=\"ez-toc-cssicon-toggle-label\"><span class=\"ez-toc-cssicon\"><span class=\"eztoc-hide\" style=\"display:none;\">Toggle<\/span><span class=\"ez-toc-icon-toggle-span\"><svg style=\"fill: #999;color:#999\" xmlns=\"http:\/\/www.w3.org\/2000\/svg\" class=\"list-377408\" width=\"20px\" height=\"20px\" viewBox=\"0 0 24 24\" fill=\"none\"><path d=\"M6 6H4v2h2V6zm14 0H8v2h12V6zM4 11h2v2H4v-2zm16 0H8v2h12v-2zM4 16h2v2H4v-2zm16 0H8v2h12v-2z\" fill=\"currentColor\"><\/path><\/svg><svg style=\"fill: #999;color:#999\" class=\"arrow-unsorted-368013\" xmlns=\"http:\/\/www.w3.org\/2000\/svg\" width=\"10px\" height=\"10px\" viewBox=\"0 0 24 24\" version=\"1.2\" baseProfile=\"tiny\"><path d=\"M18.2 9.3l-6.2-6.3-6.2 6.3c-.2.2-.3.4-.3.7s.1.5.3.7c.2.2.4.3.7.3h11c.3 0 .5-.1.7-.3.2-.2.3-.5.3-.7s-.1-.5-.3-.7zM5.8 14.7l6.2 6.3 6.2-6.3c.2-.2.3-.5.3-.7s-.1-.5-.3-.7c-.2-.2-.4-.3-.7-.3h-11c-.3 0-.5.1-.7.3-.2.2-.3.5-.3.7s.1.5.3.7z\"\/><\/svg><\/span><\/span><\/label><input type=\"checkbox\"  id=\"ez-toc-cssicon-toggle-item-69f77e2754e4b\" checked aria-label=\"Alternar\" \/><nav><ul class='ez-toc-list ez-toc-list-level-1 ' ><li class='ez-toc-page-1'><a class=\"ez-toc-link ez-toc-heading-1\" href=\"https:\/\/www.conveniosocial.com.br\/blog\/ortopedia\/osten-ortopedia-cuidado-especializado-em-sao-jose-dos-campos\/#Osten_Ortopedia_Cuidado_Especializado_em_Sao_Jose_dos_Campos\" >Osten Ortopedia: Cuidado Especializado em S\u00e3o Jos\u00e9 dos Campos<\/a><\/li><li class='ez-toc-page-1'><a class=\"ez-toc-link ez-toc-heading-2\" href=\"https:\/\/www.conveniosocial.com.br\/blog\/ortopedia\/osten-ortopedia-cuidado-especializado-em-sao-jose-dos-campos\/#Perguntas_Frequentes\" >Perguntas Frequentes<\/a><\/li><li class='ez-toc-page-1'><a class=\"ez-toc-link ez-toc-heading-3\" href=\"https:\/\/www.conveniosocial.com.br\/blog\/ortopedia\/osten-ortopedia-cuidado-especializado-em-sao-jose-dos-campos\/#Contato\" >Contato<\/a><\/li><\/ul><\/nav><\/div>\n<h2><span class=\"ez-toc-section\" id=\"Osten_Ortopedia_Cuidado_Especializado_em_Sao_Jose_dos_Campos\"><\/span>Osten Ortopedia: Cuidado Especializado em S\u00e3o Jos\u00e9 dos Campos<span class=\"ez-toc-section-end\"><\/span><\/h2>\n<p>A Osten Ortopedia \u00e9 uma cl\u00ednica refer\u00eancia em sa\u00fade musculoesquel\u00e9tica, localizada no cora\u00e7\u00e3o de S\u00e3o Jos\u00e9 dos Campos, no bairro Jardim Aguarius. Com um ambiente acolhedor e uma equipe altamente especializada, a cl\u00ednica se destaca por oferecer um atendimento humanizado e atencioso, focado nas necessidades de cada paciente. <\/p>\n<p>Nossa equipe \u00e9 composta por profissionais experientes e dedicados, prontos para atender a uma ampla gama de subespecialidades ortop\u00e9dicas. Aqui, tratamos patologias relacionadas a articula\u00e7\u00f5es como joelho, ombro, cotovelo, quadril, p\u00e9, tornozelo, punho e m\u00e3o, al\u00e9m de oferecer suporte para o tratamento de dores e condi\u00e7\u00f5es da coluna vertebral. Tamb\u00e9m atendemos p\u00fablicos espec\u00edficos, como pacientes pedi\u00e1tricos e oncol\u00f3gicos, garantindo um cuidado integral e adaptado \u00e0s particularidades de cada faixa et\u00e1ria e condi\u00e7\u00e3o. <\/p>\n<p>A Osten Ortopedia se destaca pela realiza\u00e7\u00e3o de exames de diagn\u00f3stico essenciais para um tratamento preciso e eficaz. Contamos com servi\u00e7os de Raio-X, que permitem uma avalia\u00e7\u00e3o r\u00e1pida de ossos e articula\u00e7\u00f5es, e Ultrassonografia, que possibilita a visualiza\u00e7\u00e3o em tempo real de m\u00fasculos, tend\u00f5es e articula\u00e7\u00f5es, al\u00e9m de uma avalia\u00e7\u00e3o cl\u00ednica especializada com exames f\u00edsicos detalhados. <\/p>\n<p>Nosso hor\u00e1rio de atendimento \u00e9 de segunda a sexta-feira, das 08h \u00e0s 21h, oferecendo flexibilidade para que voc\u00ea possa realizar suas consultas e exames sem pressa. A cl\u00ednica \u00e9 de f\u00e1cil acesso, situada em uma localiza\u00e7\u00e3o estrat\u00e9gica que atende n\u00e3o apenas moradores do Jardim Aguarius, mas tamb\u00e9m de bairros pr\u00f3ximos como Jardim das Colinas, Vila Ema, Vila Adyana, entre outros. <\/p>\n<p>A Osten Ortopedia \u00e9 conveniada com uma variedade de planos de sa\u00fade, incluindo Bradesco Sa\u00fade, SulAm\u00e9rica, Amil, Notredame Interm\u00e9dica, Porto Seguro e Allianz, garantindo que mais pessoas possam ter acesso aos nossos servi\u00e7os de qualidade. <\/p>\n<p>Para mais informa\u00e7\u00f5es, agendamentos ou d\u00favidas, entre em contato pelo telefone (12) 3308-5450. Estamos aqui para oferecer o melhor cuidado para voc\u00ea e sua fam\u00edlia! Acompanhe nosso trabalho e dicas de sa\u00fade em nossas redes sociais, onde brevemente disponibilizaremos nosso perfil no Instagram para interagir ainda mais com voc\u00ea. <\/p>\n<p>A sa\u00fade das suas articula\u00e7\u00f5es e coluna \u00e9 a nossa prioridade. Venha para a Osten Ortopedia e descubra como podemos ajud\u00e1-lo a viver com mais qualidade e conforto.<\/p>\n<h3><span class=\"ez-toc-section\" id=\"Perguntas_Frequentes\"><\/span>Perguntas Frequentes<span class=\"ez-toc-section-end\"><\/span><\/h3>\n<p>P: Quais especialidades s\u00e3o atendidas na Osten Ortopedia?<br \/>\nR: A cl\u00ednica oferece subespecialidades em ortopedia, incluindo tratamento de joelho, ombro, coluna, entre outros.<\/p>\n<p>P: Que tipos de exames s\u00e3o realizados na cl\u00ednica?<br \/>\nR: Realizamos Raio-X, Ultrassonografia e avalia\u00e7\u00f5es cl\u00ednicas detalhadas.<\/p>\n<p>P: A Osten Ortopedia atende crian\u00e7as?<br \/>\nR: Sim, temos uma equipe especializada em ortopedia pedi\u00e1trica.<\/p>\n<p>P: Quais conv\u00eanios s\u00e3o aceitos na cl\u00ednica?<br \/>\nR: Aceitamos Bradesco Sa\u00fade, SulAm\u00e9rica, Amil, Notredame Interm\u00e9dica, Porto Seguro e Allianz.<\/p>\n<p>P: Qual \u00e9 o hor\u00e1rio de funcionamento?<br \/>\nR: Estamos abertos de segunda a sexta-feira, das 08h \u00e0s 21h.<\/p>\n<p>P: Como posso agendar uma consulta?<br \/>\nR: Voc\u00ea pode agendar pelo telefone (12) 3308-5450.<\/p>\n<p>P: A cl\u00ednica tem estacionamento?<br \/>\nR: Sim, oferecemos estacionamento para maior comodidade dos nossos pacientes.<\/p>\n<p>P: A Osten Ortopedia realiza procedimentos cir\u00fargicos?<br \/>\nR: N\u00e3o, nossa cl\u00ednica \u00e9 focada em diagn\u00f3stico e tratamento conservador.<\/p>\n<p>P: H\u00e1 profissionais dispon\u00edveis para atendimento de esportistas?<br \/>\nR: Sim, temos especialistas em Medicina do Esporte para atender atletas e praticantes de atividades f\u00edsicas.<\/p>\n<p>P: Como posso acompanhar as novidades da cl\u00ednica?<br \/>\nR: Em breve teremos um perfil no Instagram para compartilhar dicas e informa\u00e7\u00f5es sobre sa\u00fade ortop\u00e9dica.<\/p>\n<h3><span class=\"ez-toc-section\" id=\"Contato\"><\/span>Contato<span class=\"ez-toc-section-end\"><\/span><\/h3>\n<p><strong>Tel.:  | <\/strong><br \/>\n<strong>WhatsApp: &#8211; <\/strong><\/p>\n","protected":false},"excerpt":{"rendered":"<p>Osten Ortopedia: Cuidado Especializado em S\u00e3o Jos\u00e9 dos Campos A Osten Ortopedia \u00e9 uma cl\u00ednica refer\u00eancia em sa\u00fade musculoesquel\u00e9tica, localizada no cora\u00e7\u00e3o de S\u00e3o Jos\u00e9 dos Campos, no bairro Jardim Aguarius. Com um ambiente acolhedor e uma equipe altamente especializada, a cl\u00ednica se destaca por oferecer um atendimento humanizado e atencioso, focado nas necessidades de [&hellip;]<\/p>\n","protected":false},"author":0,"featured_media":0,"comment_status":"open","ping_status":"open","sticky":false,"template":"","format":"standard","meta":{"_et_pb_use_builder":"o","_et_pb_old_content":"","_et_gb_content_width":"","footnotes":""},"categories":[1383,1452,1380],"tags":[],"class_list":["post-152835","post","type-post","status-publish","format-standard","hentry","category-exames-de-diagnostico","category-medicina-do-esporte","category-ortopedia"],"yoast_head":"<!-- This site is optimized with the Yoast SEO Premium plugin v21.3 (Yoast SEO v27.5) - https:\/\/yoast.com\/product\/yoast-seo-premium-wordpress\/ -->\n<title>Osten Ortopedia: Cuidado Especializado em S\u00e3o Jos\u00e9 dos Campos - Conv\u00eanio Social<\/title>\n<meta name=\"robots\" content=\"index, follow, max-snippet:-1, max-image-preview:large, max-video-preview:-1\" \/>\n<link rel=\"canonical\" href=\"https:\/\/www.conveniosocial.com.br\/blog\/ortopedia\/osten-ortopedia-cuidado-especializado-em-sao-jose-dos-campos\/\" \/>\n<meta property=\"og:locale\" content=\"pt_BR\" \/>\n<meta property=\"og:type\" content=\"article\" \/>\n<meta property=\"og:title\" content=\"Osten Ortopedia: Cuidado Especializado em S\u00e3o Jos\u00e9 dos Campos\" \/>\n<meta property=\"og:description\" content=\"Osten Ortopedia: Cuidado Especializado em S\u00e3o Jos\u00e9 dos Campos A Osten Ortopedia \u00e9 uma cl\u00ednica refer\u00eancia em sa\u00fade musculoesquel\u00e9tica, localizada no cora\u00e7\u00e3o de S\u00e3o Jos\u00e9 dos Campos, no bairro Jardim Aguarius. Com um ambiente acolhedor e uma equipe altamente especializada, a cl\u00ednica se destaca por oferecer um atendimento humanizado e atencioso, focado nas necessidades de [&hellip;]\" \/>\n<meta property=\"og:url\" content=\"https:\/\/www.conveniosocial.com.br\/blog\/ortopedia\/osten-ortopedia-cuidado-especializado-em-sao-jose-dos-campos\/\" \/>\n<meta property=\"og:site_name\" content=\"Conv\u00eanio Social\" \/>\n<meta property=\"article:published_time\" content=\"2026-03-18T00:00:53+00:00\" \/>\n<meta name=\"twitter:card\" content=\"summary_large_image\" \/>\n<meta name=\"twitter:label1\" content=\"Est. tempo de leitura\" \/>\n\t<meta name=\"twitter:data1\" content=\"3 minutos\" \/>\n<script type=\"application\/ld+json\" class=\"yoast-schema-graph\">{\"@context\":\"https:\\\/\\\/schema.org\",\"@graph\":[{\"@type\":\"Article\",\"@id\":\"https:\\\/\\\/www.conveniosocial.com.br\\\/blog\\\/ortopedia\\\/osten-ortopedia-cuidado-especializado-em-sao-jose-dos-campos\\\/#article\",\"isPartOf\":{\"@id\":\"https:\\\/\\\/www.conveniosocial.com.br\\\/blog\\\/ortopedia\\\/osten-ortopedia-cuidado-especializado-em-sao-jose-dos-campos\\\/\"},\"author\":{\"name\":\"\",\"@id\":\"\"},\"headline\":\"Osten Ortopedia: Cuidado Especializado em S\u00e3o Jos\u00e9 dos Campos\",\"datePublished\":\"2026-03-18T00:00:53+00:00\",\"mainEntityOfPage\":{\"@id\":\"https:\\\/\\\/www.conveniosocial.com.br\\\/blog\\\/ortopedia\\\/osten-ortopedia-cuidado-especializado-em-sao-jose-dos-campos\\\/\"},\"wordCount\":629,\"commentCount\":0,\"publisher\":{\"@id\":\"https:\\\/\\\/www.conveniosocial.com.br\\\/blog\\\/#organization\"},\"articleSection\":[\"Exames de Diagn\u00f3stico\",\"Medicina do Esporte\",\"Ortopedia\"],\"inLanguage\":\"pt-BR\"},{\"@type\":\"WebPage\",\"@id\":\"https:\\\/\\\/www.conveniosocial.com.br\\\/blog\\\/ortopedia\\\/osten-ortopedia-cuidado-especializado-em-sao-jose-dos-campos\\\/\",\"url\":\"https:\\\/\\\/www.conveniosocial.com.br\\\/blog\\\/ortopedia\\\/osten-ortopedia-cuidado-especializado-em-sao-jose-dos-campos\\\/\",\"name\":\"Osten Ortopedia: Cuidado Especializado em S\u00e3o Jos\u00e9 dos Campos - Conv\u00eanio Social\",\"isPartOf\":{\"@id\":\"https:\\\/\\\/www.conveniosocial.com.br\\\/blog\\\/#website\"},\"datePublished\":\"2026-03-18T00:00:53+00:00\",\"breadcrumb\":{\"@id\":\"https:\\\/\\\/www.conveniosocial.com.br\\\/blog\\\/ortopedia\\\/osten-ortopedia-cuidado-especializado-em-sao-jose-dos-campos\\\/#breadcrumb\"},\"inLanguage\":\"pt-BR\",\"potentialAction\":[{\"@type\":\"ReadAction\",\"target\":[\"https:\\\/\\\/www.conveniosocial.com.br\\\/blog\\\/ortopedia\\\/osten-ortopedia-cuidado-especializado-em-sao-jose-dos-campos\\\/\"]}]},{\"@type\":\"BreadcrumbList\",\"@id\":\"https:\\\/\\\/www.conveniosocial.com.br\\\/blog\\\/ortopedia\\\/osten-ortopedia-cuidado-especializado-em-sao-jose-dos-campos\\\/#breadcrumb\",\"itemListElement\":[{\"@type\":\"ListItem\",\"position\":1,\"name\":\"Home\",\"item\":\"https:\\\/\\\/www.conveniosocial.com.br\\\/blog\\\/\"},{\"@type\":\"ListItem\",\"position\":2,\"name\":\"Exames de Diagn\u00f3stico\",\"item\":\"https:\\\/\\\/www.conveniosocial.com.br\\\/blog\\\/exames-de-diagnostico\\\/\"},{\"@type\":\"ListItem\",\"position\":3,\"name\":\"Osten Ortopedia: Cuidado Especializado em S\u00e3o Jos\u00e9 dos Campos\"}]},{\"@type\":\"WebSite\",\"@id\":\"https:\\\/\\\/www.conveniosocial.com.br\\\/blog\\\/#website\",\"url\":\"https:\\\/\\\/www.conveniosocial.com.br\\\/blog\\\/\",\"name\":\"Conv\u00eanio Social\",\"description\":\"Informa\u00e7\u00f5es de Sa\u00fade e Bem-estar, Consultas e Exames Popular\",\"publisher\":{\"@id\":\"https:\\\/\\\/www.conveniosocial.com.br\\\/blog\\\/#organization\"},\"potentialAction\":[{\"@type\":\"SearchAction\",\"target\":{\"@type\":\"EntryPoint\",\"urlTemplate\":\"https:\\\/\\\/www.conveniosocial.com.br\\\/blog\\\/?s={search_term_string}\"},\"query-input\":{\"@type\":\"PropertyValueSpecification\",\"valueRequired\":true,\"valueName\":\"search_term_string\"}}],\"inLanguage\":\"pt-BR\"},{\"@type\":\"Organization\",\"@id\":\"https:\\\/\\\/www.conveniosocial.com.br\\\/blog\\\/#organization\",\"name\":\"Conv\u00eanio Social\",\"url\":\"https:\\\/\\\/www.conveniosocial.com.br\\\/blog\\\/\",\"logo\":{\"@type\":\"ImageObject\",\"inLanguage\":\"pt-BR\",\"@id\":\"https:\\\/\\\/www.conveniosocial.com.br\\\/blog\\\/#\\\/schema\\\/logo\\\/image\\\/\",\"url\":\"https:\\\/\\\/www.conveniosocial.com.br\\\/blog\\\/wp-content\\\/uploads\\\/2021\\\/11\\\/novo_logo-convenio-socia-digital.png\",\"contentUrl\":\"https:\\\/\\\/www.conveniosocial.com.br\\\/blog\\\/wp-content\\\/uploads\\\/2021\\\/11\\\/novo_logo-convenio-socia-digital.png\",\"width\":400,\"height\":102,\"caption\":\"Conv\u00eanio Social\"},\"image\":{\"@id\":\"https:\\\/\\\/www.conveniosocial.com.br\\\/blog\\\/#\\\/schema\\\/logo\\\/image\\\/\"}}]}<\/script>\n<!-- \/ Yoast SEO Premium plugin. -->","yoast_head_json":{"title":"Osten Ortopedia: Cuidado Especializado em S\u00e3o Jos\u00e9 dos Campos - Conv\u00eanio Social","robots":{"index":"index","follow":"follow","max-snippet":"max-snippet:-1","max-image-preview":"max-image-preview:large","max-video-preview":"max-video-preview:-1"},"canonical":"https:\/\/www.conveniosocial.com.br\/blog\/ortopedia\/osten-ortopedia-cuidado-especializado-em-sao-jose-dos-campos\/","og_locale":"pt_BR","og_type":"article","og_title":"Osten Ortopedia: Cuidado Especializado em S\u00e3o Jos\u00e9 dos Campos","og_description":"Osten Ortopedia: Cuidado Especializado em S\u00e3o Jos\u00e9 dos Campos A Osten Ortopedia \u00e9 uma cl\u00ednica refer\u00eancia em sa\u00fade musculoesquel\u00e9tica, localizada no cora\u00e7\u00e3o de S\u00e3o Jos\u00e9 dos Campos, no bairro Jardim Aguarius. Com um ambiente acolhedor e uma equipe altamente especializada, a cl\u00ednica se destaca por oferecer um atendimento humanizado e atencioso, focado nas necessidades de [&hellip;]","og_url":"https:\/\/www.conveniosocial.com.br\/blog\/ortopedia\/osten-ortopedia-cuidado-especializado-em-sao-jose-dos-campos\/","og_site_name":"Conv\u00eanio Social","article_published_time":"2026-03-18T00:00:53+00:00","twitter_card":"summary_large_image","twitter_misc":{"Est. tempo de leitura":"3 minutos"},"schema":{"@context":"https:\/\/schema.org","@graph":[{"@type":"Article","@id":"https:\/\/www.conveniosocial.com.br\/blog\/ortopedia\/osten-ortopedia-cuidado-especializado-em-sao-jose-dos-campos\/#article","isPartOf":{"@id":"https:\/\/www.conveniosocial.com.br\/blog\/ortopedia\/osten-ortopedia-cuidado-especializado-em-sao-jose-dos-campos\/"},"author":{"name":"","@id":""},"headline":"Osten Ortopedia: Cuidado Especializado em S\u00e3o Jos\u00e9 dos Campos","datePublished":"2026-03-18T00:00:53+00:00","mainEntityOfPage":{"@id":"https:\/\/www.conveniosocial.com.br\/blog\/ortopedia\/osten-ortopedia-cuidado-especializado-em-sao-jose-dos-campos\/"},"wordCount":629,"commentCount":0,"publisher":{"@id":"https:\/\/www.conveniosocial.com.br\/blog\/#organization"},"articleSection":["Exames de Diagn\u00f3stico","Medicina do Esporte","Ortopedia"],"inLanguage":"pt-BR"},{"@type":"WebPage","@id":"https:\/\/www.conveniosocial.com.br\/blog\/ortopedia\/osten-ortopedia-cuidado-especializado-em-sao-jose-dos-campos\/","url":"https:\/\/www.conveniosocial.com.br\/blog\/ortopedia\/osten-ortopedia-cuidado-especializado-em-sao-jose-dos-campos\/","name":"Osten Ortopedia: Cuidado Especializado em S\u00e3o Jos\u00e9 dos Campos - Conv\u00eanio Social","isPartOf":{"@id":"https:\/\/www.conveniosocial.com.br\/blog\/#website"},"datePublished":"2026-03-18T00:00:53+00:00","breadcrumb":{"@id":"https:\/\/www.conveniosocial.com.br\/blog\/ortopedia\/osten-ortopedia-cuidado-especializado-em-sao-jose-dos-campos\/#breadcrumb"},"inLanguage":"pt-BR","potentialAction":[{"@type":"ReadAction","target":["https:\/\/www.conveniosocial.com.br\/blog\/ortopedia\/osten-ortopedia-cuidado-especializado-em-sao-jose-dos-campos\/"]}]},{"@type":"BreadcrumbList","@id":"https:\/\/www.conveniosocial.com.br\/blog\/ortopedia\/osten-ortopedia-cuidado-especializado-em-sao-jose-dos-campos\/#breadcrumb","itemListElement":[{"@type":"ListItem","position":1,"name":"Home","item":"https:\/\/www.conveniosocial.com.br\/blog\/"},{"@type":"ListItem","position":2,"name":"Exames de Diagn\u00f3stico","item":"https:\/\/www.conveniosocial.com.br\/blog\/exames-de-diagnostico\/"},{"@type":"ListItem","position":3,"name":"Osten Ortopedia: Cuidado Especializado em S\u00e3o Jos\u00e9 dos Campos"}]},{"@type":"WebSite","@id":"https:\/\/www.conveniosocial.com.br\/blog\/#website","url":"https:\/\/www.conveniosocial.com.br\/blog\/","name":"Conv\u00eanio Social","description":"Informa\u00e7\u00f5es de Sa\u00fade e Bem-estar, Consultas e Exames Popular","publisher":{"@id":"https:\/\/www.conveniosocial.com.br\/blog\/#organization"},"potentialAction":[{"@type":"SearchAction","target":{"@type":"EntryPoint","urlTemplate":"https:\/\/www.conveniosocial.com.br\/blog\/?s={search_term_string}"},"query-input":{"@type":"PropertyValueSpecification","valueRequired":true,"valueName":"search_term_string"}}],"inLanguage":"pt-BR"},{"@type":"Organization","@id":"https:\/\/www.conveniosocial.com.br\/blog\/#organization","name":"Conv\u00eanio Social","url":"https:\/\/www.conveniosocial.com.br\/blog\/","logo":{"@type":"ImageObject","inLanguage":"pt-BR","@id":"https:\/\/www.conveniosocial.com.br\/blog\/#\/schema\/logo\/image\/","url":"https:\/\/www.conveniosocial.com.br\/blog\/wp-content\/uploads\/2021\/11\/novo_logo-convenio-socia-digital.png","contentUrl":"https:\/\/www.conveniosocial.com.br\/blog\/wp-content\/uploads\/2021\/11\/novo_logo-convenio-socia-digital.png","width":400,"height":102,"caption":"Conv\u00eanio Social"},"image":{"@id":"https:\/\/www.conveniosocial.com.br\/blog\/#\/schema\/logo\/image\/"}}]}},"_links":{"self":[{"href":"https:\/\/www.conveniosocial.com.br\/blog\/wp-json\/wp\/v2\/posts\/152835","targetHints":{"allow":["GET"]}}],"collection":[{"href":"https:\/\/www.conveniosocial.com.br\/blog\/wp-json\/wp\/v2\/posts"}],"about":[{"href":"https:\/\/www.conveniosocial.com.br\/blog\/wp-json\/wp\/v2\/types\/post"}],"replies":[{"embeddable":true,"href":"https:\/\/www.conveniosocial.com.br\/blog\/wp-json\/wp\/v2\/comments?post=152835"}],"version-history":[{"count":0,"href":"https:\/\/www.conveniosocial.com.br\/blog\/wp-json\/wp\/v2\/posts\/152835\/revisions"}],"wp:attachment":[{"href":"https:\/\/www.conveniosocial.com.br\/blog\/wp-json\/wp\/v2\/media?parent=152835"}],"wp:term":[{"taxonomy":"category","embeddable":true,"href":"https:\/\/www.conveniosocial.com.br\/blog\/wp-json\/wp\/v2\/categories?post=152835"},{"taxonomy":"post_tag","embeddable":true,"href":"https:\/\/www.conveniosocial.com.br\/blog\/wp-json\/wp\/v2\/tags?post=152835"}],"curies":[{"name":"wp","href":"https:\/\/api.w.org\/{rel}","templated":true}]}}