{"id":152865,"date":"2026-03-18T21:01:02","date_gmt":"2026-03-19T00:01:02","guid":{"rendered":"https:\/\/www.conveniosocial.com.br\/blog\/nehuma\/dra-marciane-bertoli-sua-clinica-de-estetica-em-serra-es\/"},"modified":"2026-03-18T21:01:02","modified_gmt":"2026-03-19T00:01:02","slug":"dra-marciane-bertoli-sua-clinica-de-estetica-em-serra-es","status":"publish","type":"post","link":"https:\/\/www.conveniosocial.com.br\/blog\/exames-de-imagem\/dra-marciane-bertoli-sua-clinica-de-estetica-em-serra-es\/","title":{"rendered":"Dra. Marciane Bertoli: Sua Cl\u00ednica de Est\u00e9tica em Serra-ES"},"content":{"rendered":"<div id=\"ez-toc-container\" class=\"ez-toc-v2_0_82_2 counter-flat ez-toc-counter ez-toc-white ez-toc-container-direction\">\n<p class=\"ez-toc-title\" style=\"cursor:inherit\">\u00cdndice do Conte\u00fado<\/p>\n<label for=\"ez-toc-cssicon-toggle-item-69f77e29ad393\" class=\"ez-toc-cssicon-toggle-label\"><span class=\"ez-toc-cssicon\"><span class=\"eztoc-hide\" style=\"display:none;\">Toggle<\/span><span class=\"ez-toc-icon-toggle-span\"><svg style=\"fill: #999;color:#999\" xmlns=\"http:\/\/www.w3.org\/2000\/svg\" class=\"list-377408\" width=\"20px\" height=\"20px\" viewBox=\"0 0 24 24\" fill=\"none\"><path d=\"M6 6H4v2h2V6zm14 0H8v2h12V6zM4 11h2v2H4v-2zm16 0H8v2h12v-2zM4 16h2v2H4v-2zm16 0H8v2h12v-2z\" fill=\"currentColor\"><\/path><\/svg><svg style=\"fill: #999;color:#999\" class=\"arrow-unsorted-368013\" xmlns=\"http:\/\/www.w3.org\/2000\/svg\" width=\"10px\" height=\"10px\" viewBox=\"0 0 24 24\" version=\"1.2\" baseProfile=\"tiny\"><path d=\"M18.2 9.3l-6.2-6.3-6.2 6.3c-.2.2-.3.4-.3.7s.1.5.3.7c.2.2.4.3.7.3h11c.3 0 .5-.1.7-.3.2-.2.3-.5.3-.7s-.1-.5-.3-.7zM5.8 14.7l6.2 6.3 6.2-6.3c.2-.2.3-.5.3-.7s-.1-.5-.3-.7c-.2-.2-.4-.3-.7-.3h-11c-.3 0-.5.1-.7.3-.2.2-.3.5-.3.7s.1.5.3.7z\"\/><\/svg><\/span><\/span><\/label><input type=\"checkbox\"  id=\"ez-toc-cssicon-toggle-item-69f77e29ad393\" checked aria-label=\"Alternar\" \/><nav><ul class='ez-toc-list ez-toc-list-level-1 ' ><li class='ez-toc-page-1'><a class=\"ez-toc-link ez-toc-heading-1\" href=\"https:\/\/www.conveniosocial.com.br\/blog\/exames-de-imagem\/dra-marciane-bertoli-sua-clinica-de-estetica-em-serra-es\/#Dra_Marciane_Bertoli_Sua_Clinica_de_Estetica_em_Serra-ES\" >Dra. Marciane Bertoli: Sua Cl\u00ednica de Est\u00e9tica em Serra-ES<\/a><\/li><li class='ez-toc-page-1'><a class=\"ez-toc-link ez-toc-heading-2\" href=\"https:\/\/www.conveniosocial.com.br\/blog\/exames-de-imagem\/dra-marciane-bertoli-sua-clinica-de-estetica-em-serra-es\/#Perguntas_Frequentes\" >Perguntas Frequentes<\/a><\/li><li class='ez-toc-page-1'><a class=\"ez-toc-link ez-toc-heading-3\" href=\"https:\/\/www.conveniosocial.com.br\/blog\/exames-de-imagem\/dra-marciane-bertoli-sua-clinica-de-estetica-em-serra-es\/#Contato\" >Contato<\/a><\/li><\/ul><\/nav><\/div>\n<h2><span class=\"ez-toc-section\" id=\"Dra_Marciane_Bertoli_Sua_Clinica_de_Estetica_em_Serra-ES\"><\/span>Dra. Marciane Bertoli: Sua Cl\u00ednica de Est\u00e9tica em Serra-ES<span class=\"ez-toc-section-end\"><\/span><\/h2>\n<p>A Cl\u00ednica da Dra. Marciane Bertoli, localizada no bairro Eurico Salles, na Serra, ES, \u00e9 um espa\u00e7o dedicado ao bem-estar e \u00e0 beleza, oferecendo tratamentos est\u00e9ticos de alta qualidade com um toque humano e profissional. A Dra. Marciane Almeida Bertoli, respons\u00e1vel t\u00e9cnica da cl\u00ednica, traz consigo uma vasta experi\u00eancia e especializa\u00e7\u00e3o em procedimentos est\u00e9ticos, como Ultrassom Microfocado (HIFU), que promove um efeito lifting na pele, e a aplica\u00e7\u00e3o de Toxina Botul\u00ednica, que ajuda a suavizar rugas e linhas de express\u00e3o.  <\/p>\n<p>Al\u00e9m destes, a cl\u00ednica oferece uma variedade de exames e procedimentos que incluem Preenchimentos com \u00c1cido Hialur\u00f4nico, Bioestimuladores de Col\u00e1geno, Fios de PDO, Microagulhamento, Skinbooster, Limpeza de Pele, Drenagem Linf\u00e1tica, Massagem Relaxante, MMP Booster, Peeling Fotobiodin\u00e2mico, Peeling qu\u00edmico, Esvaziamento de Gordura (Emptiers), Harmoniza\u00e7\u00e3o corporal, MMP capilar e Terapia Capilar. Todos os servi\u00e7os s\u00e3o realizados com equipamentos modernos e t\u00e9cnicas atualizadas, garantindo resultados satisfat\u00f3rios e a seguran\u00e7a dos pacientes.  <\/p>\n<p>Localizada em uma \u00e1rea de f\u00e1cil acesso, a cl\u00ednica \u00e9 cercada por bairros como F\u00e1tima, Carapina, Jardim Limoeiro, Jardim Tropical, Laranjeiras, Barcelona, Jos\u00e9 de Anchieta, Goiabeiras e Jardim Camburi, facilitando a visita de pacientes de diferentes regi\u00f5es. O hor\u00e1rio de funcionamento \u00e9 de segunda a sexta-feira, das 09:00 \u00e0s 18:00 horas, permitindo que os pacientes agendem consultas em hor\u00e1rios convenientes.  <\/p>\n<p>Embora os conv\u00eanios sejam sob consulta, a cl\u00ednica se compromete a oferecer um atendimento acess\u00edvel e humanizado a todos. Os pacientes podem entrar em contato pelo telefone (27) 3068-3992 para agendar uma consulta ou esclarecer d\u00favidas. Infelizmente, o site e o Instagram ainda n\u00e3o foram informados, mas a cl\u00ednica est\u00e1 sempre aberta a se atualizar e a se conectar com seus pacientes atrav\u00e9s das redes sociais.  <\/p>\n<p>A Dra. Marciane Bertoli se destaca pelo seu atendimento acolhedor e pela busca constante por inova\u00e7\u00f5es na \u00e1rea da est\u00e9tica, sempre visando o melhor para os seus pacientes. Venha conhecer a cl\u00ednica e descubra como podemos ajudar voc\u00ea a se sentir ainda mais confiante e bonita. Agende sua consulta e sinta a diferen\u00e7a que um atendimento especializado pode fazer na sua vida!<\/p>\n<h3><span class=\"ez-toc-section\" id=\"Perguntas_Frequentes\"><\/span>Perguntas Frequentes<span class=\"ez-toc-section-end\"><\/span><\/h3>\n<p>P: Quais servi\u00e7os est\u00e9ticos a cl\u00ednica oferece?<br \/>\nR: A cl\u00ednica oferece uma ampla gama de tratamentos est\u00e9ticos, incluindo Ultrassom Microfocado, Toxina Botul\u00ednica, Preenchimentos com \u00c1cido Hialur\u00f4nico, entre outros.<\/p>\n<p>P: A Dra. Marciane \u00e9 especialista em alguma \u00e1rea?<br \/>\nR: Sim, a Dra. Marciane Almeida Bertoli \u00e9 especialista em est\u00e9tica e possui vasta experi\u00eancia em procedimentos est\u00e9ticos.<\/p>\n<p>P: Como posso agendar uma consulta?<br \/>\nR: Voc\u00ea pode agendar uma consulta entrando em contato pelo telefone (27) 3068-3992.<\/p>\n<p>P: A cl\u00ednica atende conv\u00eanios?<br \/>\nR: A cl\u00ednica atende conv\u00eanios sob consulta; entre em contato para mais informa\u00e7\u00f5es.<\/p>\n<p>P: Quais s\u00e3o os hor\u00e1rios de atendimento?<br \/>\nR: A cl\u00ednica funciona de segunda a sexta-feira, das 09:00 \u00e0s 18:00 horas.<\/p>\n<p>P: A localiza\u00e7\u00e3o da cl\u00ednica \u00e9 de f\u00e1cil acesso?<br \/>\nR: Sim, a cl\u00ednica est\u00e1 localizada no bairro Eurico Salles e \u00e9 facilmente acess\u00edvel a partir de diversos bairros pr\u00f3ximos.<\/p>\n<p>P: A cl\u00ednica realiza procedimentos para homens tamb\u00e9m?<br \/>\nR: Sim, todos os procedimentos est\u00e3o dispon\u00edveis tanto para homens quanto para mulheres.<\/p>\n<p>P: Quais s\u00e3o os principais diferenciais da cl\u00ednica?<br \/>\nR: A cl\u00ednica se destaca pelo atendimento acolhedor, pela especializa\u00e7\u00e3o em est\u00e9tica e pela utiliza\u00e7\u00e3o de tecnologia moderna nos tratamentos.<\/p>\n<p>P: A Dra. Marciane possui alguma certifica\u00e7\u00e3o?<br \/>\nR: Sim, a Dra. Marciane \u00e9 registrada no CRM-ES 9630 e RQE-9830, garantindo a qualidade e seguran\u00e7a dos seus servi\u00e7os.<\/p>\n<p>P: Existe alguma promo\u00e7\u00e3o ou desconto dispon\u00edvel?<br \/>\nR: Para informa\u00e7\u00f5es sobre promo\u00e7\u00f5es, recomenda-se entrar em contato diretamente com a cl\u00ednica pelo telefone.<\/p>\n<h3><span class=\"ez-toc-section\" id=\"Contato\"><\/span>Contato<span class=\"ez-toc-section-end\"><\/span><\/h3>\n<p><strong>Tel.:  | <\/strong><br \/>\n<strong>WhatsApp: &#8211; <\/strong><\/p>\n","protected":false},"excerpt":{"rendered":"<p>Dra. Marciane Bertoli: Sua Cl\u00ednica de Est\u00e9tica em Serra-ES A Cl\u00ednica da Dra. Marciane Bertoli, localizada no bairro Eurico Salles, na Serra, ES, \u00e9 um espa\u00e7o dedicado ao bem-estar e \u00e0 beleza, oferecendo tratamentos est\u00e9ticos de alta qualidade com um toque humano e profissional. A Dra. Marciane Almeida Bertoli, respons\u00e1vel t\u00e9cnica da cl\u00ednica, traz consigo [&hellip;]<\/p>\n","protected":false},"author":0,"featured_media":0,"comment_status":"open","ping_status":"open","sticky":false,"template":"","format":"standard","meta":{"_et_pb_use_builder":"o","_et_pb_old_content":"","_et_gb_content_width":"","footnotes":""},"categories":[1320,944,2152],"tags":[],"class_list":["post-152865","post","type-post","status-publish","format-standard","hentry","category-estetica-facial","category-exames-de-imagem","category-harmonizacao-corporal"],"yoast_head":"<!-- This site is optimized with the Yoast SEO Premium plugin v21.3 (Yoast SEO v27.5) - https:\/\/yoast.com\/product\/yoast-seo-premium-wordpress\/ -->\n<title>Dra. Marciane Bertoli: Sua Cl\u00ednica de Est\u00e9tica em Serra-ES - Conv\u00eanio Social<\/title>\n<meta name=\"robots\" content=\"index, follow, max-snippet:-1, max-image-preview:large, max-video-preview:-1\" \/>\n<link rel=\"canonical\" href=\"https:\/\/www.conveniosocial.com.br\/blog\/exames-de-imagem\/dra-marciane-bertoli-sua-clinica-de-estetica-em-serra-es\/\" \/>\n<meta property=\"og:locale\" content=\"pt_BR\" \/>\n<meta property=\"og:type\" content=\"article\" \/>\n<meta property=\"og:title\" content=\"Dra. Marciane Bertoli: Sua Cl\u00ednica de Est\u00e9tica em Serra-ES\" \/>\n<meta property=\"og:description\" content=\"Dra. Marciane Bertoli: Sua Cl\u00ednica de Est\u00e9tica em Serra-ES A Cl\u00ednica da Dra. Marciane Bertoli, localizada no bairro Eurico Salles, na Serra, ES, \u00e9 um espa\u00e7o dedicado ao bem-estar e \u00e0 beleza, oferecendo tratamentos est\u00e9ticos de alta qualidade com um toque humano e profissional. A Dra. Marciane Almeida Bertoli, respons\u00e1vel t\u00e9cnica da cl\u00ednica, traz consigo [&hellip;]\" \/>\n<meta property=\"og:url\" content=\"https:\/\/www.conveniosocial.com.br\/blog\/exames-de-imagem\/dra-marciane-bertoli-sua-clinica-de-estetica-em-serra-es\/\" \/>\n<meta property=\"og:site_name\" content=\"Conv\u00eanio Social\" \/>\n<meta property=\"article:published_time\" content=\"2026-03-19T00:01:02+00:00\" \/>\n<meta name=\"twitter:card\" content=\"summary_large_image\" \/>\n<meta name=\"twitter:label1\" content=\"Est. tempo de leitura\" \/>\n\t<meta name=\"twitter:data1\" content=\"3 minutos\" \/>\n<script type=\"application\/ld+json\" class=\"yoast-schema-graph\">{\"@context\":\"https:\\\/\\\/schema.org\",\"@graph\":[{\"@type\":\"Article\",\"@id\":\"https:\\\/\\\/www.conveniosocial.com.br\\\/blog\\\/exames-de-imagem\\\/dra-marciane-bertoli-sua-clinica-de-estetica-em-serra-es\\\/#article\",\"isPartOf\":{\"@id\":\"https:\\\/\\\/www.conveniosocial.com.br\\\/blog\\\/exames-de-imagem\\\/dra-marciane-bertoli-sua-clinica-de-estetica-em-serra-es\\\/\"},\"author\":{\"name\":\"\",\"@id\":\"\"},\"headline\":\"Dra. Marciane Bertoli: Sua Cl\u00ednica de Est\u00e9tica em Serra-ES\",\"datePublished\":\"2026-03-19T00:01:02+00:00\",\"mainEntityOfPage\":{\"@id\":\"https:\\\/\\\/www.conveniosocial.com.br\\\/blog\\\/exames-de-imagem\\\/dra-marciane-bertoli-sua-clinica-de-estetica-em-serra-es\\\/\"},\"wordCount\":670,\"commentCount\":0,\"publisher\":{\"@id\":\"https:\\\/\\\/www.conveniosocial.com.br\\\/blog\\\/#organization\"},\"articleSection\":[\"Est\u00e9tica Facial\",\"Exames de Imagem\",\"Harmoniza\u00e7\u00e3o Corporal\"],\"inLanguage\":\"pt-BR\"},{\"@type\":\"WebPage\",\"@id\":\"https:\\\/\\\/www.conveniosocial.com.br\\\/blog\\\/exames-de-imagem\\\/dra-marciane-bertoli-sua-clinica-de-estetica-em-serra-es\\\/\",\"url\":\"https:\\\/\\\/www.conveniosocial.com.br\\\/blog\\\/exames-de-imagem\\\/dra-marciane-bertoli-sua-clinica-de-estetica-em-serra-es\\\/\",\"name\":\"Dra. Marciane Bertoli: Sua Cl\u00ednica de Est\u00e9tica em Serra-ES - Conv\u00eanio Social\",\"isPartOf\":{\"@id\":\"https:\\\/\\\/www.conveniosocial.com.br\\\/blog\\\/#website\"},\"datePublished\":\"2026-03-19T00:01:02+00:00\",\"breadcrumb\":{\"@id\":\"https:\\\/\\\/www.conveniosocial.com.br\\\/blog\\\/exames-de-imagem\\\/dra-marciane-bertoli-sua-clinica-de-estetica-em-serra-es\\\/#breadcrumb\"},\"inLanguage\":\"pt-BR\",\"potentialAction\":[{\"@type\":\"ReadAction\",\"target\":[\"https:\\\/\\\/www.conveniosocial.com.br\\\/blog\\\/exames-de-imagem\\\/dra-marciane-bertoli-sua-clinica-de-estetica-em-serra-es\\\/\"]}]},{\"@type\":\"BreadcrumbList\",\"@id\":\"https:\\\/\\\/www.conveniosocial.com.br\\\/blog\\\/exames-de-imagem\\\/dra-marciane-bertoli-sua-clinica-de-estetica-em-serra-es\\\/#breadcrumb\",\"itemListElement\":[{\"@type\":\"ListItem\",\"position\":1,\"name\":\"Home\",\"item\":\"https:\\\/\\\/www.conveniosocial.com.br\\\/blog\\\/\"},{\"@type\":\"ListItem\",\"position\":2,\"name\":\"Est\u00e9tica Facial\",\"item\":\"https:\\\/\\\/www.conveniosocial.com.br\\\/blog\\\/estetica-facial\\\/\"},{\"@type\":\"ListItem\",\"position\":3,\"name\":\"Dra. Marciane Bertoli: Sua Cl\u00ednica de Est\u00e9tica em Serra-ES\"}]},{\"@type\":\"WebSite\",\"@id\":\"https:\\\/\\\/www.conveniosocial.com.br\\\/blog\\\/#website\",\"url\":\"https:\\\/\\\/www.conveniosocial.com.br\\\/blog\\\/\",\"name\":\"Conv\u00eanio Social\",\"description\":\"Informa\u00e7\u00f5es de Sa\u00fade e Bem-estar, Consultas e Exames Popular\",\"publisher\":{\"@id\":\"https:\\\/\\\/www.conveniosocial.com.br\\\/blog\\\/#organization\"},\"potentialAction\":[{\"@type\":\"SearchAction\",\"target\":{\"@type\":\"EntryPoint\",\"urlTemplate\":\"https:\\\/\\\/www.conveniosocial.com.br\\\/blog\\\/?s={search_term_string}\"},\"query-input\":{\"@type\":\"PropertyValueSpecification\",\"valueRequired\":true,\"valueName\":\"search_term_string\"}}],\"inLanguage\":\"pt-BR\"},{\"@type\":\"Organization\",\"@id\":\"https:\\\/\\\/www.conveniosocial.com.br\\\/blog\\\/#organization\",\"name\":\"Conv\u00eanio Social\",\"url\":\"https:\\\/\\\/www.conveniosocial.com.br\\\/blog\\\/\",\"logo\":{\"@type\":\"ImageObject\",\"inLanguage\":\"pt-BR\",\"@id\":\"https:\\\/\\\/www.conveniosocial.com.br\\\/blog\\\/#\\\/schema\\\/logo\\\/image\\\/\",\"url\":\"https:\\\/\\\/www.conveniosocial.com.br\\\/blog\\\/wp-content\\\/uploads\\\/2021\\\/11\\\/novo_logo-convenio-socia-digital.png\",\"contentUrl\":\"https:\\\/\\\/www.conveniosocial.com.br\\\/blog\\\/wp-content\\\/uploads\\\/2021\\\/11\\\/novo_logo-convenio-socia-digital.png\",\"width\":400,\"height\":102,\"caption\":\"Conv\u00eanio Social\"},\"image\":{\"@id\":\"https:\\\/\\\/www.conveniosocial.com.br\\\/blog\\\/#\\\/schema\\\/logo\\\/image\\\/\"}}]}<\/script>\n<!-- \/ Yoast SEO Premium plugin. -->","yoast_head_json":{"title":"Dra. Marciane Bertoli: Sua Cl\u00ednica de Est\u00e9tica em Serra-ES - Conv\u00eanio Social","robots":{"index":"index","follow":"follow","max-snippet":"max-snippet:-1","max-image-preview":"max-image-preview:large","max-video-preview":"max-video-preview:-1"},"canonical":"https:\/\/www.conveniosocial.com.br\/blog\/exames-de-imagem\/dra-marciane-bertoli-sua-clinica-de-estetica-em-serra-es\/","og_locale":"pt_BR","og_type":"article","og_title":"Dra. Marciane Bertoli: Sua Cl\u00ednica de Est\u00e9tica em Serra-ES","og_description":"Dra. Marciane Bertoli: Sua Cl\u00ednica de Est\u00e9tica em Serra-ES A Cl\u00ednica da Dra. Marciane Bertoli, localizada no bairro Eurico Salles, na Serra, ES, \u00e9 um espa\u00e7o dedicado ao bem-estar e \u00e0 beleza, oferecendo tratamentos est\u00e9ticos de alta qualidade com um toque humano e profissional. A Dra. Marciane Almeida Bertoli, respons\u00e1vel t\u00e9cnica da cl\u00ednica, traz consigo [&hellip;]","og_url":"https:\/\/www.conveniosocial.com.br\/blog\/exames-de-imagem\/dra-marciane-bertoli-sua-clinica-de-estetica-em-serra-es\/","og_site_name":"Conv\u00eanio Social","article_published_time":"2026-03-19T00:01:02+00:00","twitter_card":"summary_large_image","twitter_misc":{"Est. tempo de leitura":"3 minutos"},"schema":{"@context":"https:\/\/schema.org","@graph":[{"@type":"Article","@id":"https:\/\/www.conveniosocial.com.br\/blog\/exames-de-imagem\/dra-marciane-bertoli-sua-clinica-de-estetica-em-serra-es\/#article","isPartOf":{"@id":"https:\/\/www.conveniosocial.com.br\/blog\/exames-de-imagem\/dra-marciane-bertoli-sua-clinica-de-estetica-em-serra-es\/"},"author":{"name":"","@id":""},"headline":"Dra. Marciane Bertoli: Sua Cl\u00ednica de Est\u00e9tica em Serra-ES","datePublished":"2026-03-19T00:01:02+00:00","mainEntityOfPage":{"@id":"https:\/\/www.conveniosocial.com.br\/blog\/exames-de-imagem\/dra-marciane-bertoli-sua-clinica-de-estetica-em-serra-es\/"},"wordCount":670,"commentCount":0,"publisher":{"@id":"https:\/\/www.conveniosocial.com.br\/blog\/#organization"},"articleSection":["Est\u00e9tica Facial","Exames de Imagem","Harmoniza\u00e7\u00e3o Corporal"],"inLanguage":"pt-BR"},{"@type":"WebPage","@id":"https:\/\/www.conveniosocial.com.br\/blog\/exames-de-imagem\/dra-marciane-bertoli-sua-clinica-de-estetica-em-serra-es\/","url":"https:\/\/www.conveniosocial.com.br\/blog\/exames-de-imagem\/dra-marciane-bertoli-sua-clinica-de-estetica-em-serra-es\/","name":"Dra. Marciane Bertoli: Sua Cl\u00ednica de Est\u00e9tica em Serra-ES - Conv\u00eanio Social","isPartOf":{"@id":"https:\/\/www.conveniosocial.com.br\/blog\/#website"},"datePublished":"2026-03-19T00:01:02+00:00","breadcrumb":{"@id":"https:\/\/www.conveniosocial.com.br\/blog\/exames-de-imagem\/dra-marciane-bertoli-sua-clinica-de-estetica-em-serra-es\/#breadcrumb"},"inLanguage":"pt-BR","potentialAction":[{"@type":"ReadAction","target":["https:\/\/www.conveniosocial.com.br\/blog\/exames-de-imagem\/dra-marciane-bertoli-sua-clinica-de-estetica-em-serra-es\/"]}]},{"@type":"BreadcrumbList","@id":"https:\/\/www.conveniosocial.com.br\/blog\/exames-de-imagem\/dra-marciane-bertoli-sua-clinica-de-estetica-em-serra-es\/#breadcrumb","itemListElement":[{"@type":"ListItem","position":1,"name":"Home","item":"https:\/\/www.conveniosocial.com.br\/blog\/"},{"@type":"ListItem","position":2,"name":"Est\u00e9tica Facial","item":"https:\/\/www.conveniosocial.com.br\/blog\/estetica-facial\/"},{"@type":"ListItem","position":3,"name":"Dra. Marciane Bertoli: Sua Cl\u00ednica de Est\u00e9tica em Serra-ES"}]},{"@type":"WebSite","@id":"https:\/\/www.conveniosocial.com.br\/blog\/#website","url":"https:\/\/www.conveniosocial.com.br\/blog\/","name":"Conv\u00eanio Social","description":"Informa\u00e7\u00f5es de Sa\u00fade e Bem-estar, Consultas e Exames Popular","publisher":{"@id":"https:\/\/www.conveniosocial.com.br\/blog\/#organization"},"potentialAction":[{"@type":"SearchAction","target":{"@type":"EntryPoint","urlTemplate":"https:\/\/www.conveniosocial.com.br\/blog\/?s={search_term_string}"},"query-input":{"@type":"PropertyValueSpecification","valueRequired":true,"valueName":"search_term_string"}}],"inLanguage":"pt-BR"},{"@type":"Organization","@id":"https:\/\/www.conveniosocial.com.br\/blog\/#organization","name":"Conv\u00eanio Social","url":"https:\/\/www.conveniosocial.com.br\/blog\/","logo":{"@type":"ImageObject","inLanguage":"pt-BR","@id":"https:\/\/www.conveniosocial.com.br\/blog\/#\/schema\/logo\/image\/","url":"https:\/\/www.conveniosocial.com.br\/blog\/wp-content\/uploads\/2021\/11\/novo_logo-convenio-socia-digital.png","contentUrl":"https:\/\/www.conveniosocial.com.br\/blog\/wp-content\/uploads\/2021\/11\/novo_logo-convenio-socia-digital.png","width":400,"height":102,"caption":"Conv\u00eanio Social"},"image":{"@id":"https:\/\/www.conveniosocial.com.br\/blog\/#\/schema\/logo\/image\/"}}]}},"_links":{"self":[{"href":"https:\/\/www.conveniosocial.com.br\/blog\/wp-json\/wp\/v2\/posts\/152865","targetHints":{"allow":["GET"]}}],"collection":[{"href":"https:\/\/www.conveniosocial.com.br\/blog\/wp-json\/wp\/v2\/posts"}],"about":[{"href":"https:\/\/www.conveniosocial.com.br\/blog\/wp-json\/wp\/v2\/types\/post"}],"replies":[{"embeddable":true,"href":"https:\/\/www.conveniosocial.com.br\/blog\/wp-json\/wp\/v2\/comments?post=152865"}],"version-history":[{"count":0,"href":"https:\/\/www.conveniosocial.com.br\/blog\/wp-json\/wp\/v2\/posts\/152865\/revisions"}],"wp:attachment":[{"href":"https:\/\/www.conveniosocial.com.br\/blog\/wp-json\/wp\/v2\/media?parent=152865"}],"wp:term":[{"taxonomy":"category","embeddable":true,"href":"https:\/\/www.conveniosocial.com.br\/blog\/wp-json\/wp\/v2\/categories?post=152865"},{"taxonomy":"post_tag","embeddable":true,"href":"https:\/\/www.conveniosocial.com.br\/blog\/wp-json\/wp\/v2\/tags?post=152865"}],"curies":[{"name":"wp","href":"https:\/\/api.w.org\/{rel}","templated":true}]}}