{"id":153922,"date":"2026-04-24T09:01:07","date_gmt":"2026-04-24T12:01:07","guid":{"rendered":"https:\/\/www.conveniosocial.com.br\/blog\/nehuma\/farmacia-nissei-cuidado-e-saude-em-brasilia\/"},"modified":"2026-04-24T09:01:07","modified_gmt":"2026-04-24T12:01:07","slug":"farmacia-nissei-cuidado-e-saude-em-brasilia","status":"publish","type":"post","link":"https:\/\/www.conveniosocial.com.br\/blog\/saude-e-bem-estar\/farmacia-nissei-cuidado-e-saude-em-brasilia\/","title":{"rendered":"Farm\u00e1cia Nissei: Cuidado e Sa\u00fade em Bras\u00edlia"},"content":{"rendered":"<div id=\"ez-toc-container\" class=\"ez-toc-v2_0_82_2 counter-flat ez-toc-counter ez-toc-white ez-toc-container-direction\">\n<p class=\"ez-toc-title\" style=\"cursor:inherit\">\u00cdndice do Conte\u00fado<\/p>\n<label for=\"ez-toc-cssicon-toggle-item-69f1ec5de8e73\" class=\"ez-toc-cssicon-toggle-label\"><span class=\"ez-toc-cssicon\"><span class=\"eztoc-hide\" style=\"display:none;\">Toggle<\/span><span class=\"ez-toc-icon-toggle-span\"><svg style=\"fill: #999;color:#999\" xmlns=\"http:\/\/www.w3.org\/2000\/svg\" class=\"list-377408\" width=\"20px\" height=\"20px\" viewBox=\"0 0 24 24\" fill=\"none\"><path d=\"M6 6H4v2h2V6zm14 0H8v2h12V6zM4 11h2v2H4v-2zm16 0H8v2h12v-2zM4 16h2v2H4v-2zm16 0H8v2h12v-2z\" fill=\"currentColor\"><\/path><\/svg><svg style=\"fill: #999;color:#999\" class=\"arrow-unsorted-368013\" xmlns=\"http:\/\/www.w3.org\/2000\/svg\" width=\"10px\" height=\"10px\" viewBox=\"0 0 24 24\" version=\"1.2\" baseProfile=\"tiny\"><path d=\"M18.2 9.3l-6.2-6.3-6.2 6.3c-.2.2-.3.4-.3.7s.1.5.3.7c.2.2.4.3.7.3h11c.3 0 .5-.1.7-.3.2-.2.3-.5.3-.7s-.1-.5-.3-.7zM5.8 14.7l6.2 6.3 6.2-6.3c.2-.2.3-.5.3-.7s-.1-.5-.3-.7c-.2-.2-.4-.3-.7-.3h-11c-.3 0-.5.1-.7.3-.2.2-.3.5-.3.7s.1.5.3.7z\"\/><\/svg><\/span><\/span><\/label><input type=\"checkbox\"  id=\"ez-toc-cssicon-toggle-item-69f1ec5de8e73\" checked aria-label=\"Alternar\" \/><nav><ul class='ez-toc-list ez-toc-list-level-1 ' ><li class='ez-toc-page-1'><a class=\"ez-toc-link ez-toc-heading-1\" href=\"https:\/\/www.conveniosocial.com.br\/blog\/saude-e-bem-estar\/farmacia-nissei-cuidado-e-saude-em-brasilia\/#Farmacia_Nissei_Cuidado_e_Saude_em_Brasilia\" >Farm\u00e1cia Nissei: Cuidado e Sa\u00fade em Bras\u00edlia<\/a><\/li><li class='ez-toc-page-1'><a class=\"ez-toc-link ez-toc-heading-2\" href=\"https:\/\/www.conveniosocial.com.br\/blog\/saude-e-bem-estar\/farmacia-nissei-cuidado-e-saude-em-brasilia\/#Perguntas_Frequentes\" >Perguntas Frequentes<\/a><\/li><li class='ez-toc-page-1'><a class=\"ez-toc-link ez-toc-heading-3\" href=\"https:\/\/www.conveniosocial.com.br\/blog\/saude-e-bem-estar\/farmacia-nissei-cuidado-e-saude-em-brasilia\/#Contato\" >Contato<\/a><\/li><\/ul><\/nav><\/div>\n<h2><span class=\"ez-toc-section\" id=\"Farmacia_Nissei_Cuidado_e_Saude_em_Brasilia\"><\/span>Farm\u00e1cia Nissei: Cuidado e Sa\u00fade em Bras\u00edlia<span class=\"ez-toc-section-end\"><\/span><\/h2>\n<p>A Farm\u00e1cia e Drogaria Nissei S.A \u00e9 um verdadeiro \u00edcone de cuidado e sa\u00fade localizado no cora\u00e7\u00e3o de Bras\u00edlia, no bairro Asa Norte. Com um compromisso inabal\u00e1vel com a qualidade e o bem-estar dos seus clientes, a Nissei se destaca n\u00e3o apenas pela variedade de produtos, mas tamb\u00e9m pelo atendimento humanizado e acolhedor. Sob a responsabilidade t\u00e9cnica do farmac\u00eautico Alexandre Maeoka, a cl\u00ednica oferece um ambiente seguro e confi\u00e1vel para todos que buscam medicamentos e cuidados de sa\u00fade. <\/p>\n<p>Com um hor\u00e1rio de funcionamento que atende \u00e0 rotina de todos, a farm\u00e1cia est\u00e1 aberta de segunda a s\u00e1bado, das 8h00 \u00e0s 22h00, e aos domingos e feriados, das 8h00 \u00e0s 20h00. Essa flexibilidade permite que os clientes acessem nossos servi\u00e7os em momentos convenientes, garantindo que todos tenham a oportunidade de cuidar da sa\u00fade. <\/p>\n<p>Na Nissei, a especialidade \u00e9 a Farm\u00e1cia Comercial, onde oferecemos uma ampla gama de medicamentos e produtos relacionados \u00e0 sa\u00fade. Entre nossos servi\u00e7os, destacamos exames de medicamentos a um pre\u00e7o acess\u00edvel de R$ 2,22, testes para uma vida saud\u00e1vel por apenas R$ 0,50 e cuidados de dermo e beleza por R$ 0,75. Esses exames s\u00e3o uma \u00f3tima maneira de monitorar a sua sa\u00fade e bem-estar, sempre com o respaldo de profissionais capacitados. <\/p>\n<p>Nosso compromisso com a sa\u00fade vai al\u00e9m da simples venda de medicamentos. Na Farm\u00e1cia Nissei, buscamos promover uma abordagem hol\u00edstica ao bem-estar. Os nossos clientes podem contar com um atendimento personalizado, onde cada um \u00e9 tratado com aten\u00e7\u00e3o e respeito. Acreditamos que o cuidado com a sa\u00fade deve ser uma experi\u00eancia positiva e informativa, onde os nossos farmac\u00eauticos est\u00e3o sempre prontos para oferecer orienta\u00e7\u00f5es e tirar d\u00favidas. <\/p>\n<p>Estamos sempre prontos para atender a sua necessidade, e para facilitar ainda mais, aceitamos atendimento particular, garantindo que todos possam usufruir dos nossos servi\u00e7os sem complica\u00e7\u00f5es. Al\u00e9m disso, estamos localizados em uma \u00e1rea de f\u00e1cil acesso, cercada por diversos bairros, permitindo que mais pessoas possam se beneficiar do nosso trabalho. <\/p>\n<p>Para mais informa\u00e7\u00f5es ou para agendar um atendimento, n\u00e3o hesite em nos contatar pelo telefone 0800 6436464. Embora ainda n\u00e3o tenhamos um site ou Instagram, estamos trabalhando para aprimorar nossa presen\u00e7a digital e facilitar o contato com nossos clientes. <\/p>\n<p>Em suma, a Farm\u00e1cia Nissei \u00e9 mais do que um local para adquirir medicamentos; \u00e9 um espa\u00e7o dedicado \u00e0 sa\u00fade e ao bem-estar, onde cada cliente \u00e9 tratado com o m\u00e1ximo cuidado e aten\u00e7\u00e3o. Venha nos visitar e descubra como podemos ajudar voc\u00ea a alcan\u00e7ar uma vida mais saud\u00e1vel.<\/p>\n<h3><span class=\"ez-toc-section\" id=\"Perguntas_Frequentes\"><\/span>Perguntas Frequentes<span class=\"ez-toc-section-end\"><\/span><\/h3>\n<p>P: Quais servi\u00e7os a Farm\u00e1cia Nissei oferece?<br \/>\nR: Oferecemos medicamentos, exames de sa\u00fade e produtos de dermo e beleza.<\/p>\n<p>P: Qual o hor\u00e1rio de funcionamento da farm\u00e1cia?<br \/>\nR: Estamos abertos de segunda a s\u00e1bado das 8h00 \u00e0s 22h00 e domingos e feriados das 8h00 \u00e0s 20h00.<\/p>\n<p>P: A Farm\u00e1cia Nissei aceita conv\u00eanios?<br \/>\nR: Aceitamos atendimento particular, garantindo acesso a todos.<\/p>\n<p>P: Onde a Farm\u00e1cia Nissei est\u00e1 localizada?<br \/>\nR: Estamos situados no bairro Asa Norte, em Bras\u00edlia-DF.<\/p>\n<p>P: Como posso entrar em contato com a farm\u00e1cia?<br \/>\nR: Voc\u00ea pode nos contatar pelo telefone 0800 6436464.<\/p>\n<p>P: Quais s\u00e3o os pre\u00e7os dos exames?<br \/>\nR: Os exames variam de R$ 0,50 a R$ 2,22, dependendo do tipo de teste.<\/p>\n<p>P: Quem \u00e9 o respons\u00e1vel t\u00e9cnico da farm\u00e1cia?<br \/>\nR: O respons\u00e1vel t\u00e9cnico \u00e9 o farmac\u00eautico Alexandre Maeoka.<\/p>\n<p>P: A Farm\u00e1cia Nissei oferece atendimento personalizado?<br \/>\nR: Sim, nosso atendimento \u00e9 humanizado e voltado para as necessidades de cada cliente.<\/p>\n<p>P: Existem produtos para beleza na farm\u00e1cia?<br \/>\nR: Sim, oferecemos uma variedade de produtos de dermo e beleza.<\/p>\n<p>P: A farm\u00e1cia est\u00e1 acess\u00edvel para pessoas com mobilidade reduzida?<br \/>\nR: Sim, nossa localiza\u00e7\u00e3o e instala\u00e7\u00f5es s\u00e3o projetadas para serem acess\u00edveis a todos.<\/p>\n<h3><span class=\"ez-toc-section\" id=\"Contato\"><\/span>Contato<span class=\"ez-toc-section-end\"><\/span><\/h3>\n<p><strong>Tel.:  | <\/strong><br \/>\n<strong>WhatsApp: &#8211; <\/strong><\/p>\n","protected":false},"excerpt":{"rendered":"<p>Farm\u00e1cia Nissei: Cuidado e Sa\u00fade em Bras\u00edlia A Farm\u00e1cia e Drogaria Nissei S.A \u00e9 um verdadeiro \u00edcone de cuidado e sa\u00fade localizado no cora\u00e7\u00e3o de Bras\u00edlia, no bairro Asa Norte. Com um compromisso inabal\u00e1vel com a qualidade e o bem-estar dos seus clientes, a Nissei se destaca n\u00e3o apenas pela variedade de produtos, mas tamb\u00e9m [&hellip;]<\/p>\n","protected":false},"author":0,"featured_media":0,"comment_status":"open","ping_status":"open","sticky":false,"template":"","format":"standard","meta":{"_et_pb_use_builder":"o","_et_pb_old_content":"","_et_gb_content_width":"","footnotes":""},"categories":[2688,1591,965],"tags":[],"class_list":["post-153922","post","type-post","status-publish","format-standard","hentry","category-dermo-beleza","category-farmacia","category-saude-e-bem-estar"],"yoast_head":"<!-- This site is optimized with the Yoast SEO Premium plugin v21.3 (Yoast SEO v27.5) - https:\/\/yoast.com\/product\/yoast-seo-premium-wordpress\/ -->\n<title>Farm\u00e1cia Nissei: Cuidado e Sa\u00fade em Bras\u00edlia - Conv\u00eanio Social<\/title>\n<meta name=\"robots\" content=\"index, follow, max-snippet:-1, max-image-preview:large, max-video-preview:-1\" \/>\n<link rel=\"canonical\" href=\"https:\/\/www.conveniosocial.com.br\/blog\/saude-e-bem-estar\/farmacia-nissei-cuidado-e-saude-em-brasilia\/\" \/>\n<meta property=\"og:locale\" content=\"pt_BR\" \/>\n<meta property=\"og:type\" content=\"article\" \/>\n<meta property=\"og:title\" content=\"Farm\u00e1cia Nissei: Cuidado e Sa\u00fade em Bras\u00edlia\" \/>\n<meta property=\"og:description\" content=\"Farm\u00e1cia Nissei: Cuidado e Sa\u00fade em Bras\u00edlia A Farm\u00e1cia e Drogaria Nissei S.A \u00e9 um verdadeiro \u00edcone de cuidado e sa\u00fade localizado no cora\u00e7\u00e3o de Bras\u00edlia, no bairro Asa Norte. Com um compromisso inabal\u00e1vel com a qualidade e o bem-estar dos seus clientes, a Nissei se destaca n\u00e3o apenas pela variedade de produtos, mas tamb\u00e9m [&hellip;]\" \/>\n<meta property=\"og:url\" content=\"https:\/\/www.conveniosocial.com.br\/blog\/saude-e-bem-estar\/farmacia-nissei-cuidado-e-saude-em-brasilia\/\" \/>\n<meta property=\"og:site_name\" content=\"Conv\u00eanio Social\" \/>\n<meta property=\"article:published_time\" content=\"2026-04-24T12:01:07+00:00\" \/>\n<meta name=\"twitter:card\" content=\"summary_large_image\" \/>\n<meta name=\"twitter:label1\" content=\"Est. tempo de leitura\" \/>\n\t<meta name=\"twitter:data1\" content=\"3 minutos\" \/>\n<script type=\"application\/ld+json\" class=\"yoast-schema-graph\">{\"@context\":\"https:\\\/\\\/schema.org\",\"@graph\":[{\"@type\":\"Article\",\"@id\":\"https:\\\/\\\/www.conveniosocial.com.br\\\/blog\\\/saude-e-bem-estar\\\/farmacia-nissei-cuidado-e-saude-em-brasilia\\\/#article\",\"isPartOf\":{\"@id\":\"https:\\\/\\\/www.conveniosocial.com.br\\\/blog\\\/saude-e-bem-estar\\\/farmacia-nissei-cuidado-e-saude-em-brasilia\\\/\"},\"author\":{\"name\":\"\",\"@id\":\"\"},\"headline\":\"Farm\u00e1cia Nissei: Cuidado e Sa\u00fade em Bras\u00edlia\",\"datePublished\":\"2026-04-24T12:01:07+00:00\",\"mainEntityOfPage\":{\"@id\":\"https:\\\/\\\/www.conveniosocial.com.br\\\/blog\\\/saude-e-bem-estar\\\/farmacia-nissei-cuidado-e-saude-em-brasilia\\\/\"},\"wordCount\":687,\"commentCount\":0,\"publisher\":{\"@id\":\"https:\\\/\\\/www.conveniosocial.com.br\\\/blog\\\/#organization\"},\"articleSection\":[\"Dermo &amp; Beleza\",\"Farm\u00e1cia\",\"Sa\u00fade e bem-estar\"],\"inLanguage\":\"pt-BR\"},{\"@type\":\"WebPage\",\"@id\":\"https:\\\/\\\/www.conveniosocial.com.br\\\/blog\\\/saude-e-bem-estar\\\/farmacia-nissei-cuidado-e-saude-em-brasilia\\\/\",\"url\":\"https:\\\/\\\/www.conveniosocial.com.br\\\/blog\\\/saude-e-bem-estar\\\/farmacia-nissei-cuidado-e-saude-em-brasilia\\\/\",\"name\":\"Farm\u00e1cia Nissei: Cuidado e Sa\u00fade em Bras\u00edlia - Conv\u00eanio Social\",\"isPartOf\":{\"@id\":\"https:\\\/\\\/www.conveniosocial.com.br\\\/blog\\\/#website\"},\"datePublished\":\"2026-04-24T12:01:07+00:00\",\"breadcrumb\":{\"@id\":\"https:\\\/\\\/www.conveniosocial.com.br\\\/blog\\\/saude-e-bem-estar\\\/farmacia-nissei-cuidado-e-saude-em-brasilia\\\/#breadcrumb\"},\"inLanguage\":\"pt-BR\",\"potentialAction\":[{\"@type\":\"ReadAction\",\"target\":[\"https:\\\/\\\/www.conveniosocial.com.br\\\/blog\\\/saude-e-bem-estar\\\/farmacia-nissei-cuidado-e-saude-em-brasilia\\\/\"]}]},{\"@type\":\"BreadcrumbList\",\"@id\":\"https:\\\/\\\/www.conveniosocial.com.br\\\/blog\\\/saude-e-bem-estar\\\/farmacia-nissei-cuidado-e-saude-em-brasilia\\\/#breadcrumb\",\"itemListElement\":[{\"@type\":\"ListItem\",\"position\":1,\"name\":\"Home\",\"item\":\"https:\\\/\\\/www.conveniosocial.com.br\\\/blog\\\/\"},{\"@type\":\"ListItem\",\"position\":2,\"name\":\"Dermo &amp; Beleza\",\"item\":\"https:\\\/\\\/www.conveniosocial.com.br\\\/blog\\\/dermo-beleza\\\/\"},{\"@type\":\"ListItem\",\"position\":3,\"name\":\"Farm\u00e1cia Nissei: Cuidado e Sa\u00fade em Bras\u00edlia\"}]},{\"@type\":\"WebSite\",\"@id\":\"https:\\\/\\\/www.conveniosocial.com.br\\\/blog\\\/#website\",\"url\":\"https:\\\/\\\/www.conveniosocial.com.br\\\/blog\\\/\",\"name\":\"Conv\u00eanio Social\",\"description\":\"Informa\u00e7\u00f5es de Sa\u00fade e Bem-estar, Consultas e Exames Popular\",\"publisher\":{\"@id\":\"https:\\\/\\\/www.conveniosocial.com.br\\\/blog\\\/#organization\"},\"potentialAction\":[{\"@type\":\"SearchAction\",\"target\":{\"@type\":\"EntryPoint\",\"urlTemplate\":\"https:\\\/\\\/www.conveniosocial.com.br\\\/blog\\\/?s={search_term_string}\"},\"query-input\":{\"@type\":\"PropertyValueSpecification\",\"valueRequired\":true,\"valueName\":\"search_term_string\"}}],\"inLanguage\":\"pt-BR\"},{\"@type\":\"Organization\",\"@id\":\"https:\\\/\\\/www.conveniosocial.com.br\\\/blog\\\/#organization\",\"name\":\"Conv\u00eanio Social\",\"url\":\"https:\\\/\\\/www.conveniosocial.com.br\\\/blog\\\/\",\"logo\":{\"@type\":\"ImageObject\",\"inLanguage\":\"pt-BR\",\"@id\":\"https:\\\/\\\/www.conveniosocial.com.br\\\/blog\\\/#\\\/schema\\\/logo\\\/image\\\/\",\"url\":\"https:\\\/\\\/www.conveniosocial.com.br\\\/blog\\\/wp-content\\\/uploads\\\/2021\\\/11\\\/novo_logo-convenio-socia-digital.png\",\"contentUrl\":\"https:\\\/\\\/www.conveniosocial.com.br\\\/blog\\\/wp-content\\\/uploads\\\/2021\\\/11\\\/novo_logo-convenio-socia-digital.png\",\"width\":400,\"height\":102,\"caption\":\"Conv\u00eanio Social\"},\"image\":{\"@id\":\"https:\\\/\\\/www.conveniosocial.com.br\\\/blog\\\/#\\\/schema\\\/logo\\\/image\\\/\"}}]}<\/script>\n<!-- \/ Yoast SEO Premium plugin. -->","yoast_head_json":{"title":"Farm\u00e1cia Nissei: Cuidado e Sa\u00fade em Bras\u00edlia - Conv\u00eanio Social","robots":{"index":"index","follow":"follow","max-snippet":"max-snippet:-1","max-image-preview":"max-image-preview:large","max-video-preview":"max-video-preview:-1"},"canonical":"https:\/\/www.conveniosocial.com.br\/blog\/saude-e-bem-estar\/farmacia-nissei-cuidado-e-saude-em-brasilia\/","og_locale":"pt_BR","og_type":"article","og_title":"Farm\u00e1cia Nissei: Cuidado e Sa\u00fade em Bras\u00edlia","og_description":"Farm\u00e1cia Nissei: Cuidado e Sa\u00fade em Bras\u00edlia A Farm\u00e1cia e Drogaria Nissei S.A \u00e9 um verdadeiro \u00edcone de cuidado e sa\u00fade localizado no cora\u00e7\u00e3o de Bras\u00edlia, no bairro Asa Norte. Com um compromisso inabal\u00e1vel com a qualidade e o bem-estar dos seus clientes, a Nissei se destaca n\u00e3o apenas pela variedade de produtos, mas tamb\u00e9m [&hellip;]","og_url":"https:\/\/www.conveniosocial.com.br\/blog\/saude-e-bem-estar\/farmacia-nissei-cuidado-e-saude-em-brasilia\/","og_site_name":"Conv\u00eanio Social","article_published_time":"2026-04-24T12:01:07+00:00","twitter_card":"summary_large_image","twitter_misc":{"Est. tempo de leitura":"3 minutos"},"schema":{"@context":"https:\/\/schema.org","@graph":[{"@type":"Article","@id":"https:\/\/www.conveniosocial.com.br\/blog\/saude-e-bem-estar\/farmacia-nissei-cuidado-e-saude-em-brasilia\/#article","isPartOf":{"@id":"https:\/\/www.conveniosocial.com.br\/blog\/saude-e-bem-estar\/farmacia-nissei-cuidado-e-saude-em-brasilia\/"},"author":{"name":"","@id":""},"headline":"Farm\u00e1cia Nissei: Cuidado e Sa\u00fade em Bras\u00edlia","datePublished":"2026-04-24T12:01:07+00:00","mainEntityOfPage":{"@id":"https:\/\/www.conveniosocial.com.br\/blog\/saude-e-bem-estar\/farmacia-nissei-cuidado-e-saude-em-brasilia\/"},"wordCount":687,"commentCount":0,"publisher":{"@id":"https:\/\/www.conveniosocial.com.br\/blog\/#organization"},"articleSection":["Dermo &amp; Beleza","Farm\u00e1cia","Sa\u00fade e bem-estar"],"inLanguage":"pt-BR"},{"@type":"WebPage","@id":"https:\/\/www.conveniosocial.com.br\/blog\/saude-e-bem-estar\/farmacia-nissei-cuidado-e-saude-em-brasilia\/","url":"https:\/\/www.conveniosocial.com.br\/blog\/saude-e-bem-estar\/farmacia-nissei-cuidado-e-saude-em-brasilia\/","name":"Farm\u00e1cia Nissei: Cuidado e Sa\u00fade em Bras\u00edlia - Conv\u00eanio Social","isPartOf":{"@id":"https:\/\/www.conveniosocial.com.br\/blog\/#website"},"datePublished":"2026-04-24T12:01:07+00:00","breadcrumb":{"@id":"https:\/\/www.conveniosocial.com.br\/blog\/saude-e-bem-estar\/farmacia-nissei-cuidado-e-saude-em-brasilia\/#breadcrumb"},"inLanguage":"pt-BR","potentialAction":[{"@type":"ReadAction","target":["https:\/\/www.conveniosocial.com.br\/blog\/saude-e-bem-estar\/farmacia-nissei-cuidado-e-saude-em-brasilia\/"]}]},{"@type":"BreadcrumbList","@id":"https:\/\/www.conveniosocial.com.br\/blog\/saude-e-bem-estar\/farmacia-nissei-cuidado-e-saude-em-brasilia\/#breadcrumb","itemListElement":[{"@type":"ListItem","position":1,"name":"Home","item":"https:\/\/www.conveniosocial.com.br\/blog\/"},{"@type":"ListItem","position":2,"name":"Dermo &amp; Beleza","item":"https:\/\/www.conveniosocial.com.br\/blog\/dermo-beleza\/"},{"@type":"ListItem","position":3,"name":"Farm\u00e1cia Nissei: Cuidado e Sa\u00fade em Bras\u00edlia"}]},{"@type":"WebSite","@id":"https:\/\/www.conveniosocial.com.br\/blog\/#website","url":"https:\/\/www.conveniosocial.com.br\/blog\/","name":"Conv\u00eanio Social","description":"Informa\u00e7\u00f5es de Sa\u00fade e Bem-estar, Consultas e Exames Popular","publisher":{"@id":"https:\/\/www.conveniosocial.com.br\/blog\/#organization"},"potentialAction":[{"@type":"SearchAction","target":{"@type":"EntryPoint","urlTemplate":"https:\/\/www.conveniosocial.com.br\/blog\/?s={search_term_string}"},"query-input":{"@type":"PropertyValueSpecification","valueRequired":true,"valueName":"search_term_string"}}],"inLanguage":"pt-BR"},{"@type":"Organization","@id":"https:\/\/www.conveniosocial.com.br\/blog\/#organization","name":"Conv\u00eanio Social","url":"https:\/\/www.conveniosocial.com.br\/blog\/","logo":{"@type":"ImageObject","inLanguage":"pt-BR","@id":"https:\/\/www.conveniosocial.com.br\/blog\/#\/schema\/logo\/image\/","url":"https:\/\/www.conveniosocial.com.br\/blog\/wp-content\/uploads\/2021\/11\/novo_logo-convenio-socia-digital.png","contentUrl":"https:\/\/www.conveniosocial.com.br\/blog\/wp-content\/uploads\/2021\/11\/novo_logo-convenio-socia-digital.png","width":400,"height":102,"caption":"Conv\u00eanio Social"},"image":{"@id":"https:\/\/www.conveniosocial.com.br\/blog\/#\/schema\/logo\/image\/"}}]}},"_links":{"self":[{"href":"https:\/\/www.conveniosocial.com.br\/blog\/wp-json\/wp\/v2\/posts\/153922","targetHints":{"allow":["GET"]}}],"collection":[{"href":"https:\/\/www.conveniosocial.com.br\/blog\/wp-json\/wp\/v2\/posts"}],"about":[{"href":"https:\/\/www.conveniosocial.com.br\/blog\/wp-json\/wp\/v2\/types\/post"}],"replies":[{"embeddable":true,"href":"https:\/\/www.conveniosocial.com.br\/blog\/wp-json\/wp\/v2\/comments?post=153922"}],"version-history":[{"count":0,"href":"https:\/\/www.conveniosocial.com.br\/blog\/wp-json\/wp\/v2\/posts\/153922\/revisions"}],"wp:attachment":[{"href":"https:\/\/www.conveniosocial.com.br\/blog\/wp-json\/wp\/v2\/media?parent=153922"}],"wp:term":[{"taxonomy":"category","embeddable":true,"href":"https:\/\/www.conveniosocial.com.br\/blog\/wp-json\/wp\/v2\/categories?post=153922"},{"taxonomy":"post_tag","embeddable":true,"href":"https:\/\/www.conveniosocial.com.br\/blog\/wp-json\/wp\/v2\/tags?post=153922"}],"curies":[{"name":"wp","href":"https:\/\/api.w.org\/{rel}","templated":true}]}}