{"id":153950,"date":"2026-04-26T21:00:56","date_gmt":"2026-04-27T00:00:56","guid":{"rendered":"https:\/\/www.conveniosocial.com.br\/blog\/nehuma\/casa-da-pediatra-cuidado-especializado-para-seu-filho\/"},"modified":"2026-04-26T21:00:56","modified_gmt":"2026-04-27T00:00:56","slug":"casa-da-pediatra-cuidado-especializado-para-seu-filho","status":"publish","type":"post","link":"https:\/\/www.conveniosocial.com.br\/blog\/pediatria\/casa-da-pediatra-cuidado-especializado-para-seu-filho\/","title":{"rendered":"Casa da Pediatra: Cuidado Especializado para Seu Filho"},"content":{"rendered":"<div id=\"ez-toc-container\" class=\"ez-toc-v2_0_82_2 counter-flat ez-toc-counter ez-toc-white ez-toc-container-direction\">\n<p class=\"ez-toc-title\" style=\"cursor:inherit\">\u00cdndice do Conte\u00fado<\/p>\n<label for=\"ez-toc-cssicon-toggle-item-69f2ba72cff85\" class=\"ez-toc-cssicon-toggle-label\"><span class=\"ez-toc-cssicon\"><span class=\"eztoc-hide\" style=\"display:none;\">Toggle<\/span><span class=\"ez-toc-icon-toggle-span\"><svg style=\"fill: #999;color:#999\" xmlns=\"http:\/\/www.w3.org\/2000\/svg\" class=\"list-377408\" width=\"20px\" height=\"20px\" viewBox=\"0 0 24 24\" fill=\"none\"><path d=\"M6 6H4v2h2V6zm14 0H8v2h12V6zM4 11h2v2H4v-2zm16 0H8v2h12v-2zM4 16h2v2H4v-2zm16 0H8v2h12v-2z\" fill=\"currentColor\"><\/path><\/svg><svg style=\"fill: #999;color:#999\" class=\"arrow-unsorted-368013\" xmlns=\"http:\/\/www.w3.org\/2000\/svg\" width=\"10px\" height=\"10px\" viewBox=\"0 0 24 24\" version=\"1.2\" baseProfile=\"tiny\"><path d=\"M18.2 9.3l-6.2-6.3-6.2 6.3c-.2.2-.3.4-.3.7s.1.5.3.7c.2.2.4.3.7.3h11c.3 0 .5-.1.7-.3.2-.2.3-.5.3-.7s-.1-.5-.3-.7zM5.8 14.7l6.2 6.3 6.2-6.3c.2-.2.3-.5.3-.7s-.1-.5-.3-.7c-.2-.2-.4-.3-.7-.3h-11c-.3 0-.5.1-.7.3-.2.2-.3.5-.3.7s.1.5.3.7z\"\/><\/svg><\/span><\/span><\/label><input type=\"checkbox\"  id=\"ez-toc-cssicon-toggle-item-69f2ba72cff85\" checked aria-label=\"Alternar\" \/><nav><ul class='ez-toc-list ez-toc-list-level-1 ' ><li class='ez-toc-page-1'><a class=\"ez-toc-link ez-toc-heading-1\" href=\"https:\/\/www.conveniosocial.com.br\/blog\/pediatria\/casa-da-pediatra-cuidado-especializado-para-seu-filho\/#Casa_da_Pediatra_Cuidado_Especializado_para_Seu_Filho\" >Casa da Pediatra: Cuidado Especializado para Seu Filho<\/a><\/li><li class='ez-toc-page-1'><a class=\"ez-toc-link ez-toc-heading-2\" href=\"https:\/\/www.conveniosocial.com.br\/blog\/pediatria\/casa-da-pediatra-cuidado-especializado-para-seu-filho\/#Perguntas_Frequentes\" >Perguntas Frequentes<\/a><\/li><li class='ez-toc-page-1'><a class=\"ez-toc-link ez-toc-heading-3\" href=\"https:\/\/www.conveniosocial.com.br\/blog\/pediatria\/casa-da-pediatra-cuidado-especializado-para-seu-filho\/#Contato\" >Contato<\/a><\/li><\/ul><\/nav><\/div>\n<h2><span class=\"ez-toc-section\" id=\"Casa_da_Pediatra_Cuidado_Especializado_para_Seu_Filho\"><\/span>Casa da Pediatra: Cuidado Especializado para Seu Filho<span class=\"ez-toc-section-end\"><\/span><\/h2>\n<p>A Casa da Pediatra, localizada no acolhedor bairro Bosque dos Eucaliptos em S\u00e3o Jos\u00e9 dos Campos, \u00e9 uma cl\u00ednica voltada para o cuidado da sa\u00fade infantil. Sob a responsabilidade da Dra. Tamira Teles, pediatra com CRM SP 140552, a cl\u00ednica se destaca pelo atendimento humanizado e pela dedica\u00e7\u00e3o ao acompanhamento do desenvolvimento das crian\u00e7as. A especialidade da cl\u00ednica abrange diversas \u00e1reas, incluindo Puericultura, Oncologia Pedi\u00e1trica, Neurodesenvolvimento e Primeira Inf\u00e2ncia, al\u00e9m de Pr\u00e9-natal Pedi\u00e1trico e orienta\u00e7\u00f5es sobre Aleitamento Materno e Introdu\u00e7\u00e3o Alimentar. <\/p>\n<p>A Casa da Pediatra \u00e9 um espa\u00e7o que valoriza a sa\u00fade integral da crian\u00e7a, oferecendo um ambiente acolhedor e seguro para os pequenos e suas fam\u00edlias. Os atendimentos s\u00e3o realizados de forma presencial e tamb\u00e9m por teleconsultas, com um valor acess\u00edvel de R$ 330,00, facilitando o acesso aos cuidados m\u00e9dicos. Durante as consultas, s\u00e3o realizados exames cl\u00ednicos essenciais, como Exame F\u00edsico Geral, Antropometria e Avalia\u00e7\u00e3o do Desenvolvimento Neuropsicomotor, garantindo um acompanhamento completo e eficaz. <\/p>\n<p>A cl\u00ednica est\u00e1 estrategicamente situada pr\u00f3ximo a bairros como Jardim Sul, Quinta das Flores e Jardim Sat\u00e9lite, o que proporciona facilidade de acesso para as fam\u00edlias da regi\u00e3o. Com hor\u00e1rios de atendimento flex\u00edveis, a Casa da Pediatra funciona \u00e0s segundas-feiras das 09:00 \u00e0s 11:40 e \u00e0s quartas-feiras das 08:30 \u00e0s 19:00, permitindo que os pais encontrem um momento conveniente para levar seus filhos ao m\u00e9dico. <\/p>\n<p>Al\u00e9m do atendimento pedi\u00e1trico, a Dra. Tamira oferece um acompanhamento detalhado e personalizado, orientando as fam\u00edlias sobre os cuidados necess\u00e1rios em cada fase do crescimento da crian\u00e7a, desde o pr\u00e9-natal at\u00e9 a introdu\u00e7\u00e3o alimentar. A cl\u00ednica tamb\u00e9m realiza triagens e encaminhamentos para exames laboratoriais e especialidades quando necess\u00e1rio, garantindo que todas as necessidades de sa\u00fade da crian\u00e7a sejam atendidas de forma integrada. <\/p>\n<p>A Casa da Pediatra \u00e9 um lugar onde o carinho e a compet\u00eancia se encontram, proporcionando o melhor cuidado para as crian\u00e7as. Para agendar uma consulta, entre em contato pelo telefone (12) 99967-6197 e fa\u00e7a parte da nossa fam\u00edlia de cuidadores. Em breve, voc\u00ea poder\u00e1 nos encontrar tamb\u00e9m nas redes sociais e em nosso site, onde traremos mais informa\u00e7\u00f5es sobre sa\u00fade infantil e dicas para o desenvolvimento saud\u00e1vel dos seus filhos.<\/p>\n<h3><span class=\"ez-toc-section\" id=\"Perguntas_Frequentes\"><\/span>Perguntas Frequentes<span class=\"ez-toc-section-end\"><\/span><\/h3>\n<p>P: Quais especialidades s\u00e3o atendidas na Casa da Pediatra?<br \/>\nR: A Casa da Pediatra oferece atendimento em Puericultura, Oncologia Pedi\u00e1trica, Neurodesenvolvimento, Pr\u00e9-natal Pedi\u00e1trico, Aleitamento Materno e Introdu\u00e7\u00e3o Alimentar.<\/p>\n<p>P: Como agendar uma consulta?<br \/>\nR: Para agendar uma consulta, voc\u00ea pode entrar em contato pelo telefone (12) 99967-6197.<\/p>\n<p>P: Quais exames s\u00e3o realizados na cl\u00ednica?<br \/>\nR: Na cl\u00ednica, s\u00e3o realizados Exame F\u00edsico Geral, Antropometria, Avalia\u00e7\u00e3o do Desenvolvimento Neuropsicomotor e triagens para encaminhamentos.<\/p>\n<p>P: A cl\u00ednica atende por conv\u00eanios?<br \/>\nR: O atendimento \u00e9 exclusivamente particular.<\/p>\n<p>P: Qual o valor da consulta na Casa da Pediatra?<br \/>\nR: O valor da consulta \u00e9 de R$ 330,00, tanto para atendimentos presenciais quanto para teleconsultas.<\/p>\n<p>P: Quais s\u00e3o os hor\u00e1rios de atendimento?<br \/>\nR: A cl\u00ednica atende \u00e0s segundas-feiras das 09:00 \u00e0s 11:40 e \u00e0s quartas-feiras das 08:30 \u00e0s 19:00.<\/p>\n<p>P: A Dra. Tamira \u00e9 especializada em que \u00e1reas?<br \/>\nR: A Dra. Tamira Teles \u00e9 especializada em pediatria, com foco em sa\u00fade infantil e desenvolvimento.<\/p>\n<p>P: Onde a cl\u00ednica est\u00e1 localizada?<br \/>\nR: A Casa da Pediatra est\u00e1 localizada no bairro Bosque dos Eucaliptos, em S\u00e3o Jos\u00e9 dos Campos, SP.<\/p>\n<p>P: \u00c9 poss\u00edvel fazer teleconsulta?<br \/>\nR: Sim, a cl\u00ednica oferece consultas por teleconsulta, facilitando o acesso ao atendimento m\u00e9dico.<\/p>\n<p>P: Como posso acompanhar as novidades da cl\u00ednica?<br \/>\nR: Em breve, a cl\u00ednica ter\u00e1 um site e uma p\u00e1gina no Instagram, onde ser\u00e3o postadas novidades e dicas sobre sa\u00fade infantil.<\/p>\n<h3><span class=\"ez-toc-section\" id=\"Contato\"><\/span>Contato<span class=\"ez-toc-section-end\"><\/span><\/h3>\n<p><strong>Tel.:  | <\/strong><br \/>\n<strong>WhatsApp: &#8211; <\/strong><\/p>\n","protected":false},"excerpt":{"rendered":"<p>Casa da Pediatra: Cuidado Especializado para Seu Filho A Casa da Pediatra, localizada no acolhedor bairro Bosque dos Eucaliptos em S\u00e3o Jos\u00e9 dos Campos, \u00e9 uma cl\u00ednica voltada para o cuidado da sa\u00fade infantil. Sob a responsabilidade da Dra. Tamira Teles, pediatra com CRM SP 140552, a cl\u00ednica se destaca pelo atendimento humanizado e pela [&hellip;]<\/p>\n","protected":false},"author":0,"featured_media":0,"comment_status":"open","ping_status":"open","sticky":false,"template":"","format":"standard","meta":{"_et_pb_use_builder":"o","_et_pb_old_content":"","_et_gb_content_width":"","footnotes":""},"categories":[1848,1624,1193],"tags":[],"class_list":["post-153950","post","type-post","status-publish","format-standard","hentry","category-desenvolvimento-infantil","category-oncologia-pediatrica","category-pediatria"],"yoast_head":"<!-- This site is optimized with the Yoast SEO Premium plugin v21.3 (Yoast SEO v27.5) - https:\/\/yoast.com\/product\/yoast-seo-premium-wordpress\/ -->\n<title>Casa da Pediatra: Cuidado Especializado para Seu Filho - Conv\u00eanio Social<\/title>\n<meta name=\"robots\" content=\"index, follow, max-snippet:-1, max-image-preview:large, max-video-preview:-1\" \/>\n<link rel=\"canonical\" href=\"https:\/\/www.conveniosocial.com.br\/blog\/pediatria\/casa-da-pediatra-cuidado-especializado-para-seu-filho\/\" \/>\n<meta property=\"og:locale\" content=\"pt_BR\" \/>\n<meta property=\"og:type\" content=\"article\" \/>\n<meta property=\"og:title\" content=\"Casa da Pediatra: Cuidado Especializado para Seu Filho\" \/>\n<meta property=\"og:description\" content=\"Casa da Pediatra: Cuidado Especializado para Seu Filho A Casa da Pediatra, localizada no acolhedor bairro Bosque dos Eucaliptos em S\u00e3o Jos\u00e9 dos Campos, \u00e9 uma cl\u00ednica voltada para o cuidado da sa\u00fade infantil. Sob a responsabilidade da Dra. Tamira Teles, pediatra com CRM SP 140552, a cl\u00ednica se destaca pelo atendimento humanizado e pela [&hellip;]\" \/>\n<meta property=\"og:url\" content=\"https:\/\/www.conveniosocial.com.br\/blog\/pediatria\/casa-da-pediatra-cuidado-especializado-para-seu-filho\/\" \/>\n<meta property=\"og:site_name\" content=\"Conv\u00eanio Social\" \/>\n<meta property=\"article:published_time\" content=\"2026-04-27T00:00:56+00:00\" \/>\n<meta name=\"twitter:card\" content=\"summary_large_image\" \/>\n<meta name=\"twitter:label1\" content=\"Est. tempo de leitura\" \/>\n\t<meta name=\"twitter:data1\" content=\"3 minutos\" \/>\n<script type=\"application\/ld+json\" class=\"yoast-schema-graph\">{\"@context\":\"https:\\\/\\\/schema.org\",\"@graph\":[{\"@type\":\"Article\",\"@id\":\"https:\\\/\\\/www.conveniosocial.com.br\\\/blog\\\/pediatria\\\/casa-da-pediatra-cuidado-especializado-para-seu-filho\\\/#article\",\"isPartOf\":{\"@id\":\"https:\\\/\\\/www.conveniosocial.com.br\\\/blog\\\/pediatria\\\/casa-da-pediatra-cuidado-especializado-para-seu-filho\\\/\"},\"author\":{\"name\":\"\",\"@id\":\"\"},\"headline\":\"Casa da Pediatra: Cuidado Especializado para Seu Filho\",\"datePublished\":\"2026-04-27T00:00:56+00:00\",\"mainEntityOfPage\":{\"@id\":\"https:\\\/\\\/www.conveniosocial.com.br\\\/blog\\\/pediatria\\\/casa-da-pediatra-cuidado-especializado-para-seu-filho\\\/\"},\"wordCount\":665,\"commentCount\":0,\"publisher\":{\"@id\":\"https:\\\/\\\/www.conveniosocial.com.br\\\/blog\\\/#organization\"},\"articleSection\":[\"Desenvolvimento Infantil\",\"Oncologia Pedi\u00e1trica\",\"Pediatria\"],\"inLanguage\":\"pt-BR\"},{\"@type\":\"WebPage\",\"@id\":\"https:\\\/\\\/www.conveniosocial.com.br\\\/blog\\\/pediatria\\\/casa-da-pediatra-cuidado-especializado-para-seu-filho\\\/\",\"url\":\"https:\\\/\\\/www.conveniosocial.com.br\\\/blog\\\/pediatria\\\/casa-da-pediatra-cuidado-especializado-para-seu-filho\\\/\",\"name\":\"Casa da Pediatra: Cuidado Especializado para Seu Filho - Conv\u00eanio Social\",\"isPartOf\":{\"@id\":\"https:\\\/\\\/www.conveniosocial.com.br\\\/blog\\\/#website\"},\"datePublished\":\"2026-04-27T00:00:56+00:00\",\"breadcrumb\":{\"@id\":\"https:\\\/\\\/www.conveniosocial.com.br\\\/blog\\\/pediatria\\\/casa-da-pediatra-cuidado-especializado-para-seu-filho\\\/#breadcrumb\"},\"inLanguage\":\"pt-BR\",\"potentialAction\":[{\"@type\":\"ReadAction\",\"target\":[\"https:\\\/\\\/www.conveniosocial.com.br\\\/blog\\\/pediatria\\\/casa-da-pediatra-cuidado-especializado-para-seu-filho\\\/\"]}]},{\"@type\":\"BreadcrumbList\",\"@id\":\"https:\\\/\\\/www.conveniosocial.com.br\\\/blog\\\/pediatria\\\/casa-da-pediatra-cuidado-especializado-para-seu-filho\\\/#breadcrumb\",\"itemListElement\":[{\"@type\":\"ListItem\",\"position\":1,\"name\":\"Home\",\"item\":\"https:\\\/\\\/www.conveniosocial.com.br\\\/blog\\\/\"},{\"@type\":\"ListItem\",\"position\":2,\"name\":\"Desenvolvimento Infantil\",\"item\":\"https:\\\/\\\/www.conveniosocial.com.br\\\/blog\\\/desenvolvimento-infantil\\\/\"},{\"@type\":\"ListItem\",\"position\":3,\"name\":\"Casa da Pediatra: Cuidado Especializado para Seu Filho\"}]},{\"@type\":\"WebSite\",\"@id\":\"https:\\\/\\\/www.conveniosocial.com.br\\\/blog\\\/#website\",\"url\":\"https:\\\/\\\/www.conveniosocial.com.br\\\/blog\\\/\",\"name\":\"Conv\u00eanio Social\",\"description\":\"Informa\u00e7\u00f5es de Sa\u00fade e Bem-estar, Consultas e Exames Popular\",\"publisher\":{\"@id\":\"https:\\\/\\\/www.conveniosocial.com.br\\\/blog\\\/#organization\"},\"potentialAction\":[{\"@type\":\"SearchAction\",\"target\":{\"@type\":\"EntryPoint\",\"urlTemplate\":\"https:\\\/\\\/www.conveniosocial.com.br\\\/blog\\\/?s={search_term_string}\"},\"query-input\":{\"@type\":\"PropertyValueSpecification\",\"valueRequired\":true,\"valueName\":\"search_term_string\"}}],\"inLanguage\":\"pt-BR\"},{\"@type\":\"Organization\",\"@id\":\"https:\\\/\\\/www.conveniosocial.com.br\\\/blog\\\/#organization\",\"name\":\"Conv\u00eanio Social\",\"url\":\"https:\\\/\\\/www.conveniosocial.com.br\\\/blog\\\/\",\"logo\":{\"@type\":\"ImageObject\",\"inLanguage\":\"pt-BR\",\"@id\":\"https:\\\/\\\/www.conveniosocial.com.br\\\/blog\\\/#\\\/schema\\\/logo\\\/image\\\/\",\"url\":\"https:\\\/\\\/www.conveniosocial.com.br\\\/blog\\\/wp-content\\\/uploads\\\/2021\\\/11\\\/novo_logo-convenio-socia-digital.png\",\"contentUrl\":\"https:\\\/\\\/www.conveniosocial.com.br\\\/blog\\\/wp-content\\\/uploads\\\/2021\\\/11\\\/novo_logo-convenio-socia-digital.png\",\"width\":400,\"height\":102,\"caption\":\"Conv\u00eanio Social\"},\"image\":{\"@id\":\"https:\\\/\\\/www.conveniosocial.com.br\\\/blog\\\/#\\\/schema\\\/logo\\\/image\\\/\"}}]}<\/script>\n<!-- \/ Yoast SEO Premium plugin. -->","yoast_head_json":{"title":"Casa da Pediatra: Cuidado Especializado para Seu Filho - Conv\u00eanio Social","robots":{"index":"index","follow":"follow","max-snippet":"max-snippet:-1","max-image-preview":"max-image-preview:large","max-video-preview":"max-video-preview:-1"},"canonical":"https:\/\/www.conveniosocial.com.br\/blog\/pediatria\/casa-da-pediatra-cuidado-especializado-para-seu-filho\/","og_locale":"pt_BR","og_type":"article","og_title":"Casa da Pediatra: Cuidado Especializado para Seu Filho","og_description":"Casa da Pediatra: Cuidado Especializado para Seu Filho A Casa da Pediatra, localizada no acolhedor bairro Bosque dos Eucaliptos em S\u00e3o Jos\u00e9 dos Campos, \u00e9 uma cl\u00ednica voltada para o cuidado da sa\u00fade infantil. Sob a responsabilidade da Dra. Tamira Teles, pediatra com CRM SP 140552, a cl\u00ednica se destaca pelo atendimento humanizado e pela [&hellip;]","og_url":"https:\/\/www.conveniosocial.com.br\/blog\/pediatria\/casa-da-pediatra-cuidado-especializado-para-seu-filho\/","og_site_name":"Conv\u00eanio Social","article_published_time":"2026-04-27T00:00:56+00:00","twitter_card":"summary_large_image","twitter_misc":{"Est. tempo de leitura":"3 minutos"},"schema":{"@context":"https:\/\/schema.org","@graph":[{"@type":"Article","@id":"https:\/\/www.conveniosocial.com.br\/blog\/pediatria\/casa-da-pediatra-cuidado-especializado-para-seu-filho\/#article","isPartOf":{"@id":"https:\/\/www.conveniosocial.com.br\/blog\/pediatria\/casa-da-pediatra-cuidado-especializado-para-seu-filho\/"},"author":{"name":"","@id":""},"headline":"Casa da Pediatra: Cuidado Especializado para Seu Filho","datePublished":"2026-04-27T00:00:56+00:00","mainEntityOfPage":{"@id":"https:\/\/www.conveniosocial.com.br\/blog\/pediatria\/casa-da-pediatra-cuidado-especializado-para-seu-filho\/"},"wordCount":665,"commentCount":0,"publisher":{"@id":"https:\/\/www.conveniosocial.com.br\/blog\/#organization"},"articleSection":["Desenvolvimento Infantil","Oncologia Pedi\u00e1trica","Pediatria"],"inLanguage":"pt-BR"},{"@type":"WebPage","@id":"https:\/\/www.conveniosocial.com.br\/blog\/pediatria\/casa-da-pediatra-cuidado-especializado-para-seu-filho\/","url":"https:\/\/www.conveniosocial.com.br\/blog\/pediatria\/casa-da-pediatra-cuidado-especializado-para-seu-filho\/","name":"Casa da Pediatra: Cuidado Especializado para Seu Filho - Conv\u00eanio Social","isPartOf":{"@id":"https:\/\/www.conveniosocial.com.br\/blog\/#website"},"datePublished":"2026-04-27T00:00:56+00:00","breadcrumb":{"@id":"https:\/\/www.conveniosocial.com.br\/blog\/pediatria\/casa-da-pediatra-cuidado-especializado-para-seu-filho\/#breadcrumb"},"inLanguage":"pt-BR","potentialAction":[{"@type":"ReadAction","target":["https:\/\/www.conveniosocial.com.br\/blog\/pediatria\/casa-da-pediatra-cuidado-especializado-para-seu-filho\/"]}]},{"@type":"BreadcrumbList","@id":"https:\/\/www.conveniosocial.com.br\/blog\/pediatria\/casa-da-pediatra-cuidado-especializado-para-seu-filho\/#breadcrumb","itemListElement":[{"@type":"ListItem","position":1,"name":"Home","item":"https:\/\/www.conveniosocial.com.br\/blog\/"},{"@type":"ListItem","position":2,"name":"Desenvolvimento Infantil","item":"https:\/\/www.conveniosocial.com.br\/blog\/desenvolvimento-infantil\/"},{"@type":"ListItem","position":3,"name":"Casa da Pediatra: Cuidado Especializado para Seu Filho"}]},{"@type":"WebSite","@id":"https:\/\/www.conveniosocial.com.br\/blog\/#website","url":"https:\/\/www.conveniosocial.com.br\/blog\/","name":"Conv\u00eanio Social","description":"Informa\u00e7\u00f5es de Sa\u00fade e Bem-estar, Consultas e Exames Popular","publisher":{"@id":"https:\/\/www.conveniosocial.com.br\/blog\/#organization"},"potentialAction":[{"@type":"SearchAction","target":{"@type":"EntryPoint","urlTemplate":"https:\/\/www.conveniosocial.com.br\/blog\/?s={search_term_string}"},"query-input":{"@type":"PropertyValueSpecification","valueRequired":true,"valueName":"search_term_string"}}],"inLanguage":"pt-BR"},{"@type":"Organization","@id":"https:\/\/www.conveniosocial.com.br\/blog\/#organization","name":"Conv\u00eanio Social","url":"https:\/\/www.conveniosocial.com.br\/blog\/","logo":{"@type":"ImageObject","inLanguage":"pt-BR","@id":"https:\/\/www.conveniosocial.com.br\/blog\/#\/schema\/logo\/image\/","url":"https:\/\/www.conveniosocial.com.br\/blog\/wp-content\/uploads\/2021\/11\/novo_logo-convenio-socia-digital.png","contentUrl":"https:\/\/www.conveniosocial.com.br\/blog\/wp-content\/uploads\/2021\/11\/novo_logo-convenio-socia-digital.png","width":400,"height":102,"caption":"Conv\u00eanio Social"},"image":{"@id":"https:\/\/www.conveniosocial.com.br\/blog\/#\/schema\/logo\/image\/"}}]}},"_links":{"self":[{"href":"https:\/\/www.conveniosocial.com.br\/blog\/wp-json\/wp\/v2\/posts\/153950","targetHints":{"allow":["GET"]}}],"collection":[{"href":"https:\/\/www.conveniosocial.com.br\/blog\/wp-json\/wp\/v2\/posts"}],"about":[{"href":"https:\/\/www.conveniosocial.com.br\/blog\/wp-json\/wp\/v2\/types\/post"}],"replies":[{"embeddable":true,"href":"https:\/\/www.conveniosocial.com.br\/blog\/wp-json\/wp\/v2\/comments?post=153950"}],"version-history":[{"count":0,"href":"https:\/\/www.conveniosocial.com.br\/blog\/wp-json\/wp\/v2\/posts\/153950\/revisions"}],"wp:attachment":[{"href":"https:\/\/www.conveniosocial.com.br\/blog\/wp-json\/wp\/v2\/media?parent=153950"}],"wp:term":[{"taxonomy":"category","embeddable":true,"href":"https:\/\/www.conveniosocial.com.br\/blog\/wp-json\/wp\/v2\/categories?post=153950"},{"taxonomy":"post_tag","embeddable":true,"href":"https:\/\/www.conveniosocial.com.br\/blog\/wp-json\/wp\/v2\/tags?post=153950"}],"curies":[{"name":"wp","href":"https:\/\/api.w.org\/{rel}","templated":true}]}}