{"id":153954,"date":"2026-04-26T21:00:56","date_gmt":"2026-04-27T00:00:56","guid":{"rendered":"https:\/\/www.conveniosocial.com.br\/blog\/nehuma\/clinica-dra-samanta-otorrinolaringologia-em-sao-jose\/"},"modified":"2026-04-26T21:00:56","modified_gmt":"2026-04-27T00:00:56","slug":"clinica-dra-samanta-otorrinolaringologia-em-sao-jose","status":"publish","type":"post","link":"https:\/\/www.conveniosocial.com.br\/blog\/otorrinolaringologia\/clinica-dra-samanta-otorrinolaringologia-em-sao-jose\/","title":{"rendered":"Cl\u00ednica Dra. Samanta: Otorrinolaringologia em S\u00e3o Jos\u00e9"},"content":{"rendered":"<div id=\"ez-toc-container\" class=\"ez-toc-v2_0_82_2 counter-flat ez-toc-counter ez-toc-white ez-toc-container-direction\">\n<p class=\"ez-toc-title\" style=\"cursor:inherit\">\u00cdndice do Conte\u00fado<\/p>\n<label for=\"ez-toc-cssicon-toggle-item-69f1c781729e5\" class=\"ez-toc-cssicon-toggle-label\"><span class=\"ez-toc-cssicon\"><span class=\"eztoc-hide\" style=\"display:none;\">Toggle<\/span><span class=\"ez-toc-icon-toggle-span\"><svg style=\"fill: #999;color:#999\" xmlns=\"http:\/\/www.w3.org\/2000\/svg\" class=\"list-377408\" width=\"20px\" height=\"20px\" viewBox=\"0 0 24 24\" fill=\"none\"><path d=\"M6 6H4v2h2V6zm14 0H8v2h12V6zM4 11h2v2H4v-2zm16 0H8v2h12v-2zM4 16h2v2H4v-2zm16 0H8v2h12v-2z\" fill=\"currentColor\"><\/path><\/svg><svg style=\"fill: #999;color:#999\" class=\"arrow-unsorted-368013\" xmlns=\"http:\/\/www.w3.org\/2000\/svg\" width=\"10px\" height=\"10px\" viewBox=\"0 0 24 24\" version=\"1.2\" baseProfile=\"tiny\"><path d=\"M18.2 9.3l-6.2-6.3-6.2 6.3c-.2.2-.3.4-.3.7s.1.5.3.7c.2.2.4.3.7.3h11c.3 0 .5-.1.7-.3.2-.2.3-.5.3-.7s-.1-.5-.3-.7zM5.8 14.7l6.2 6.3 6.2-6.3c.2-.2.3-.5.3-.7s-.1-.5-.3-.7c-.2-.2-.4-.3-.7-.3h-11c-.3 0-.5.1-.7.3-.2.2-.3.5-.3.7s.1.5.3.7z\"\/><\/svg><\/span><\/span><\/label><input type=\"checkbox\"  id=\"ez-toc-cssicon-toggle-item-69f1c781729e5\" checked aria-label=\"Alternar\" \/><nav><ul class='ez-toc-list ez-toc-list-level-1 ' ><li class='ez-toc-page-1'><a class=\"ez-toc-link ez-toc-heading-1\" href=\"https:\/\/www.conveniosocial.com.br\/blog\/otorrinolaringologia\/clinica-dra-samanta-otorrinolaringologia-em-sao-jose\/#Clinica_Dra_Samanta_Otorrinolaringologia_em_Sao_Jose\" >Cl\u00ednica Dra. Samanta: Otorrinolaringologia em S\u00e3o Jos\u00e9<\/a><\/li><li class='ez-toc-page-1'><a class=\"ez-toc-link ez-toc-heading-2\" href=\"https:\/\/www.conveniosocial.com.br\/blog\/otorrinolaringologia\/clinica-dra-samanta-otorrinolaringologia-em-sao-jose\/#Perguntas_Frequentes\" >Perguntas Frequentes<\/a><\/li><li class='ez-toc-page-1'><a class=\"ez-toc-link ez-toc-heading-3\" href=\"https:\/\/www.conveniosocial.com.br\/blog\/otorrinolaringologia\/clinica-dra-samanta-otorrinolaringologia-em-sao-jose\/#Contato\" >Contato<\/a><\/li><\/ul><\/nav><\/div>\n<h2><span class=\"ez-toc-section\" id=\"Clinica_Dra_Samanta_Otorrinolaringologia_em_Sao_Jose\"><\/span>Cl\u00ednica Dra. Samanta: Otorrinolaringologia em S\u00e3o Jos\u00e9<span class=\"ez-toc-section-end\"><\/span><\/h2>\n<p>A Cl\u00ednica Dra. Samanta Marques Reis e Silva est\u00e1 localizada no cora\u00e7\u00e3o de S\u00e3o Jos\u00e9 dos Campos, no bairro Jardim Esplanada, oferecendo um atendimento especializado em otorrinolaringologia. Com uma equipe dedicada e acolhedora, a cl\u00ednica prioriza o bem-estar e a sa\u00fade dos pacientes, proporcionando um ambiente humanizado para todas as idades. <\/p>\n<p>A Dra. Samanta, respons\u00e1vel t\u00e9cnica da cl\u00ednica e com CRM SP 143647 RQE 78733, possui vasta experi\u00eancia nas \u00e1reas de otorrinolaringologia geral, otoneurologia e otorrinopediatria, garantindo um atendimento de excel\u00eancia para adultos e crian\u00e7as. Entre os tratamentos oferecidos, destacam-se o combate a doen\u00e7as comuns como sinusite, rinite, otites, amigdalite e p\u00f3lipos nasais, al\u00e9m de dist\u00farbios do equil\u00edbrio e tonturas, que s\u00e3o tratados com aten\u00e7\u00e3o especial. <\/p>\n<p>A cl\u00ednica tamb\u00e9m se destaca pelo atendimento a crian\u00e7as, onde a Dra. Samanta realiza um trabalho cuidadoso e especializado em otorrinopediatria, abordando desde problemas de audi\u00e7\u00e3o na inf\u00e2ncia at\u00e9 obstru\u00e7\u00f5es nasais. O foco \u00e9 garantir que os pequenos pacientes recebam o melhor cuidado desde cedo, em um ambiente que os acolhe e os tranquiliza. <\/p>\n<p>Al\u00e9m disso, a Cl\u00ednica Dra. Samanta oferece uma variedade de exames diagn\u00f3sticos fundamentais para um tratamento eficaz. Exames como videolaringoscopia, videoendoscopia nasal e avalia\u00e7\u00f5es otoneurol\u00f3gicas s\u00e3o realizados com tecnologia de ponta e precis\u00e3o, permitindo um diagn\u00f3stico r\u00e1pido e confi\u00e1vel. A lavagem de ouvido, outro servi\u00e7o prestado, \u00e9 essencial para a remo\u00e7\u00e3o de cerume acumulado, promovendo a sa\u00fade auditiva dos pacientes. <\/p>\n<p>A cl\u00ednica atende os conv\u00eanios Bradesco Sa\u00fade e Mediservice, al\u00e9m de disponibilizar op\u00e7\u00f5es de atendimento particular, garantindo que todos tenham acesso a cuidados de qualidade. O hor\u00e1rio de funcionamento \u00e9 de segunda a sexta-feira, das 08:00h \u00e0s 20:00h, oferecendo flexibilidade para atender a demanda dos pacientes. <\/p>\n<p>A localiza\u00e7\u00e3o \u00e9 de f\u00e1cil acesso, pr\u00f3xima a diversos bairros como Vila Adyana, Vila Ema, Jardim S\u00e3o Dimas, Jardim Apollo, Jardim Maring\u00e1, Centro e Vila Bet\u00e2nia, facilitando a chegada dos pacientes \u00e0 cl\u00ednica. <\/p>\n<p>Para mais informa\u00e7\u00f5es, a cl\u00ednica pode ser contatada pelo telefone (12) 3922-3320. Embora ainda n\u00e3o possua um site ou perfil no Instagram, a cl\u00ednica est\u00e1 em constante evolu\u00e7\u00e3o para oferecer um melhor atendimento e facilitar o acesso \u00e0s informa\u00e7\u00f5es para todos os pacientes.<\/p>\n<h3><span class=\"ez-toc-section\" id=\"Perguntas_Frequentes\"><\/span>Perguntas Frequentes<span class=\"ez-toc-section-end\"><\/span><\/h3>\n<p>P: Quais s\u00e3o as especialidades atendidas na cl\u00ednica?<br \/>\nR: A cl\u00ednica atende nas especialidades de otorrinolaringologia geral, otoneurologia e otorrinopediatria.<\/p>\n<p>P: Que tipos de exames s\u00e3o realizados?<br \/>\nR: Realizamos videolaringoscopia, videoendoscopia nasal, avalia\u00e7\u00f5es otoneurol\u00f3gicas e lavagem de ouvido.<\/p>\n<p>P: A cl\u00ednica atende conv\u00eanios?<br \/>\nR: Sim, aceitamos os conv\u00eanios Bradesco Sa\u00fade e Mediservice, al\u00e9m de atendimentos particulares.<\/p>\n<p>P: Quais doen\u00e7as s\u00e3o tratadas na cl\u00ednica?<br \/>\nR: Tratamos doen\u00e7as como sinusite, rinite, otites, amigdalite e dist\u00farbios do equil\u00edbrio.<\/p>\n<p>P: Qual \u00e9 o hor\u00e1rio de funcionamento da cl\u00ednica?<br \/>\nR: A cl\u00ednica funciona de segunda a sexta-feira, das 08:00h \u00e0s 20:00h.<\/p>\n<p>P: A cl\u00ednica \u00e9 acess\u00edvel para crian\u00e7as?<br \/>\nR: Sim, temos um atendimento especializado em otorrinopediatria para crian\u00e7as e beb\u00eas.<\/p>\n<p>P: Como posso agendar uma consulta?<br \/>\nR: Voc\u00ea pode agendar uma consulta pelo telefone (12) 3922-3320.<\/p>\n<p>P: Onde a cl\u00ednica est\u00e1 localizada?<br \/>\nR: Estamos localizados no bairro Jardim Esplanada, em S\u00e3o Jos\u00e9 dos Campos.<\/p>\n<p>P: A cl\u00ednica realiza atendimento emergencial?<br \/>\nR: Para atendimentos emergenciais, recomendamos ligar para verificar a disponibilidade.<\/p>\n<p>P: Existe algum preparo necess\u00e1rio para os exames?<br \/>\nR: Sim, dependendo do exame, pode haver orienta\u00e7\u00f5es espec\u00edficas que informaremos no agendamento.<\/p>\n<h3><span class=\"ez-toc-section\" id=\"Contato\"><\/span>Contato<span class=\"ez-toc-section-end\"><\/span><\/h3>\n<p><strong>Tel.:  | <\/strong><br \/>\n<strong>WhatsApp: &#8211; <\/strong><\/p>\n","protected":false},"excerpt":{"rendered":"<p>Cl\u00ednica Dra. Samanta: Otorrinolaringologia em S\u00e3o Jos\u00e9 A Cl\u00ednica Dra. Samanta Marques Reis e Silva est\u00e1 localizada no cora\u00e7\u00e3o de S\u00e3o Jos\u00e9 dos Campos, no bairro Jardim Esplanada, oferecendo um atendimento especializado em otorrinolaringologia. Com uma equipe dedicada e acolhedora, a cl\u00ednica prioriza o bem-estar e a sa\u00fade dos pacientes, proporcionando um ambiente humanizado para [&hellip;]<\/p>\n","protected":false},"author":0,"featured_media":0,"comment_status":"open","ping_status":"open","sticky":false,"template":"","format":"standard","meta":{"_et_pb_use_builder":"o","_et_pb_old_content":"","_et_gb_content_width":"","footnotes":""},"categories":[1383,681,1361],"tags":[],"class_list":["post-153954","post","type-post","status-publish","format-standard","hentry","category-exames-de-diagnostico","category-otorrinolaringologia","category-saude-infantil"],"yoast_head":"<!-- This site is optimized with the Yoast SEO Premium plugin v21.3 (Yoast SEO v27.5) - https:\/\/yoast.com\/product\/yoast-seo-premium-wordpress\/ -->\n<title>Cl\u00ednica Dra. Samanta: Otorrinolaringologia em S\u00e3o Jos\u00e9 - Conv\u00eanio Social<\/title>\n<meta name=\"robots\" content=\"index, follow, max-snippet:-1, max-image-preview:large, max-video-preview:-1\" \/>\n<link rel=\"canonical\" href=\"https:\/\/www.conveniosocial.com.br\/blog\/otorrinolaringologia\/clinica-dra-samanta-otorrinolaringologia-em-sao-jose\/\" \/>\n<meta property=\"og:locale\" content=\"pt_BR\" \/>\n<meta property=\"og:type\" content=\"article\" \/>\n<meta property=\"og:title\" content=\"Cl\u00ednica Dra. Samanta: Otorrinolaringologia em S\u00e3o Jos\u00e9\" \/>\n<meta property=\"og:description\" content=\"Cl\u00ednica Dra. Samanta: Otorrinolaringologia em S\u00e3o Jos\u00e9 A Cl\u00ednica Dra. Samanta Marques Reis e Silva est\u00e1 localizada no cora\u00e7\u00e3o de S\u00e3o Jos\u00e9 dos Campos, no bairro Jardim Esplanada, oferecendo um atendimento especializado em otorrinolaringologia. Com uma equipe dedicada e acolhedora, a cl\u00ednica prioriza o bem-estar e a sa\u00fade dos pacientes, proporcionando um ambiente humanizado para [&hellip;]\" \/>\n<meta property=\"og:url\" content=\"https:\/\/www.conveniosocial.com.br\/blog\/otorrinolaringologia\/clinica-dra-samanta-otorrinolaringologia-em-sao-jose\/\" \/>\n<meta property=\"og:site_name\" content=\"Conv\u00eanio Social\" \/>\n<meta property=\"article:published_time\" content=\"2026-04-27T00:00:56+00:00\" \/>\n<meta name=\"twitter:card\" content=\"summary_large_image\" \/>\n<meta name=\"twitter:label1\" content=\"Est. tempo de leitura\" \/>\n\t<meta name=\"twitter:data1\" content=\"3 minutos\" \/>\n<script type=\"application\/ld+json\" class=\"yoast-schema-graph\">{\"@context\":\"https:\\\/\\\/schema.org\",\"@graph\":[{\"@type\":\"Article\",\"@id\":\"https:\\\/\\\/www.conveniosocial.com.br\\\/blog\\\/otorrinolaringologia\\\/clinica-dra-samanta-otorrinolaringologia-em-sao-jose\\\/#article\",\"isPartOf\":{\"@id\":\"https:\\\/\\\/www.conveniosocial.com.br\\\/blog\\\/otorrinolaringologia\\\/clinica-dra-samanta-otorrinolaringologia-em-sao-jose\\\/\"},\"author\":{\"name\":\"\",\"@id\":\"\"},\"headline\":\"Cl\u00ednica Dra. Samanta: Otorrinolaringologia em S\u00e3o Jos\u00e9\",\"datePublished\":\"2026-04-27T00:00:56+00:00\",\"mainEntityOfPage\":{\"@id\":\"https:\\\/\\\/www.conveniosocial.com.br\\\/blog\\\/otorrinolaringologia\\\/clinica-dra-samanta-otorrinolaringologia-em-sao-jose\\\/\"},\"wordCount\":636,\"commentCount\":0,\"publisher\":{\"@id\":\"https:\\\/\\\/www.conveniosocial.com.br\\\/blog\\\/#organization\"},\"articleSection\":[\"Exames de Diagn\u00f3stico\",\"Otorrinolaringologia\",\"Sa\u00fade Infantil\"],\"inLanguage\":\"pt-BR\"},{\"@type\":\"WebPage\",\"@id\":\"https:\\\/\\\/www.conveniosocial.com.br\\\/blog\\\/otorrinolaringologia\\\/clinica-dra-samanta-otorrinolaringologia-em-sao-jose\\\/\",\"url\":\"https:\\\/\\\/www.conveniosocial.com.br\\\/blog\\\/otorrinolaringologia\\\/clinica-dra-samanta-otorrinolaringologia-em-sao-jose\\\/\",\"name\":\"Cl\u00ednica Dra. Samanta: Otorrinolaringologia em S\u00e3o Jos\u00e9 - Conv\u00eanio Social\",\"isPartOf\":{\"@id\":\"https:\\\/\\\/www.conveniosocial.com.br\\\/blog\\\/#website\"},\"datePublished\":\"2026-04-27T00:00:56+00:00\",\"breadcrumb\":{\"@id\":\"https:\\\/\\\/www.conveniosocial.com.br\\\/blog\\\/otorrinolaringologia\\\/clinica-dra-samanta-otorrinolaringologia-em-sao-jose\\\/#breadcrumb\"},\"inLanguage\":\"pt-BR\",\"potentialAction\":[{\"@type\":\"ReadAction\",\"target\":[\"https:\\\/\\\/www.conveniosocial.com.br\\\/blog\\\/otorrinolaringologia\\\/clinica-dra-samanta-otorrinolaringologia-em-sao-jose\\\/\"]}]},{\"@type\":\"BreadcrumbList\",\"@id\":\"https:\\\/\\\/www.conveniosocial.com.br\\\/blog\\\/otorrinolaringologia\\\/clinica-dra-samanta-otorrinolaringologia-em-sao-jose\\\/#breadcrumb\",\"itemListElement\":[{\"@type\":\"ListItem\",\"position\":1,\"name\":\"Home\",\"item\":\"https:\\\/\\\/www.conveniosocial.com.br\\\/blog\\\/\"},{\"@type\":\"ListItem\",\"position\":2,\"name\":\"Exames de Diagn\u00f3stico\",\"item\":\"https:\\\/\\\/www.conveniosocial.com.br\\\/blog\\\/exames-de-diagnostico\\\/\"},{\"@type\":\"ListItem\",\"position\":3,\"name\":\"Cl\u00ednica Dra. Samanta: Otorrinolaringologia em S\u00e3o Jos\u00e9\"}]},{\"@type\":\"WebSite\",\"@id\":\"https:\\\/\\\/www.conveniosocial.com.br\\\/blog\\\/#website\",\"url\":\"https:\\\/\\\/www.conveniosocial.com.br\\\/blog\\\/\",\"name\":\"Conv\u00eanio Social\",\"description\":\"Informa\u00e7\u00f5es de Sa\u00fade e Bem-estar, Consultas e Exames Popular\",\"publisher\":{\"@id\":\"https:\\\/\\\/www.conveniosocial.com.br\\\/blog\\\/#organization\"},\"potentialAction\":[{\"@type\":\"SearchAction\",\"target\":{\"@type\":\"EntryPoint\",\"urlTemplate\":\"https:\\\/\\\/www.conveniosocial.com.br\\\/blog\\\/?s={search_term_string}\"},\"query-input\":{\"@type\":\"PropertyValueSpecification\",\"valueRequired\":true,\"valueName\":\"search_term_string\"}}],\"inLanguage\":\"pt-BR\"},{\"@type\":\"Organization\",\"@id\":\"https:\\\/\\\/www.conveniosocial.com.br\\\/blog\\\/#organization\",\"name\":\"Conv\u00eanio Social\",\"url\":\"https:\\\/\\\/www.conveniosocial.com.br\\\/blog\\\/\",\"logo\":{\"@type\":\"ImageObject\",\"inLanguage\":\"pt-BR\",\"@id\":\"https:\\\/\\\/www.conveniosocial.com.br\\\/blog\\\/#\\\/schema\\\/logo\\\/image\\\/\",\"url\":\"https:\\\/\\\/www.conveniosocial.com.br\\\/blog\\\/wp-content\\\/uploads\\\/2021\\\/11\\\/novo_logo-convenio-socia-digital.png\",\"contentUrl\":\"https:\\\/\\\/www.conveniosocial.com.br\\\/blog\\\/wp-content\\\/uploads\\\/2021\\\/11\\\/novo_logo-convenio-socia-digital.png\",\"width\":400,\"height\":102,\"caption\":\"Conv\u00eanio Social\"},\"image\":{\"@id\":\"https:\\\/\\\/www.conveniosocial.com.br\\\/blog\\\/#\\\/schema\\\/logo\\\/image\\\/\"}}]}<\/script>\n<!-- \/ Yoast SEO Premium plugin. -->","yoast_head_json":{"title":"Cl\u00ednica Dra. Samanta: Otorrinolaringologia em S\u00e3o Jos\u00e9 - Conv\u00eanio Social","robots":{"index":"index","follow":"follow","max-snippet":"max-snippet:-1","max-image-preview":"max-image-preview:large","max-video-preview":"max-video-preview:-1"},"canonical":"https:\/\/www.conveniosocial.com.br\/blog\/otorrinolaringologia\/clinica-dra-samanta-otorrinolaringologia-em-sao-jose\/","og_locale":"pt_BR","og_type":"article","og_title":"Cl\u00ednica Dra. Samanta: Otorrinolaringologia em S\u00e3o Jos\u00e9","og_description":"Cl\u00ednica Dra. Samanta: Otorrinolaringologia em S\u00e3o Jos\u00e9 A Cl\u00ednica Dra. Samanta Marques Reis e Silva est\u00e1 localizada no cora\u00e7\u00e3o de S\u00e3o Jos\u00e9 dos Campos, no bairro Jardim Esplanada, oferecendo um atendimento especializado em otorrinolaringologia. Com uma equipe dedicada e acolhedora, a cl\u00ednica prioriza o bem-estar e a sa\u00fade dos pacientes, proporcionando um ambiente humanizado para [&hellip;]","og_url":"https:\/\/www.conveniosocial.com.br\/blog\/otorrinolaringologia\/clinica-dra-samanta-otorrinolaringologia-em-sao-jose\/","og_site_name":"Conv\u00eanio Social","article_published_time":"2026-04-27T00:00:56+00:00","twitter_card":"summary_large_image","twitter_misc":{"Est. tempo de leitura":"3 minutos"},"schema":{"@context":"https:\/\/schema.org","@graph":[{"@type":"Article","@id":"https:\/\/www.conveniosocial.com.br\/blog\/otorrinolaringologia\/clinica-dra-samanta-otorrinolaringologia-em-sao-jose\/#article","isPartOf":{"@id":"https:\/\/www.conveniosocial.com.br\/blog\/otorrinolaringologia\/clinica-dra-samanta-otorrinolaringologia-em-sao-jose\/"},"author":{"name":"","@id":""},"headline":"Cl\u00ednica Dra. Samanta: Otorrinolaringologia em S\u00e3o Jos\u00e9","datePublished":"2026-04-27T00:00:56+00:00","mainEntityOfPage":{"@id":"https:\/\/www.conveniosocial.com.br\/blog\/otorrinolaringologia\/clinica-dra-samanta-otorrinolaringologia-em-sao-jose\/"},"wordCount":636,"commentCount":0,"publisher":{"@id":"https:\/\/www.conveniosocial.com.br\/blog\/#organization"},"articleSection":["Exames de Diagn\u00f3stico","Otorrinolaringologia","Sa\u00fade Infantil"],"inLanguage":"pt-BR"},{"@type":"WebPage","@id":"https:\/\/www.conveniosocial.com.br\/blog\/otorrinolaringologia\/clinica-dra-samanta-otorrinolaringologia-em-sao-jose\/","url":"https:\/\/www.conveniosocial.com.br\/blog\/otorrinolaringologia\/clinica-dra-samanta-otorrinolaringologia-em-sao-jose\/","name":"Cl\u00ednica Dra. Samanta: Otorrinolaringologia em S\u00e3o Jos\u00e9 - Conv\u00eanio Social","isPartOf":{"@id":"https:\/\/www.conveniosocial.com.br\/blog\/#website"},"datePublished":"2026-04-27T00:00:56+00:00","breadcrumb":{"@id":"https:\/\/www.conveniosocial.com.br\/blog\/otorrinolaringologia\/clinica-dra-samanta-otorrinolaringologia-em-sao-jose\/#breadcrumb"},"inLanguage":"pt-BR","potentialAction":[{"@type":"ReadAction","target":["https:\/\/www.conveniosocial.com.br\/blog\/otorrinolaringologia\/clinica-dra-samanta-otorrinolaringologia-em-sao-jose\/"]}]},{"@type":"BreadcrumbList","@id":"https:\/\/www.conveniosocial.com.br\/blog\/otorrinolaringologia\/clinica-dra-samanta-otorrinolaringologia-em-sao-jose\/#breadcrumb","itemListElement":[{"@type":"ListItem","position":1,"name":"Home","item":"https:\/\/www.conveniosocial.com.br\/blog\/"},{"@type":"ListItem","position":2,"name":"Exames de Diagn\u00f3stico","item":"https:\/\/www.conveniosocial.com.br\/blog\/exames-de-diagnostico\/"},{"@type":"ListItem","position":3,"name":"Cl\u00ednica Dra. Samanta: Otorrinolaringologia em S\u00e3o Jos\u00e9"}]},{"@type":"WebSite","@id":"https:\/\/www.conveniosocial.com.br\/blog\/#website","url":"https:\/\/www.conveniosocial.com.br\/blog\/","name":"Conv\u00eanio Social","description":"Informa\u00e7\u00f5es de Sa\u00fade e Bem-estar, Consultas e Exames Popular","publisher":{"@id":"https:\/\/www.conveniosocial.com.br\/blog\/#organization"},"potentialAction":[{"@type":"SearchAction","target":{"@type":"EntryPoint","urlTemplate":"https:\/\/www.conveniosocial.com.br\/blog\/?s={search_term_string}"},"query-input":{"@type":"PropertyValueSpecification","valueRequired":true,"valueName":"search_term_string"}}],"inLanguage":"pt-BR"},{"@type":"Organization","@id":"https:\/\/www.conveniosocial.com.br\/blog\/#organization","name":"Conv\u00eanio Social","url":"https:\/\/www.conveniosocial.com.br\/blog\/","logo":{"@type":"ImageObject","inLanguage":"pt-BR","@id":"https:\/\/www.conveniosocial.com.br\/blog\/#\/schema\/logo\/image\/","url":"https:\/\/www.conveniosocial.com.br\/blog\/wp-content\/uploads\/2021\/11\/novo_logo-convenio-socia-digital.png","contentUrl":"https:\/\/www.conveniosocial.com.br\/blog\/wp-content\/uploads\/2021\/11\/novo_logo-convenio-socia-digital.png","width":400,"height":102,"caption":"Conv\u00eanio Social"},"image":{"@id":"https:\/\/www.conveniosocial.com.br\/blog\/#\/schema\/logo\/image\/"}}]}},"_links":{"self":[{"href":"https:\/\/www.conveniosocial.com.br\/blog\/wp-json\/wp\/v2\/posts\/153954","targetHints":{"allow":["GET"]}}],"collection":[{"href":"https:\/\/www.conveniosocial.com.br\/blog\/wp-json\/wp\/v2\/posts"}],"about":[{"href":"https:\/\/www.conveniosocial.com.br\/blog\/wp-json\/wp\/v2\/types\/post"}],"replies":[{"embeddable":true,"href":"https:\/\/www.conveniosocial.com.br\/blog\/wp-json\/wp\/v2\/comments?post=153954"}],"version-history":[{"count":0,"href":"https:\/\/www.conveniosocial.com.br\/blog\/wp-json\/wp\/v2\/posts\/153954\/revisions"}],"wp:attachment":[{"href":"https:\/\/www.conveniosocial.com.br\/blog\/wp-json\/wp\/v2\/media?parent=153954"}],"wp:term":[{"taxonomy":"category","embeddable":true,"href":"https:\/\/www.conveniosocial.com.br\/blog\/wp-json\/wp\/v2\/categories?post=153954"},{"taxonomy":"post_tag","embeddable":true,"href":"https:\/\/www.conveniosocial.com.br\/blog\/wp-json\/wp\/v2\/tags?post=153954"}],"curies":[{"name":"wp","href":"https:\/\/api.w.org\/{rel}","templated":true}]}}