{"id":153955,"date":"2026-04-26T21:00:56","date_gmt":"2026-04-27T00:00:56","guid":{"rendered":"https:\/\/www.conveniosocial.com.br\/blog\/nehuma\/dra-barbara-ganzelevitch-saude-e-bem-estar-em-sao-jose-dos-campos\/"},"modified":"2026-04-26T21:00:56","modified_gmt":"2026-04-27T00:00:56","slug":"dra-barbara-ganzelevitch-saude-e-bem-estar-em-sao-jose-dos-campos","status":"publish","type":"post","link":"https:\/\/www.conveniosocial.com.br\/blog\/acupuntura\/dra-barbara-ganzelevitch-saude-e-bem-estar-em-sao-jose-dos-campos\/","title":{"rendered":"Dra. B\u00e1rbara Ganzelevitch: Sa\u00fade e Bem-Estar em S\u00e3o Jos\u00e9 dos Campos"},"content":{"rendered":"<div id=\"ez-toc-container\" class=\"ez-toc-v2_0_82_2 counter-flat ez-toc-counter ez-toc-white ez-toc-container-direction\">\n<p class=\"ez-toc-title\" style=\"cursor:inherit\">\u00cdndice do Conte\u00fado<\/p>\n<label for=\"ez-toc-cssicon-toggle-item-69f2ba43c81e5\" class=\"ez-toc-cssicon-toggle-label\"><span class=\"ez-toc-cssicon\"><span class=\"eztoc-hide\" style=\"display:none;\">Toggle<\/span><span class=\"ez-toc-icon-toggle-span\"><svg style=\"fill: #999;color:#999\" xmlns=\"http:\/\/www.w3.org\/2000\/svg\" class=\"list-377408\" width=\"20px\" height=\"20px\" viewBox=\"0 0 24 24\" fill=\"none\"><path d=\"M6 6H4v2h2V6zm14 0H8v2h12V6zM4 11h2v2H4v-2zm16 0H8v2h12v-2zM4 16h2v2H4v-2zm16 0H8v2h12v-2z\" fill=\"currentColor\"><\/path><\/svg><svg style=\"fill: #999;color:#999\" class=\"arrow-unsorted-368013\" xmlns=\"http:\/\/www.w3.org\/2000\/svg\" width=\"10px\" height=\"10px\" viewBox=\"0 0 24 24\" version=\"1.2\" baseProfile=\"tiny\"><path d=\"M18.2 9.3l-6.2-6.3-6.2 6.3c-.2.2-.3.4-.3.7s.1.5.3.7c.2.2.4.3.7.3h11c.3 0 .5-.1.7-.3.2-.2.3-.5.3-.7s-.1-.5-.3-.7zM5.8 14.7l6.2 6.3 6.2-6.3c.2-.2.3-.5.3-.7s-.1-.5-.3-.7c-.2-.2-.4-.3-.7-.3h-11c-.3 0-.5.1-.7.3-.2.2-.3.5-.3.7s.1.5.3.7z\"\/><\/svg><\/span><\/span><\/label><input type=\"checkbox\"  id=\"ez-toc-cssicon-toggle-item-69f2ba43c81e5\" checked aria-label=\"Alternar\" \/><nav><ul class='ez-toc-list ez-toc-list-level-1 ' ><li class='ez-toc-page-1'><a class=\"ez-toc-link ez-toc-heading-1\" href=\"https:\/\/www.conveniosocial.com.br\/blog\/acupuntura\/dra-barbara-ganzelevitch-saude-e-bem-estar-em-sao-jose-dos-campos\/#Dra_Barbara_Ganzelevitch_Saude_e_Bem-Estar_em_Sao_Jose_dos_Campos\" >Dra. B\u00e1rbara Ganzelevitch: Sa\u00fade e Bem-Estar em S\u00e3o Jos\u00e9 dos Campos<\/a><\/li><li class='ez-toc-page-1'><a class=\"ez-toc-link ez-toc-heading-2\" href=\"https:\/\/www.conveniosocial.com.br\/blog\/acupuntura\/dra-barbara-ganzelevitch-saude-e-bem-estar-em-sao-jose-dos-campos\/#Perguntas_Frequentes\" >Perguntas Frequentes<\/a><\/li><li class='ez-toc-page-1'><a class=\"ez-toc-link ez-toc-heading-3\" href=\"https:\/\/www.conveniosocial.com.br\/blog\/acupuntura\/dra-barbara-ganzelevitch-saude-e-bem-estar-em-sao-jose-dos-campos\/#Contato\" >Contato<\/a><\/li><\/ul><\/nav><\/div>\n<h2><span class=\"ez-toc-section\" id=\"Dra_Barbara_Ganzelevitch_Saude_e_Bem-Estar_em_Sao_Jose_dos_Campos\"><\/span>Dra. B\u00e1rbara Ganzelevitch: Sa\u00fade e Bem-Estar em S\u00e3o Jos\u00e9 dos Campos<span class=\"ez-toc-section-end\"><\/span><\/h2>\n<p>A Cl\u00ednica da Dra. B\u00e1rbara Ganzelevitch, localizada no bairro Jardim Aguarius em S\u00e3o Jos\u00e9 dos Campos, \u00e9 um espa\u00e7o dedicado \u00e0 promo\u00e7\u00e3o da sa\u00fade e bem-estar, com foco em uma abordagem hol\u00edstica e humanizada. A Dra. B\u00e1rbara, respons\u00e1vel t\u00e9cnica e especialista em quiropraxia, acupuntura e fisioterapia, oferece um atendimento personalizado e acolhedor para cada paciente, visando a restaura\u00e7\u00e3o e manuten\u00e7\u00e3o da sa\u00fade integral.<\/p>\n<p>Com um forte foco na quiropraxia esportiva e instrumental, a Dra. B\u00e1rbara utiliza t\u00e9cnicas avan\u00e7adas para o alinhamento vertebral e al\u00edvio de subluxa\u00e7\u00f5es, proporcionando resultados eficazes para atletas e praticantes de atividades f\u00edsicas. Al\u00e9m disso, a acupuntura, baseada na Medicina Tradicional Chinesa, \u00e9 uma das especialidades da cl\u00ednica, oferecendo al\u00edvio para diversas condi\u00e7\u00f5es de sa\u00fade, como estresse, dor cr\u00f4nica e dist\u00farbios emocionais.<\/p>\n<p>A fisioterapia manipulativa \u00e9 outra \u00e1rea de atua\u00e7\u00e3o da cl\u00ednica, onde t\u00e9cnicas manuais s\u00e3o aplicadas para tratar disfun\u00e7\u00f5es musculoesquel\u00e9ticas, ajudando na recupera\u00e7\u00e3o de les\u00f5es e na reabilita\u00e7\u00e3o de pacientes. A Dra. B\u00e1rbara tamb\u00e9m se destaca na neurologia funcional, tratando condi\u00e7\u00f5es que afetam as fun\u00e7\u00f5es motoras e neurol\u00f3gicas, essencial para pacientes que necessitam de reabilita\u00e7\u00e3o especializada.<\/p>\n<p>A cl\u00ednica oferece ainda a t\u00e9cnica de Reeduca\u00e7\u00e3o Postural Global (RPG), que inclui a RPG Neural, uma abordagem inovadora para corre\u00e7\u00e3o de desvios posturais, contribuindo para a qualidade de vida dos pacientes. Os atendimentos s\u00e3o realizados de forma individualizada, garantindo que cada paciente receba a aten\u00e7\u00e3o necess\u00e1ria.<\/p>\n<p>Localizada em uma \u00e1rea de f\u00e1cil acesso, a cl\u00ednica est\u00e1 pr\u00f3xima a diversos bairros, como Jardim das Colinas, Vila Ema e Jardim Esplanada, facilitando a chegada de pacientes de toda a regi\u00e3o. Os hor\u00e1rios de atendimento s\u00e3o de segunda a quinta-feira, das 07:00 \u00e0s 17:30, e na sexta-feira, das 07:00 \u00e0s 14:00, proporcionando flexibilidade para agendamentos.<\/p>\n<p>Embora a cl\u00ednica atenda majoritariamente de forma particular, os valores das consultas e sess\u00f5es de tratamento s\u00e3o acess\u00edveis, com consultas de quiropraxia a partir de R$ 180, sess\u00f5es de fisioterapia variando entre R$ 250 e R$ 2.400 para tratamentos regenerativos como PRP. Para mais informa\u00e7\u00f5es sobre os servi\u00e7os e agendamentos, voc\u00ea pode entrar em contato pelo telefone (12) 99621-2934.<\/p>\n<p>A Dra. B\u00e1rbara tamb\u00e9m est\u00e1 presente nas redes sociais, onde compartilha dicas de sa\u00fade e bem-estar, e voc\u00ea pode segui-la para ficar por dentro das novidades e promo\u00e7\u00f5es da cl\u00ednica. A miss\u00e3o da Dra. B\u00e1rbara Ganzelevitch \u00e9 proporcionar um atendimento de qualidade, focado na sa\u00fade e no bem-estar dos pacientes, promovendo uma verdadeira transforma\u00e7\u00e3o na vida de cada um deles.<\/p>\n<h3><span class=\"ez-toc-section\" id=\"Perguntas_Frequentes\"><\/span>Perguntas Frequentes<span class=\"ez-toc-section-end\"><\/span><\/h3>\n<p>P: Quais especialidades a Dra. B\u00e1rbara oferece?<br \/>\nR: A Dra. B\u00e1rbara oferece quiropraxia, acupuntura, fisioterapia manipulativa, neurologia funcional e RPG.<\/p>\n<p>P: Como posso agendar uma consulta?<br \/>\nR: Voc\u00ea pode agendar uma consulta pelo telefone (12) 99621-2934.<\/p>\n<p>P: Quais s\u00e3o os hor\u00e1rios de atendimento da cl\u00ednica?<br \/>\nR: A cl\u00ednica atende de segunda a quinta-feira, das 07:00 \u00e0s 17:30, e na sexta-feira, das 07:00 \u00e0s 14:00.<\/p>\n<p>P: A cl\u00ednica aceita conv\u00eanios?<br \/>\nR: A Dra. B\u00e1rbara atende majoritariamente no formato particular.<\/p>\n<p>P: Quais s\u00e3o os valores das consultas e tratamentos?<br \/>\nR: As consultas de quiropraxia partem de R$ 180, enquanto sess\u00f5es de fisioterapia variam entre R$ 250 e R$ 2.400 para tratamentos regenerativos.<\/p>\n<p>P: Onde a cl\u00ednica est\u00e1 localizada?<br \/>\nR: A cl\u00ednica est\u00e1 localizada no bairro Jardim Aguarius, em S\u00e3o Jos\u00e9 dos Campos, SP.<\/p>\n<p>P: A Dra. B\u00e1rbara faz atendimentos para crian\u00e7as?<br \/>\nR: Sim, a Dra. B\u00e1rbara realiza reabilita\u00e7\u00e3o especializada para adultos e crian\u00e7as.<\/p>\n<p>P: O que \u00e9 a t\u00e9cnica de RPG Neural?<br \/>\nR: A RPG Neural \u00e9 uma abordagem para corre\u00e7\u00e3o de desvios posturais, visando melhorar a qualidade de vida dos pacientes.<\/p>\n<p>P: A cl\u00ednica realiza exames?<br \/>\nR: Sim, a cl\u00ednica realiza avalia\u00e7\u00f5es funcionais e procedimentos terap\u00eauticos espec\u00edficos, como o PRP.<\/p>\n<p>P: Como posso acompanhar as novidades da cl\u00ednica?<br \/>\nR: Voc\u00ea pode seguir a Dra. B\u00e1rbara nas redes sociais para acompanhar dicas e novidades sobre sa\u00fade.<\/p>\n<h3><span class=\"ez-toc-section\" id=\"Contato\"><\/span>Contato<span class=\"ez-toc-section-end\"><\/span><\/h3>\n<p><strong>Tel.:  | <\/strong><br \/>\n<strong>WhatsApp: &#8211; <\/strong><\/p>\n","protected":false},"excerpt":{"rendered":"<p>Dra. B\u00e1rbara Ganzelevitch: Sa\u00fade e Bem-Estar em S\u00e3o Jos\u00e9 dos Campos A Cl\u00ednica da Dra. B\u00e1rbara Ganzelevitch, localizada no bairro Jardim Aguarius em S\u00e3o Jos\u00e9 dos Campos, \u00e9 um espa\u00e7o dedicado \u00e0 promo\u00e7\u00e3o da sa\u00fade e bem-estar, com foco em uma abordagem hol\u00edstica e humanizada. A Dra. B\u00e1rbara, respons\u00e1vel t\u00e9cnica e especialista em quiropraxia, acupuntura [&hellip;]<\/p>\n","protected":false},"author":0,"featured_media":0,"comment_status":"open","ping_status":"open","sticky":false,"template":"","format":"standard","meta":{"_et_pb_use_builder":"o","_et_pb_old_content":"","_et_gb_content_width":"","footnotes":""},"categories":[900,915,1519],"tags":[],"class_list":["post-153955","post","type-post","status-publish","format-standard","hentry","category-acupuntura","category-fisioterapia","category-quiropraxia"],"yoast_head":"<!-- This site is optimized with the Yoast SEO Premium plugin v21.3 (Yoast SEO v27.5) - https:\/\/yoast.com\/product\/yoast-seo-premium-wordpress\/ -->\n<title>Dra. B\u00e1rbara Ganzelevitch: Sa\u00fade e Bem-Estar em S\u00e3o Jos\u00e9 dos Campos - Conv\u00eanio Social<\/title>\n<meta name=\"robots\" content=\"index, follow, max-snippet:-1, max-image-preview:large, max-video-preview:-1\" \/>\n<link rel=\"canonical\" href=\"https:\/\/www.conveniosocial.com.br\/blog\/acupuntura\/dra-barbara-ganzelevitch-saude-e-bem-estar-em-sao-jose-dos-campos\/\" \/>\n<meta property=\"og:locale\" content=\"pt_BR\" \/>\n<meta property=\"og:type\" content=\"article\" \/>\n<meta property=\"og:title\" content=\"Dra. B\u00e1rbara Ganzelevitch: Sa\u00fade e Bem-Estar em S\u00e3o Jos\u00e9 dos Campos\" \/>\n<meta property=\"og:description\" content=\"Dra. B\u00e1rbara Ganzelevitch: Sa\u00fade e Bem-Estar em S\u00e3o Jos\u00e9 dos Campos A Cl\u00ednica da Dra. B\u00e1rbara Ganzelevitch, localizada no bairro Jardim Aguarius em S\u00e3o Jos\u00e9 dos Campos, \u00e9 um espa\u00e7o dedicado \u00e0 promo\u00e7\u00e3o da sa\u00fade e bem-estar, com foco em uma abordagem hol\u00edstica e humanizada. A Dra. B\u00e1rbara, respons\u00e1vel t\u00e9cnica e especialista em quiropraxia, acupuntura [&hellip;]\" \/>\n<meta property=\"og:url\" content=\"https:\/\/www.conveniosocial.com.br\/blog\/acupuntura\/dra-barbara-ganzelevitch-saude-e-bem-estar-em-sao-jose-dos-campos\/\" \/>\n<meta property=\"og:site_name\" content=\"Conv\u00eanio Social\" \/>\n<meta property=\"article:published_time\" content=\"2026-04-27T00:00:56+00:00\" \/>\n<meta name=\"twitter:card\" content=\"summary_large_image\" \/>\n<meta name=\"twitter:label1\" content=\"Est. tempo de leitura\" \/>\n\t<meta name=\"twitter:data1\" content=\"4 minutos\" \/>\n<script type=\"application\/ld+json\" class=\"yoast-schema-graph\">{\"@context\":\"https:\\\/\\\/schema.org\",\"@graph\":[{\"@type\":\"Article\",\"@id\":\"https:\\\/\\\/www.conveniosocial.com.br\\\/blog\\\/acupuntura\\\/dra-barbara-ganzelevitch-saude-e-bem-estar-em-sao-jose-dos-campos\\\/#article\",\"isPartOf\":{\"@id\":\"https:\\\/\\\/www.conveniosocial.com.br\\\/blog\\\/acupuntura\\\/dra-barbara-ganzelevitch-saude-e-bem-estar-em-sao-jose-dos-campos\\\/\"},\"author\":{\"name\":\"\",\"@id\":\"\"},\"headline\":\"Dra. B\u00e1rbara Ganzelevitch: Sa\u00fade e Bem-Estar em S\u00e3o Jos\u00e9 dos Campos\",\"datePublished\":\"2026-04-27T00:00:56+00:00\",\"mainEntityOfPage\":{\"@id\":\"https:\\\/\\\/www.conveniosocial.com.br\\\/blog\\\/acupuntura\\\/dra-barbara-ganzelevitch-saude-e-bem-estar-em-sao-jose-dos-campos\\\/\"},\"wordCount\":735,\"commentCount\":0,\"publisher\":{\"@id\":\"https:\\\/\\\/www.conveniosocial.com.br\\\/blog\\\/#organization\"},\"articleSection\":[\"Acupuntura\",\"Fisioterapia\",\"Quiropraxia\"],\"inLanguage\":\"pt-BR\"},{\"@type\":\"WebPage\",\"@id\":\"https:\\\/\\\/www.conveniosocial.com.br\\\/blog\\\/acupuntura\\\/dra-barbara-ganzelevitch-saude-e-bem-estar-em-sao-jose-dos-campos\\\/\",\"url\":\"https:\\\/\\\/www.conveniosocial.com.br\\\/blog\\\/acupuntura\\\/dra-barbara-ganzelevitch-saude-e-bem-estar-em-sao-jose-dos-campos\\\/\",\"name\":\"Dra. B\u00e1rbara Ganzelevitch: Sa\u00fade e Bem-Estar em S\u00e3o Jos\u00e9 dos Campos - Conv\u00eanio Social\",\"isPartOf\":{\"@id\":\"https:\\\/\\\/www.conveniosocial.com.br\\\/blog\\\/#website\"},\"datePublished\":\"2026-04-27T00:00:56+00:00\",\"breadcrumb\":{\"@id\":\"https:\\\/\\\/www.conveniosocial.com.br\\\/blog\\\/acupuntura\\\/dra-barbara-ganzelevitch-saude-e-bem-estar-em-sao-jose-dos-campos\\\/#breadcrumb\"},\"inLanguage\":\"pt-BR\",\"potentialAction\":[{\"@type\":\"ReadAction\",\"target\":[\"https:\\\/\\\/www.conveniosocial.com.br\\\/blog\\\/acupuntura\\\/dra-barbara-ganzelevitch-saude-e-bem-estar-em-sao-jose-dos-campos\\\/\"]}]},{\"@type\":\"BreadcrumbList\",\"@id\":\"https:\\\/\\\/www.conveniosocial.com.br\\\/blog\\\/acupuntura\\\/dra-barbara-ganzelevitch-saude-e-bem-estar-em-sao-jose-dos-campos\\\/#breadcrumb\",\"itemListElement\":[{\"@type\":\"ListItem\",\"position\":1,\"name\":\"Home\",\"item\":\"https:\\\/\\\/www.conveniosocial.com.br\\\/blog\\\/\"},{\"@type\":\"ListItem\",\"position\":2,\"name\":\"Acupuntura\",\"item\":\"https:\\\/\\\/www.conveniosocial.com.br\\\/blog\\\/acupuntura\\\/\"},{\"@type\":\"ListItem\",\"position\":3,\"name\":\"Dra. B\u00e1rbara Ganzelevitch: Sa\u00fade e Bem-Estar em S\u00e3o Jos\u00e9 dos Campos\"}]},{\"@type\":\"WebSite\",\"@id\":\"https:\\\/\\\/www.conveniosocial.com.br\\\/blog\\\/#website\",\"url\":\"https:\\\/\\\/www.conveniosocial.com.br\\\/blog\\\/\",\"name\":\"Conv\u00eanio Social\",\"description\":\"Informa\u00e7\u00f5es de Sa\u00fade e Bem-estar, Consultas e Exames Popular\",\"publisher\":{\"@id\":\"https:\\\/\\\/www.conveniosocial.com.br\\\/blog\\\/#organization\"},\"potentialAction\":[{\"@type\":\"SearchAction\",\"target\":{\"@type\":\"EntryPoint\",\"urlTemplate\":\"https:\\\/\\\/www.conveniosocial.com.br\\\/blog\\\/?s={search_term_string}\"},\"query-input\":{\"@type\":\"PropertyValueSpecification\",\"valueRequired\":true,\"valueName\":\"search_term_string\"}}],\"inLanguage\":\"pt-BR\"},{\"@type\":\"Organization\",\"@id\":\"https:\\\/\\\/www.conveniosocial.com.br\\\/blog\\\/#organization\",\"name\":\"Conv\u00eanio Social\",\"url\":\"https:\\\/\\\/www.conveniosocial.com.br\\\/blog\\\/\",\"logo\":{\"@type\":\"ImageObject\",\"inLanguage\":\"pt-BR\",\"@id\":\"https:\\\/\\\/www.conveniosocial.com.br\\\/blog\\\/#\\\/schema\\\/logo\\\/image\\\/\",\"url\":\"https:\\\/\\\/www.conveniosocial.com.br\\\/blog\\\/wp-content\\\/uploads\\\/2021\\\/11\\\/novo_logo-convenio-socia-digital.png\",\"contentUrl\":\"https:\\\/\\\/www.conveniosocial.com.br\\\/blog\\\/wp-content\\\/uploads\\\/2021\\\/11\\\/novo_logo-convenio-socia-digital.png\",\"width\":400,\"height\":102,\"caption\":\"Conv\u00eanio Social\"},\"image\":{\"@id\":\"https:\\\/\\\/www.conveniosocial.com.br\\\/blog\\\/#\\\/schema\\\/logo\\\/image\\\/\"}}]}<\/script>\n<!-- \/ Yoast SEO Premium plugin. -->","yoast_head_json":{"title":"Dra. B\u00e1rbara Ganzelevitch: Sa\u00fade e Bem-Estar em S\u00e3o Jos\u00e9 dos Campos - Conv\u00eanio Social","robots":{"index":"index","follow":"follow","max-snippet":"max-snippet:-1","max-image-preview":"max-image-preview:large","max-video-preview":"max-video-preview:-1"},"canonical":"https:\/\/www.conveniosocial.com.br\/blog\/acupuntura\/dra-barbara-ganzelevitch-saude-e-bem-estar-em-sao-jose-dos-campos\/","og_locale":"pt_BR","og_type":"article","og_title":"Dra. B\u00e1rbara Ganzelevitch: Sa\u00fade e Bem-Estar em S\u00e3o Jos\u00e9 dos Campos","og_description":"Dra. B\u00e1rbara Ganzelevitch: Sa\u00fade e Bem-Estar em S\u00e3o Jos\u00e9 dos Campos A Cl\u00ednica da Dra. B\u00e1rbara Ganzelevitch, localizada no bairro Jardim Aguarius em S\u00e3o Jos\u00e9 dos Campos, \u00e9 um espa\u00e7o dedicado \u00e0 promo\u00e7\u00e3o da sa\u00fade e bem-estar, com foco em uma abordagem hol\u00edstica e humanizada. A Dra. B\u00e1rbara, respons\u00e1vel t\u00e9cnica e especialista em quiropraxia, acupuntura [&hellip;]","og_url":"https:\/\/www.conveniosocial.com.br\/blog\/acupuntura\/dra-barbara-ganzelevitch-saude-e-bem-estar-em-sao-jose-dos-campos\/","og_site_name":"Conv\u00eanio Social","article_published_time":"2026-04-27T00:00:56+00:00","twitter_card":"summary_large_image","twitter_misc":{"Est. tempo de leitura":"4 minutos"},"schema":{"@context":"https:\/\/schema.org","@graph":[{"@type":"Article","@id":"https:\/\/www.conveniosocial.com.br\/blog\/acupuntura\/dra-barbara-ganzelevitch-saude-e-bem-estar-em-sao-jose-dos-campos\/#article","isPartOf":{"@id":"https:\/\/www.conveniosocial.com.br\/blog\/acupuntura\/dra-barbara-ganzelevitch-saude-e-bem-estar-em-sao-jose-dos-campos\/"},"author":{"name":"","@id":""},"headline":"Dra. B\u00e1rbara Ganzelevitch: Sa\u00fade e Bem-Estar em S\u00e3o Jos\u00e9 dos Campos","datePublished":"2026-04-27T00:00:56+00:00","mainEntityOfPage":{"@id":"https:\/\/www.conveniosocial.com.br\/blog\/acupuntura\/dra-barbara-ganzelevitch-saude-e-bem-estar-em-sao-jose-dos-campos\/"},"wordCount":735,"commentCount":0,"publisher":{"@id":"https:\/\/www.conveniosocial.com.br\/blog\/#organization"},"articleSection":["Acupuntura","Fisioterapia","Quiropraxia"],"inLanguage":"pt-BR"},{"@type":"WebPage","@id":"https:\/\/www.conveniosocial.com.br\/blog\/acupuntura\/dra-barbara-ganzelevitch-saude-e-bem-estar-em-sao-jose-dos-campos\/","url":"https:\/\/www.conveniosocial.com.br\/blog\/acupuntura\/dra-barbara-ganzelevitch-saude-e-bem-estar-em-sao-jose-dos-campos\/","name":"Dra. B\u00e1rbara Ganzelevitch: Sa\u00fade e Bem-Estar em S\u00e3o Jos\u00e9 dos Campos - Conv\u00eanio Social","isPartOf":{"@id":"https:\/\/www.conveniosocial.com.br\/blog\/#website"},"datePublished":"2026-04-27T00:00:56+00:00","breadcrumb":{"@id":"https:\/\/www.conveniosocial.com.br\/blog\/acupuntura\/dra-barbara-ganzelevitch-saude-e-bem-estar-em-sao-jose-dos-campos\/#breadcrumb"},"inLanguage":"pt-BR","potentialAction":[{"@type":"ReadAction","target":["https:\/\/www.conveniosocial.com.br\/blog\/acupuntura\/dra-barbara-ganzelevitch-saude-e-bem-estar-em-sao-jose-dos-campos\/"]}]},{"@type":"BreadcrumbList","@id":"https:\/\/www.conveniosocial.com.br\/blog\/acupuntura\/dra-barbara-ganzelevitch-saude-e-bem-estar-em-sao-jose-dos-campos\/#breadcrumb","itemListElement":[{"@type":"ListItem","position":1,"name":"Home","item":"https:\/\/www.conveniosocial.com.br\/blog\/"},{"@type":"ListItem","position":2,"name":"Acupuntura","item":"https:\/\/www.conveniosocial.com.br\/blog\/acupuntura\/"},{"@type":"ListItem","position":3,"name":"Dra. B\u00e1rbara Ganzelevitch: Sa\u00fade e Bem-Estar em S\u00e3o Jos\u00e9 dos Campos"}]},{"@type":"WebSite","@id":"https:\/\/www.conveniosocial.com.br\/blog\/#website","url":"https:\/\/www.conveniosocial.com.br\/blog\/","name":"Conv\u00eanio Social","description":"Informa\u00e7\u00f5es de Sa\u00fade e Bem-estar, Consultas e Exames Popular","publisher":{"@id":"https:\/\/www.conveniosocial.com.br\/blog\/#organization"},"potentialAction":[{"@type":"SearchAction","target":{"@type":"EntryPoint","urlTemplate":"https:\/\/www.conveniosocial.com.br\/blog\/?s={search_term_string}"},"query-input":{"@type":"PropertyValueSpecification","valueRequired":true,"valueName":"search_term_string"}}],"inLanguage":"pt-BR"},{"@type":"Organization","@id":"https:\/\/www.conveniosocial.com.br\/blog\/#organization","name":"Conv\u00eanio Social","url":"https:\/\/www.conveniosocial.com.br\/blog\/","logo":{"@type":"ImageObject","inLanguage":"pt-BR","@id":"https:\/\/www.conveniosocial.com.br\/blog\/#\/schema\/logo\/image\/","url":"https:\/\/www.conveniosocial.com.br\/blog\/wp-content\/uploads\/2021\/11\/novo_logo-convenio-socia-digital.png","contentUrl":"https:\/\/www.conveniosocial.com.br\/blog\/wp-content\/uploads\/2021\/11\/novo_logo-convenio-socia-digital.png","width":400,"height":102,"caption":"Conv\u00eanio Social"},"image":{"@id":"https:\/\/www.conveniosocial.com.br\/blog\/#\/schema\/logo\/image\/"}}]}},"_links":{"self":[{"href":"https:\/\/www.conveniosocial.com.br\/blog\/wp-json\/wp\/v2\/posts\/153955","targetHints":{"allow":["GET"]}}],"collection":[{"href":"https:\/\/www.conveniosocial.com.br\/blog\/wp-json\/wp\/v2\/posts"}],"about":[{"href":"https:\/\/www.conveniosocial.com.br\/blog\/wp-json\/wp\/v2\/types\/post"}],"replies":[{"embeddable":true,"href":"https:\/\/www.conveniosocial.com.br\/blog\/wp-json\/wp\/v2\/comments?post=153955"}],"version-history":[{"count":0,"href":"https:\/\/www.conveniosocial.com.br\/blog\/wp-json\/wp\/v2\/posts\/153955\/revisions"}],"wp:attachment":[{"href":"https:\/\/www.conveniosocial.com.br\/blog\/wp-json\/wp\/v2\/media?parent=153955"}],"wp:term":[{"taxonomy":"category","embeddable":true,"href":"https:\/\/www.conveniosocial.com.br\/blog\/wp-json\/wp\/v2\/categories?post=153955"},{"taxonomy":"post_tag","embeddable":true,"href":"https:\/\/www.conveniosocial.com.br\/blog\/wp-json\/wp\/v2\/tags?post=153955"}],"curies":[{"name":"wp","href":"https:\/\/api.w.org\/{rel}","templated":true}]}}