{"id":153958,"date":"2026-04-26T21:01:04","date_gmt":"2026-04-27T00:01:04","guid":{"rendered":"https:\/\/www.conveniosocial.com.br\/blog\/nehuma\/estetica-popular-goiania-beleza-e-bem-estar-em-um-so-lugar\/"},"modified":"2026-04-26T21:01:04","modified_gmt":"2026-04-27T00:01:04","slug":"estetica-popular-goiania-beleza-e-bem-estar-em-um-so-lugar","status":"publish","type":"post","link":"https:\/\/www.conveniosocial.com.br\/blog\/estetica\/estetica-popular-goiania-beleza-e-bem-estar-em-um-so-lugar\/","title":{"rendered":"Est\u00e9tica Popular Goi\u00e2nia: Beleza e Bem-Estar em um S\u00f3 Lugar"},"content":{"rendered":"<div id=\"ez-toc-container\" class=\"ez-toc-v2_0_82_2 counter-flat ez-toc-counter ez-toc-white ez-toc-container-direction\">\n<p class=\"ez-toc-title\" style=\"cursor:inherit\">\u00cdndice do Conte\u00fado<\/p>\n<label for=\"ez-toc-cssicon-toggle-item-69f1b43653c4d\" class=\"ez-toc-cssicon-toggle-label\"><span class=\"ez-toc-cssicon\"><span class=\"eztoc-hide\" style=\"display:none;\">Toggle<\/span><span class=\"ez-toc-icon-toggle-span\"><svg style=\"fill: #999;color:#999\" xmlns=\"http:\/\/www.w3.org\/2000\/svg\" class=\"list-377408\" width=\"20px\" height=\"20px\" viewBox=\"0 0 24 24\" fill=\"none\"><path d=\"M6 6H4v2h2V6zm14 0H8v2h12V6zM4 11h2v2H4v-2zm16 0H8v2h12v-2zM4 16h2v2H4v-2zm16 0H8v2h12v-2z\" fill=\"currentColor\"><\/path><\/svg><svg style=\"fill: #999;color:#999\" class=\"arrow-unsorted-368013\" xmlns=\"http:\/\/www.w3.org\/2000\/svg\" width=\"10px\" height=\"10px\" viewBox=\"0 0 24 24\" version=\"1.2\" baseProfile=\"tiny\"><path d=\"M18.2 9.3l-6.2-6.3-6.2 6.3c-.2.2-.3.4-.3.7s.1.5.3.7c.2.2.4.3.7.3h11c.3 0 .5-.1.7-.3.2-.2.3-.5.3-.7s-.1-.5-.3-.7zM5.8 14.7l6.2 6.3 6.2-6.3c.2-.2.3-.5.3-.7s-.1-.5-.3-.7c-.2-.2-.4-.3-.7-.3h-11c-.3 0-.5.1-.7.3-.2.2-.3.5-.3.7s.1.5.3.7z\"\/><\/svg><\/span><\/span><\/label><input type=\"checkbox\"  id=\"ez-toc-cssicon-toggle-item-69f1b43653c4d\" checked aria-label=\"Alternar\" \/><nav><ul class='ez-toc-list ez-toc-list-level-1 ' ><li class='ez-toc-page-1'><a class=\"ez-toc-link ez-toc-heading-1\" href=\"https:\/\/www.conveniosocial.com.br\/blog\/estetica\/estetica-popular-goiania-beleza-e-bem-estar-em-um-so-lugar\/#Estetica_Popular_Goiania_Beleza_e_Bem-Estar_em_um_So_Lugar\" >Est\u00e9tica Popular Goi\u00e2nia: Beleza e Bem-Estar em um S\u00f3 Lugar<\/a><\/li><li class='ez-toc-page-1'><a class=\"ez-toc-link ez-toc-heading-2\" href=\"https:\/\/www.conveniosocial.com.br\/blog\/estetica\/estetica-popular-goiania-beleza-e-bem-estar-em-um-so-lugar\/#Perguntas_Frequentes\" >Perguntas Frequentes<\/a><\/li><li class='ez-toc-page-1'><a class=\"ez-toc-link ez-toc-heading-3\" href=\"https:\/\/www.conveniosocial.com.br\/blog\/estetica\/estetica-popular-goiania-beleza-e-bem-estar-em-um-so-lugar\/#Contato\" >Contato<\/a><\/li><\/ul><\/nav><\/div>\n<h2><span class=\"ez-toc-section\" id=\"Estetica_Popular_Goiania_Beleza_e_Bem-Estar_em_um_So_Lugar\"><\/span>Est\u00e9tica Popular Goi\u00e2nia: Beleza e Bem-Estar em um S\u00f3 Lugar<span class=\"ez-toc-section-end\"><\/span><\/h2>\n<p>A Est\u00e9tica Popular Goi\u00e2nia \u00e9 uma cl\u00ednica de refer\u00eancia em tratamentos est\u00e9ticos, localizada no cora\u00e7\u00e3o do Setor Sul, em Goi\u00e2nia, Goi\u00e1s. Nossa miss\u00e3o \u00e9 proporcionar cuidados de beleza e bem-estar de forma acess\u00edvel e humanizada, com um atendimento que prioriza a satisfa\u00e7\u00e3o e a sa\u00fade dos nossos clientes. Nossos profissionais s\u00e3o altamente qualificados, liderados pela respons\u00e1vel t\u00e9cnica Adriana Bezerra, que traz experi\u00eancia e dedica\u00e7\u00e3o para cada procedimento realizado.<\/p>\n<p>Oferecemos uma ampla gama de especialidades para atender \u00e0s necessidades de nossos pacientes, incluindo flacidez \u00edntima, tratamentos de pele como peeling de diamante, limpeza de pele profunda e microagulhamento. Al\u00e9m disso, contamos com t\u00e9cnicas modernas e eficazes como o jato de plasma corporal e facial, laser IPL, radiofrequ\u00eancia e skinbooster, que garantem resultados vis\u00edveis e duradouros.<\/p>\n<p>A cl\u00ednica \u00e9 de f\u00e1cil acesso, localizada em um bairro que \u00e9 refer\u00eancia em Goi\u00e2nia e pr\u00f3ximo a \u00e1reas como Setor Bueno e Setor Marista, o que facilita a locomo\u00e7\u00e3o. Priorizamos a comodidade de nossos clientes, portanto, temos hor\u00e1rios flex\u00edveis: atendemos de segunda-feira das 8h \u00e0s 18h, e de ter\u00e7a a sexta-feira das 9h \u00e0s 18h, com exce\u00e7\u00e3o da sexta, que encerramos \u00e0s 16h.<\/p>\n<p>Nosso compromisso \u00e9 com a qualidade e a seguran\u00e7a. Todos os procedimentos s\u00e3o realizados com rigorosos padr\u00f5es de higiene e com equipamentos de \u00faltima gera\u00e7\u00e3o, garantindo que cada cliente tenha uma experi\u00eancia positiva e segura. Acreditamos que a est\u00e9tica vai al\u00e9m da beleza exterior; \u00e9 tamb\u00e9m sobre o bem-estar e a autoestima. Por isso, nossos tratamentos s\u00e3o personalizados, levando em considera\u00e7\u00e3o as particularidades de cada paciente.<\/p>\n<p>Se voc\u00ea est\u00e1 em busca de um espa\u00e7o que une qualidade, profissionalismo e um atendimento acolhedor, a Est\u00e9tica Popular Goi\u00e2nia \u00e9 a escolha certa. Para mais informa\u00e7\u00f5es, entre em contato pelo telefone 62 3642-9606. Embora ainda n\u00e3o tenhamos um site ou perfil no Instagram, estamos sempre dispon\u00edveis para tirar suas d\u00favidas e agendar sua visita. Venha nos conhecer e descubra como podemos ajudar voc\u00ea a se sentir ainda mais bela e confiante! Estamos aqui para cuidar de voc\u00ea com todo carinho e aten\u00e7\u00e3o que voc\u00ea merece.<\/p>\n<h3><span class=\"ez-toc-section\" id=\"Perguntas_Frequentes\"><\/span>Perguntas Frequentes<span class=\"ez-toc-section-end\"><\/span><\/h3>\n<p>P: Quais s\u00e3o os principais tratamentos oferecidos pela Est\u00e9tica Popular Goi\u00e2nia?<br \/>\nR: Oferecemos uma variedade de tratamentos, incluindo flacidez \u00edntima, peeling de diamante, microagulhamento, jato de plasma e laser IPL.<\/p>\n<p>P: A cl\u00ednica atende conv\u00eanios?<br \/>\nR: No momento, n\u00e3o trabalhamos com conv\u00eanios, mas oferecemos servi\u00e7os acess\u00edveis a todos.<\/p>\n<p>P: Como posso agendar um hor\u00e1rio?<br \/>\nR: Voc\u00ea pode agendar seu hor\u00e1rio pelo telefone 62 3642-9606.<\/p>\n<p>P: Quais s\u00e3o os hor\u00e1rios de funcionamento da cl\u00ednica?<br \/>\nR: Atendemos de segunda-feira das 8h \u00e0s 18h, e de ter\u00e7a a sexta-feira das 9h \u00e0s 18h, encerrando \u00e0s 16h na sexta.<\/p>\n<p>P: A Est\u00e9tica Popular Goi\u00e2nia realiza algum tipo de avalia\u00e7\u00e3o antes dos tratamentos?<br \/>\nR: Sim, fazemos uma avalia\u00e7\u00e3o pessoal para entender suas necessidades e indicar o melhor tratamento.<\/p>\n<p>P: Os procedimentos s\u00e3o seguros?<br \/>\nR: Sim, seguimos todos os protocolos de higiene e utilizamos equipamentos modernos e seguros.<\/p>\n<p>P: \u00c9 necess\u00e1rio fazer algum tipo de prepara\u00e7\u00e3o antes dos tratamentos?<br \/>\nR: Dependendo do tratamento, pode haver orienta\u00e7\u00f5es espec\u00edficas. Isso ser\u00e1 informado durante a avalia\u00e7\u00e3o.<\/p>\n<p>P: Posso fazer mais de um tratamento na mesma visita?<br \/>\nR: Sim, dependendo da combina\u00e7\u00e3o de tratamentos e da avalia\u00e7\u00e3o do profissional, \u00e9 poss\u00edvel realizar mais de um procedimento.<\/p>\n<p>P: Quais s\u00e3o as formas de pagamento aceitas?<br \/>\nR: Aceitamos pagamentos em dinheiro e cart\u00f5es de cr\u00e9dito e d\u00e9bito, mas consulte-nos para mais detalhes.<\/p>\n<p>P: A cl\u00ednica \u00e9 acess\u00edvel para pessoas com mobilidade reduzida?<br \/>\nR: Sim, a cl\u00ednica possui infraestrutura adequada para atender a todos os nossos clientes.<\/p>\n<h3><span class=\"ez-toc-section\" id=\"Contato\"><\/span>Contato<span class=\"ez-toc-section-end\"><\/span><\/h3>\n<p><strong>Tel.:  | <\/strong><br \/>\n<strong>WhatsApp: &#8211; <\/strong><\/p>\n","protected":false},"excerpt":{"rendered":"<p>Est\u00e9tica Popular Goi\u00e2nia: Beleza e Bem-Estar em um S\u00f3 Lugar A Est\u00e9tica Popular Goi\u00e2nia \u00e9 uma cl\u00ednica de refer\u00eancia em tratamentos est\u00e9ticos, localizada no cora\u00e7\u00e3o do Setor Sul, em Goi\u00e2nia, Goi\u00e1s. Nossa miss\u00e3o \u00e9 proporcionar cuidados de beleza e bem-estar de forma acess\u00edvel e humanizada, com um atendimento que prioriza a satisfa\u00e7\u00e3o e a sa\u00fade [&hellip;]<\/p>\n","protected":false},"author":0,"featured_media":0,"comment_status":"open","ping_status":"open","sticky":false,"template":"","format":"standard","meta":{"_et_pb_use_builder":"o","_et_pb_old_content":"","_et_gb_content_width":"","footnotes":""},"categories":[1349,684,1318],"tags":[],"class_list":["post-153958","post","type-post","status-publish","format-standard","hentry","category-cuidados-com-a-pele","category-estetica","category-tratamentos-faciais"],"yoast_head":"<!-- This site is optimized with the Yoast SEO Premium plugin v21.3 (Yoast SEO v27.5) - https:\/\/yoast.com\/product\/yoast-seo-premium-wordpress\/ -->\n<title>Est\u00e9tica Popular Goi\u00e2nia: Beleza e Bem-Estar em um S\u00f3 Lugar - Conv\u00eanio Social<\/title>\n<meta name=\"robots\" content=\"index, follow, max-snippet:-1, max-image-preview:large, max-video-preview:-1\" \/>\n<link rel=\"canonical\" href=\"https:\/\/www.conveniosocial.com.br\/blog\/estetica\/estetica-popular-goiania-beleza-e-bem-estar-em-um-so-lugar\/\" \/>\n<meta property=\"og:locale\" content=\"pt_BR\" \/>\n<meta property=\"og:type\" content=\"article\" \/>\n<meta property=\"og:title\" content=\"Est\u00e9tica Popular Goi\u00e2nia: Beleza e Bem-Estar em um S\u00f3 Lugar\" \/>\n<meta property=\"og:description\" content=\"Est\u00e9tica Popular Goi\u00e2nia: Beleza e Bem-Estar em um S\u00f3 Lugar A Est\u00e9tica Popular Goi\u00e2nia \u00e9 uma cl\u00ednica de refer\u00eancia em tratamentos est\u00e9ticos, localizada no cora\u00e7\u00e3o do Setor Sul, em Goi\u00e2nia, Goi\u00e1s. Nossa miss\u00e3o \u00e9 proporcionar cuidados de beleza e bem-estar de forma acess\u00edvel e humanizada, com um atendimento que prioriza a satisfa\u00e7\u00e3o e a sa\u00fade [&hellip;]\" \/>\n<meta property=\"og:url\" content=\"https:\/\/www.conveniosocial.com.br\/blog\/estetica\/estetica-popular-goiania-beleza-e-bem-estar-em-um-so-lugar\/\" \/>\n<meta property=\"og:site_name\" content=\"Conv\u00eanio Social\" \/>\n<meta property=\"article:published_time\" content=\"2026-04-27T00:01:04+00:00\" \/>\n<meta name=\"twitter:card\" content=\"summary_large_image\" \/>\n<meta name=\"twitter:label1\" content=\"Est. tempo de leitura\" \/>\n\t<meta name=\"twitter:data1\" content=\"3 minutos\" \/>\n<script type=\"application\/ld+json\" class=\"yoast-schema-graph\">{\"@context\":\"https:\\\/\\\/schema.org\",\"@graph\":[{\"@type\":\"Article\",\"@id\":\"https:\\\/\\\/www.conveniosocial.com.br\\\/blog\\\/estetica\\\/estetica-popular-goiania-beleza-e-bem-estar-em-um-so-lugar\\\/#article\",\"isPartOf\":{\"@id\":\"https:\\\/\\\/www.conveniosocial.com.br\\\/blog\\\/estetica\\\/estetica-popular-goiania-beleza-e-bem-estar-em-um-so-lugar\\\/\"},\"author\":{\"name\":\"\",\"@id\":\"\"},\"headline\":\"Est\u00e9tica Popular Goi\u00e2nia: Beleza e Bem-Estar em um S\u00f3 Lugar\",\"datePublished\":\"2026-04-27T00:01:04+00:00\",\"mainEntityOfPage\":{\"@id\":\"https:\\\/\\\/www.conveniosocial.com.br\\\/blog\\\/estetica\\\/estetica-popular-goiania-beleza-e-bem-estar-em-um-so-lugar\\\/\"},\"wordCount\":685,\"commentCount\":0,\"publisher\":{\"@id\":\"https:\\\/\\\/www.conveniosocial.com.br\\\/blog\\\/#organization\"},\"articleSection\":[\"Cuidados com a Pele\",\"Est\u00e9tica\",\"Tratamentos Faciais\"],\"inLanguage\":\"pt-BR\"},{\"@type\":\"WebPage\",\"@id\":\"https:\\\/\\\/www.conveniosocial.com.br\\\/blog\\\/estetica\\\/estetica-popular-goiania-beleza-e-bem-estar-em-um-so-lugar\\\/\",\"url\":\"https:\\\/\\\/www.conveniosocial.com.br\\\/blog\\\/estetica\\\/estetica-popular-goiania-beleza-e-bem-estar-em-um-so-lugar\\\/\",\"name\":\"Est\u00e9tica Popular Goi\u00e2nia: Beleza e Bem-Estar em um S\u00f3 Lugar - Conv\u00eanio Social\",\"isPartOf\":{\"@id\":\"https:\\\/\\\/www.conveniosocial.com.br\\\/blog\\\/#website\"},\"datePublished\":\"2026-04-27T00:01:04+00:00\",\"breadcrumb\":{\"@id\":\"https:\\\/\\\/www.conveniosocial.com.br\\\/blog\\\/estetica\\\/estetica-popular-goiania-beleza-e-bem-estar-em-um-so-lugar\\\/#breadcrumb\"},\"inLanguage\":\"pt-BR\",\"potentialAction\":[{\"@type\":\"ReadAction\",\"target\":[\"https:\\\/\\\/www.conveniosocial.com.br\\\/blog\\\/estetica\\\/estetica-popular-goiania-beleza-e-bem-estar-em-um-so-lugar\\\/\"]}]},{\"@type\":\"BreadcrumbList\",\"@id\":\"https:\\\/\\\/www.conveniosocial.com.br\\\/blog\\\/estetica\\\/estetica-popular-goiania-beleza-e-bem-estar-em-um-so-lugar\\\/#breadcrumb\",\"itemListElement\":[{\"@type\":\"ListItem\",\"position\":1,\"name\":\"Home\",\"item\":\"https:\\\/\\\/www.conveniosocial.com.br\\\/blog\\\/\"},{\"@type\":\"ListItem\",\"position\":2,\"name\":\"Cuidados com a Pele\",\"item\":\"https:\\\/\\\/www.conveniosocial.com.br\\\/blog\\\/cuidados-com-a-pele\\\/\"},{\"@type\":\"ListItem\",\"position\":3,\"name\":\"Est\u00e9tica Popular Goi\u00e2nia: Beleza e Bem-Estar em um S\u00f3 Lugar\"}]},{\"@type\":\"WebSite\",\"@id\":\"https:\\\/\\\/www.conveniosocial.com.br\\\/blog\\\/#website\",\"url\":\"https:\\\/\\\/www.conveniosocial.com.br\\\/blog\\\/\",\"name\":\"Conv\u00eanio Social\",\"description\":\"Informa\u00e7\u00f5es de Sa\u00fade e Bem-estar, Consultas e Exames Popular\",\"publisher\":{\"@id\":\"https:\\\/\\\/www.conveniosocial.com.br\\\/blog\\\/#organization\"},\"potentialAction\":[{\"@type\":\"SearchAction\",\"target\":{\"@type\":\"EntryPoint\",\"urlTemplate\":\"https:\\\/\\\/www.conveniosocial.com.br\\\/blog\\\/?s={search_term_string}\"},\"query-input\":{\"@type\":\"PropertyValueSpecification\",\"valueRequired\":true,\"valueName\":\"search_term_string\"}}],\"inLanguage\":\"pt-BR\"},{\"@type\":\"Organization\",\"@id\":\"https:\\\/\\\/www.conveniosocial.com.br\\\/blog\\\/#organization\",\"name\":\"Conv\u00eanio Social\",\"url\":\"https:\\\/\\\/www.conveniosocial.com.br\\\/blog\\\/\",\"logo\":{\"@type\":\"ImageObject\",\"inLanguage\":\"pt-BR\",\"@id\":\"https:\\\/\\\/www.conveniosocial.com.br\\\/blog\\\/#\\\/schema\\\/logo\\\/image\\\/\",\"url\":\"https:\\\/\\\/www.conveniosocial.com.br\\\/blog\\\/wp-content\\\/uploads\\\/2021\\\/11\\\/novo_logo-convenio-socia-digital.png\",\"contentUrl\":\"https:\\\/\\\/www.conveniosocial.com.br\\\/blog\\\/wp-content\\\/uploads\\\/2021\\\/11\\\/novo_logo-convenio-socia-digital.png\",\"width\":400,\"height\":102,\"caption\":\"Conv\u00eanio Social\"},\"image\":{\"@id\":\"https:\\\/\\\/www.conveniosocial.com.br\\\/blog\\\/#\\\/schema\\\/logo\\\/image\\\/\"}}]}<\/script>\n<!-- \/ Yoast SEO Premium plugin. -->","yoast_head_json":{"title":"Est\u00e9tica Popular Goi\u00e2nia: Beleza e Bem-Estar em um S\u00f3 Lugar - Conv\u00eanio Social","robots":{"index":"index","follow":"follow","max-snippet":"max-snippet:-1","max-image-preview":"max-image-preview:large","max-video-preview":"max-video-preview:-1"},"canonical":"https:\/\/www.conveniosocial.com.br\/blog\/estetica\/estetica-popular-goiania-beleza-e-bem-estar-em-um-so-lugar\/","og_locale":"pt_BR","og_type":"article","og_title":"Est\u00e9tica Popular Goi\u00e2nia: Beleza e Bem-Estar em um S\u00f3 Lugar","og_description":"Est\u00e9tica Popular Goi\u00e2nia: Beleza e Bem-Estar em um S\u00f3 Lugar A Est\u00e9tica Popular Goi\u00e2nia \u00e9 uma cl\u00ednica de refer\u00eancia em tratamentos est\u00e9ticos, localizada no cora\u00e7\u00e3o do Setor Sul, em Goi\u00e2nia, Goi\u00e1s. Nossa miss\u00e3o \u00e9 proporcionar cuidados de beleza e bem-estar de forma acess\u00edvel e humanizada, com um atendimento que prioriza a satisfa\u00e7\u00e3o e a sa\u00fade [&hellip;]","og_url":"https:\/\/www.conveniosocial.com.br\/blog\/estetica\/estetica-popular-goiania-beleza-e-bem-estar-em-um-so-lugar\/","og_site_name":"Conv\u00eanio Social","article_published_time":"2026-04-27T00:01:04+00:00","twitter_card":"summary_large_image","twitter_misc":{"Est. tempo de leitura":"3 minutos"},"schema":{"@context":"https:\/\/schema.org","@graph":[{"@type":"Article","@id":"https:\/\/www.conveniosocial.com.br\/blog\/estetica\/estetica-popular-goiania-beleza-e-bem-estar-em-um-so-lugar\/#article","isPartOf":{"@id":"https:\/\/www.conveniosocial.com.br\/blog\/estetica\/estetica-popular-goiania-beleza-e-bem-estar-em-um-so-lugar\/"},"author":{"name":"","@id":""},"headline":"Est\u00e9tica Popular Goi\u00e2nia: Beleza e Bem-Estar em um S\u00f3 Lugar","datePublished":"2026-04-27T00:01:04+00:00","mainEntityOfPage":{"@id":"https:\/\/www.conveniosocial.com.br\/blog\/estetica\/estetica-popular-goiania-beleza-e-bem-estar-em-um-so-lugar\/"},"wordCount":685,"commentCount":0,"publisher":{"@id":"https:\/\/www.conveniosocial.com.br\/blog\/#organization"},"articleSection":["Cuidados com a Pele","Est\u00e9tica","Tratamentos Faciais"],"inLanguage":"pt-BR"},{"@type":"WebPage","@id":"https:\/\/www.conveniosocial.com.br\/blog\/estetica\/estetica-popular-goiania-beleza-e-bem-estar-em-um-so-lugar\/","url":"https:\/\/www.conveniosocial.com.br\/blog\/estetica\/estetica-popular-goiania-beleza-e-bem-estar-em-um-so-lugar\/","name":"Est\u00e9tica Popular Goi\u00e2nia: Beleza e Bem-Estar em um S\u00f3 Lugar - Conv\u00eanio Social","isPartOf":{"@id":"https:\/\/www.conveniosocial.com.br\/blog\/#website"},"datePublished":"2026-04-27T00:01:04+00:00","breadcrumb":{"@id":"https:\/\/www.conveniosocial.com.br\/blog\/estetica\/estetica-popular-goiania-beleza-e-bem-estar-em-um-so-lugar\/#breadcrumb"},"inLanguage":"pt-BR","potentialAction":[{"@type":"ReadAction","target":["https:\/\/www.conveniosocial.com.br\/blog\/estetica\/estetica-popular-goiania-beleza-e-bem-estar-em-um-so-lugar\/"]}]},{"@type":"BreadcrumbList","@id":"https:\/\/www.conveniosocial.com.br\/blog\/estetica\/estetica-popular-goiania-beleza-e-bem-estar-em-um-so-lugar\/#breadcrumb","itemListElement":[{"@type":"ListItem","position":1,"name":"Home","item":"https:\/\/www.conveniosocial.com.br\/blog\/"},{"@type":"ListItem","position":2,"name":"Cuidados com a Pele","item":"https:\/\/www.conveniosocial.com.br\/blog\/cuidados-com-a-pele\/"},{"@type":"ListItem","position":3,"name":"Est\u00e9tica Popular Goi\u00e2nia: Beleza e Bem-Estar em um S\u00f3 Lugar"}]},{"@type":"WebSite","@id":"https:\/\/www.conveniosocial.com.br\/blog\/#website","url":"https:\/\/www.conveniosocial.com.br\/blog\/","name":"Conv\u00eanio Social","description":"Informa\u00e7\u00f5es de Sa\u00fade e Bem-estar, Consultas e Exames Popular","publisher":{"@id":"https:\/\/www.conveniosocial.com.br\/blog\/#organization"},"potentialAction":[{"@type":"SearchAction","target":{"@type":"EntryPoint","urlTemplate":"https:\/\/www.conveniosocial.com.br\/blog\/?s={search_term_string}"},"query-input":{"@type":"PropertyValueSpecification","valueRequired":true,"valueName":"search_term_string"}}],"inLanguage":"pt-BR"},{"@type":"Organization","@id":"https:\/\/www.conveniosocial.com.br\/blog\/#organization","name":"Conv\u00eanio Social","url":"https:\/\/www.conveniosocial.com.br\/blog\/","logo":{"@type":"ImageObject","inLanguage":"pt-BR","@id":"https:\/\/www.conveniosocial.com.br\/blog\/#\/schema\/logo\/image\/","url":"https:\/\/www.conveniosocial.com.br\/blog\/wp-content\/uploads\/2021\/11\/novo_logo-convenio-socia-digital.png","contentUrl":"https:\/\/www.conveniosocial.com.br\/blog\/wp-content\/uploads\/2021\/11\/novo_logo-convenio-socia-digital.png","width":400,"height":102,"caption":"Conv\u00eanio Social"},"image":{"@id":"https:\/\/www.conveniosocial.com.br\/blog\/#\/schema\/logo\/image\/"}}]}},"_links":{"self":[{"href":"https:\/\/www.conveniosocial.com.br\/blog\/wp-json\/wp\/v2\/posts\/153958","targetHints":{"allow":["GET"]}}],"collection":[{"href":"https:\/\/www.conveniosocial.com.br\/blog\/wp-json\/wp\/v2\/posts"}],"about":[{"href":"https:\/\/www.conveniosocial.com.br\/blog\/wp-json\/wp\/v2\/types\/post"}],"replies":[{"embeddable":true,"href":"https:\/\/www.conveniosocial.com.br\/blog\/wp-json\/wp\/v2\/comments?post=153958"}],"version-history":[{"count":0,"href":"https:\/\/www.conveniosocial.com.br\/blog\/wp-json\/wp\/v2\/posts\/153958\/revisions"}],"wp:attachment":[{"href":"https:\/\/www.conveniosocial.com.br\/blog\/wp-json\/wp\/v2\/media?parent=153958"}],"wp:term":[{"taxonomy":"category","embeddable":true,"href":"https:\/\/www.conveniosocial.com.br\/blog\/wp-json\/wp\/v2\/categories?post=153958"},{"taxonomy":"post_tag","embeddable":true,"href":"https:\/\/www.conveniosocial.com.br\/blog\/wp-json\/wp\/v2\/tags?post=153958"}],"curies":[{"name":"wp","href":"https:\/\/api.w.org\/{rel}","templated":true}]}}