{"id":153968,"date":"2026-04-28T09:01:08","date_gmt":"2026-04-28T12:01:08","guid":{"rendered":"https:\/\/www.conveniosocial.com.br\/blog\/nehuma\/pensare-espaco-clinico-saude-atraves-da-iridologia\/"},"modified":"2026-04-28T09:01:08","modified_gmt":"2026-04-28T12:01:08","slug":"pensare-espaco-clinico-saude-atraves-da-iridologia","status":"publish","type":"post","link":"https:\/\/www.conveniosocial.com.br\/blog\/saude-integrativa\/pensare-espaco-clinico-saude-atraves-da-iridologia\/","title":{"rendered":"PENSARE ESPA\u00c7O CL\u00cdNICO: Sa\u00fade Atrav\u00e9s da Iridologia"},"content":{"rendered":"<div id=\"ez-toc-container\" class=\"ez-toc-v2_0_82_2 counter-flat ez-toc-counter ez-toc-white ez-toc-container-direction\">\n<p class=\"ez-toc-title\" style=\"cursor:inherit\">\u00cdndice do Conte\u00fado<\/p>\n<label for=\"ez-toc-cssicon-toggle-item-69f2a9022dd25\" class=\"ez-toc-cssicon-toggle-label\"><span class=\"ez-toc-cssicon\"><span class=\"eztoc-hide\" style=\"display:none;\">Toggle<\/span><span class=\"ez-toc-icon-toggle-span\"><svg style=\"fill: #999;color:#999\" xmlns=\"http:\/\/www.w3.org\/2000\/svg\" class=\"list-377408\" width=\"20px\" height=\"20px\" viewBox=\"0 0 24 24\" fill=\"none\"><path d=\"M6 6H4v2h2V6zm14 0H8v2h12V6zM4 11h2v2H4v-2zm16 0H8v2h12v-2zM4 16h2v2H4v-2zm16 0H8v2h12v-2z\" fill=\"currentColor\"><\/path><\/svg><svg style=\"fill: #999;color:#999\" class=\"arrow-unsorted-368013\" xmlns=\"http:\/\/www.w3.org\/2000\/svg\" width=\"10px\" height=\"10px\" viewBox=\"0 0 24 24\" version=\"1.2\" baseProfile=\"tiny\"><path d=\"M18.2 9.3l-6.2-6.3-6.2 6.3c-.2.2-.3.4-.3.7s.1.5.3.7c.2.2.4.3.7.3h11c.3 0 .5-.1.7-.3.2-.2.3-.5.3-.7s-.1-.5-.3-.7zM5.8 14.7l6.2 6.3 6.2-6.3c.2-.2.3-.5.3-.7s-.1-.5-.3-.7c-.2-.2-.4-.3-.7-.3h-11c-.3 0-.5.1-.7.3-.2.2-.3.5-.3.7s.1.5.3.7z\"\/><\/svg><\/span><\/span><\/label><input type=\"checkbox\"  id=\"ez-toc-cssicon-toggle-item-69f2a9022dd25\" checked aria-label=\"Alternar\" \/><nav><ul class='ez-toc-list ez-toc-list-level-1 ' ><li class='ez-toc-page-1'><a class=\"ez-toc-link ez-toc-heading-1\" href=\"https:\/\/www.conveniosocial.com.br\/blog\/saude-integrativa\/pensare-espaco-clinico-saude-atraves-da-iridologia\/#PENSARE_ESPACO_CLINICO_Saude_Atraves_da_Iridologia\" >PENSARE ESPA\u00c7O CL\u00cdNICO: Sa\u00fade Atrav\u00e9s da Iridologia<\/a><\/li><li class='ez-toc-page-1'><a class=\"ez-toc-link ez-toc-heading-2\" href=\"https:\/\/www.conveniosocial.com.br\/blog\/saude-integrativa\/pensare-espaco-clinico-saude-atraves-da-iridologia\/#Perguntas_Frequentes\" >Perguntas Frequentes<\/a><\/li><li class='ez-toc-page-1'><a class=\"ez-toc-link ez-toc-heading-3\" href=\"https:\/\/www.conveniosocial.com.br\/blog\/saude-integrativa\/pensare-espaco-clinico-saude-atraves-da-iridologia\/#Contato\" >Contato<\/a><\/li><\/ul><\/nav><\/div>\n<h2><span class=\"ez-toc-section\" id=\"PENSARE_ESPACO_CLINICO_Saude_Atraves_da_Iridologia\"><\/span>PENSARE ESPA\u00c7O CL\u00cdNICO: Sa\u00fade Atrav\u00e9s da Iridologia<span class=\"ez-toc-section-end\"><\/span><\/h2>\n<p>Bem-vindo ao PENSARE ESPA\u00c7O CL\u00cdNICO, um espa\u00e7o dedicado ao cuidado integral da sa\u00fade, localizado no cora\u00e7\u00e3o de Teixeira de Freitas, no bairro Bela Vista. Nossa cl\u00ednica se destaca na pr\u00e1tica da iridologia, uma especialidade que analisa a \u00edris do olho como meio de diagnosticar condi\u00e7\u00f5es de sa\u00fade e promover o bem-estar. Sob a responsabilidade da Dra. Zilda Joaquina da Costa, profissional com CRM CRTH-BR 01370\/16, oferecemos um ambiente acolhedor e humanizado, focado no atendimento individualizado de cada paciente.<\/p>\n<p>Na PENSARE ESPA\u00c7O CL\u00cdNICO, utilizamos t\u00e9cnicas avan\u00e7adas como a Microsemiotica Iridea, Mesa Radionica e Hemeopatia e Floraisa Flor de Iris para proporcionar diagn\u00f3sticos precisos e um acompanhamento de sa\u00fade eficaz. Nossa consulta tem um custo acess\u00edvel de R$180,00, com direito a retorno, permitindo que voc\u00ea mantenha o acompanhamento necess\u00e1rio para sua sa\u00fade sem comprometer seu or\u00e7amento.<\/p>\n<p>A localiza\u00e7\u00e3o da cl\u00ednica \u00e9 estrat\u00e9gica, facilitando o acesso para moradores de Teixeira de Freitas e regi\u00f5es adjacentes. Estamos comprometidos em oferecer n\u00e3o apenas um diagn\u00f3stico, mas tamb\u00e9m um plano de sa\u00fade que considera o indiv\u00edduo em sua totalidade, atendendo suas necessidades f\u00edsicas, emocionais e espirituais.<\/p>\n<p>Embora atualmente n\u00e3o tenhamos conv\u00eanios, garantimos um atendimento de qualidade que pode ser acessado por todos. Recomendamos agendar sua consulta atrav\u00e9s do nosso telefone (n\u00e3o informado) ou em breve pelo nosso site (n\u00e3o informado), que ser\u00e1 lan\u00e7ado para facilitar o agendamento e a comunica\u00e7\u00e3o com nossos pacientes. Tamb\u00e9m estamos presentes no Instagram (n\u00e3o informado), onde compartilhamos dicas de sa\u00fade, novidades e informa\u00e7\u00f5es sobre nossos servi\u00e7os.<\/p>\n<p>O PENSARE ESPA\u00c7O CL\u00cdNICO acredita que a sa\u00fade vai al\u00e9m da aus\u00eancia de doen\u00e7as. N\u00f3s promovemos um estilo de vida saud\u00e1vel, incentivando a preven\u00e7\u00e3o e a autocuidado. Nossa miss\u00e3o \u00e9 acolher cada paciente com respeito e aten\u00e7\u00e3o, ouvindo suas queixas e buscando as melhores solu\u00e7\u00f5es para seu bem-estar. Na PENSARE, voc\u00ea encontra um espa\u00e7o de escuta e cuidado, onde cada detalhe \u00e9 pensado para proporcionar uma experi\u00eancia diferenciada e transformadora.<\/p>\n<p>Estamos sempre em busca de novas formas de atender melhor nossos pacientes. A equipe da PENSARE ESPA\u00c7O CL\u00cdNICO \u00e9 dedicada e apaixonada pelo que faz, buscando constantemente atualiza\u00e7\u00e3o e aprimoramento nas pr\u00e1ticas de sa\u00fade integrativa. Venha nos visitar e descubra como podemos ajudar voc\u00ea a alcan\u00e7ar um estado de sa\u00fade pleno e equilibrado.<\/p>\n<h3><span class=\"ez-toc-section\" id=\"Perguntas_Frequentes\"><\/span>Perguntas Frequentes<span class=\"ez-toc-section-end\"><\/span><\/h3>\n<p>P: O que \u00e9 iridologia?<br \/>\nR: Iridologia \u00e9 uma t\u00e9cnica que analisa a \u00edris do olho para identificar condi\u00e7\u00f5es de sa\u00fade e promover o bem-estar.<\/p>\n<p>P: Quais exames s\u00e3o realizados na cl\u00ednica?<br \/>\nR: Realizamos exames como Microsemiotica Iridea, Mesa Radionica e Hemeopatia e Floraisa Flor de Iris.<\/p>\n<p>P: Quanto custa a consulta?<br \/>\nR: A consulta na PENSARE ESPA\u00c7O CL\u00cdNICO custa R$180,00, com direito a retorno.<\/p>\n<p>P: A cl\u00ednica aceita conv\u00eanios?<br \/>\nR: Atualmente, n\u00e3o temos conv\u00eanios, mas oferecemos um atendimento de qualidade a pre\u00e7os acess\u00edveis.<\/p>\n<p>P: Quem \u00e9 a respons\u00e1vel t\u00e9cnica da cl\u00ednica?<br \/>\nR: A respons\u00e1vel t\u00e9cnica \u00e9 a Dra. Zilda Joaquina da Costa, com CRM CRTH-BR 01370\/16.<\/p>\n<p>P: Onde est\u00e1 localizada a cl\u00ednica?<br \/>\nR: Estamos localizados no bairro Bela Vista, em Teixeira de Freitas, Bahia.<\/p>\n<p>P: Como posso agendar uma consulta?<br \/>\nR: Voc\u00ea pode agendar sua consulta atrav\u00e9s do telefone (n\u00e3o informado) ou em breve pelo nosso site (n\u00e3o informado).<\/p>\n<p>P: A cl\u00ednica possui hor\u00e1rio de atendimento definido?<br \/>\nR: O hor\u00e1rio de atendimento ainda n\u00e3o foi informado, mas estamos dispon\u00edveis para atender as necessidades dos pacientes.<\/p>\n<p>P: A iridologia \u00e9 indicada para todos?<br \/>\nR: Sim, a iridologia pode ser utilizada como uma ferramenta de diagn\u00f3stico para pessoas de todas as idades, sempre visando o bem-estar do paciente.<\/p>\n<p>P: A cl\u00ednica oferece algum tipo de acompanhamento?<br \/>\nR: Sim, oferecemos acompanhamento para os pacientes, sempre buscando promover a sa\u00fade integral.<\/p>\n<h3><span class=\"ez-toc-section\" id=\"Contato\"><\/span>Contato<span class=\"ez-toc-section-end\"><\/span><\/h3>\n<p><strong>Tel.:  | <\/strong><br \/>\n<strong>WhatsApp: &#8211; <\/strong><\/p>\n","protected":false},"excerpt":{"rendered":"<p>PENSARE ESPA\u00c7O CL\u00cdNICO: Sa\u00fade Atrav\u00e9s da Iridologia Bem-vindo ao PENSARE ESPA\u00c7O CL\u00cdNICO, um espa\u00e7o dedicado ao cuidado integral da sa\u00fade, localizado no cora\u00e7\u00e3o de Teixeira de Freitas, no bairro Bela Vista. Nossa cl\u00ednica se destaca na pr\u00e1tica da iridologia, uma especialidade que analisa a \u00edris do olho como meio de diagnosticar condi\u00e7\u00f5es de sa\u00fade e [&hellip;]<\/p>\n","protected":false},"author":0,"featured_media":0,"comment_status":"open","ping_status":"open","sticky":false,"template":"","format":"standard","meta":{"_et_pb_use_builder":"o","_et_pb_old_content":"","_et_gb_content_width":"","footnotes":""},"categories":[1535,2696,1326],"tags":[],"class_list":["post-153968","post","type-post","status-publish","format-standard","hentry","category-exames-complementares","category-iridologia","category-saude-integrativa"],"yoast_head":"<!-- This site is optimized with the Yoast SEO Premium plugin v21.3 (Yoast SEO v27.5) - https:\/\/yoast.com\/product\/yoast-seo-premium-wordpress\/ -->\n<title>PENSARE ESPA\u00c7O CL\u00cdNICO: Sa\u00fade Atrav\u00e9s da Iridologia - Conv\u00eanio Social<\/title>\n<meta name=\"robots\" content=\"index, follow, max-snippet:-1, max-image-preview:large, max-video-preview:-1\" \/>\n<link rel=\"canonical\" href=\"https:\/\/www.conveniosocial.com.br\/blog\/saude-integrativa\/pensare-espaco-clinico-saude-atraves-da-iridologia\/\" \/>\n<meta property=\"og:locale\" content=\"pt_BR\" \/>\n<meta property=\"og:type\" content=\"article\" \/>\n<meta property=\"og:title\" content=\"PENSARE ESPA\u00c7O CL\u00cdNICO: Sa\u00fade Atrav\u00e9s da Iridologia\" \/>\n<meta property=\"og:description\" content=\"PENSARE ESPA\u00c7O CL\u00cdNICO: Sa\u00fade Atrav\u00e9s da Iridologia Bem-vindo ao PENSARE ESPA\u00c7O CL\u00cdNICO, um espa\u00e7o dedicado ao cuidado integral da sa\u00fade, localizado no cora\u00e7\u00e3o de Teixeira de Freitas, no bairro Bela Vista. Nossa cl\u00ednica se destaca na pr\u00e1tica da iridologia, uma especialidade que analisa a \u00edris do olho como meio de diagnosticar condi\u00e7\u00f5es de sa\u00fade e [&hellip;]\" \/>\n<meta property=\"og:url\" content=\"https:\/\/www.conveniosocial.com.br\/blog\/saude-integrativa\/pensare-espaco-clinico-saude-atraves-da-iridologia\/\" \/>\n<meta property=\"og:site_name\" content=\"Conv\u00eanio Social\" \/>\n<meta property=\"article:published_time\" content=\"2026-04-28T12:01:08+00:00\" \/>\n<meta name=\"twitter:card\" content=\"summary_large_image\" \/>\n<meta name=\"twitter:label1\" content=\"Est. tempo de leitura\" \/>\n\t<meta name=\"twitter:data1\" content=\"3 minutos\" \/>\n<script type=\"application\/ld+json\" class=\"yoast-schema-graph\">{\"@context\":\"https:\\\/\\\/schema.org\",\"@graph\":[{\"@type\":\"Article\",\"@id\":\"https:\\\/\\\/www.conveniosocial.com.br\\\/blog\\\/saude-integrativa\\\/pensare-espaco-clinico-saude-atraves-da-iridologia\\\/#article\",\"isPartOf\":{\"@id\":\"https:\\\/\\\/www.conveniosocial.com.br\\\/blog\\\/saude-integrativa\\\/pensare-espaco-clinico-saude-atraves-da-iridologia\\\/\"},\"author\":{\"name\":\"\",\"@id\":\"\"},\"headline\":\"PENSARE ESPA\u00c7O CL\u00cdNICO: Sa\u00fade Atrav\u00e9s da Iridologia\",\"datePublished\":\"2026-04-28T12:01:08+00:00\",\"mainEntityOfPage\":{\"@id\":\"https:\\\/\\\/www.conveniosocial.com.br\\\/blog\\\/saude-integrativa\\\/pensare-espaco-clinico-saude-atraves-da-iridologia\\\/\"},\"wordCount\":704,\"commentCount\":0,\"publisher\":{\"@id\":\"https:\\\/\\\/www.conveniosocial.com.br\\\/blog\\\/#organization\"},\"articleSection\":[\"Exames Complementares\",\"Iridologia\",\"Sa\u00fade Integrativa\"],\"inLanguage\":\"pt-BR\"},{\"@type\":\"WebPage\",\"@id\":\"https:\\\/\\\/www.conveniosocial.com.br\\\/blog\\\/saude-integrativa\\\/pensare-espaco-clinico-saude-atraves-da-iridologia\\\/\",\"url\":\"https:\\\/\\\/www.conveniosocial.com.br\\\/blog\\\/saude-integrativa\\\/pensare-espaco-clinico-saude-atraves-da-iridologia\\\/\",\"name\":\"PENSARE ESPA\u00c7O CL\u00cdNICO: Sa\u00fade Atrav\u00e9s da Iridologia - Conv\u00eanio Social\",\"isPartOf\":{\"@id\":\"https:\\\/\\\/www.conveniosocial.com.br\\\/blog\\\/#website\"},\"datePublished\":\"2026-04-28T12:01:08+00:00\",\"breadcrumb\":{\"@id\":\"https:\\\/\\\/www.conveniosocial.com.br\\\/blog\\\/saude-integrativa\\\/pensare-espaco-clinico-saude-atraves-da-iridologia\\\/#breadcrumb\"},\"inLanguage\":\"pt-BR\",\"potentialAction\":[{\"@type\":\"ReadAction\",\"target\":[\"https:\\\/\\\/www.conveniosocial.com.br\\\/blog\\\/saude-integrativa\\\/pensare-espaco-clinico-saude-atraves-da-iridologia\\\/\"]}]},{\"@type\":\"BreadcrumbList\",\"@id\":\"https:\\\/\\\/www.conveniosocial.com.br\\\/blog\\\/saude-integrativa\\\/pensare-espaco-clinico-saude-atraves-da-iridologia\\\/#breadcrumb\",\"itemListElement\":[{\"@type\":\"ListItem\",\"position\":1,\"name\":\"Home\",\"item\":\"https:\\\/\\\/www.conveniosocial.com.br\\\/blog\\\/\"},{\"@type\":\"ListItem\",\"position\":2,\"name\":\"Exames Complementares\",\"item\":\"https:\\\/\\\/www.conveniosocial.com.br\\\/blog\\\/exames-complementares\\\/\"},{\"@type\":\"ListItem\",\"position\":3,\"name\":\"PENSARE ESPA\u00c7O CL\u00cdNICO: Sa\u00fade Atrav\u00e9s da Iridologia\"}]},{\"@type\":\"WebSite\",\"@id\":\"https:\\\/\\\/www.conveniosocial.com.br\\\/blog\\\/#website\",\"url\":\"https:\\\/\\\/www.conveniosocial.com.br\\\/blog\\\/\",\"name\":\"Conv\u00eanio Social\",\"description\":\"Informa\u00e7\u00f5es de Sa\u00fade e Bem-estar, Consultas e Exames Popular\",\"publisher\":{\"@id\":\"https:\\\/\\\/www.conveniosocial.com.br\\\/blog\\\/#organization\"},\"potentialAction\":[{\"@type\":\"SearchAction\",\"target\":{\"@type\":\"EntryPoint\",\"urlTemplate\":\"https:\\\/\\\/www.conveniosocial.com.br\\\/blog\\\/?s={search_term_string}\"},\"query-input\":{\"@type\":\"PropertyValueSpecification\",\"valueRequired\":true,\"valueName\":\"search_term_string\"}}],\"inLanguage\":\"pt-BR\"},{\"@type\":\"Organization\",\"@id\":\"https:\\\/\\\/www.conveniosocial.com.br\\\/blog\\\/#organization\",\"name\":\"Conv\u00eanio Social\",\"url\":\"https:\\\/\\\/www.conveniosocial.com.br\\\/blog\\\/\",\"logo\":{\"@type\":\"ImageObject\",\"inLanguage\":\"pt-BR\",\"@id\":\"https:\\\/\\\/www.conveniosocial.com.br\\\/blog\\\/#\\\/schema\\\/logo\\\/image\\\/\",\"url\":\"https:\\\/\\\/www.conveniosocial.com.br\\\/blog\\\/wp-content\\\/uploads\\\/2021\\\/11\\\/novo_logo-convenio-socia-digital.png\",\"contentUrl\":\"https:\\\/\\\/www.conveniosocial.com.br\\\/blog\\\/wp-content\\\/uploads\\\/2021\\\/11\\\/novo_logo-convenio-socia-digital.png\",\"width\":400,\"height\":102,\"caption\":\"Conv\u00eanio Social\"},\"image\":{\"@id\":\"https:\\\/\\\/www.conveniosocial.com.br\\\/blog\\\/#\\\/schema\\\/logo\\\/image\\\/\"}}]}<\/script>\n<!-- \/ Yoast SEO Premium plugin. -->","yoast_head_json":{"title":"PENSARE ESPA\u00c7O CL\u00cdNICO: Sa\u00fade Atrav\u00e9s da Iridologia - Conv\u00eanio Social","robots":{"index":"index","follow":"follow","max-snippet":"max-snippet:-1","max-image-preview":"max-image-preview:large","max-video-preview":"max-video-preview:-1"},"canonical":"https:\/\/www.conveniosocial.com.br\/blog\/saude-integrativa\/pensare-espaco-clinico-saude-atraves-da-iridologia\/","og_locale":"pt_BR","og_type":"article","og_title":"PENSARE ESPA\u00c7O CL\u00cdNICO: Sa\u00fade Atrav\u00e9s da Iridologia","og_description":"PENSARE ESPA\u00c7O CL\u00cdNICO: Sa\u00fade Atrav\u00e9s da Iridologia Bem-vindo ao PENSARE ESPA\u00c7O CL\u00cdNICO, um espa\u00e7o dedicado ao cuidado integral da sa\u00fade, localizado no cora\u00e7\u00e3o de Teixeira de Freitas, no bairro Bela Vista. Nossa cl\u00ednica se destaca na pr\u00e1tica da iridologia, uma especialidade que analisa a \u00edris do olho como meio de diagnosticar condi\u00e7\u00f5es de sa\u00fade e [&hellip;]","og_url":"https:\/\/www.conveniosocial.com.br\/blog\/saude-integrativa\/pensare-espaco-clinico-saude-atraves-da-iridologia\/","og_site_name":"Conv\u00eanio Social","article_published_time":"2026-04-28T12:01:08+00:00","twitter_card":"summary_large_image","twitter_misc":{"Est. tempo de leitura":"3 minutos"},"schema":{"@context":"https:\/\/schema.org","@graph":[{"@type":"Article","@id":"https:\/\/www.conveniosocial.com.br\/blog\/saude-integrativa\/pensare-espaco-clinico-saude-atraves-da-iridologia\/#article","isPartOf":{"@id":"https:\/\/www.conveniosocial.com.br\/blog\/saude-integrativa\/pensare-espaco-clinico-saude-atraves-da-iridologia\/"},"author":{"name":"","@id":""},"headline":"PENSARE ESPA\u00c7O CL\u00cdNICO: Sa\u00fade Atrav\u00e9s da Iridologia","datePublished":"2026-04-28T12:01:08+00:00","mainEntityOfPage":{"@id":"https:\/\/www.conveniosocial.com.br\/blog\/saude-integrativa\/pensare-espaco-clinico-saude-atraves-da-iridologia\/"},"wordCount":704,"commentCount":0,"publisher":{"@id":"https:\/\/www.conveniosocial.com.br\/blog\/#organization"},"articleSection":["Exames Complementares","Iridologia","Sa\u00fade Integrativa"],"inLanguage":"pt-BR"},{"@type":"WebPage","@id":"https:\/\/www.conveniosocial.com.br\/blog\/saude-integrativa\/pensare-espaco-clinico-saude-atraves-da-iridologia\/","url":"https:\/\/www.conveniosocial.com.br\/blog\/saude-integrativa\/pensare-espaco-clinico-saude-atraves-da-iridologia\/","name":"PENSARE ESPA\u00c7O CL\u00cdNICO: Sa\u00fade Atrav\u00e9s da Iridologia - Conv\u00eanio Social","isPartOf":{"@id":"https:\/\/www.conveniosocial.com.br\/blog\/#website"},"datePublished":"2026-04-28T12:01:08+00:00","breadcrumb":{"@id":"https:\/\/www.conveniosocial.com.br\/blog\/saude-integrativa\/pensare-espaco-clinico-saude-atraves-da-iridologia\/#breadcrumb"},"inLanguage":"pt-BR","potentialAction":[{"@type":"ReadAction","target":["https:\/\/www.conveniosocial.com.br\/blog\/saude-integrativa\/pensare-espaco-clinico-saude-atraves-da-iridologia\/"]}]},{"@type":"BreadcrumbList","@id":"https:\/\/www.conveniosocial.com.br\/blog\/saude-integrativa\/pensare-espaco-clinico-saude-atraves-da-iridologia\/#breadcrumb","itemListElement":[{"@type":"ListItem","position":1,"name":"Home","item":"https:\/\/www.conveniosocial.com.br\/blog\/"},{"@type":"ListItem","position":2,"name":"Exames Complementares","item":"https:\/\/www.conveniosocial.com.br\/blog\/exames-complementares\/"},{"@type":"ListItem","position":3,"name":"PENSARE ESPA\u00c7O CL\u00cdNICO: Sa\u00fade Atrav\u00e9s da Iridologia"}]},{"@type":"WebSite","@id":"https:\/\/www.conveniosocial.com.br\/blog\/#website","url":"https:\/\/www.conveniosocial.com.br\/blog\/","name":"Conv\u00eanio Social","description":"Informa\u00e7\u00f5es de Sa\u00fade e Bem-estar, Consultas e Exames Popular","publisher":{"@id":"https:\/\/www.conveniosocial.com.br\/blog\/#organization"},"potentialAction":[{"@type":"SearchAction","target":{"@type":"EntryPoint","urlTemplate":"https:\/\/www.conveniosocial.com.br\/blog\/?s={search_term_string}"},"query-input":{"@type":"PropertyValueSpecification","valueRequired":true,"valueName":"search_term_string"}}],"inLanguage":"pt-BR"},{"@type":"Organization","@id":"https:\/\/www.conveniosocial.com.br\/blog\/#organization","name":"Conv\u00eanio Social","url":"https:\/\/www.conveniosocial.com.br\/blog\/","logo":{"@type":"ImageObject","inLanguage":"pt-BR","@id":"https:\/\/www.conveniosocial.com.br\/blog\/#\/schema\/logo\/image\/","url":"https:\/\/www.conveniosocial.com.br\/blog\/wp-content\/uploads\/2021\/11\/novo_logo-convenio-socia-digital.png","contentUrl":"https:\/\/www.conveniosocial.com.br\/blog\/wp-content\/uploads\/2021\/11\/novo_logo-convenio-socia-digital.png","width":400,"height":102,"caption":"Conv\u00eanio Social"},"image":{"@id":"https:\/\/www.conveniosocial.com.br\/blog\/#\/schema\/logo\/image\/"}}]}},"_links":{"self":[{"href":"https:\/\/www.conveniosocial.com.br\/blog\/wp-json\/wp\/v2\/posts\/153968","targetHints":{"allow":["GET"]}}],"collection":[{"href":"https:\/\/www.conveniosocial.com.br\/blog\/wp-json\/wp\/v2\/posts"}],"about":[{"href":"https:\/\/www.conveniosocial.com.br\/blog\/wp-json\/wp\/v2\/types\/post"}],"replies":[{"embeddable":true,"href":"https:\/\/www.conveniosocial.com.br\/blog\/wp-json\/wp\/v2\/comments?post=153968"}],"version-history":[{"count":0,"href":"https:\/\/www.conveniosocial.com.br\/blog\/wp-json\/wp\/v2\/posts\/153968\/revisions"}],"wp:attachment":[{"href":"https:\/\/www.conveniosocial.com.br\/blog\/wp-json\/wp\/v2\/media?parent=153968"}],"wp:term":[{"taxonomy":"category","embeddable":true,"href":"https:\/\/www.conveniosocial.com.br\/blog\/wp-json\/wp\/v2\/categories?post=153968"},{"taxonomy":"post_tag","embeddable":true,"href":"https:\/\/www.conveniosocial.com.br\/blog\/wp-json\/wp\/v2\/tags?post=153968"}],"curies":[{"name":"wp","href":"https:\/\/api.w.org\/{rel}","templated":true}]}}