{"id":153970,"date":"2026-04-28T09:01:08","date_gmt":"2026-04-28T12:01:08","guid":{"rendered":"https:\/\/www.conveniosocial.com.br\/blog\/nehuma\/prevclin-sua-clinica-de-psiquiatria-em-teixeira-de-freitas\/"},"modified":"2026-04-28T09:01:08","modified_gmt":"2026-04-28T12:01:08","slug":"prevclin-sua-clinica-de-psiquiatria-em-teixeira-de-freitas","status":"publish","type":"post","link":"https:\/\/www.conveniosocial.com.br\/blog\/psiquiatria\/prevclin-sua-clinica-de-psiquiatria-em-teixeira-de-freitas\/","title":{"rendered":"Prevclin: Sua Cl\u00ednica de Psiquiatria em Teixeira de Freitas"},"content":{"rendered":"<div id=\"ez-toc-container\" class=\"ez-toc-v2_0_82_2 counter-flat ez-toc-counter ez-toc-white ez-toc-container-direction\">\n<p class=\"ez-toc-title\" style=\"cursor:inherit\">\u00cdndice do Conte\u00fado<\/p>\n<label for=\"ez-toc-cssicon-toggle-item-69f0cce41b854\" class=\"ez-toc-cssicon-toggle-label\"><span class=\"ez-toc-cssicon\"><span class=\"eztoc-hide\" style=\"display:none;\">Toggle<\/span><span class=\"ez-toc-icon-toggle-span\"><svg style=\"fill: #999;color:#999\" xmlns=\"http:\/\/www.w3.org\/2000\/svg\" class=\"list-377408\" width=\"20px\" height=\"20px\" viewBox=\"0 0 24 24\" fill=\"none\"><path d=\"M6 6H4v2h2V6zm14 0H8v2h12V6zM4 11h2v2H4v-2zm16 0H8v2h12v-2zM4 16h2v2H4v-2zm16 0H8v2h12v-2z\" fill=\"currentColor\"><\/path><\/svg><svg style=\"fill: #999;color:#999\" class=\"arrow-unsorted-368013\" xmlns=\"http:\/\/www.w3.org\/2000\/svg\" width=\"10px\" height=\"10px\" viewBox=\"0 0 24 24\" version=\"1.2\" baseProfile=\"tiny\"><path d=\"M18.2 9.3l-6.2-6.3-6.2 6.3c-.2.2-.3.4-.3.7s.1.5.3.7c.2.2.4.3.7.3h11c.3 0 .5-.1.7-.3.2-.2.3-.5.3-.7s-.1-.5-.3-.7zM5.8 14.7l6.2 6.3 6.2-6.3c.2-.2.3-.5.3-.7s-.1-.5-.3-.7c-.2-.2-.4-.3-.7-.3h-11c-.3 0-.5.1-.7.3-.2.2-.3.5-.3.7s.1.5.3.7z\"\/><\/svg><\/span><\/span><\/label><input type=\"checkbox\"  id=\"ez-toc-cssicon-toggle-item-69f0cce41b854\" checked aria-label=\"Alternar\" \/><nav><ul class='ez-toc-list ez-toc-list-level-1 ' ><li class='ez-toc-page-1'><a class=\"ez-toc-link ez-toc-heading-1\" href=\"https:\/\/www.conveniosocial.com.br\/blog\/psiquiatria\/prevclin-sua-clinica-de-psiquiatria-em-teixeira-de-freitas\/#Prevclin_Sua_Clinica_de_Psiquiatria_em_Teixeira_de_Freitas\" >Prevclin: Sua Cl\u00ednica de Psiquiatria em Teixeira de Freitas<\/a><\/li><li class='ez-toc-page-1'><a class=\"ez-toc-link ez-toc-heading-2\" href=\"https:\/\/www.conveniosocial.com.br\/blog\/psiquiatria\/prevclin-sua-clinica-de-psiquiatria-em-teixeira-de-freitas\/#Perguntas_Frequentes\" >Perguntas Frequentes<\/a><\/li><li class='ez-toc-page-1'><a class=\"ez-toc-link ez-toc-heading-3\" href=\"https:\/\/www.conveniosocial.com.br\/blog\/psiquiatria\/prevclin-sua-clinica-de-psiquiatria-em-teixeira-de-freitas\/#Contato\" >Contato<\/a><\/li><\/ul><\/nav><\/div>\n<h2><span class=\"ez-toc-section\" id=\"Prevclin_Sua_Clinica_de_Psiquiatria_em_Teixeira_de_Freitas\"><\/span>Prevclin: Sua Cl\u00ednica de Psiquiatria em Teixeira de Freitas<span class=\"ez-toc-section-end\"><\/span><\/h2>\n<p>A Prevclin \u00e9 uma cl\u00ednica especializada em psiquiatria localizada em Teixeira de Freitas, Bahia, no bairro Vila Vargas. Sob a dire\u00e7\u00e3o do Dr. Tony Soares, registrado no CRM 39612 BA, a cl\u00ednica oferece um atendimento humanizado e acolhedor, focado na sa\u00fade mental dos pacientes. Nossa miss\u00e3o \u00e9 proporcionar um espa\u00e7o seguro e confort\u00e1vel, onde cada paciente se sinta ouvido e compreendido. <\/p>\n<p>Na Prevclin, entendemos que a sa\u00fade mental \u00e9 um componente essencial do bem-estar geral. Por isso, oferecemos consultas psiqui\u00e1tricas com pre\u00e7os acess\u00edveis, com a consulta custando at\u00e9 R$ 160,00. Este valor \u00e9 competitivo e reflete nosso compromisso em oferecer um atendimento de qualidade a todos. <\/p>\n<p>Nosso foco principal \u00e9 o tratamento de transtornos mentais, ansiedade, depress\u00e3o e outros problemas relacionados \u00e0 sa\u00fade mental. O Dr. Tony Soares \u00e9 um profissional experiente e qualificado, que utiliza abordagens terap\u00eauticas modernas e eficazes para ajudar os pacientes a alcan\u00e7arem uma melhor qualidade de vida. <\/p>\n<p>Al\u00e9m disso, a Prevclin valoriza a facilidade de acesso aos nossos servi\u00e7os. Estamos localizados em uma \u00e1rea de f\u00e1cil deslocamento, o que permite que nossos pacientes cheguem at\u00e9 n\u00f3s sem complica\u00e7\u00f5es. Embora n\u00e3o tenhamos conv\u00eanios informados no momento, nossa equipe est\u00e1 sempre dispon\u00edvel para orienta\u00e7\u00f5es sobre poss\u00edveis op\u00e7\u00f5es de pagamento e agendamento. <\/p>\n<p>A Prevclin ainda est\u00e1 desenvolvendo sua presen\u00e7a online e em redes sociais. Para mais informa\u00e7\u00f5es ou d\u00favidas, voc\u00ea pode entrar em contato conosco pelo telefone (73) 3263-5864. Fique atento para atualiza\u00e7\u00f5es em nosso site e Instagram, onde compartilharemos dicas de sa\u00fade mental e novidades sobre nossos servi\u00e7os. <\/p>\n<p>Estamos comprometidos em ser um ponto de refer\u00eancia na \u00e1rea de sa\u00fade mental em Teixeira de Freitas, oferecendo n\u00e3o apenas consultas, mas tamb\u00e9m um acolhimento que faz a diferen\u00e7a na vida dos nossos pacientes. Acreditamos que a sa\u00fade mental deve ser uma prioridade, e na Prevclin, estamos aqui para ajudar voc\u00ea a cuidar do que realmente importa: a sua sa\u00fade e bem-estar. Venha nos visitar e descubra como podemos ajudar voc\u00ea a encontrar o caminho para uma vida mais plena e equilibrada.<\/p>\n<h3><span class=\"ez-toc-section\" id=\"Perguntas_Frequentes\"><\/span>Perguntas Frequentes<span class=\"ez-toc-section-end\"><\/span><\/h3>\n<p>P: O que \u00e9 psiquiatria?<br \/>\nR: Psiquiatria \u00e9 a especialidade m\u00e9dica que se ocupa do diagn\u00f3stico, tratamento e preven\u00e7\u00e3o de doen\u00e7as mentais.<\/p>\n<p>P: Quais s\u00e3o os principais transtornos tratados na Prevclin?<br \/>\nR: Tratamos transtornos como ansiedade, depress\u00e3o, transtorno bipolar, esquizofrenia, entre outros.<\/p>\n<p>P: Como posso agendar uma consulta na Prevclin?<br \/>\nR: Voc\u00ea pode agendar uma consulta pelo telefone (73) 3263-5864.<\/p>\n<p>P: Qual o valor da consulta na Prevclin?<br \/>\nR: O valor da consulta \u00e9 de at\u00e9 R$ 160,00.<\/p>\n<p>P: A Prevclin aceita conv\u00eanios?<br \/>\nR: No momento, n\u00e3o temos informa\u00e7\u00f5es sobre conv\u00eanios, mas estamos \u00e0 disposi\u00e7\u00e3o para orienta\u00e7\u00f5es sobre pagamentos.<\/p>\n<p>P: Quem \u00e9 o respons\u00e1vel t\u00e9cnico da cl\u00ednica?<br \/>\nR: O respons\u00e1vel t\u00e9cnico \u00e9 o Dr. Tony Soares, CRM 39612 BA.<\/p>\n<p>P: Em que bairro a Prevclin est\u00e1 localizada?<br \/>\nR: A Prevclin est\u00e1 localizada no bairro Vila Vargas, em Teixeira de Freitas, Bahia.<\/p>\n<p>P: A Prevclin oferece exames?<br \/>\nR: Atualmente, n\u00e3o oferecemos exames, focando apenas nas consultas psiqui\u00e1tricas.<\/p>\n<p>P: Qual \u00e9 o hor\u00e1rio de funcionamento da cl\u00ednica?<br \/>\nR: As informa\u00e7\u00f5es sobre o hor\u00e1rio de funcionamento n\u00e3o foram informadas, mas entre em contato pelo telefone para mais detalhes.<\/p>\n<p>P: Como posso acompanhar as novidades da Prevclin?<br \/>\nR: Fique atento ao nosso site e Instagram para atualiza\u00e7\u00f5es e dicas sobre sa\u00fade mental.<\/p>\n<h3><span class=\"ez-toc-section\" id=\"Contato\"><\/span>Contato<span class=\"ez-toc-section-end\"><\/span><\/h3>\n<p><strong>Tel.:  | <\/strong><br \/>\n<strong>WhatsApp: &#8211; <\/strong><\/p>\n","protected":false},"excerpt":{"rendered":"<p>Prevclin: Sua Cl\u00ednica de Psiquiatria em Teixeira de Freitas A Prevclin \u00e9 uma cl\u00ednica especializada em psiquiatria localizada em Teixeira de Freitas, Bahia, no bairro Vila Vargas. Sob a dire\u00e7\u00e3o do Dr. Tony Soares, registrado no CRM 39612 BA, a cl\u00ednica oferece um atendimento humanizado e acolhedor, focado na sa\u00fade mental dos pacientes. Nossa miss\u00e3o [&hellip;]<\/p>\n","protected":false},"author":0,"featured_media":0,"comment_status":"open","ping_status":"open","sticky":false,"template":"","format":"standard","meta":{"_et_pb_use_builder":"o","_et_pb_old_content":"","_et_gb_content_width":"","footnotes":""},"categories":[905,901,1306],"tags":[],"class_list":["post-153970","post","type-post","status-publish","format-standard","hentry","category-clinica-geral","category-psiquiatria","category-saude-mental"],"yoast_head":"<!-- This site is optimized with the Yoast SEO Premium plugin v21.3 (Yoast SEO v27.4) - https:\/\/yoast.com\/product\/yoast-seo-premium-wordpress\/ -->\n<title>Prevclin: Sua Cl\u00ednica de Psiquiatria em Teixeira de Freitas - Conv\u00eanio Social<\/title>\n<meta name=\"robots\" content=\"index, follow, max-snippet:-1, max-image-preview:large, max-video-preview:-1\" \/>\n<link rel=\"canonical\" href=\"https:\/\/www.conveniosocial.com.br\/blog\/psiquiatria\/prevclin-sua-clinica-de-psiquiatria-em-teixeira-de-freitas\/\" \/>\n<meta property=\"og:locale\" content=\"pt_BR\" \/>\n<meta property=\"og:type\" content=\"article\" \/>\n<meta property=\"og:title\" content=\"Prevclin: Sua Cl\u00ednica de Psiquiatria em Teixeira de Freitas\" \/>\n<meta property=\"og:description\" content=\"Prevclin: Sua Cl\u00ednica de Psiquiatria em Teixeira de Freitas A Prevclin \u00e9 uma cl\u00ednica especializada em psiquiatria localizada em Teixeira de Freitas, Bahia, no bairro Vila Vargas. Sob a dire\u00e7\u00e3o do Dr. Tony Soares, registrado no CRM 39612 BA, a cl\u00ednica oferece um atendimento humanizado e acolhedor, focado na sa\u00fade mental dos pacientes. Nossa miss\u00e3o [&hellip;]\" \/>\n<meta property=\"og:url\" content=\"https:\/\/www.conveniosocial.com.br\/blog\/psiquiatria\/prevclin-sua-clinica-de-psiquiatria-em-teixeira-de-freitas\/\" \/>\n<meta property=\"og:site_name\" content=\"Conv\u00eanio Social\" \/>\n<meta property=\"article:published_time\" content=\"2026-04-28T12:01:08+00:00\" \/>\n<meta name=\"twitter:card\" content=\"summary_large_image\" \/>\n<meta name=\"twitter:label1\" content=\"Est. tempo de leitura\" \/>\n\t<meta name=\"twitter:data1\" content=\"3 minutos\" \/>\n<script type=\"application\/ld+json\" class=\"yoast-schema-graph\">{\"@context\":\"https:\\\/\\\/schema.org\",\"@graph\":[{\"@type\":\"Article\",\"@id\":\"https:\\\/\\\/www.conveniosocial.com.br\\\/blog\\\/psiquiatria\\\/prevclin-sua-clinica-de-psiquiatria-em-teixeira-de-freitas\\\/#article\",\"isPartOf\":{\"@id\":\"https:\\\/\\\/www.conveniosocial.com.br\\\/blog\\\/psiquiatria\\\/prevclin-sua-clinica-de-psiquiatria-em-teixeira-de-freitas\\\/\"},\"author\":{\"name\":\"\",\"@id\":\"\"},\"headline\":\"Prevclin: Sua Cl\u00ednica de Psiquiatria em Teixeira de Freitas\",\"datePublished\":\"2026-04-28T12:01:08+00:00\",\"mainEntityOfPage\":{\"@id\":\"https:\\\/\\\/www.conveniosocial.com.br\\\/blog\\\/psiquiatria\\\/prevclin-sua-clinica-de-psiquiatria-em-teixeira-de-freitas\\\/\"},\"wordCount\":611,\"commentCount\":0,\"publisher\":{\"@id\":\"https:\\\/\\\/www.conveniosocial.com.br\\\/blog\\\/#organization\"},\"articleSection\":[\"Cl\u00ednica Geral\",\"Psiquiatria\",\"Sa\u00fade Mental\"],\"inLanguage\":\"pt-BR\"},{\"@type\":\"WebPage\",\"@id\":\"https:\\\/\\\/www.conveniosocial.com.br\\\/blog\\\/psiquiatria\\\/prevclin-sua-clinica-de-psiquiatria-em-teixeira-de-freitas\\\/\",\"url\":\"https:\\\/\\\/www.conveniosocial.com.br\\\/blog\\\/psiquiatria\\\/prevclin-sua-clinica-de-psiquiatria-em-teixeira-de-freitas\\\/\",\"name\":\"Prevclin: Sua Cl\u00ednica de Psiquiatria em Teixeira de Freitas - Conv\u00eanio Social\",\"isPartOf\":{\"@id\":\"https:\\\/\\\/www.conveniosocial.com.br\\\/blog\\\/#website\"},\"datePublished\":\"2026-04-28T12:01:08+00:00\",\"breadcrumb\":{\"@id\":\"https:\\\/\\\/www.conveniosocial.com.br\\\/blog\\\/psiquiatria\\\/prevclin-sua-clinica-de-psiquiatria-em-teixeira-de-freitas\\\/#breadcrumb\"},\"inLanguage\":\"pt-BR\",\"potentialAction\":[{\"@type\":\"ReadAction\",\"target\":[\"https:\\\/\\\/www.conveniosocial.com.br\\\/blog\\\/psiquiatria\\\/prevclin-sua-clinica-de-psiquiatria-em-teixeira-de-freitas\\\/\"]}]},{\"@type\":\"BreadcrumbList\",\"@id\":\"https:\\\/\\\/www.conveniosocial.com.br\\\/blog\\\/psiquiatria\\\/prevclin-sua-clinica-de-psiquiatria-em-teixeira-de-freitas\\\/#breadcrumb\",\"itemListElement\":[{\"@type\":\"ListItem\",\"position\":1,\"name\":\"Home\",\"item\":\"https:\\\/\\\/www.conveniosocial.com.br\\\/blog\\\/\"},{\"@type\":\"ListItem\",\"position\":2,\"name\":\"Cl\u00ednica Geral\",\"item\":\"https:\\\/\\\/www.conveniosocial.com.br\\\/blog\\\/clinica-geral\\\/\"},{\"@type\":\"ListItem\",\"position\":3,\"name\":\"Prevclin: Sua Cl\u00ednica de Psiquiatria em Teixeira de Freitas\"}]},{\"@type\":\"WebSite\",\"@id\":\"https:\\\/\\\/www.conveniosocial.com.br\\\/blog\\\/#website\",\"url\":\"https:\\\/\\\/www.conveniosocial.com.br\\\/blog\\\/\",\"name\":\"Conv\u00eanio Social\",\"description\":\"Informa\u00e7\u00f5es de Sa\u00fade e Bem-estar, Consultas e Exames Popular\",\"publisher\":{\"@id\":\"https:\\\/\\\/www.conveniosocial.com.br\\\/blog\\\/#organization\"},\"potentialAction\":[{\"@type\":\"SearchAction\",\"target\":{\"@type\":\"EntryPoint\",\"urlTemplate\":\"https:\\\/\\\/www.conveniosocial.com.br\\\/blog\\\/?s={search_term_string}\"},\"query-input\":{\"@type\":\"PropertyValueSpecification\",\"valueRequired\":true,\"valueName\":\"search_term_string\"}}],\"inLanguage\":\"pt-BR\"},{\"@type\":\"Organization\",\"@id\":\"https:\\\/\\\/www.conveniosocial.com.br\\\/blog\\\/#organization\",\"name\":\"Conv\u00eanio Social\",\"url\":\"https:\\\/\\\/www.conveniosocial.com.br\\\/blog\\\/\",\"logo\":{\"@type\":\"ImageObject\",\"inLanguage\":\"pt-BR\",\"@id\":\"https:\\\/\\\/www.conveniosocial.com.br\\\/blog\\\/#\\\/schema\\\/logo\\\/image\\\/\",\"url\":\"https:\\\/\\\/www.conveniosocial.com.br\\\/blog\\\/wp-content\\\/uploads\\\/2021\\\/11\\\/novo_logo-convenio-socia-digital.png\",\"contentUrl\":\"https:\\\/\\\/www.conveniosocial.com.br\\\/blog\\\/wp-content\\\/uploads\\\/2021\\\/11\\\/novo_logo-convenio-socia-digital.png\",\"width\":400,\"height\":102,\"caption\":\"Conv\u00eanio Social\"},\"image\":{\"@id\":\"https:\\\/\\\/www.conveniosocial.com.br\\\/blog\\\/#\\\/schema\\\/logo\\\/image\\\/\"}}]}<\/script>\n<!-- \/ Yoast SEO Premium plugin. -->","yoast_head_json":{"title":"Prevclin: Sua Cl\u00ednica de Psiquiatria em Teixeira de Freitas - Conv\u00eanio Social","robots":{"index":"index","follow":"follow","max-snippet":"max-snippet:-1","max-image-preview":"max-image-preview:large","max-video-preview":"max-video-preview:-1"},"canonical":"https:\/\/www.conveniosocial.com.br\/blog\/psiquiatria\/prevclin-sua-clinica-de-psiquiatria-em-teixeira-de-freitas\/","og_locale":"pt_BR","og_type":"article","og_title":"Prevclin: Sua Cl\u00ednica de Psiquiatria em Teixeira de Freitas","og_description":"Prevclin: Sua Cl\u00ednica de Psiquiatria em Teixeira de Freitas A Prevclin \u00e9 uma cl\u00ednica especializada em psiquiatria localizada em Teixeira de Freitas, Bahia, no bairro Vila Vargas. Sob a dire\u00e7\u00e3o do Dr. Tony Soares, registrado no CRM 39612 BA, a cl\u00ednica oferece um atendimento humanizado e acolhedor, focado na sa\u00fade mental dos pacientes. Nossa miss\u00e3o [&hellip;]","og_url":"https:\/\/www.conveniosocial.com.br\/blog\/psiquiatria\/prevclin-sua-clinica-de-psiquiatria-em-teixeira-de-freitas\/","og_site_name":"Conv\u00eanio Social","article_published_time":"2026-04-28T12:01:08+00:00","twitter_card":"summary_large_image","twitter_misc":{"Est. tempo de leitura":"3 minutos"},"schema":{"@context":"https:\/\/schema.org","@graph":[{"@type":"Article","@id":"https:\/\/www.conveniosocial.com.br\/blog\/psiquiatria\/prevclin-sua-clinica-de-psiquiatria-em-teixeira-de-freitas\/#article","isPartOf":{"@id":"https:\/\/www.conveniosocial.com.br\/blog\/psiquiatria\/prevclin-sua-clinica-de-psiquiatria-em-teixeira-de-freitas\/"},"author":{"name":"","@id":""},"headline":"Prevclin: Sua Cl\u00ednica de Psiquiatria em Teixeira de Freitas","datePublished":"2026-04-28T12:01:08+00:00","mainEntityOfPage":{"@id":"https:\/\/www.conveniosocial.com.br\/blog\/psiquiatria\/prevclin-sua-clinica-de-psiquiatria-em-teixeira-de-freitas\/"},"wordCount":611,"commentCount":0,"publisher":{"@id":"https:\/\/www.conveniosocial.com.br\/blog\/#organization"},"articleSection":["Cl\u00ednica Geral","Psiquiatria","Sa\u00fade Mental"],"inLanguage":"pt-BR"},{"@type":"WebPage","@id":"https:\/\/www.conveniosocial.com.br\/blog\/psiquiatria\/prevclin-sua-clinica-de-psiquiatria-em-teixeira-de-freitas\/","url":"https:\/\/www.conveniosocial.com.br\/blog\/psiquiatria\/prevclin-sua-clinica-de-psiquiatria-em-teixeira-de-freitas\/","name":"Prevclin: Sua Cl\u00ednica de Psiquiatria em Teixeira de Freitas - Conv\u00eanio Social","isPartOf":{"@id":"https:\/\/www.conveniosocial.com.br\/blog\/#website"},"datePublished":"2026-04-28T12:01:08+00:00","breadcrumb":{"@id":"https:\/\/www.conveniosocial.com.br\/blog\/psiquiatria\/prevclin-sua-clinica-de-psiquiatria-em-teixeira-de-freitas\/#breadcrumb"},"inLanguage":"pt-BR","potentialAction":[{"@type":"ReadAction","target":["https:\/\/www.conveniosocial.com.br\/blog\/psiquiatria\/prevclin-sua-clinica-de-psiquiatria-em-teixeira-de-freitas\/"]}]},{"@type":"BreadcrumbList","@id":"https:\/\/www.conveniosocial.com.br\/blog\/psiquiatria\/prevclin-sua-clinica-de-psiquiatria-em-teixeira-de-freitas\/#breadcrumb","itemListElement":[{"@type":"ListItem","position":1,"name":"Home","item":"https:\/\/www.conveniosocial.com.br\/blog\/"},{"@type":"ListItem","position":2,"name":"Cl\u00ednica Geral","item":"https:\/\/www.conveniosocial.com.br\/blog\/clinica-geral\/"},{"@type":"ListItem","position":3,"name":"Prevclin: Sua Cl\u00ednica de Psiquiatria em Teixeira de Freitas"}]},{"@type":"WebSite","@id":"https:\/\/www.conveniosocial.com.br\/blog\/#website","url":"https:\/\/www.conveniosocial.com.br\/blog\/","name":"Conv\u00eanio Social","description":"Informa\u00e7\u00f5es de Sa\u00fade e Bem-estar, Consultas e Exames Popular","publisher":{"@id":"https:\/\/www.conveniosocial.com.br\/blog\/#organization"},"potentialAction":[{"@type":"SearchAction","target":{"@type":"EntryPoint","urlTemplate":"https:\/\/www.conveniosocial.com.br\/blog\/?s={search_term_string}"},"query-input":{"@type":"PropertyValueSpecification","valueRequired":true,"valueName":"search_term_string"}}],"inLanguage":"pt-BR"},{"@type":"Organization","@id":"https:\/\/www.conveniosocial.com.br\/blog\/#organization","name":"Conv\u00eanio Social","url":"https:\/\/www.conveniosocial.com.br\/blog\/","logo":{"@type":"ImageObject","inLanguage":"pt-BR","@id":"https:\/\/www.conveniosocial.com.br\/blog\/#\/schema\/logo\/image\/","url":"https:\/\/www.conveniosocial.com.br\/blog\/wp-content\/uploads\/2021\/11\/novo_logo-convenio-socia-digital.png","contentUrl":"https:\/\/www.conveniosocial.com.br\/blog\/wp-content\/uploads\/2021\/11\/novo_logo-convenio-socia-digital.png","width":400,"height":102,"caption":"Conv\u00eanio Social"},"image":{"@id":"https:\/\/www.conveniosocial.com.br\/blog\/#\/schema\/logo\/image\/"}}]}},"_links":{"self":[{"href":"https:\/\/www.conveniosocial.com.br\/blog\/wp-json\/wp\/v2\/posts\/153970","targetHints":{"allow":["GET"]}}],"collection":[{"href":"https:\/\/www.conveniosocial.com.br\/blog\/wp-json\/wp\/v2\/posts"}],"about":[{"href":"https:\/\/www.conveniosocial.com.br\/blog\/wp-json\/wp\/v2\/types\/post"}],"replies":[{"embeddable":true,"href":"https:\/\/www.conveniosocial.com.br\/blog\/wp-json\/wp\/v2\/comments?post=153970"}],"version-history":[{"count":0,"href":"https:\/\/www.conveniosocial.com.br\/blog\/wp-json\/wp\/v2\/posts\/153970\/revisions"}],"wp:attachment":[{"href":"https:\/\/www.conveniosocial.com.br\/blog\/wp-json\/wp\/v2\/media?parent=153970"}],"wp:term":[{"taxonomy":"category","embeddable":true,"href":"https:\/\/www.conveniosocial.com.br\/blog\/wp-json\/wp\/v2\/categories?post=153970"},{"taxonomy":"post_tag","embeddable":true,"href":"https:\/\/www.conveniosocial.com.br\/blog\/wp-json\/wp\/v2\/tags?post=153970"}],"curies":[{"name":"wp","href":"https:\/\/api.w.org\/{rel}","templated":true}]}}