{"id":154023,"date":"2026-04-29T21:00:04","date_gmt":"2026-04-30T00:00:04","guid":{"rendered":"https:\/\/www.conveniosocial.com.br\/blog\/nehuma\/dra-camila-maira-especialista-em-saude-mental\/"},"modified":"2026-04-29T21:00:04","modified_gmt":"2026-04-30T00:00:04","slug":"dra-camila-maira-especialista-em-saude-mental","status":"publish","type":"post","link":"https:\/\/www.conveniosocial.com.br\/blog\/saude-mental\/dra-camila-maira-especialista-em-saude-mental\/","title":{"rendered":"Dra. Camila Ma\u00edra: Especialista em Sa\u00fade Mental"},"content":{"rendered":"<div id=\"ez-toc-container\" class=\"ez-toc-v2_0_82_2 counter-flat ez-toc-counter ez-toc-white ez-toc-container-direction\">\n<p class=\"ez-toc-title\" style=\"cursor:inherit\">\u00cdndice do Conte\u00fado<\/p>\n<label for=\"ez-toc-cssicon-toggle-item-69f2ba73e5c3b\" class=\"ez-toc-cssicon-toggle-label\"><span class=\"ez-toc-cssicon\"><span class=\"eztoc-hide\" style=\"display:none;\">Toggle<\/span><span class=\"ez-toc-icon-toggle-span\"><svg style=\"fill: #999;color:#999\" xmlns=\"http:\/\/www.w3.org\/2000\/svg\" class=\"list-377408\" width=\"20px\" height=\"20px\" viewBox=\"0 0 24 24\" fill=\"none\"><path d=\"M6 6H4v2h2V6zm14 0H8v2h12V6zM4 11h2v2H4v-2zm16 0H8v2h12v-2zM4 16h2v2H4v-2zm16 0H8v2h12v-2z\" fill=\"currentColor\"><\/path><\/svg><svg style=\"fill: #999;color:#999\" class=\"arrow-unsorted-368013\" xmlns=\"http:\/\/www.w3.org\/2000\/svg\" width=\"10px\" height=\"10px\" viewBox=\"0 0 24 24\" version=\"1.2\" baseProfile=\"tiny\"><path d=\"M18.2 9.3l-6.2-6.3-6.2 6.3c-.2.2-.3.4-.3.7s.1.5.3.7c.2.2.4.3.7.3h11c.3 0 .5-.1.7-.3.2-.2.3-.5.3-.7s-.1-.5-.3-.7zM5.8 14.7l6.2 6.3 6.2-6.3c.2-.2.3-.5.3-.7s-.1-.5-.3-.7c-.2-.2-.4-.3-.7-.3h-11c-.3 0-.5.1-.7.3-.2.2-.3.5-.3.7s.1.5.3.7z\"\/><\/svg><\/span><\/span><\/label><input type=\"checkbox\"  id=\"ez-toc-cssicon-toggle-item-69f2ba73e5c3b\" checked aria-label=\"Alternar\" \/><nav><ul class='ez-toc-list ez-toc-list-level-1 ' ><li class='ez-toc-page-1'><a class=\"ez-toc-link ez-toc-heading-1\" href=\"https:\/\/www.conveniosocial.com.br\/blog\/saude-mental\/dra-camila-maira-especialista-em-saude-mental\/#Dra_Camila_Maira_Especialista_em_Saude_Mental\" >Dra. Camila Ma\u00edra: Especialista em Sa\u00fade Mental<\/a><\/li><li class='ez-toc-page-1'><a class=\"ez-toc-link ez-toc-heading-2\" href=\"https:\/\/www.conveniosocial.com.br\/blog\/saude-mental\/dra-camila-maira-especialista-em-saude-mental\/#Perguntas_Frequentes\" >Perguntas Frequentes<\/a><\/li><li class='ez-toc-page-1'><a class=\"ez-toc-link ez-toc-heading-3\" href=\"https:\/\/www.conveniosocial.com.br\/blog\/saude-mental\/dra-camila-maira-especialista-em-saude-mental\/#Contato\" >Contato<\/a><\/li><\/ul><\/nav><\/div>\n<h2><span class=\"ez-toc-section\" id=\"Dra_Camila_Maira_Especialista_em_Saude_Mental\"><\/span>Dra. Camila Ma\u00edra: Especialista em Sa\u00fade Mental<span class=\"ez-toc-section-end\"><\/span><\/h2>\n<p>A Dra. Camila Ma\u00edra de Almeida \u00e9 uma renomada psiquiatra localizada em S\u00e3o Jos\u00e9 dos Campos, no bairro Jardim Esplanada II. Com um enfoque especial em sa\u00fade mental, a cl\u00ednica oferece um atendimento acolhedor e humanizado, fundamental para auxiliar os pacientes a enfrentarem suas dificuldades emocionais com seguran\u00e7a e conforto. A principal miss\u00e3o da Dra. Camila \u00e9 proporcionar um espa\u00e7o onde os pacientes possam se sentir \u00e0 vontade para discutir suas preocupa\u00e7\u00f5es, promovendo um tratamento eficaz e personalizado.<\/p>\n<p>Entre as especialidades da Dra. Camila, destacam-se os transtornos de humor, como a depress\u00e3o e o transtorno bipolar, al\u00e9m de transtornos de ansiedade que incluem s\u00edndrome do p\u00e2nico, fobias e ansiedade generalizada (TAG). A sa\u00fade mental da mulher tamb\u00e9m \u00e9 uma \u00e1rea importante de atua\u00e7\u00e3o, abordando quest\u00f5es hormonais e emocionais espec\u00edficas que podem impactar a qualidade de vida. Outras condi\u00e7\u00f5es tratadas na cl\u00ednica incluem ins\u00f4nia, compuls\u00e3o alimentar e o transtorno obsessivo-compulsivo (TOC).<\/p>\n<p>A avalia\u00e7\u00e3o cl\u00ednica \u00e9 um dos pilares do trabalho da Dra. Camila, realizada atrav\u00e9s de entrevistas e anamnese detalhada, permitindo um diagn\u00f3stico preciso e um planejamento de tratamento adequado. A cl\u00ednica \u00e9 facilmente acess\u00edvel para moradores de S\u00e3o Jos\u00e9 dos Campos e bairros adjacentes como Jardim Apollo, Jardim Maring\u00e1, Vila Ema, e muitos outros. O ambiente foi projetado para oferecer conforto e privacidade, sendo um local ideal para a recupera\u00e7\u00e3o e o bem-estar.<\/p>\n<p>A Dra. Camila atende principalmente de forma particular, com valor da primeira consulta a partir de R$ 330,00. Para pacientes que possuem planos de sa\u00fade, a cl\u00ednica oferece suporte para reembolso, facilitando o acesso ao tratamento. O agendamento \u00e9 flex\u00edvel e personalizado, garantindo que cada paciente encontre um hor\u00e1rio que se adeque \u00e0 sua rotina.<\/p>\n<p>Para mais informa\u00e7\u00f5es ou agendamentos, voc\u00ea pode entrar em contato pelo telefone (19) 99903-4718. Infelizmente, ainda n\u00e3o temos um site dispon\u00edvel, mas voc\u00ea pode acompanhar as novidades e dicas sobre sa\u00fade mental atrav\u00e9s do Instagram.<\/p>\n<p>A Dra. Camila Ma\u00edra de Almeida, com CRM SP 199371 e RQE 104735, \u00e9 a respons\u00e1vel t\u00e9cnica pelo atendimento, sempre comprometida com a \u00e9tica e a qualidade no cuidado da sa\u00fade mental dos seus pacientes. Se voc\u00ea ou algu\u00e9m que voc\u00ea ama est\u00e1 passando por dificuldades emocionais, n\u00e3o hesite em buscar ajuda. A cl\u00ednica da Dra. Camila \u00e9 um espa\u00e7o acolhedor e seguro, pronto para ajudar na sua jornada de autoconhecimento e recupera\u00e7\u00e3o.<\/p>\n<h3><span class=\"ez-toc-section\" id=\"Perguntas_Frequentes\"><\/span>Perguntas Frequentes<span class=\"ez-toc-section-end\"><\/span><\/h3>\n<p>P: Quais especialidades a Dra. Camila atende?<br \/>\nR: A Dra. Camila atende transtornos de humor, ansiedade, sa\u00fade mental da mulher, ins\u00f4nia, compuls\u00e3o alimentar e TOC.<\/p>\n<p>P: Como \u00e9 a primeira consulta?<br \/>\nR: A primeira consulta \u00e9 realizada por meio de uma avalia\u00e7\u00e3o cl\u00ednica que inclui entrevista e anamnese.<\/p>\n<p>P: Qual o valor da primeira consulta?<br \/>\nR: O valor da primeira consulta \u00e9 a partir de R$ 330,00.<\/p>\n<p>P: A cl\u00ednica atende conv\u00eanios?<br \/>\nR: A cl\u00ednica atende principalmente de forma particular, mas oferece suporte para reembolso de planos de sa\u00fade.<\/p>\n<p>P: Onde a cl\u00ednica est\u00e1 localizada?<br \/>\nR: A cl\u00ednica est\u00e1 localizada em S\u00e3o Jos\u00e9 dos Campos, no bairro Jardim Esplanada II.<\/p>\n<p>P: Como posso agendar uma consulta?<br \/>\nR: Voc\u00ea pode agendar uma consulta pelo telefone (19) 99903-4718.<\/p>\n<p>P: A cl\u00ednica possui um site?<br \/>\nR: No momento, a cl\u00ednica n\u00e3o possui um site dispon\u00edvel.<\/p>\n<p>P: Quais s\u00e3o os hor\u00e1rios de atendimento?<br \/>\nR: O agendamento \u00e9 feito de forma personalizada e flex\u00edvel, de acordo com a disponibilidade do paciente.<\/p>\n<p>P: A Dra. Camila \u00e9 especialista em quais \u00e1reas?<br \/>\nR: A Dra. Camila \u00e9 especialista em psiquiatria, com foco em sa\u00fade mental e transtornos emocionais.<\/p>\n<p>P: \u00c9 seguro ir \u00e0 cl\u00ednica durante a pandemia?<br \/>\nR: Sim, a cl\u00ednica segue todas as diretrizes de seguran\u00e7a e sa\u00fade recomendadas para proteger seus pacientes.<\/p>\n<h3><span class=\"ez-toc-section\" id=\"Contato\"><\/span>Contato<span class=\"ez-toc-section-end\"><\/span><\/h3>\n<p><strong>Tel.:  | <\/strong><br \/>\n<strong>WhatsApp: &#8211; <\/strong><\/p>\n","protected":false},"excerpt":{"rendered":"<p>Dra. Camila Ma\u00edra: Especialista em Sa\u00fade Mental A Dra. Camila Ma\u00edra de Almeida \u00e9 uma renomada psiquiatra localizada em S\u00e3o Jos\u00e9 dos Campos, no bairro Jardim Esplanada II. Com um enfoque especial em sa\u00fade mental, a cl\u00ednica oferece um atendimento acolhedor e humanizado, fundamental para auxiliar os pacientes a enfrentarem suas dificuldades emocionais com seguran\u00e7a [&hellip;]<\/p>\n","protected":false},"author":0,"featured_media":0,"comment_status":"open","ping_status":"open","sticky":false,"template":"","format":"standard","meta":{"_et_pb_use_builder":"o","_et_pb_old_content":"","_et_gb_content_width":"","footnotes":""},"categories":[1903,1306,1779],"tags":[],"class_list":["post-154023","post","type-post","status-publish","format-standard","hentry","category-clinicas-em-sao-jose-dos-campos","category-saude-mental","category-tratamento-de-ansiedade"],"yoast_head":"<!-- This site is optimized with the Yoast SEO Premium plugin v21.3 (Yoast SEO v27.5) - https:\/\/yoast.com\/product\/yoast-seo-premium-wordpress\/ -->\n<title>Dra. Camila Ma\u00edra: Especialista em Sa\u00fade Mental - Conv\u00eanio Social<\/title>\n<meta name=\"robots\" content=\"index, follow, max-snippet:-1, max-image-preview:large, max-video-preview:-1\" \/>\n<link rel=\"canonical\" href=\"https:\/\/www.conveniosocial.com.br\/blog\/saude-mental\/dra-camila-maira-especialista-em-saude-mental\/\" \/>\n<meta property=\"og:locale\" content=\"pt_BR\" \/>\n<meta property=\"og:type\" content=\"article\" \/>\n<meta property=\"og:title\" content=\"Dra. Camila Ma\u00edra: Especialista em Sa\u00fade Mental\" \/>\n<meta property=\"og:description\" content=\"Dra. Camila Ma\u00edra: Especialista em Sa\u00fade Mental A Dra. Camila Ma\u00edra de Almeida \u00e9 uma renomada psiquiatra localizada em S\u00e3o Jos\u00e9 dos Campos, no bairro Jardim Esplanada II. Com um enfoque especial em sa\u00fade mental, a cl\u00ednica oferece um atendimento acolhedor e humanizado, fundamental para auxiliar os pacientes a enfrentarem suas dificuldades emocionais com seguran\u00e7a [&hellip;]\" \/>\n<meta property=\"og:url\" content=\"https:\/\/www.conveniosocial.com.br\/blog\/saude-mental\/dra-camila-maira-especialista-em-saude-mental\/\" \/>\n<meta property=\"og:site_name\" content=\"Conv\u00eanio Social\" \/>\n<meta property=\"article:published_time\" content=\"2026-04-30T00:00:04+00:00\" \/>\n<meta name=\"twitter:card\" content=\"summary_large_image\" \/>\n<meta name=\"twitter:label1\" content=\"Est. tempo de leitura\" \/>\n\t<meta name=\"twitter:data1\" content=\"3 minutos\" \/>\n<script type=\"application\/ld+json\" class=\"yoast-schema-graph\">{\"@context\":\"https:\\\/\\\/schema.org\",\"@graph\":[{\"@type\":\"Article\",\"@id\":\"https:\\\/\\\/www.conveniosocial.com.br\\\/blog\\\/saude-mental\\\/dra-camila-maira-especialista-em-saude-mental\\\/#article\",\"isPartOf\":{\"@id\":\"https:\\\/\\\/www.conveniosocial.com.br\\\/blog\\\/saude-mental\\\/dra-camila-maira-especialista-em-saude-mental\\\/\"},\"author\":{\"name\":\"\",\"@id\":\"\"},\"headline\":\"Dra. Camila Ma\u00edra: Especialista em Sa\u00fade Mental\",\"datePublished\":\"2026-04-30T00:00:04+00:00\",\"mainEntityOfPage\":{\"@id\":\"https:\\\/\\\/www.conveniosocial.com.br\\\/blog\\\/saude-mental\\\/dra-camila-maira-especialista-em-saude-mental\\\/\"},\"wordCount\":673,\"commentCount\":0,\"publisher\":{\"@id\":\"https:\\\/\\\/www.conveniosocial.com.br\\\/blog\\\/#organization\"},\"articleSection\":[\"Cl\u00ednicas em S\u00e3o Jos\u00e9 dos Campos\",\"Sa\u00fade Mental\",\"Tratamento de Ansiedade\"],\"inLanguage\":\"pt-BR\"},{\"@type\":\"WebPage\",\"@id\":\"https:\\\/\\\/www.conveniosocial.com.br\\\/blog\\\/saude-mental\\\/dra-camila-maira-especialista-em-saude-mental\\\/\",\"url\":\"https:\\\/\\\/www.conveniosocial.com.br\\\/blog\\\/saude-mental\\\/dra-camila-maira-especialista-em-saude-mental\\\/\",\"name\":\"Dra. Camila Ma\u00edra: Especialista em Sa\u00fade Mental - Conv\u00eanio Social\",\"isPartOf\":{\"@id\":\"https:\\\/\\\/www.conveniosocial.com.br\\\/blog\\\/#website\"},\"datePublished\":\"2026-04-30T00:00:04+00:00\",\"breadcrumb\":{\"@id\":\"https:\\\/\\\/www.conveniosocial.com.br\\\/blog\\\/saude-mental\\\/dra-camila-maira-especialista-em-saude-mental\\\/#breadcrumb\"},\"inLanguage\":\"pt-BR\",\"potentialAction\":[{\"@type\":\"ReadAction\",\"target\":[\"https:\\\/\\\/www.conveniosocial.com.br\\\/blog\\\/saude-mental\\\/dra-camila-maira-especialista-em-saude-mental\\\/\"]}]},{\"@type\":\"BreadcrumbList\",\"@id\":\"https:\\\/\\\/www.conveniosocial.com.br\\\/blog\\\/saude-mental\\\/dra-camila-maira-especialista-em-saude-mental\\\/#breadcrumb\",\"itemListElement\":[{\"@type\":\"ListItem\",\"position\":1,\"name\":\"Home\",\"item\":\"https:\\\/\\\/www.conveniosocial.com.br\\\/blog\\\/\"},{\"@type\":\"ListItem\",\"position\":2,\"name\":\"Cl\u00ednicas em S\u00e3o Jos\u00e9 dos Campos\",\"item\":\"https:\\\/\\\/www.conveniosocial.com.br\\\/blog\\\/clinicas-em-sao-jose-dos-campos\\\/\"},{\"@type\":\"ListItem\",\"position\":3,\"name\":\"Dra. Camila Ma\u00edra: Especialista em Sa\u00fade Mental\"}]},{\"@type\":\"WebSite\",\"@id\":\"https:\\\/\\\/www.conveniosocial.com.br\\\/blog\\\/#website\",\"url\":\"https:\\\/\\\/www.conveniosocial.com.br\\\/blog\\\/\",\"name\":\"Conv\u00eanio Social\",\"description\":\"Informa\u00e7\u00f5es de Sa\u00fade e Bem-estar, Consultas e Exames Popular\",\"publisher\":{\"@id\":\"https:\\\/\\\/www.conveniosocial.com.br\\\/blog\\\/#organization\"},\"potentialAction\":[{\"@type\":\"SearchAction\",\"target\":{\"@type\":\"EntryPoint\",\"urlTemplate\":\"https:\\\/\\\/www.conveniosocial.com.br\\\/blog\\\/?s={search_term_string}\"},\"query-input\":{\"@type\":\"PropertyValueSpecification\",\"valueRequired\":true,\"valueName\":\"search_term_string\"}}],\"inLanguage\":\"pt-BR\"},{\"@type\":\"Organization\",\"@id\":\"https:\\\/\\\/www.conveniosocial.com.br\\\/blog\\\/#organization\",\"name\":\"Conv\u00eanio Social\",\"url\":\"https:\\\/\\\/www.conveniosocial.com.br\\\/blog\\\/\",\"logo\":{\"@type\":\"ImageObject\",\"inLanguage\":\"pt-BR\",\"@id\":\"https:\\\/\\\/www.conveniosocial.com.br\\\/blog\\\/#\\\/schema\\\/logo\\\/image\\\/\",\"url\":\"https:\\\/\\\/www.conveniosocial.com.br\\\/blog\\\/wp-content\\\/uploads\\\/2021\\\/11\\\/novo_logo-convenio-socia-digital.png\",\"contentUrl\":\"https:\\\/\\\/www.conveniosocial.com.br\\\/blog\\\/wp-content\\\/uploads\\\/2021\\\/11\\\/novo_logo-convenio-socia-digital.png\",\"width\":400,\"height\":102,\"caption\":\"Conv\u00eanio Social\"},\"image\":{\"@id\":\"https:\\\/\\\/www.conveniosocial.com.br\\\/blog\\\/#\\\/schema\\\/logo\\\/image\\\/\"}}]}<\/script>\n<!-- \/ Yoast SEO Premium plugin. -->","yoast_head_json":{"title":"Dra. Camila Ma\u00edra: Especialista em Sa\u00fade Mental - Conv\u00eanio Social","robots":{"index":"index","follow":"follow","max-snippet":"max-snippet:-1","max-image-preview":"max-image-preview:large","max-video-preview":"max-video-preview:-1"},"canonical":"https:\/\/www.conveniosocial.com.br\/blog\/saude-mental\/dra-camila-maira-especialista-em-saude-mental\/","og_locale":"pt_BR","og_type":"article","og_title":"Dra. Camila Ma\u00edra: Especialista em Sa\u00fade Mental","og_description":"Dra. Camila Ma\u00edra: Especialista em Sa\u00fade Mental A Dra. Camila Ma\u00edra de Almeida \u00e9 uma renomada psiquiatra localizada em S\u00e3o Jos\u00e9 dos Campos, no bairro Jardim Esplanada II. Com um enfoque especial em sa\u00fade mental, a cl\u00ednica oferece um atendimento acolhedor e humanizado, fundamental para auxiliar os pacientes a enfrentarem suas dificuldades emocionais com seguran\u00e7a [&hellip;]","og_url":"https:\/\/www.conveniosocial.com.br\/blog\/saude-mental\/dra-camila-maira-especialista-em-saude-mental\/","og_site_name":"Conv\u00eanio Social","article_published_time":"2026-04-30T00:00:04+00:00","twitter_card":"summary_large_image","twitter_misc":{"Est. tempo de leitura":"3 minutos"},"schema":{"@context":"https:\/\/schema.org","@graph":[{"@type":"Article","@id":"https:\/\/www.conveniosocial.com.br\/blog\/saude-mental\/dra-camila-maira-especialista-em-saude-mental\/#article","isPartOf":{"@id":"https:\/\/www.conveniosocial.com.br\/blog\/saude-mental\/dra-camila-maira-especialista-em-saude-mental\/"},"author":{"name":"","@id":""},"headline":"Dra. Camila Ma\u00edra: Especialista em Sa\u00fade Mental","datePublished":"2026-04-30T00:00:04+00:00","mainEntityOfPage":{"@id":"https:\/\/www.conveniosocial.com.br\/blog\/saude-mental\/dra-camila-maira-especialista-em-saude-mental\/"},"wordCount":673,"commentCount":0,"publisher":{"@id":"https:\/\/www.conveniosocial.com.br\/blog\/#organization"},"articleSection":["Cl\u00ednicas em S\u00e3o Jos\u00e9 dos Campos","Sa\u00fade Mental","Tratamento de Ansiedade"],"inLanguage":"pt-BR"},{"@type":"WebPage","@id":"https:\/\/www.conveniosocial.com.br\/blog\/saude-mental\/dra-camila-maira-especialista-em-saude-mental\/","url":"https:\/\/www.conveniosocial.com.br\/blog\/saude-mental\/dra-camila-maira-especialista-em-saude-mental\/","name":"Dra. Camila Ma\u00edra: Especialista em Sa\u00fade Mental - Conv\u00eanio Social","isPartOf":{"@id":"https:\/\/www.conveniosocial.com.br\/blog\/#website"},"datePublished":"2026-04-30T00:00:04+00:00","breadcrumb":{"@id":"https:\/\/www.conveniosocial.com.br\/blog\/saude-mental\/dra-camila-maira-especialista-em-saude-mental\/#breadcrumb"},"inLanguage":"pt-BR","potentialAction":[{"@type":"ReadAction","target":["https:\/\/www.conveniosocial.com.br\/blog\/saude-mental\/dra-camila-maira-especialista-em-saude-mental\/"]}]},{"@type":"BreadcrumbList","@id":"https:\/\/www.conveniosocial.com.br\/blog\/saude-mental\/dra-camila-maira-especialista-em-saude-mental\/#breadcrumb","itemListElement":[{"@type":"ListItem","position":1,"name":"Home","item":"https:\/\/www.conveniosocial.com.br\/blog\/"},{"@type":"ListItem","position":2,"name":"Cl\u00ednicas em S\u00e3o Jos\u00e9 dos Campos","item":"https:\/\/www.conveniosocial.com.br\/blog\/clinicas-em-sao-jose-dos-campos\/"},{"@type":"ListItem","position":3,"name":"Dra. Camila Ma\u00edra: Especialista em Sa\u00fade Mental"}]},{"@type":"WebSite","@id":"https:\/\/www.conveniosocial.com.br\/blog\/#website","url":"https:\/\/www.conveniosocial.com.br\/blog\/","name":"Conv\u00eanio Social","description":"Informa\u00e7\u00f5es de Sa\u00fade e Bem-estar, Consultas e Exames Popular","publisher":{"@id":"https:\/\/www.conveniosocial.com.br\/blog\/#organization"},"potentialAction":[{"@type":"SearchAction","target":{"@type":"EntryPoint","urlTemplate":"https:\/\/www.conveniosocial.com.br\/blog\/?s={search_term_string}"},"query-input":{"@type":"PropertyValueSpecification","valueRequired":true,"valueName":"search_term_string"}}],"inLanguage":"pt-BR"},{"@type":"Organization","@id":"https:\/\/www.conveniosocial.com.br\/blog\/#organization","name":"Conv\u00eanio Social","url":"https:\/\/www.conveniosocial.com.br\/blog\/","logo":{"@type":"ImageObject","inLanguage":"pt-BR","@id":"https:\/\/www.conveniosocial.com.br\/blog\/#\/schema\/logo\/image\/","url":"https:\/\/www.conveniosocial.com.br\/blog\/wp-content\/uploads\/2021\/11\/novo_logo-convenio-socia-digital.png","contentUrl":"https:\/\/www.conveniosocial.com.br\/blog\/wp-content\/uploads\/2021\/11\/novo_logo-convenio-socia-digital.png","width":400,"height":102,"caption":"Conv\u00eanio Social"},"image":{"@id":"https:\/\/www.conveniosocial.com.br\/blog\/#\/schema\/logo\/image\/"}}]}},"_links":{"self":[{"href":"https:\/\/www.conveniosocial.com.br\/blog\/wp-json\/wp\/v2\/posts\/154023","targetHints":{"allow":["GET"]}}],"collection":[{"href":"https:\/\/www.conveniosocial.com.br\/blog\/wp-json\/wp\/v2\/posts"}],"about":[{"href":"https:\/\/www.conveniosocial.com.br\/blog\/wp-json\/wp\/v2\/types\/post"}],"replies":[{"embeddable":true,"href":"https:\/\/www.conveniosocial.com.br\/blog\/wp-json\/wp\/v2\/comments?post=154023"}],"version-history":[{"count":0,"href":"https:\/\/www.conveniosocial.com.br\/blog\/wp-json\/wp\/v2\/posts\/154023\/revisions"}],"wp:attachment":[{"href":"https:\/\/www.conveniosocial.com.br\/blog\/wp-json\/wp\/v2\/media?parent=154023"}],"wp:term":[{"taxonomy":"category","embeddable":true,"href":"https:\/\/www.conveniosocial.com.br\/blog\/wp-json\/wp\/v2\/categories?post=154023"},{"taxonomy":"post_tag","embeddable":true,"href":"https:\/\/www.conveniosocial.com.br\/blog\/wp-json\/wp\/v2\/tags?post=154023"}],"curies":[{"name":"wp","href":"https:\/\/api.w.org\/{rel}","templated":true}]}}