{"id":154024,"date":"2026-04-29T21:00:04","date_gmt":"2026-04-30T00:00:04","guid":{"rendered":"https:\/\/www.conveniosocial.com.br\/blog\/nehuma\/dra-camila-maira-cuidados-em-saude-mental-em-sp\/"},"modified":"2026-04-29T21:00:04","modified_gmt":"2026-04-30T00:00:04","slug":"dra-camila-maira-cuidados-em-saude-mental-em-sp","status":"publish","type":"post","link":"https:\/\/www.conveniosocial.com.br\/blog\/saude-mental\/dra-camila-maira-cuidados-em-saude-mental-em-sp\/","title":{"rendered":"Dra. Camila Ma\u00edra: Cuidados em Sa\u00fade Mental em SP"},"content":{"rendered":"<div id=\"ez-toc-container\" class=\"ez-toc-v2_0_82_2 counter-flat ez-toc-counter ez-toc-white ez-toc-container-direction\">\n<p class=\"ez-toc-title\" style=\"cursor:inherit\">\u00cdndice do Conte\u00fado<\/p>\n<label for=\"ez-toc-cssicon-toggle-item-69f2ba4272bc1\" class=\"ez-toc-cssicon-toggle-label\"><span class=\"ez-toc-cssicon\"><span class=\"eztoc-hide\" style=\"display:none;\">Toggle<\/span><span class=\"ez-toc-icon-toggle-span\"><svg style=\"fill: #999;color:#999\" xmlns=\"http:\/\/www.w3.org\/2000\/svg\" class=\"list-377408\" width=\"20px\" height=\"20px\" viewBox=\"0 0 24 24\" fill=\"none\"><path d=\"M6 6H4v2h2V6zm14 0H8v2h12V6zM4 11h2v2H4v-2zm16 0H8v2h12v-2zM4 16h2v2H4v-2zm16 0H8v2h12v-2z\" fill=\"currentColor\"><\/path><\/svg><svg style=\"fill: #999;color:#999\" class=\"arrow-unsorted-368013\" xmlns=\"http:\/\/www.w3.org\/2000\/svg\" width=\"10px\" height=\"10px\" viewBox=\"0 0 24 24\" version=\"1.2\" baseProfile=\"tiny\"><path d=\"M18.2 9.3l-6.2-6.3-6.2 6.3c-.2.2-.3.4-.3.7s.1.5.3.7c.2.2.4.3.7.3h11c.3 0 .5-.1.7-.3.2-.2.3-.5.3-.7s-.1-.5-.3-.7zM5.8 14.7l6.2 6.3 6.2-6.3c.2-.2.3-.5.3-.7s-.1-.5-.3-.7c-.2-.2-.4-.3-.7-.3h-11c-.3 0-.5.1-.7.3-.2.2-.3.5-.3.7s.1.5.3.7z\"\/><\/svg><\/span><\/span><\/label><input type=\"checkbox\"  id=\"ez-toc-cssicon-toggle-item-69f2ba4272bc1\" checked aria-label=\"Alternar\" \/><nav><ul class='ez-toc-list ez-toc-list-level-1 ' ><li class='ez-toc-page-1'><a class=\"ez-toc-link ez-toc-heading-1\" href=\"https:\/\/www.conveniosocial.com.br\/blog\/saude-mental\/dra-camila-maira-cuidados-em-saude-mental-em-sp\/#Dra_Camila_Maira_Cuidados_em_Saude_Mental_em_SP\" >Dra. Camila Ma\u00edra: Cuidados em Sa\u00fade Mental em SP<\/a><\/li><li class='ez-toc-page-1'><a class=\"ez-toc-link ez-toc-heading-2\" href=\"https:\/\/www.conveniosocial.com.br\/blog\/saude-mental\/dra-camila-maira-cuidados-em-saude-mental-em-sp\/#Perguntas_Frequentes\" >Perguntas Frequentes<\/a><\/li><li class='ez-toc-page-1'><a class=\"ez-toc-link ez-toc-heading-3\" href=\"https:\/\/www.conveniosocial.com.br\/blog\/saude-mental\/dra-camila-maira-cuidados-em-saude-mental-em-sp\/#Contato\" >Contato<\/a><\/li><\/ul><\/nav><\/div>\n<h2><span class=\"ez-toc-section\" id=\"Dra_Camila_Maira_Cuidados_em_Saude_Mental_em_SP\"><\/span>Dra. Camila Ma\u00edra: Cuidados em Sa\u00fade Mental em SP<span class=\"ez-toc-section-end\"><\/span><\/h2>\n<p>A Dra. Camila Ma\u00edra de Almeida \u00e9 uma renomada psiquiatra localizada em S\u00e3o Jos\u00e9 dos Campos, SP, especificamente no bairro Jardim Esplanada II. Com um foco especial em sa\u00fade mental, a Dra. Camila oferece um atendimento cl\u00ednico humanizado, destinado a auxiliar seus pacientes a lidarem com os desafios emocionais e psicol\u00f3gicos da vida moderna. A cl\u00ednica se destaca por seu ambiente acolhedor e por uma abordagem centrada no paciente, onde cada indiv\u00edduo \u00e9 tratado com respeito e aten\u00e7\u00e3o \u00e0s suas particularidades. <\/p>\n<p>As especialidades atendidas pela Dra. Camila incluem transtornos de humor, como depress\u00e3o e transtorno bipolar, al\u00e9m de transtornos de ansiedade, como s\u00edndrome do p\u00e2nico, fobias e ansiedade generalizada (TAG). A sa\u00fade mental da mulher tamb\u00e9m \u00e9 uma prioridade, abordando quest\u00f5es hormonais e emocionais espec\u00edficas que podem impactar a vida das pacientes. Outras condi\u00e7\u00f5es como ins\u00f4nia, compuls\u00e3o alimentar e TOC (transtorno obsessivo-compulsivo) tamb\u00e9m s\u00e3o tratadas na cl\u00ednica. <\/p>\n<p>A primeira consulta \u00e9 oferecida a partir de R$ 330,00, e a Dra. Camila realiza uma avalia\u00e7\u00e3o cl\u00ednica detalhada, que inclui entrevista e anamnese, para entender melhor as necessidades e preocupa\u00e7\u00f5es de cada paciente. Embora a cl\u00ednica atenda principalmente de forma particular, h\u00e1 suporte para pacientes que optam por utilizar planos de sa\u00fade atrav\u00e9s de um sistema de reembolso, facilitando o acesso aos cuidados de sa\u00fade mental. <\/p>\n<p>O agendamento das consultas \u00e9 feito de forma personalizada e flex\u00edvel, permitindo que os pacientes encontrem hor\u00e1rios que se encaixem em suas rotinas. A Dra. Camila Ma\u00edra de Almeida \u00e9 a respons\u00e1vel t\u00e9cnica, com CRM SP 199371 e RQE 104735, garantindo um atendimento de qualidade e \u00e9tico. <\/p>\n<p>Localizada em uma \u00e1rea de f\u00e1cil acesso, a cl\u00ednica \u00e9 rodeada por diversos bairros, como Jardim Apollo, Jardim Maring\u00e1, Vila Ema, e Vila Adyana, tornando-a uma op\u00e7\u00e3o conveniente para muitas pessoas da regi\u00e3o. Para mais informa\u00e7\u00f5es, entre em contato pelo telefone (19) 99903-4718. Al\u00e9m disso, a Dra. Camila est\u00e1 presente nas redes sociais, onde compartilha conte\u00fados relevantes sobre sa\u00fade mental. Siga-a no Instagram para acompanhar suas postagens e dicas. <\/p>\n<p>A Dra. Camila acredita que cada paciente merece um cuidado especial e trabalha diariamente para proporcionar um espa\u00e7o seguro e acolhedor, onde todos possam se sentir \u00e0 vontade para expressar suas preocupa\u00e7\u00f5es e buscar o tratamento que necessitam.<\/p>\n<h3><span class=\"ez-toc-section\" id=\"Perguntas_Frequentes\"><\/span>Perguntas Frequentes<span class=\"ez-toc-section-end\"><\/span><\/h3>\n<p>P: Quais especialidades a Dra. Camila atende?<br \/>\nR: A Dra. Camila atende transtornos de humor, transtornos de ansiedade, sa\u00fade mental da mulher, ins\u00f4nia, compuls\u00e3o alimentar e TOC.<\/p>\n<p>P: Como \u00e9 feita a primeira consulta?<br \/>\nR: A primeira consulta \u00e9 uma avalia\u00e7\u00e3o cl\u00ednica que inclui entrevista e anamnese para entender as necessidades do paciente.<\/p>\n<p>P: Qual \u00e9 o valor da primeira consulta?<br \/>\nR: A primeira consulta custa a partir de R$ 330,00.<\/p>\n<p>P: A Dra. Camila atende conv\u00eanios?<br \/>\nR: A Dra. Camila atende principalmente de forma particular, mas oferece suporte para reembolso de planos de sa\u00fade.<\/p>\n<p>P: Como posso agendar uma consulta?<br \/>\nR: Voc\u00ea pode agendar uma consulta pelo telefone (19) 99903-4718.<\/p>\n<p>P: Onde a cl\u00ednica est\u00e1 localizada?<br \/>\nR: A cl\u00ednica est\u00e1 situada em S\u00e3o Jos\u00e9 dos Campos, no bairro Jardim Esplanada II.<\/p>\n<p>P: Quais hor\u00e1rios est\u00e3o dispon\u00edveis para agendamentos?<br \/>\nR: Os agendamentos s\u00e3o feitos de forma personalizada e flex\u00edvel, adaptando-se \u00e0 sua disponibilidade.<\/p>\n<p>P: A Dra. Camila tem redes sociais?<br \/>\nR: Sim, a Dra. Camila est\u00e1 no Instagram, onde compartilha conte\u00fados sobre sa\u00fade mental.<\/p>\n<p>P: A cl\u00ednica oferece atendimento para crian\u00e7as?<br \/>\nR: A cl\u00ednica \u00e9 focada principalmente em adolescentes e adultos, mas recomenda-se consultar diretamente para mais informa\u00e7\u00f5es.<\/p>\n<p>P: Como \u00e9 o ambiente da cl\u00ednica?<br \/>\nR: A cl\u00ednica proporciona um ambiente acolhedor e seguro, visando o conforto e bem-estar dos pacientes.<\/p>\n<h3><span class=\"ez-toc-section\" id=\"Contato\"><\/span>Contato<span class=\"ez-toc-section-end\"><\/span><\/h3>\n<p><strong>Tel.:  | <\/strong><br \/>\n<strong>WhatsApp: &#8211; <\/strong><\/p>\n","protected":false},"excerpt":{"rendered":"<p>Dra. Camila Ma\u00edra: Cuidados em Sa\u00fade Mental em SP A Dra. Camila Ma\u00edra de Almeida \u00e9 uma renomada psiquiatra localizada em S\u00e3o Jos\u00e9 dos Campos, SP, especificamente no bairro Jardim Esplanada II. Com um foco especial em sa\u00fade mental, a Dra. Camila oferece um atendimento cl\u00ednico humanizado, destinado a auxiliar seus pacientes a lidarem com [&hellip;]<\/p>\n","protected":false},"author":0,"featured_media":0,"comment_status":"open","ping_status":"open","sticky":false,"template":"","format":"standard","meta":{"_et_pb_use_builder":"o","_et_pb_old_content":"","_et_gb_content_width":"","footnotes":""},"categories":[1922,1323,1306],"tags":[],"class_list":["post-154024","post","type-post","status-publish","format-standard","hentry","category-atendimento-clinico","category-psicologia","category-saude-mental"],"yoast_head":"<!-- This site is optimized with the Yoast SEO Premium plugin v21.3 (Yoast SEO v27.5) - https:\/\/yoast.com\/product\/yoast-seo-premium-wordpress\/ -->\n<title>Dra. Camila Ma\u00edra: Cuidados em Sa\u00fade Mental em SP - Conv\u00eanio Social<\/title>\n<meta name=\"robots\" content=\"index, follow, max-snippet:-1, max-image-preview:large, max-video-preview:-1\" \/>\n<link rel=\"canonical\" href=\"https:\/\/www.conveniosocial.com.br\/blog\/saude-mental\/dra-camila-maira-cuidados-em-saude-mental-em-sp\/\" \/>\n<meta property=\"og:locale\" content=\"pt_BR\" \/>\n<meta property=\"og:type\" content=\"article\" \/>\n<meta property=\"og:title\" content=\"Dra. Camila Ma\u00edra: Cuidados em Sa\u00fade Mental em SP\" \/>\n<meta property=\"og:description\" content=\"Dra. Camila Ma\u00edra: Cuidados em Sa\u00fade Mental em SP A Dra. Camila Ma\u00edra de Almeida \u00e9 uma renomada psiquiatra localizada em S\u00e3o Jos\u00e9 dos Campos, SP, especificamente no bairro Jardim Esplanada II. Com um foco especial em sa\u00fade mental, a Dra. Camila oferece um atendimento cl\u00ednico humanizado, destinado a auxiliar seus pacientes a lidarem com [&hellip;]\" \/>\n<meta property=\"og:url\" content=\"https:\/\/www.conveniosocial.com.br\/blog\/saude-mental\/dra-camila-maira-cuidados-em-saude-mental-em-sp\/\" \/>\n<meta property=\"og:site_name\" content=\"Conv\u00eanio Social\" \/>\n<meta property=\"article:published_time\" content=\"2026-04-30T00:00:04+00:00\" \/>\n<meta name=\"twitter:card\" content=\"summary_large_image\" \/>\n<meta name=\"twitter:label1\" content=\"Est. tempo de leitura\" \/>\n\t<meta name=\"twitter:data1\" content=\"3 minutos\" \/>\n<script type=\"application\/ld+json\" class=\"yoast-schema-graph\">{\"@context\":\"https:\\\/\\\/schema.org\",\"@graph\":[{\"@type\":\"Article\",\"@id\":\"https:\\\/\\\/www.conveniosocial.com.br\\\/blog\\\/saude-mental\\\/dra-camila-maira-cuidados-em-saude-mental-em-sp\\\/#article\",\"isPartOf\":{\"@id\":\"https:\\\/\\\/www.conveniosocial.com.br\\\/blog\\\/saude-mental\\\/dra-camila-maira-cuidados-em-saude-mental-em-sp\\\/\"},\"author\":{\"name\":\"\",\"@id\":\"\"},\"headline\":\"Dra. Camila Ma\u00edra: Cuidados em Sa\u00fade Mental em SP\",\"datePublished\":\"2026-04-30T00:00:04+00:00\",\"mainEntityOfPage\":{\"@id\":\"https:\\\/\\\/www.conveniosocial.com.br\\\/blog\\\/saude-mental\\\/dra-camila-maira-cuidados-em-saude-mental-em-sp\\\/\"},\"wordCount\":663,\"commentCount\":0,\"publisher\":{\"@id\":\"https:\\\/\\\/www.conveniosocial.com.br\\\/blog\\\/#organization\"},\"articleSection\":[\"Atendimento Cl\u00ednico\",\"Psicologia\",\"Sa\u00fade Mental\"],\"inLanguage\":\"pt-BR\"},{\"@type\":\"WebPage\",\"@id\":\"https:\\\/\\\/www.conveniosocial.com.br\\\/blog\\\/saude-mental\\\/dra-camila-maira-cuidados-em-saude-mental-em-sp\\\/\",\"url\":\"https:\\\/\\\/www.conveniosocial.com.br\\\/blog\\\/saude-mental\\\/dra-camila-maira-cuidados-em-saude-mental-em-sp\\\/\",\"name\":\"Dra. Camila Ma\u00edra: Cuidados em Sa\u00fade Mental em SP - Conv\u00eanio Social\",\"isPartOf\":{\"@id\":\"https:\\\/\\\/www.conveniosocial.com.br\\\/blog\\\/#website\"},\"datePublished\":\"2026-04-30T00:00:04+00:00\",\"breadcrumb\":{\"@id\":\"https:\\\/\\\/www.conveniosocial.com.br\\\/blog\\\/saude-mental\\\/dra-camila-maira-cuidados-em-saude-mental-em-sp\\\/#breadcrumb\"},\"inLanguage\":\"pt-BR\",\"potentialAction\":[{\"@type\":\"ReadAction\",\"target\":[\"https:\\\/\\\/www.conveniosocial.com.br\\\/blog\\\/saude-mental\\\/dra-camila-maira-cuidados-em-saude-mental-em-sp\\\/\"]}]},{\"@type\":\"BreadcrumbList\",\"@id\":\"https:\\\/\\\/www.conveniosocial.com.br\\\/blog\\\/saude-mental\\\/dra-camila-maira-cuidados-em-saude-mental-em-sp\\\/#breadcrumb\",\"itemListElement\":[{\"@type\":\"ListItem\",\"position\":1,\"name\":\"Home\",\"item\":\"https:\\\/\\\/www.conveniosocial.com.br\\\/blog\\\/\"},{\"@type\":\"ListItem\",\"position\":2,\"name\":\"Atendimento Cl\u00ednico\",\"item\":\"https:\\\/\\\/www.conveniosocial.com.br\\\/blog\\\/atendimento-clinico\\\/\"},{\"@type\":\"ListItem\",\"position\":3,\"name\":\"Dra. Camila Ma\u00edra: Cuidados em Sa\u00fade Mental em SP\"}]},{\"@type\":\"WebSite\",\"@id\":\"https:\\\/\\\/www.conveniosocial.com.br\\\/blog\\\/#website\",\"url\":\"https:\\\/\\\/www.conveniosocial.com.br\\\/blog\\\/\",\"name\":\"Conv\u00eanio Social\",\"description\":\"Informa\u00e7\u00f5es de Sa\u00fade e Bem-estar, Consultas e Exames Popular\",\"publisher\":{\"@id\":\"https:\\\/\\\/www.conveniosocial.com.br\\\/blog\\\/#organization\"},\"potentialAction\":[{\"@type\":\"SearchAction\",\"target\":{\"@type\":\"EntryPoint\",\"urlTemplate\":\"https:\\\/\\\/www.conveniosocial.com.br\\\/blog\\\/?s={search_term_string}\"},\"query-input\":{\"@type\":\"PropertyValueSpecification\",\"valueRequired\":true,\"valueName\":\"search_term_string\"}}],\"inLanguage\":\"pt-BR\"},{\"@type\":\"Organization\",\"@id\":\"https:\\\/\\\/www.conveniosocial.com.br\\\/blog\\\/#organization\",\"name\":\"Conv\u00eanio Social\",\"url\":\"https:\\\/\\\/www.conveniosocial.com.br\\\/blog\\\/\",\"logo\":{\"@type\":\"ImageObject\",\"inLanguage\":\"pt-BR\",\"@id\":\"https:\\\/\\\/www.conveniosocial.com.br\\\/blog\\\/#\\\/schema\\\/logo\\\/image\\\/\",\"url\":\"https:\\\/\\\/www.conveniosocial.com.br\\\/blog\\\/wp-content\\\/uploads\\\/2021\\\/11\\\/novo_logo-convenio-socia-digital.png\",\"contentUrl\":\"https:\\\/\\\/www.conveniosocial.com.br\\\/blog\\\/wp-content\\\/uploads\\\/2021\\\/11\\\/novo_logo-convenio-socia-digital.png\",\"width\":400,\"height\":102,\"caption\":\"Conv\u00eanio Social\"},\"image\":{\"@id\":\"https:\\\/\\\/www.conveniosocial.com.br\\\/blog\\\/#\\\/schema\\\/logo\\\/image\\\/\"}}]}<\/script>\n<!-- \/ Yoast SEO Premium plugin. -->","yoast_head_json":{"title":"Dra. Camila Ma\u00edra: Cuidados em Sa\u00fade Mental em SP - Conv\u00eanio Social","robots":{"index":"index","follow":"follow","max-snippet":"max-snippet:-1","max-image-preview":"max-image-preview:large","max-video-preview":"max-video-preview:-1"},"canonical":"https:\/\/www.conveniosocial.com.br\/blog\/saude-mental\/dra-camila-maira-cuidados-em-saude-mental-em-sp\/","og_locale":"pt_BR","og_type":"article","og_title":"Dra. Camila Ma\u00edra: Cuidados em Sa\u00fade Mental em SP","og_description":"Dra. Camila Ma\u00edra: Cuidados em Sa\u00fade Mental em SP A Dra. Camila Ma\u00edra de Almeida \u00e9 uma renomada psiquiatra localizada em S\u00e3o Jos\u00e9 dos Campos, SP, especificamente no bairro Jardim Esplanada II. Com um foco especial em sa\u00fade mental, a Dra. Camila oferece um atendimento cl\u00ednico humanizado, destinado a auxiliar seus pacientes a lidarem com [&hellip;]","og_url":"https:\/\/www.conveniosocial.com.br\/blog\/saude-mental\/dra-camila-maira-cuidados-em-saude-mental-em-sp\/","og_site_name":"Conv\u00eanio Social","article_published_time":"2026-04-30T00:00:04+00:00","twitter_card":"summary_large_image","twitter_misc":{"Est. tempo de leitura":"3 minutos"},"schema":{"@context":"https:\/\/schema.org","@graph":[{"@type":"Article","@id":"https:\/\/www.conveniosocial.com.br\/blog\/saude-mental\/dra-camila-maira-cuidados-em-saude-mental-em-sp\/#article","isPartOf":{"@id":"https:\/\/www.conveniosocial.com.br\/blog\/saude-mental\/dra-camila-maira-cuidados-em-saude-mental-em-sp\/"},"author":{"name":"","@id":""},"headline":"Dra. Camila Ma\u00edra: Cuidados em Sa\u00fade Mental em SP","datePublished":"2026-04-30T00:00:04+00:00","mainEntityOfPage":{"@id":"https:\/\/www.conveniosocial.com.br\/blog\/saude-mental\/dra-camila-maira-cuidados-em-saude-mental-em-sp\/"},"wordCount":663,"commentCount":0,"publisher":{"@id":"https:\/\/www.conveniosocial.com.br\/blog\/#organization"},"articleSection":["Atendimento Cl\u00ednico","Psicologia","Sa\u00fade Mental"],"inLanguage":"pt-BR"},{"@type":"WebPage","@id":"https:\/\/www.conveniosocial.com.br\/blog\/saude-mental\/dra-camila-maira-cuidados-em-saude-mental-em-sp\/","url":"https:\/\/www.conveniosocial.com.br\/blog\/saude-mental\/dra-camila-maira-cuidados-em-saude-mental-em-sp\/","name":"Dra. Camila Ma\u00edra: Cuidados em Sa\u00fade Mental em SP - Conv\u00eanio Social","isPartOf":{"@id":"https:\/\/www.conveniosocial.com.br\/blog\/#website"},"datePublished":"2026-04-30T00:00:04+00:00","breadcrumb":{"@id":"https:\/\/www.conveniosocial.com.br\/blog\/saude-mental\/dra-camila-maira-cuidados-em-saude-mental-em-sp\/#breadcrumb"},"inLanguage":"pt-BR","potentialAction":[{"@type":"ReadAction","target":["https:\/\/www.conveniosocial.com.br\/blog\/saude-mental\/dra-camila-maira-cuidados-em-saude-mental-em-sp\/"]}]},{"@type":"BreadcrumbList","@id":"https:\/\/www.conveniosocial.com.br\/blog\/saude-mental\/dra-camila-maira-cuidados-em-saude-mental-em-sp\/#breadcrumb","itemListElement":[{"@type":"ListItem","position":1,"name":"Home","item":"https:\/\/www.conveniosocial.com.br\/blog\/"},{"@type":"ListItem","position":2,"name":"Atendimento Cl\u00ednico","item":"https:\/\/www.conveniosocial.com.br\/blog\/atendimento-clinico\/"},{"@type":"ListItem","position":3,"name":"Dra. Camila Ma\u00edra: Cuidados em Sa\u00fade Mental em SP"}]},{"@type":"WebSite","@id":"https:\/\/www.conveniosocial.com.br\/blog\/#website","url":"https:\/\/www.conveniosocial.com.br\/blog\/","name":"Conv\u00eanio Social","description":"Informa\u00e7\u00f5es de Sa\u00fade e Bem-estar, Consultas e Exames Popular","publisher":{"@id":"https:\/\/www.conveniosocial.com.br\/blog\/#organization"},"potentialAction":[{"@type":"SearchAction","target":{"@type":"EntryPoint","urlTemplate":"https:\/\/www.conveniosocial.com.br\/blog\/?s={search_term_string}"},"query-input":{"@type":"PropertyValueSpecification","valueRequired":true,"valueName":"search_term_string"}}],"inLanguage":"pt-BR"},{"@type":"Organization","@id":"https:\/\/www.conveniosocial.com.br\/blog\/#organization","name":"Conv\u00eanio Social","url":"https:\/\/www.conveniosocial.com.br\/blog\/","logo":{"@type":"ImageObject","inLanguage":"pt-BR","@id":"https:\/\/www.conveniosocial.com.br\/blog\/#\/schema\/logo\/image\/","url":"https:\/\/www.conveniosocial.com.br\/blog\/wp-content\/uploads\/2021\/11\/novo_logo-convenio-socia-digital.png","contentUrl":"https:\/\/www.conveniosocial.com.br\/blog\/wp-content\/uploads\/2021\/11\/novo_logo-convenio-socia-digital.png","width":400,"height":102,"caption":"Conv\u00eanio Social"},"image":{"@id":"https:\/\/www.conveniosocial.com.br\/blog\/#\/schema\/logo\/image\/"}}]}},"_links":{"self":[{"href":"https:\/\/www.conveniosocial.com.br\/blog\/wp-json\/wp\/v2\/posts\/154024","targetHints":{"allow":["GET"]}}],"collection":[{"href":"https:\/\/www.conveniosocial.com.br\/blog\/wp-json\/wp\/v2\/posts"}],"about":[{"href":"https:\/\/www.conveniosocial.com.br\/blog\/wp-json\/wp\/v2\/types\/post"}],"replies":[{"embeddable":true,"href":"https:\/\/www.conveniosocial.com.br\/blog\/wp-json\/wp\/v2\/comments?post=154024"}],"version-history":[{"count":0,"href":"https:\/\/www.conveniosocial.com.br\/blog\/wp-json\/wp\/v2\/posts\/154024\/revisions"}],"wp:attachment":[{"href":"https:\/\/www.conveniosocial.com.br\/blog\/wp-json\/wp\/v2\/media?parent=154024"}],"wp:term":[{"taxonomy":"category","embeddable":true,"href":"https:\/\/www.conveniosocial.com.br\/blog\/wp-json\/wp\/v2\/categories?post=154024"},{"taxonomy":"post_tag","embeddable":true,"href":"https:\/\/www.conveniosocial.com.br\/blog\/wp-json\/wp\/v2\/tags?post=154024"}],"curies":[{"name":"wp","href":"https:\/\/api.w.org\/{rel}","templated":true}]}}