{"id":154028,"date":"2026-04-29T21:00:14","date_gmt":"2026-04-30T00:00:14","guid":{"rendered":"https:\/\/www.conveniosocial.com.br\/blog\/nehuma\/voll-pilates-goiania-seu-espaco-de-bem-estar-e-saude\/"},"modified":"2026-04-29T21:00:14","modified_gmt":"2026-04-30T00:00:14","slug":"voll-pilates-goiania-seu-espaco-de-bem-estar-e-saude","status":"publish","type":"post","link":"https:\/\/www.conveniosocial.com.br\/blog\/bem-estar\/voll-pilates-goiania-seu-espaco-de-bem-estar-e-saude\/","title":{"rendered":"Voll Pilates Goi\u00e2nia: Seu Espa\u00e7o de Bem-Estar e Sa\u00fade"},"content":{"rendered":"<div id=\"ez-toc-container\" class=\"ez-toc-v2_0_82_2 counter-flat ez-toc-counter ez-toc-white ez-toc-container-direction\">\n<p class=\"ez-toc-title\" style=\"cursor:inherit\">\u00cdndice do Conte\u00fado<\/p>\n<label for=\"ez-toc-cssicon-toggle-item-69f392dae6a26\" class=\"ez-toc-cssicon-toggle-label\"><span class=\"ez-toc-cssicon\"><span class=\"eztoc-hide\" style=\"display:none;\">Toggle<\/span><span class=\"ez-toc-icon-toggle-span\"><svg style=\"fill: #999;color:#999\" xmlns=\"http:\/\/www.w3.org\/2000\/svg\" class=\"list-377408\" width=\"20px\" height=\"20px\" viewBox=\"0 0 24 24\" fill=\"none\"><path d=\"M6 6H4v2h2V6zm14 0H8v2h12V6zM4 11h2v2H4v-2zm16 0H8v2h12v-2zM4 16h2v2H4v-2zm16 0H8v2h12v-2z\" fill=\"currentColor\"><\/path><\/svg><svg style=\"fill: #999;color:#999\" class=\"arrow-unsorted-368013\" xmlns=\"http:\/\/www.w3.org\/2000\/svg\" width=\"10px\" height=\"10px\" viewBox=\"0 0 24 24\" version=\"1.2\" baseProfile=\"tiny\"><path d=\"M18.2 9.3l-6.2-6.3-6.2 6.3c-.2.2-.3.4-.3.7s.1.5.3.7c.2.2.4.3.7.3h11c.3 0 .5-.1.7-.3.2-.2.3-.5.3-.7s-.1-.5-.3-.7zM5.8 14.7l6.2 6.3 6.2-6.3c.2-.2.3-.5.3-.7s-.1-.5-.3-.7c-.2-.2-.4-.3-.7-.3h-11c-.3 0-.5.1-.7.3-.2.2-.3.5-.3.7s.1.5.3.7z\"\/><\/svg><\/span><\/span><\/label><input type=\"checkbox\"  id=\"ez-toc-cssicon-toggle-item-69f392dae6a26\" checked aria-label=\"Alternar\" \/><nav><ul class='ez-toc-list ez-toc-list-level-1 ' ><li class='ez-toc-page-1'><a class=\"ez-toc-link ez-toc-heading-1\" href=\"https:\/\/www.conveniosocial.com.br\/blog\/bem-estar\/voll-pilates-goiania-seu-espaco-de-bem-estar-e-saude\/#Voll_Pilates_Goiania_Seu_Espaco_de_Bem-Estar_e_Saude\" >Voll Pilates Goi\u00e2nia: Seu Espa\u00e7o de Bem-Estar e Sa\u00fade<\/a><\/li><li class='ez-toc-page-1'><a class=\"ez-toc-link ez-toc-heading-2\" href=\"https:\/\/www.conveniosocial.com.br\/blog\/bem-estar\/voll-pilates-goiania-seu-espaco-de-bem-estar-e-saude\/#Perguntas_Frequentes\" >Perguntas Frequentes<\/a><\/li><li class='ez-toc-page-1'><a class=\"ez-toc-link ez-toc-heading-3\" href=\"https:\/\/www.conveniosocial.com.br\/blog\/bem-estar\/voll-pilates-goiania-seu-espaco-de-bem-estar-e-saude\/#Contato\" >Contato<\/a><\/li><\/ul><\/nav><\/div>\n<h2><span class=\"ez-toc-section\" id=\"Voll_Pilates_Goiania_Seu_Espaco_de_Bem-Estar_e_Saude\"><\/span>Voll Pilates Goi\u00e2nia: Seu Espa\u00e7o de Bem-Estar e Sa\u00fade<span class=\"ez-toc-section-end\"><\/span><\/h2>\n<p>Bem-vindo ao Voll Pilates Goi\u00e2nia, um espa\u00e7o dedicado ao bem-estar e \u00e0 sa\u00fade, localizado no cora\u00e7\u00e3o do St. Central, em Goi\u00e2nia, GO. Com 12 anos de experi\u00eancia no mercado, nossa cl\u00ednica se destaca pela qualidade e sofistica\u00e7\u00e3o dos servi\u00e7os oferecidos. O nosso est\u00fadio de Pilates \u00e9 ideal para quem busca um ambiente aconchegante e acolhedor, onde a sa\u00fade e o autocuidado s\u00e3o priorizados.<\/p>\n<p>Nosso foco \u00e9 proporcionar aos nossos clientes uma experi\u00eancia \u00fanica e transformadora. Contamos com uma equipe de instrutores altamente capacitados, que foram formados em nosso est\u00fadio e est\u00e3o prontos para proporcionar o melhor atendimento. Trabalhamos com m\u00e9todos que respeitam as individualidades de cada aluno, promovendo uma pr\u00e1tica de Pilates segura e eficaz.<\/p>\n<p>No Voll Pilates, acreditamos que cada pessoa \u00e9 \u00fanica e, por isso, oferecemos um atendimento personalizado. Nossos instrutores est\u00e3o sempre dispon\u00edveis para esclarecer d\u00favidas e orientar os alunos durante as aulas, garantindo que todos alcancem seus objetivos de maneira saud\u00e1vel e prazerosa.<\/p>\n<p>Em termos de localiza\u00e7\u00e3o, a cl\u00ednica \u00e9 facilmente acess\u00edvel, estando pr\u00f3xima de bairros como Leste Universit\u00e1rio, Vila Nova e Setor Aeroporto. Isso facilita a chegada de nossos alunos, que podem contar com um espa\u00e7o confort\u00e1vel e bem estruturado para suas pr\u00e1ticas.<\/p>\n<p>Embora n\u00e3o ofere\u00e7amos exames m\u00e9dicos, nosso est\u00fadio est\u00e1 equipado com o que h\u00e1 de melhor em equipamentos para a pr\u00e1tica do Pilates, garantindo que nossos alunos tenham \u00e0 disposi\u00e7\u00e3o um ambiente seguro e eficiente para o desenvolvimento de suas atividades. Al\u00e9m disso, estamos sempre atualizados com as melhores pr\u00e1ticas do mercado, buscando inova\u00e7\u00e3o e melhorias constantes em nossos servi\u00e7os.<\/p>\n<p>Atualmente, n\u00e3o trabalhamos com conv\u00eanios, mas oferecemos pre\u00e7os promocionais que tornam nossas aulas acess\u00edveis a todos. Valorizamos a sa\u00fade e o bem-estar, e buscamos fornecer op\u00e7\u00f5es que se encaixem no or\u00e7amento de nossos alunos. <\/p>\n<p>Nosso hor\u00e1rio de funcionamento \u00e9 flex\u00edvel, atendendo de segunda a sexta-feira, das 06:00 \u00e0s 22:00, permitindo que nossos alunos encontrem um hor\u00e1rio conveniente para suas pr\u00e1ticas.<\/p>\n<p>Para mais informa\u00e7\u00f5es, n\u00e3o hesite em entrar em contato conosco. Em breve, disponibilizaremos um telefone e um site para facilitar a comunica\u00e7\u00e3o e agendamentos. Enquanto isso, voc\u00ea pode nos seguir no Instagram para ficar por dentro de nossas novidades e promo\u00e7\u00f5es. Junte-se a n\u00f3s na busca por uma vida mais saud\u00e1vel e equilibrada no Voll Pilates Goi\u00e2nia! Estamos aqui para ajudar voc\u00ea a alcan\u00e7ar seus objetivos de sa\u00fade e bem-estar.<\/p>\n<h3><span class=\"ez-toc-section\" id=\"Perguntas_Frequentes\"><\/span>Perguntas Frequentes<span class=\"ez-toc-section-end\"><\/span><\/h3>\n<p>P: O que \u00e9 o Pilates?<br \/>\nR: O Pilates \u00e9 um m\u00e9todo de exerc\u00edcio que foca na for\u00e7a do core, flexibilidade e controle do corpo.<\/p>\n<p>P: Quais s\u00e3o os benef\u00edcios do Pilates?<br \/>\nR: O Pilates ajuda a melhorar a postura, aumenta a flexibilidade, fortalece os m\u00fasculos e pode aliviar dores.<\/p>\n<p>P: Quem pode praticar Pilates?<br \/>\nR: O Pilates \u00e9 indicado para pessoas de todas as idades e n\u00edveis de condicionamento f\u00edsico.<\/p>\n<p>P: Preciso ter experi\u00eancia pr\u00e9via para iniciar as aulas?<br \/>\nR: N\u00e3o, as aulas s\u00e3o adaptadas para iniciantes e tamb\u00e9m para praticantes mais avan\u00e7ados.<\/p>\n<p>P: Quais s\u00e3o os hor\u00e1rios dispon\u00edveis para as aulas?<br \/>\nR: Estamos abertos de segunda a sexta, das 06:00 \u00e0s 22:00.<\/p>\n<p>P: H\u00e1 aulas em grupo ou individuais?<br \/>\nR: Oferecemos tanto aulas em grupo quanto sess\u00f5es individuais, dependendo da sua prefer\u00eancia.<\/p>\n<p>P: Qual o diferencial da Voll Pilates?<br \/>\nR: Nosso diferencial \u00e9 o atendimento personalizado e a qualidade dos instrutores, que s\u00e3o formados em nosso est\u00fadio.<\/p>\n<p>P: Voc\u00eas oferecem pacotes promocionais?<br \/>\nR: Sim, temos pre\u00e7os promocionais para aulas avulsas e pacotes mensais.<\/p>\n<p>P: Como posso me inscrever para as aulas?<br \/>\nR: Em breve, disponibilizaremos um telefone e um site para agendamentos, mas voc\u00ea pode nos seguir no Instagram para atualiza\u00e7\u00f5es.<\/p>\n<p>P: \u00c9 necess\u00e1rio algum equipamento espec\u00edfico para praticar Pilates?<br \/>\nR: N\u00e3o, o est\u00fadio fornece todo o equipamento necess\u00e1rio para as aulas.<\/p>\n<h3><span class=\"ez-toc-section\" id=\"Contato\"><\/span>Contato<span class=\"ez-toc-section-end\"><\/span><\/h3>\n<p><strong>Tel.:  | <\/strong><br \/>\n<strong>WhatsApp: &#8211; <\/strong><\/p>\n","protected":false},"excerpt":{"rendered":"<p>Voll Pilates Goi\u00e2nia: Seu Espa\u00e7o de Bem-Estar e Sa\u00fade Bem-vindo ao Voll Pilates Goi\u00e2nia, um espa\u00e7o dedicado ao bem-estar e \u00e0 sa\u00fade, localizado no cora\u00e7\u00e3o do St. Central, em Goi\u00e2nia, GO. Com 12 anos de experi\u00eancia no mercado, nossa cl\u00ednica se destaca pela qualidade e sofistica\u00e7\u00e3o dos servi\u00e7os oferecidos. O nosso est\u00fadio de Pilates \u00e9 [&hellip;]<\/p>\n","protected":false},"author":0,"featured_media":0,"comment_status":"open","ping_status":"open","sticky":false,"template":"","format":"standard","meta":{"_et_pb_use_builder":"o","_et_pb_old_content":"","_et_gb_content_width":"","footnotes":""},"categories":[31,916,2700],"tags":[],"class_list":["post-154028","post","type-post","status-publish","format-standard","hentry","category-bem-estar","category-pilates","category-saude-funcional"],"yoast_head":"<!-- This site is optimized with the Yoast SEO Premium plugin v21.3 (Yoast SEO v27.5) - https:\/\/yoast.com\/product\/yoast-seo-premium-wordpress\/ -->\n<title>Voll Pilates Goi\u00e2nia: Seu Espa\u00e7o de Bem-Estar e Sa\u00fade - Conv\u00eanio Social<\/title>\n<meta name=\"robots\" content=\"index, follow, max-snippet:-1, max-image-preview:large, max-video-preview:-1\" \/>\n<link rel=\"canonical\" href=\"https:\/\/www.conveniosocial.com.br\/blog\/bem-estar\/voll-pilates-goiania-seu-espaco-de-bem-estar-e-saude\/\" \/>\n<meta property=\"og:locale\" content=\"pt_BR\" \/>\n<meta property=\"og:type\" content=\"article\" \/>\n<meta property=\"og:title\" content=\"Voll Pilates Goi\u00e2nia: Seu Espa\u00e7o de Bem-Estar e Sa\u00fade\" \/>\n<meta property=\"og:description\" content=\"Voll Pilates Goi\u00e2nia: Seu Espa\u00e7o de Bem-Estar e Sa\u00fade Bem-vindo ao Voll Pilates Goi\u00e2nia, um espa\u00e7o dedicado ao bem-estar e \u00e0 sa\u00fade, localizado no cora\u00e7\u00e3o do St. Central, em Goi\u00e2nia, GO. Com 12 anos de experi\u00eancia no mercado, nossa cl\u00ednica se destaca pela qualidade e sofistica\u00e7\u00e3o dos servi\u00e7os oferecidos. O nosso est\u00fadio de Pilates \u00e9 [&hellip;]\" \/>\n<meta property=\"og:url\" content=\"https:\/\/www.conveniosocial.com.br\/blog\/bem-estar\/voll-pilates-goiania-seu-espaco-de-bem-estar-e-saude\/\" \/>\n<meta property=\"og:site_name\" content=\"Conv\u00eanio Social\" \/>\n<meta property=\"article:published_time\" content=\"2026-04-30T00:00:14+00:00\" \/>\n<meta name=\"twitter:card\" content=\"summary_large_image\" \/>\n<meta name=\"twitter:label1\" content=\"Est. tempo de leitura\" \/>\n\t<meta name=\"twitter:data1\" content=\"3 minutos\" \/>\n<script type=\"application\/ld+json\" class=\"yoast-schema-graph\">{\"@context\":\"https:\\\/\\\/schema.org\",\"@graph\":[{\"@type\":\"Article\",\"@id\":\"https:\\\/\\\/www.conveniosocial.com.br\\\/blog\\\/bem-estar\\\/voll-pilates-goiania-seu-espaco-de-bem-estar-e-saude\\\/#article\",\"isPartOf\":{\"@id\":\"https:\\\/\\\/www.conveniosocial.com.br\\\/blog\\\/bem-estar\\\/voll-pilates-goiania-seu-espaco-de-bem-estar-e-saude\\\/\"},\"author\":{\"name\":\"\",\"@id\":\"\"},\"headline\":\"Voll Pilates Goi\u00e2nia: Seu Espa\u00e7o de Bem-Estar e Sa\u00fade\",\"datePublished\":\"2026-04-30T00:00:14+00:00\",\"mainEntityOfPage\":{\"@id\":\"https:\\\/\\\/www.conveniosocial.com.br\\\/blog\\\/bem-estar\\\/voll-pilates-goiania-seu-espaco-de-bem-estar-e-saude\\\/\"},\"wordCount\":711,\"commentCount\":0,\"publisher\":{\"@id\":\"https:\\\/\\\/www.conveniosocial.com.br\\\/blog\\\/#organization\"},\"articleSection\":[\"Bem-estar\",\"Pilates\",\"Sa\u00fade Funcional\"],\"inLanguage\":\"pt-BR\"},{\"@type\":\"WebPage\",\"@id\":\"https:\\\/\\\/www.conveniosocial.com.br\\\/blog\\\/bem-estar\\\/voll-pilates-goiania-seu-espaco-de-bem-estar-e-saude\\\/\",\"url\":\"https:\\\/\\\/www.conveniosocial.com.br\\\/blog\\\/bem-estar\\\/voll-pilates-goiania-seu-espaco-de-bem-estar-e-saude\\\/\",\"name\":\"Voll Pilates Goi\u00e2nia: Seu Espa\u00e7o de Bem-Estar e Sa\u00fade - Conv\u00eanio Social\",\"isPartOf\":{\"@id\":\"https:\\\/\\\/www.conveniosocial.com.br\\\/blog\\\/#website\"},\"datePublished\":\"2026-04-30T00:00:14+00:00\",\"breadcrumb\":{\"@id\":\"https:\\\/\\\/www.conveniosocial.com.br\\\/blog\\\/bem-estar\\\/voll-pilates-goiania-seu-espaco-de-bem-estar-e-saude\\\/#breadcrumb\"},\"inLanguage\":\"pt-BR\",\"potentialAction\":[{\"@type\":\"ReadAction\",\"target\":[\"https:\\\/\\\/www.conveniosocial.com.br\\\/blog\\\/bem-estar\\\/voll-pilates-goiania-seu-espaco-de-bem-estar-e-saude\\\/\"]}]},{\"@type\":\"BreadcrumbList\",\"@id\":\"https:\\\/\\\/www.conveniosocial.com.br\\\/blog\\\/bem-estar\\\/voll-pilates-goiania-seu-espaco-de-bem-estar-e-saude\\\/#breadcrumb\",\"itemListElement\":[{\"@type\":\"ListItem\",\"position\":1,\"name\":\"Home\",\"item\":\"https:\\\/\\\/www.conveniosocial.com.br\\\/blog\\\/\"},{\"@type\":\"ListItem\",\"position\":2,\"name\":\"Bem-estar\",\"item\":\"https:\\\/\\\/www.conveniosocial.com.br\\\/blog\\\/bem-estar\\\/\"},{\"@type\":\"ListItem\",\"position\":3,\"name\":\"Voll Pilates Goi\u00e2nia: Seu Espa\u00e7o de Bem-Estar e Sa\u00fade\"}]},{\"@type\":\"WebSite\",\"@id\":\"https:\\\/\\\/www.conveniosocial.com.br\\\/blog\\\/#website\",\"url\":\"https:\\\/\\\/www.conveniosocial.com.br\\\/blog\\\/\",\"name\":\"Conv\u00eanio Social\",\"description\":\"Informa\u00e7\u00f5es de Sa\u00fade e Bem-estar, Consultas e Exames Popular\",\"publisher\":{\"@id\":\"https:\\\/\\\/www.conveniosocial.com.br\\\/blog\\\/#organization\"},\"potentialAction\":[{\"@type\":\"SearchAction\",\"target\":{\"@type\":\"EntryPoint\",\"urlTemplate\":\"https:\\\/\\\/www.conveniosocial.com.br\\\/blog\\\/?s={search_term_string}\"},\"query-input\":{\"@type\":\"PropertyValueSpecification\",\"valueRequired\":true,\"valueName\":\"search_term_string\"}}],\"inLanguage\":\"pt-BR\"},{\"@type\":\"Organization\",\"@id\":\"https:\\\/\\\/www.conveniosocial.com.br\\\/blog\\\/#organization\",\"name\":\"Conv\u00eanio Social\",\"url\":\"https:\\\/\\\/www.conveniosocial.com.br\\\/blog\\\/\",\"logo\":{\"@type\":\"ImageObject\",\"inLanguage\":\"pt-BR\",\"@id\":\"https:\\\/\\\/www.conveniosocial.com.br\\\/blog\\\/#\\\/schema\\\/logo\\\/image\\\/\",\"url\":\"https:\\\/\\\/www.conveniosocial.com.br\\\/blog\\\/wp-content\\\/uploads\\\/2021\\\/11\\\/novo_logo-convenio-socia-digital.png\",\"contentUrl\":\"https:\\\/\\\/www.conveniosocial.com.br\\\/blog\\\/wp-content\\\/uploads\\\/2021\\\/11\\\/novo_logo-convenio-socia-digital.png\",\"width\":400,\"height\":102,\"caption\":\"Conv\u00eanio Social\"},\"image\":{\"@id\":\"https:\\\/\\\/www.conveniosocial.com.br\\\/blog\\\/#\\\/schema\\\/logo\\\/image\\\/\"}}]}<\/script>\n<!-- \/ Yoast SEO Premium plugin. -->","yoast_head_json":{"title":"Voll Pilates Goi\u00e2nia: Seu Espa\u00e7o de Bem-Estar e Sa\u00fade - Conv\u00eanio Social","robots":{"index":"index","follow":"follow","max-snippet":"max-snippet:-1","max-image-preview":"max-image-preview:large","max-video-preview":"max-video-preview:-1"},"canonical":"https:\/\/www.conveniosocial.com.br\/blog\/bem-estar\/voll-pilates-goiania-seu-espaco-de-bem-estar-e-saude\/","og_locale":"pt_BR","og_type":"article","og_title":"Voll Pilates Goi\u00e2nia: Seu Espa\u00e7o de Bem-Estar e Sa\u00fade","og_description":"Voll Pilates Goi\u00e2nia: Seu Espa\u00e7o de Bem-Estar e Sa\u00fade Bem-vindo ao Voll Pilates Goi\u00e2nia, um espa\u00e7o dedicado ao bem-estar e \u00e0 sa\u00fade, localizado no cora\u00e7\u00e3o do St. Central, em Goi\u00e2nia, GO. Com 12 anos de experi\u00eancia no mercado, nossa cl\u00ednica se destaca pela qualidade e sofistica\u00e7\u00e3o dos servi\u00e7os oferecidos. O nosso est\u00fadio de Pilates \u00e9 [&hellip;]","og_url":"https:\/\/www.conveniosocial.com.br\/blog\/bem-estar\/voll-pilates-goiania-seu-espaco-de-bem-estar-e-saude\/","og_site_name":"Conv\u00eanio Social","article_published_time":"2026-04-30T00:00:14+00:00","twitter_card":"summary_large_image","twitter_misc":{"Est. tempo de leitura":"3 minutos"},"schema":{"@context":"https:\/\/schema.org","@graph":[{"@type":"Article","@id":"https:\/\/www.conveniosocial.com.br\/blog\/bem-estar\/voll-pilates-goiania-seu-espaco-de-bem-estar-e-saude\/#article","isPartOf":{"@id":"https:\/\/www.conveniosocial.com.br\/blog\/bem-estar\/voll-pilates-goiania-seu-espaco-de-bem-estar-e-saude\/"},"author":{"name":"","@id":""},"headline":"Voll Pilates Goi\u00e2nia: Seu Espa\u00e7o de Bem-Estar e Sa\u00fade","datePublished":"2026-04-30T00:00:14+00:00","mainEntityOfPage":{"@id":"https:\/\/www.conveniosocial.com.br\/blog\/bem-estar\/voll-pilates-goiania-seu-espaco-de-bem-estar-e-saude\/"},"wordCount":711,"commentCount":0,"publisher":{"@id":"https:\/\/www.conveniosocial.com.br\/blog\/#organization"},"articleSection":["Bem-estar","Pilates","Sa\u00fade Funcional"],"inLanguage":"pt-BR"},{"@type":"WebPage","@id":"https:\/\/www.conveniosocial.com.br\/blog\/bem-estar\/voll-pilates-goiania-seu-espaco-de-bem-estar-e-saude\/","url":"https:\/\/www.conveniosocial.com.br\/blog\/bem-estar\/voll-pilates-goiania-seu-espaco-de-bem-estar-e-saude\/","name":"Voll Pilates Goi\u00e2nia: Seu Espa\u00e7o de Bem-Estar e Sa\u00fade - Conv\u00eanio Social","isPartOf":{"@id":"https:\/\/www.conveniosocial.com.br\/blog\/#website"},"datePublished":"2026-04-30T00:00:14+00:00","breadcrumb":{"@id":"https:\/\/www.conveniosocial.com.br\/blog\/bem-estar\/voll-pilates-goiania-seu-espaco-de-bem-estar-e-saude\/#breadcrumb"},"inLanguage":"pt-BR","potentialAction":[{"@type":"ReadAction","target":["https:\/\/www.conveniosocial.com.br\/blog\/bem-estar\/voll-pilates-goiania-seu-espaco-de-bem-estar-e-saude\/"]}]},{"@type":"BreadcrumbList","@id":"https:\/\/www.conveniosocial.com.br\/blog\/bem-estar\/voll-pilates-goiania-seu-espaco-de-bem-estar-e-saude\/#breadcrumb","itemListElement":[{"@type":"ListItem","position":1,"name":"Home","item":"https:\/\/www.conveniosocial.com.br\/blog\/"},{"@type":"ListItem","position":2,"name":"Bem-estar","item":"https:\/\/www.conveniosocial.com.br\/blog\/bem-estar\/"},{"@type":"ListItem","position":3,"name":"Voll Pilates Goi\u00e2nia: Seu Espa\u00e7o de Bem-Estar e Sa\u00fade"}]},{"@type":"WebSite","@id":"https:\/\/www.conveniosocial.com.br\/blog\/#website","url":"https:\/\/www.conveniosocial.com.br\/blog\/","name":"Conv\u00eanio Social","description":"Informa\u00e7\u00f5es de Sa\u00fade e Bem-estar, Consultas e Exames Popular","publisher":{"@id":"https:\/\/www.conveniosocial.com.br\/blog\/#organization"},"potentialAction":[{"@type":"SearchAction","target":{"@type":"EntryPoint","urlTemplate":"https:\/\/www.conveniosocial.com.br\/blog\/?s={search_term_string}"},"query-input":{"@type":"PropertyValueSpecification","valueRequired":true,"valueName":"search_term_string"}}],"inLanguage":"pt-BR"},{"@type":"Organization","@id":"https:\/\/www.conveniosocial.com.br\/blog\/#organization","name":"Conv\u00eanio Social","url":"https:\/\/www.conveniosocial.com.br\/blog\/","logo":{"@type":"ImageObject","inLanguage":"pt-BR","@id":"https:\/\/www.conveniosocial.com.br\/blog\/#\/schema\/logo\/image\/","url":"https:\/\/www.conveniosocial.com.br\/blog\/wp-content\/uploads\/2021\/11\/novo_logo-convenio-socia-digital.png","contentUrl":"https:\/\/www.conveniosocial.com.br\/blog\/wp-content\/uploads\/2021\/11\/novo_logo-convenio-socia-digital.png","width":400,"height":102,"caption":"Conv\u00eanio Social"},"image":{"@id":"https:\/\/www.conveniosocial.com.br\/blog\/#\/schema\/logo\/image\/"}}]}},"_links":{"self":[{"href":"https:\/\/www.conveniosocial.com.br\/blog\/wp-json\/wp\/v2\/posts\/154028","targetHints":{"allow":["GET"]}}],"collection":[{"href":"https:\/\/www.conveniosocial.com.br\/blog\/wp-json\/wp\/v2\/posts"}],"about":[{"href":"https:\/\/www.conveniosocial.com.br\/blog\/wp-json\/wp\/v2\/types\/post"}],"replies":[{"embeddable":true,"href":"https:\/\/www.conveniosocial.com.br\/blog\/wp-json\/wp\/v2\/comments?post=154028"}],"version-history":[{"count":0,"href":"https:\/\/www.conveniosocial.com.br\/blog\/wp-json\/wp\/v2\/posts\/154028\/revisions"}],"wp:attachment":[{"href":"https:\/\/www.conveniosocial.com.br\/blog\/wp-json\/wp\/v2\/media?parent=154028"}],"wp:term":[{"taxonomy":"category","embeddable":true,"href":"https:\/\/www.conveniosocial.com.br\/blog\/wp-json\/wp\/v2\/categories?post=154028"},{"taxonomy":"post_tag","embeddable":true,"href":"https:\/\/www.conveniosocial.com.br\/blog\/wp-json\/wp\/v2\/tags?post=154028"}],"curies":[{"name":"wp","href":"https:\/\/api.w.org\/{rel}","templated":true}]}}