{"id":154030,"date":"2026-04-29T21:00:14","date_gmt":"2026-04-30T00:00:14","guid":{"rendered":"https:\/\/www.conveniosocial.com.br\/blog\/nehuma\/consulta-santarem-cuidado-e-saude-em-um-so-lugar\/"},"modified":"2026-04-29T21:00:14","modified_gmt":"2026-04-30T00:00:14","slug":"consulta-santarem-cuidado-e-saude-em-um-so-lugar","status":"publish","type":"post","link":"https:\/\/www.conveniosocial.com.br\/blog\/atendimento-humanizado\/consulta-santarem-cuidado-e-saude-em-um-so-lugar\/","title":{"rendered":"Consulta Santar\u00e9m: Cuidado e Sa\u00fade em um S\u00f3 Lugar"},"content":{"rendered":"<div id=\"ez-toc-container\" class=\"ez-toc-v2_0_82_2 counter-flat ez-toc-counter ez-toc-white ez-toc-container-direction\">\n<p class=\"ez-toc-title\" style=\"cursor:inherit\">\u00cdndice do Conte\u00fado<\/p>\n<label for=\"ez-toc-cssicon-toggle-item-69f3b3021e934\" class=\"ez-toc-cssicon-toggle-label\"><span class=\"ez-toc-cssicon\"><span class=\"eztoc-hide\" style=\"display:none;\">Toggle<\/span><span class=\"ez-toc-icon-toggle-span\"><svg style=\"fill: #999;color:#999\" xmlns=\"http:\/\/www.w3.org\/2000\/svg\" class=\"list-377408\" width=\"20px\" height=\"20px\" viewBox=\"0 0 24 24\" fill=\"none\"><path d=\"M6 6H4v2h2V6zm14 0H8v2h12V6zM4 11h2v2H4v-2zm16 0H8v2h12v-2zM4 16h2v2H4v-2zm16 0H8v2h12v-2z\" fill=\"currentColor\"><\/path><\/svg><svg style=\"fill: #999;color:#999\" class=\"arrow-unsorted-368013\" xmlns=\"http:\/\/www.w3.org\/2000\/svg\" width=\"10px\" height=\"10px\" viewBox=\"0 0 24 24\" version=\"1.2\" baseProfile=\"tiny\"><path d=\"M18.2 9.3l-6.2-6.3-6.2 6.3c-.2.2-.3.4-.3.7s.1.5.3.7c.2.2.4.3.7.3h11c.3 0 .5-.1.7-.3.2-.2.3-.5.3-.7s-.1-.5-.3-.7zM5.8 14.7l6.2 6.3 6.2-6.3c.2-.2.3-.5.3-.7s-.1-.5-.3-.7c-.2-.2-.4-.3-.7-.3h-11c-.3 0-.5.1-.7.3-.2.2-.3.5-.3.7s.1.5.3.7z\"\/><\/svg><\/span><\/span><\/label><input type=\"checkbox\"  id=\"ez-toc-cssicon-toggle-item-69f3b3021e934\" checked aria-label=\"Alternar\" \/><nav><ul class='ez-toc-list ez-toc-list-level-1 ' ><li class='ez-toc-page-1'><a class=\"ez-toc-link ez-toc-heading-1\" href=\"https:\/\/www.conveniosocial.com.br\/blog\/atendimento-humanizado\/consulta-santarem-cuidado-e-saude-em-um-so-lugar\/#Consulta_Santarem_Cuidado_e_Saude_em_um_So_Lugar\" >Consulta Santar\u00e9m: Cuidado e Sa\u00fade em um S\u00f3 Lugar<\/a><\/li><li class='ez-toc-page-1'><a class=\"ez-toc-link ez-toc-heading-2\" href=\"https:\/\/www.conveniosocial.com.br\/blog\/atendimento-humanizado\/consulta-santarem-cuidado-e-saude-em-um-so-lugar\/#Perguntas_Frequentes\" >Perguntas Frequentes<\/a><\/li><li class='ez-toc-page-1'><a class=\"ez-toc-link ez-toc-heading-3\" href=\"https:\/\/www.conveniosocial.com.br\/blog\/atendimento-humanizado\/consulta-santarem-cuidado-e-saude-em-um-so-lugar\/#Contato\" >Contato<\/a><\/li><\/ul><\/nav><\/div>\n<h2><span class=\"ez-toc-section\" id=\"Consulta_Santarem_Cuidado_e_Saude_em_um_So_Lugar\"><\/span>Consulta Santar\u00e9m: Cuidado e Sa\u00fade em um S\u00f3 Lugar<span class=\"ez-toc-section-end\"><\/span><\/h2>\n<p>A Consulta Santar\u00e9m \u00e9 uma cl\u00ednica dedicada a proporcionar um atendimento de sa\u00fade de excel\u00eancia, priorizando o bem-estar dos seus pacientes e a qualidade dos servi\u00e7os oferecidos. Localizada no bairro Aldeia, em Santar\u00e9m, Par\u00e1, a cl\u00ednica se destaca por sua f\u00e1cil acessibilidade e um ambiente acolhedor, ideal para aqueles que buscam um atendimento humanizado. <\/p>\n<p>Com um hor\u00e1rio de funcionamento de segunda a sexta-feira, das 07:00 \u00e0s 17:00, a Consulta Santar\u00e9m \u00e9 a op\u00e7\u00e3o perfeita para quem deseja realizar exames m\u00e9dicos de forma pr\u00e1tica e eficiente. Entre os servi\u00e7os oferecidos, destacamos o exame de colesterol, que possui um pre\u00e7o competitivo, sendo o mais acess\u00edvel entre as op\u00e7\u00f5es dispon\u00edveis na regi\u00e3o. Essa caracter\u00edstica \u00e9 um grande diferencial, pois garante que mais pessoas possam cuidar da sua sa\u00fade sem comprometer o or\u00e7amento. <\/p>\n<p>Na Consulta Santar\u00e9m, acreditamos que a sa\u00fade deve ser uma prioridade, e por isso, nosso compromisso \u00e9 oferecer um atendimento de qualidade, com profissionais capacitados e sempre prontos para ouvir e atender as necessidades dos nossos pacientes. Embora as especialidades m\u00e9dicas n\u00e3o tenham sido especificadas, nossa cl\u00ednica est\u00e1 sempre se atualizando para oferecer os melhores servi\u00e7os de sa\u00fade poss\u00edveis, sempre com foco na preven\u00e7\u00e3o e no cuidado integral ao paciente. <\/p>\n<p>A localiza\u00e7\u00e3o da cl\u00ednica \u00e9 um ponto forte, pois est\u00e1 situada em uma \u00e1rea de f\u00e1cil acesso, facilitando a visita dos pacientes. Al\u00e9m disso, a infraestrutura foi planejada para proporcionar conforto e seguran\u00e7a, garantindo que cada consulta e exame seja realizado em um ambiente apropriado. <\/p>\n<p>Para mais informa\u00e7\u00f5es sobre nossos servi\u00e7os, hor\u00e1rios e agendamentos, convidamos voc\u00ea a entrar em contato pelo telefone que em breve ser\u00e1 disponibilizado, ou visitar nosso site e Instagram, onde compartilhamos conte\u00fados relevantes sobre sa\u00fade e bem-estar. Tamb\u00e9m estamos buscando parcerias com conv\u00eanios para oferecer ainda mais op\u00e7\u00f5es aos nossos pacientes e facilitar o acesso aos nossos servi\u00e7os. <\/p>\n<p>A Consulta Santar\u00e9m \u00e9 mais do que uma cl\u00ednica; \u00e9 um espa\u00e7o dedicado ao cuidado e \u00e0 promo\u00e7\u00e3o da sa\u00fade. Venha nos visitar e descubra como podemos ajudar voc\u00ea a manter sua sa\u00fade em dia, com carinho e profissionalismo.<\/p>\n<h3><span class=\"ez-toc-section\" id=\"Perguntas_Frequentes\"><\/span>Perguntas Frequentes<span class=\"ez-toc-section-end\"><\/span><\/h3>\n<p>P: Quais exames est\u00e3o dispon\u00edveis na Consulta Santar\u00e9m?<br \/>\nR: Atualmente, oferecemos o exame de colesterol com pre\u00e7os competitivos.<\/p>\n<p>P: Qual \u00e9 o hor\u00e1rio de funcionamento da cl\u00ednica?<br \/>\nR: A cl\u00ednica funciona de segunda a sexta-feira, das 07:00 \u00e0s 17:00.<\/p>\n<p>P: A Consulta Santar\u00e9m aceita conv\u00eanios?<br \/>\nR: No momento, n\u00e3o temos informa\u00e7\u00f5es sobre conv\u00eanios, mas estamos trabalhando para oferecer mais op\u00e7\u00f5es.<\/p>\n<p>P: Como posso agendar uma consulta ou exame?<br \/>\nR: Em breve, estaremos disponibilizando um telefone e um site para agendamentos.<\/p>\n<p>P: A cl\u00ednica oferece atendimento para crian\u00e7as?<br \/>\nR: A Consulta Santar\u00e9m se dedica ao atendimento de todas as idades, mas recomenda-se entrar em contato para informa\u00e7\u00f5es espec\u00edficas.<\/p>\n<p>P: Existe estacionamento dispon\u00edvel na cl\u00ednica?<br \/>\nR: Sim, a cl\u00ednica possui estacionamento para maior comodidade dos pacientes.<\/p>\n<p>P: Quais cuidados s\u00e3o tomados para garantir a seguran\u00e7a dos pacientes?<br \/>\nR: Nossa cl\u00ednica segue rigorosos protocolos de higiene e seguran\u00e7a para garantir o bem-estar de todos.<\/p>\n<p>P: A cl\u00ednica oferece atendimento de emerg\u00eancia?<br \/>\nR: N\u00e3o, a Consulta Santar\u00e9m n\u00e3o oferece atendimento de emerg\u00eancia.<\/p>\n<p>P: Posso realizar exames sem encaminhamento m\u00e9dico?<br \/>\nR: Recomendamos consultar um profissional, mas em casos espec\u00edficos, pode ser poss\u00edvel realizar exames diretamente.<\/p>\n<p>P: Onde a cl\u00ednica est\u00e1 localizada?<br \/>\nR: A Consulta Santar\u00e9m est\u00e1 situada no bairro Aldeia, em Santar\u00e9m, Par\u00e1, com f\u00e1cil acesso para todos os pacientes.<\/p>\n<h3><span class=\"ez-toc-section\" id=\"Contato\"><\/span>Contato<span class=\"ez-toc-section-end\"><\/span><\/h3>\n<p><strong>Tel.:  | <\/strong><br \/>\n<strong>WhatsApp: &#8211; <\/strong><\/p>\n","protected":false},"excerpt":{"rendered":"<p>Consulta Santar\u00e9m: Cuidado e Sa\u00fade em um S\u00f3 Lugar A Consulta Santar\u00e9m \u00e9 uma cl\u00ednica dedicada a proporcionar um atendimento de sa\u00fade de excel\u00eancia, priorizando o bem-estar dos seus pacientes e a qualidade dos servi\u00e7os oferecidos. Localizada no bairro Aldeia, em Santar\u00e9m, Par\u00e1, a cl\u00ednica se destaca por sua f\u00e1cil acessibilidade e um ambiente acolhedor, [&hellip;]<\/p>\n","protected":false},"author":0,"featured_media":0,"comment_status":"open","ping_status":"open","sticky":false,"template":"","format":"standard","meta":{"_et_pb_use_builder":"o","_et_pb_old_content":"","_et_gb_content_width":"","footnotes":""},"categories":[907,1368,932],"tags":[],"class_list":["post-154030","post","type-post","status-publish","format-standard","hentry","category-atendimento-humanizado","category-clinicas-de-saude","category-exames-laboratoriais"],"yoast_head":"<!-- This site is optimized with the Yoast SEO Premium plugin v21.3 (Yoast SEO v27.5) - https:\/\/yoast.com\/product\/yoast-seo-premium-wordpress\/ -->\n<title>Consulta Santar\u00e9m: Cuidado e Sa\u00fade em um S\u00f3 Lugar - Conv\u00eanio Social<\/title>\n<meta name=\"robots\" content=\"index, follow, max-snippet:-1, max-image-preview:large, max-video-preview:-1\" \/>\n<link rel=\"canonical\" href=\"https:\/\/www.conveniosocial.com.br\/blog\/atendimento-humanizado\/consulta-santarem-cuidado-e-saude-em-um-so-lugar\/\" \/>\n<meta property=\"og:locale\" content=\"pt_BR\" \/>\n<meta property=\"og:type\" content=\"article\" \/>\n<meta property=\"og:title\" content=\"Consulta Santar\u00e9m: Cuidado e Sa\u00fade em um S\u00f3 Lugar\" \/>\n<meta property=\"og:description\" content=\"Consulta Santar\u00e9m: Cuidado e Sa\u00fade em um S\u00f3 Lugar A Consulta Santar\u00e9m \u00e9 uma cl\u00ednica dedicada a proporcionar um atendimento de sa\u00fade de excel\u00eancia, priorizando o bem-estar dos seus pacientes e a qualidade dos servi\u00e7os oferecidos. Localizada no bairro Aldeia, em Santar\u00e9m, Par\u00e1, a cl\u00ednica se destaca por sua f\u00e1cil acessibilidade e um ambiente acolhedor, [&hellip;]\" \/>\n<meta property=\"og:url\" content=\"https:\/\/www.conveniosocial.com.br\/blog\/atendimento-humanizado\/consulta-santarem-cuidado-e-saude-em-um-so-lugar\/\" \/>\n<meta property=\"og:site_name\" content=\"Conv\u00eanio Social\" \/>\n<meta property=\"article:published_time\" content=\"2026-04-30T00:00:14+00:00\" \/>\n<meta name=\"twitter:card\" content=\"summary_large_image\" \/>\n<meta name=\"twitter:label1\" content=\"Est. tempo de leitura\" \/>\n\t<meta name=\"twitter:data1\" content=\"3 minutos\" \/>\n<script type=\"application\/ld+json\" class=\"yoast-schema-graph\">{\"@context\":\"https:\\\/\\\/schema.org\",\"@graph\":[{\"@type\":\"Article\",\"@id\":\"https:\\\/\\\/www.conveniosocial.com.br\\\/blog\\\/atendimento-humanizado\\\/consulta-santarem-cuidado-e-saude-em-um-so-lugar\\\/#article\",\"isPartOf\":{\"@id\":\"https:\\\/\\\/www.conveniosocial.com.br\\\/blog\\\/atendimento-humanizado\\\/consulta-santarem-cuidado-e-saude-em-um-so-lugar\\\/\"},\"author\":{\"name\":\"\",\"@id\":\"\"},\"headline\":\"Consulta Santar\u00e9m: Cuidado e Sa\u00fade em um S\u00f3 Lugar\",\"datePublished\":\"2026-04-30T00:00:14+00:00\",\"mainEntityOfPage\":{\"@id\":\"https:\\\/\\\/www.conveniosocial.com.br\\\/blog\\\/atendimento-humanizado\\\/consulta-santarem-cuidado-e-saude-em-um-so-lugar\\\/\"},\"wordCount\":658,\"commentCount\":0,\"publisher\":{\"@id\":\"https:\\\/\\\/www.conveniosocial.com.br\\\/blog\\\/#organization\"},\"articleSection\":[\"Atendimento Humanizado\",\"Cl\u00ednicas de Sa\u00fade\",\"Exames Laboratoriais\"],\"inLanguage\":\"pt-BR\"},{\"@type\":\"WebPage\",\"@id\":\"https:\\\/\\\/www.conveniosocial.com.br\\\/blog\\\/atendimento-humanizado\\\/consulta-santarem-cuidado-e-saude-em-um-so-lugar\\\/\",\"url\":\"https:\\\/\\\/www.conveniosocial.com.br\\\/blog\\\/atendimento-humanizado\\\/consulta-santarem-cuidado-e-saude-em-um-so-lugar\\\/\",\"name\":\"Consulta Santar\u00e9m: Cuidado e Sa\u00fade em um S\u00f3 Lugar - Conv\u00eanio Social\",\"isPartOf\":{\"@id\":\"https:\\\/\\\/www.conveniosocial.com.br\\\/blog\\\/#website\"},\"datePublished\":\"2026-04-30T00:00:14+00:00\",\"breadcrumb\":{\"@id\":\"https:\\\/\\\/www.conveniosocial.com.br\\\/blog\\\/atendimento-humanizado\\\/consulta-santarem-cuidado-e-saude-em-um-so-lugar\\\/#breadcrumb\"},\"inLanguage\":\"pt-BR\",\"potentialAction\":[{\"@type\":\"ReadAction\",\"target\":[\"https:\\\/\\\/www.conveniosocial.com.br\\\/blog\\\/atendimento-humanizado\\\/consulta-santarem-cuidado-e-saude-em-um-so-lugar\\\/\"]}]},{\"@type\":\"BreadcrumbList\",\"@id\":\"https:\\\/\\\/www.conveniosocial.com.br\\\/blog\\\/atendimento-humanizado\\\/consulta-santarem-cuidado-e-saude-em-um-so-lugar\\\/#breadcrumb\",\"itemListElement\":[{\"@type\":\"ListItem\",\"position\":1,\"name\":\"Home\",\"item\":\"https:\\\/\\\/www.conveniosocial.com.br\\\/blog\\\/\"},{\"@type\":\"ListItem\",\"position\":2,\"name\":\"Atendimento Humanizado\",\"item\":\"https:\\\/\\\/www.conveniosocial.com.br\\\/blog\\\/atendimento-humanizado\\\/\"},{\"@type\":\"ListItem\",\"position\":3,\"name\":\"Consulta Santar\u00e9m: Cuidado e Sa\u00fade em um S\u00f3 Lugar\"}]},{\"@type\":\"WebSite\",\"@id\":\"https:\\\/\\\/www.conveniosocial.com.br\\\/blog\\\/#website\",\"url\":\"https:\\\/\\\/www.conveniosocial.com.br\\\/blog\\\/\",\"name\":\"Conv\u00eanio Social\",\"description\":\"Informa\u00e7\u00f5es de Sa\u00fade e Bem-estar, Consultas e Exames Popular\",\"publisher\":{\"@id\":\"https:\\\/\\\/www.conveniosocial.com.br\\\/blog\\\/#organization\"},\"potentialAction\":[{\"@type\":\"SearchAction\",\"target\":{\"@type\":\"EntryPoint\",\"urlTemplate\":\"https:\\\/\\\/www.conveniosocial.com.br\\\/blog\\\/?s={search_term_string}\"},\"query-input\":{\"@type\":\"PropertyValueSpecification\",\"valueRequired\":true,\"valueName\":\"search_term_string\"}}],\"inLanguage\":\"pt-BR\"},{\"@type\":\"Organization\",\"@id\":\"https:\\\/\\\/www.conveniosocial.com.br\\\/blog\\\/#organization\",\"name\":\"Conv\u00eanio Social\",\"url\":\"https:\\\/\\\/www.conveniosocial.com.br\\\/blog\\\/\",\"logo\":{\"@type\":\"ImageObject\",\"inLanguage\":\"pt-BR\",\"@id\":\"https:\\\/\\\/www.conveniosocial.com.br\\\/blog\\\/#\\\/schema\\\/logo\\\/image\\\/\",\"url\":\"https:\\\/\\\/www.conveniosocial.com.br\\\/blog\\\/wp-content\\\/uploads\\\/2021\\\/11\\\/novo_logo-convenio-socia-digital.png\",\"contentUrl\":\"https:\\\/\\\/www.conveniosocial.com.br\\\/blog\\\/wp-content\\\/uploads\\\/2021\\\/11\\\/novo_logo-convenio-socia-digital.png\",\"width\":400,\"height\":102,\"caption\":\"Conv\u00eanio Social\"},\"image\":{\"@id\":\"https:\\\/\\\/www.conveniosocial.com.br\\\/blog\\\/#\\\/schema\\\/logo\\\/image\\\/\"}}]}<\/script>\n<!-- \/ Yoast SEO Premium plugin. -->","yoast_head_json":{"title":"Consulta Santar\u00e9m: Cuidado e Sa\u00fade em um S\u00f3 Lugar - Conv\u00eanio Social","robots":{"index":"index","follow":"follow","max-snippet":"max-snippet:-1","max-image-preview":"max-image-preview:large","max-video-preview":"max-video-preview:-1"},"canonical":"https:\/\/www.conveniosocial.com.br\/blog\/atendimento-humanizado\/consulta-santarem-cuidado-e-saude-em-um-so-lugar\/","og_locale":"pt_BR","og_type":"article","og_title":"Consulta Santar\u00e9m: Cuidado e Sa\u00fade em um S\u00f3 Lugar","og_description":"Consulta Santar\u00e9m: Cuidado e Sa\u00fade em um S\u00f3 Lugar A Consulta Santar\u00e9m \u00e9 uma cl\u00ednica dedicada a proporcionar um atendimento de sa\u00fade de excel\u00eancia, priorizando o bem-estar dos seus pacientes e a qualidade dos servi\u00e7os oferecidos. Localizada no bairro Aldeia, em Santar\u00e9m, Par\u00e1, a cl\u00ednica se destaca por sua f\u00e1cil acessibilidade e um ambiente acolhedor, [&hellip;]","og_url":"https:\/\/www.conveniosocial.com.br\/blog\/atendimento-humanizado\/consulta-santarem-cuidado-e-saude-em-um-so-lugar\/","og_site_name":"Conv\u00eanio Social","article_published_time":"2026-04-30T00:00:14+00:00","twitter_card":"summary_large_image","twitter_misc":{"Est. tempo de leitura":"3 minutos"},"schema":{"@context":"https:\/\/schema.org","@graph":[{"@type":"Article","@id":"https:\/\/www.conveniosocial.com.br\/blog\/atendimento-humanizado\/consulta-santarem-cuidado-e-saude-em-um-so-lugar\/#article","isPartOf":{"@id":"https:\/\/www.conveniosocial.com.br\/blog\/atendimento-humanizado\/consulta-santarem-cuidado-e-saude-em-um-so-lugar\/"},"author":{"name":"","@id":""},"headline":"Consulta Santar\u00e9m: Cuidado e Sa\u00fade em um S\u00f3 Lugar","datePublished":"2026-04-30T00:00:14+00:00","mainEntityOfPage":{"@id":"https:\/\/www.conveniosocial.com.br\/blog\/atendimento-humanizado\/consulta-santarem-cuidado-e-saude-em-um-so-lugar\/"},"wordCount":658,"commentCount":0,"publisher":{"@id":"https:\/\/www.conveniosocial.com.br\/blog\/#organization"},"articleSection":["Atendimento Humanizado","Cl\u00ednicas de Sa\u00fade","Exames Laboratoriais"],"inLanguage":"pt-BR"},{"@type":"WebPage","@id":"https:\/\/www.conveniosocial.com.br\/blog\/atendimento-humanizado\/consulta-santarem-cuidado-e-saude-em-um-so-lugar\/","url":"https:\/\/www.conveniosocial.com.br\/blog\/atendimento-humanizado\/consulta-santarem-cuidado-e-saude-em-um-so-lugar\/","name":"Consulta Santar\u00e9m: Cuidado e Sa\u00fade em um S\u00f3 Lugar - Conv\u00eanio Social","isPartOf":{"@id":"https:\/\/www.conveniosocial.com.br\/blog\/#website"},"datePublished":"2026-04-30T00:00:14+00:00","breadcrumb":{"@id":"https:\/\/www.conveniosocial.com.br\/blog\/atendimento-humanizado\/consulta-santarem-cuidado-e-saude-em-um-so-lugar\/#breadcrumb"},"inLanguage":"pt-BR","potentialAction":[{"@type":"ReadAction","target":["https:\/\/www.conveniosocial.com.br\/blog\/atendimento-humanizado\/consulta-santarem-cuidado-e-saude-em-um-so-lugar\/"]}]},{"@type":"BreadcrumbList","@id":"https:\/\/www.conveniosocial.com.br\/blog\/atendimento-humanizado\/consulta-santarem-cuidado-e-saude-em-um-so-lugar\/#breadcrumb","itemListElement":[{"@type":"ListItem","position":1,"name":"Home","item":"https:\/\/www.conveniosocial.com.br\/blog\/"},{"@type":"ListItem","position":2,"name":"Atendimento Humanizado","item":"https:\/\/www.conveniosocial.com.br\/blog\/atendimento-humanizado\/"},{"@type":"ListItem","position":3,"name":"Consulta Santar\u00e9m: Cuidado e Sa\u00fade em um S\u00f3 Lugar"}]},{"@type":"WebSite","@id":"https:\/\/www.conveniosocial.com.br\/blog\/#website","url":"https:\/\/www.conveniosocial.com.br\/blog\/","name":"Conv\u00eanio Social","description":"Informa\u00e7\u00f5es de Sa\u00fade e Bem-estar, Consultas e Exames Popular","publisher":{"@id":"https:\/\/www.conveniosocial.com.br\/blog\/#organization"},"potentialAction":[{"@type":"SearchAction","target":{"@type":"EntryPoint","urlTemplate":"https:\/\/www.conveniosocial.com.br\/blog\/?s={search_term_string}"},"query-input":{"@type":"PropertyValueSpecification","valueRequired":true,"valueName":"search_term_string"}}],"inLanguage":"pt-BR"},{"@type":"Organization","@id":"https:\/\/www.conveniosocial.com.br\/blog\/#organization","name":"Conv\u00eanio Social","url":"https:\/\/www.conveniosocial.com.br\/blog\/","logo":{"@type":"ImageObject","inLanguage":"pt-BR","@id":"https:\/\/www.conveniosocial.com.br\/blog\/#\/schema\/logo\/image\/","url":"https:\/\/www.conveniosocial.com.br\/blog\/wp-content\/uploads\/2021\/11\/novo_logo-convenio-socia-digital.png","contentUrl":"https:\/\/www.conveniosocial.com.br\/blog\/wp-content\/uploads\/2021\/11\/novo_logo-convenio-socia-digital.png","width":400,"height":102,"caption":"Conv\u00eanio Social"},"image":{"@id":"https:\/\/www.conveniosocial.com.br\/blog\/#\/schema\/logo\/image\/"}}]}},"_links":{"self":[{"href":"https:\/\/www.conveniosocial.com.br\/blog\/wp-json\/wp\/v2\/posts\/154030","targetHints":{"allow":["GET"]}}],"collection":[{"href":"https:\/\/www.conveniosocial.com.br\/blog\/wp-json\/wp\/v2\/posts"}],"about":[{"href":"https:\/\/www.conveniosocial.com.br\/blog\/wp-json\/wp\/v2\/types\/post"}],"replies":[{"embeddable":true,"href":"https:\/\/www.conveniosocial.com.br\/blog\/wp-json\/wp\/v2\/comments?post=154030"}],"version-history":[{"count":0,"href":"https:\/\/www.conveniosocial.com.br\/blog\/wp-json\/wp\/v2\/posts\/154030\/revisions"}],"wp:attachment":[{"href":"https:\/\/www.conveniosocial.com.br\/blog\/wp-json\/wp\/v2\/media?parent=154030"}],"wp:term":[{"taxonomy":"category","embeddable":true,"href":"https:\/\/www.conveniosocial.com.br\/blog\/wp-json\/wp\/v2\/categories?post=154030"},{"taxonomy":"post_tag","embeddable":true,"href":"https:\/\/www.conveniosocial.com.br\/blog\/wp-json\/wp\/v2\/tags?post=154030"}],"curies":[{"name":"wp","href":"https:\/\/api.w.org\/{rel}","templated":true}]}}