{"id":154034,"date":"2026-04-30T21:01:12","date_gmt":"2026-05-01T00:01:12","guid":{"rendered":"https:\/\/www.conveniosocial.com.br\/blog\/nehuma\/consulta-santarem-saude-com-humanizacao-e-acessibilidade\/"},"modified":"2026-04-30T21:01:12","modified_gmt":"2026-05-01T00:01:12","slug":"consulta-santarem-saude-com-humanizacao-e-acessibilidade","status":"publish","type":"post","link":"https:\/\/www.conveniosocial.com.br\/blog\/atendimento-humanizado\/consulta-santarem-saude-com-humanizacao-e-acessibilidade\/","title":{"rendered":"Consulta Santar\u00e9m: Sa\u00fade com Humaniza\u00e7\u00e3o e Acessibilidade"},"content":{"rendered":"<div id=\"ez-toc-container\" class=\"ez-toc-v2_0_82_2 counter-flat ez-toc-counter ez-toc-white ez-toc-container-direction\">\n<p class=\"ez-toc-title\" style=\"cursor:inherit\">\u00cdndice do Conte\u00fado<\/p>\n<label for=\"ez-toc-cssicon-toggle-item-69f42c0bdf8fb\" class=\"ez-toc-cssicon-toggle-label\"><span class=\"ez-toc-cssicon\"><span class=\"eztoc-hide\" style=\"display:none;\">Toggle<\/span><span class=\"ez-toc-icon-toggle-span\"><svg style=\"fill: #999;color:#999\" xmlns=\"http:\/\/www.w3.org\/2000\/svg\" class=\"list-377408\" width=\"20px\" height=\"20px\" viewBox=\"0 0 24 24\" fill=\"none\"><path d=\"M6 6H4v2h2V6zm14 0H8v2h12V6zM4 11h2v2H4v-2zm16 0H8v2h12v-2zM4 16h2v2H4v-2zm16 0H8v2h12v-2z\" fill=\"currentColor\"><\/path><\/svg><svg style=\"fill: #999;color:#999\" class=\"arrow-unsorted-368013\" xmlns=\"http:\/\/www.w3.org\/2000\/svg\" width=\"10px\" height=\"10px\" viewBox=\"0 0 24 24\" version=\"1.2\" baseProfile=\"tiny\"><path d=\"M18.2 9.3l-6.2-6.3-6.2 6.3c-.2.2-.3.4-.3.7s.1.5.3.7c.2.2.4.3.7.3h11c.3 0 .5-.1.7-.3.2-.2.3-.5.3-.7s-.1-.5-.3-.7zM5.8 14.7l6.2 6.3 6.2-6.3c.2-.2.3-.5.3-.7s-.1-.5-.3-.7c-.2-.2-.4-.3-.7-.3h-11c-.3 0-.5.1-.7.3-.2.2-.3.5-.3.7s.1.5.3.7z\"\/><\/svg><\/span><\/span><\/label><input type=\"checkbox\"  id=\"ez-toc-cssicon-toggle-item-69f42c0bdf8fb\" checked aria-label=\"Alternar\" \/><nav><ul class='ez-toc-list ez-toc-list-level-1 ' ><li class='ez-toc-page-1'><a class=\"ez-toc-link ez-toc-heading-1\" href=\"https:\/\/www.conveniosocial.com.br\/blog\/atendimento-humanizado\/consulta-santarem-saude-com-humanizacao-e-acessibilidade\/#Consulta_Santarem_Saude_com_Humanizacao_e_Acessibilidade\" >Consulta Santar\u00e9m: Sa\u00fade com Humaniza\u00e7\u00e3o e Acessibilidade<\/a><\/li><li class='ez-toc-page-1'><a class=\"ez-toc-link ez-toc-heading-2\" href=\"https:\/\/www.conveniosocial.com.br\/blog\/atendimento-humanizado\/consulta-santarem-saude-com-humanizacao-e-acessibilidade\/#Perguntas_Frequentes\" >Perguntas Frequentes<\/a><\/li><li class='ez-toc-page-1'><a class=\"ez-toc-link ez-toc-heading-3\" href=\"https:\/\/www.conveniosocial.com.br\/blog\/atendimento-humanizado\/consulta-santarem-saude-com-humanizacao-e-acessibilidade\/#Contato\" >Contato<\/a><\/li><\/ul><\/nav><\/div>\n<h2><span class=\"ez-toc-section\" id=\"Consulta_Santarem_Saude_com_Humanizacao_e_Acessibilidade\"><\/span>Consulta Santar\u00e9m: Sa\u00fade com Humaniza\u00e7\u00e3o e Acessibilidade<span class=\"ez-toc-section-end\"><\/span><\/h2>\n<p>A Consulta Santar\u00e9m \u00e9 uma cl\u00ednica localizada no cora\u00e7\u00e3o de Santar\u00e9m, no bairro Aldeia, que se destaca pelo seu compromisso com a sa\u00fade e o bem-estar da comunidade. Com um ambiente acolhedor e humanizado, nossa miss\u00e3o \u00e9 proporcionar um atendimento de qualidade, priorizando a escuta e o cuidado individualizado dos nossos pacientes. <\/p>\n<p>Nosso hor\u00e1rio de funcionamento \u00e9 de segunda a sexta-feira, das 07:00 \u00e0s 17:00 horas, sempre prontos para receber e atender voc\u00ea. Entendemos a import\u00e2ncia de um acesso facilitado \u00e0 sa\u00fade, por isso, nossa cl\u00ednica est\u00e1 estrategicamente localizada em uma \u00e1rea de f\u00e1cil acesso, permitindo que pacientes de diferentes regi\u00f5es da cidade possam nos visitar com comodidade. <\/p>\n<p>Na Consulta Santar\u00e9m, oferecemos a realiza\u00e7\u00e3o de exames laboratoriais, com destaque para o exame de TGO, que \u00e9 essencial para a avalia\u00e7\u00e3o da fun\u00e7\u00e3o hep\u00e1tica. Nossa cl\u00ednica se orgulha de ter o menor pre\u00e7o entre as op\u00e7\u00f5es dispon\u00edveis na regi\u00e3o, garantindo que a sa\u00fade de todos possa ser cuidada sem comprometer o or\u00e7amento familiar. <\/p>\n<p>Embora as especialidades m\u00e9dicas ainda n\u00e3o estejam definidas, estamos comprometidos em expandir nossos servi\u00e7os para incluir uma variedade de especialidades que atendam \u00e0s necessidades da nossa popula\u00e7\u00e3o. Acreditamos que a sa\u00fade \u00e9 um direito de todos e, por isso, estamos sempre em busca de melhorias e amplia\u00e7\u00f5es em nosso portf\u00f3lio de servi\u00e7os. <\/p>\n<p>Al\u00e9m disso, estamos abertos a conv\u00eanios para facilitar ainda mais o acesso dos pacientes aos nossos servi\u00e7os, e estamos trabalhando para estabelecer parcerias que possam beneficiar nossa comunidade. <\/p>\n<p>Para mais informa\u00e7\u00f5es e agendamentos, entre em contato conosco pelo telefone que ser\u00e1 disponibilizado em breve. Voc\u00ea tamb\u00e9m pode nos seguir nas redes sociais para ficar por dentro das novidades e dicas de sa\u00fade. Estamos ansiosos para atender voc\u00ea e sua fam\u00edlia com todo o carinho e profissionalismo que voc\u00eas merecem. A sa\u00fade \u00e9 a nossa prioridade, e na Consulta Santar\u00e9m, voc\u00ea encontra um espa\u00e7o onde cada paciente \u00e9 tratado com respeito e dignidade. Venha nos visitar e descubra um novo conceito em cuidados de sa\u00fade na sua cidade.<\/p>\n<h3><span class=\"ez-toc-section\" id=\"Perguntas_Frequentes\"><\/span>Perguntas Frequentes<span class=\"ez-toc-section-end\"><\/span><\/h3>\n<p>P: Quais servi\u00e7os a Consulta Santar\u00e9m oferece?<br \/>\nR: Oferecemos exames laboratoriais, com destaque para o exame de TGO.<\/p>\n<p>P: Qual o hor\u00e1rio de funcionamento da cl\u00ednica?<br \/>\nR: Estamos abertos de segunda a sexta-feira, das 07:00 \u00e0s 17:00 horas.<\/p>\n<p>P: A Consulta Santar\u00e9m aceita conv\u00eanios?<br \/>\nR: Atualmente, estamos trabalhando para estabelecer parcerias com conv\u00eanios. Fique atento para novidades!<\/p>\n<p>P: Como posso agendar um exame?<br \/>\nR: Voc\u00ea pode agendar seu exame entrando em contato pelo telefone que ser\u00e1 disponibilizado em breve.<\/p>\n<p>P: A cl\u00ednica oferece outros exames al\u00e9m do TGO?<br \/>\nR: No momento, focamos no exame de TGO, mas planejamos expandir nossos servi\u00e7os em breve.<\/p>\n<p>P: Onde a cl\u00ednica est\u00e1 localizada?<br \/>\nR: Estamos localizados em Santar\u00e9m, no bairro Aldeia, em uma \u00e1rea de f\u00e1cil acesso.<\/p>\n<p>P: A Consulta Santar\u00e9m tem um site ou redes sociais?<br \/>\nR: Estamos em processo de cria\u00e7\u00e3o de um site e de perfis em redes sociais. Acompanhe nossas novidades!<\/p>\n<p>P: Quais s\u00e3o os diferenciais da Consulta Santar\u00e9m?<br \/>\nR: Nosso diferencial \u00e9 o atendimento humanizado e a busca pelo menor pre\u00e7o nos exames.<\/p>\n<p>P: A cl\u00ednica possui acessibilidade?<br \/>\nR: Sim, nossa cl\u00ednica \u00e9 projetada para ser acess\u00edvel a todos os pacientes.<\/p>\n<p>P: Quais medidas de seguran\u00e7a a cl\u00ednica adota?<br \/>\nR: Seguimos rigorosamente as normas de seguran\u00e7a e higiene para garantir a sa\u00fade de nossos pacientes.<\/p>\n<h3><span class=\"ez-toc-section\" id=\"Contato\"><\/span>Contato<span class=\"ez-toc-section-end\"><\/span><\/h3>\n<p><strong>Tel.:  | <\/strong><br \/>\n<strong>WhatsApp: &#8211; <\/strong><\/p>\n","protected":false},"excerpt":{"rendered":"<p>Consulta Santar\u00e9m: Sa\u00fade com Humaniza\u00e7\u00e3o e Acessibilidade A Consulta Santar\u00e9m \u00e9 uma cl\u00ednica localizada no cora\u00e7\u00e3o de Santar\u00e9m, no bairro Aldeia, que se destaca pelo seu compromisso com a sa\u00fade e o bem-estar da comunidade. Com um ambiente acolhedor e humanizado, nossa miss\u00e3o \u00e9 proporcionar um atendimento de qualidade, priorizando a escuta e o cuidado [&hellip;]<\/p>\n","protected":false},"author":0,"featured_media":0,"comment_status":"open","ping_status":"open","sticky":false,"template":"","format":"standard","meta":{"_et_pb_use_builder":"o","_et_pb_old_content":"","_et_gb_content_width":"","footnotes":""},"categories":[907,1368,932],"tags":[],"class_list":["post-154034","post","type-post","status-publish","format-standard","hentry","category-atendimento-humanizado","category-clinicas-de-saude","category-exames-laboratoriais"],"yoast_head":"<!-- This site is optimized with the Yoast SEO Premium plugin v21.3 (Yoast SEO v27.5) - https:\/\/yoast.com\/product\/yoast-seo-premium-wordpress\/ -->\n<title>Consulta Santar\u00e9m: Sa\u00fade com Humaniza\u00e7\u00e3o e Acessibilidade - Conv\u00eanio Social<\/title>\n<meta name=\"robots\" content=\"index, follow, max-snippet:-1, max-image-preview:large, max-video-preview:-1\" \/>\n<link rel=\"canonical\" href=\"https:\/\/www.conveniosocial.com.br\/blog\/atendimento-humanizado\/consulta-santarem-saude-com-humanizacao-e-acessibilidade\/\" \/>\n<meta property=\"og:locale\" content=\"pt_BR\" \/>\n<meta property=\"og:type\" content=\"article\" \/>\n<meta property=\"og:title\" content=\"Consulta Santar\u00e9m: Sa\u00fade com Humaniza\u00e7\u00e3o e Acessibilidade\" \/>\n<meta property=\"og:description\" content=\"Consulta Santar\u00e9m: Sa\u00fade com Humaniza\u00e7\u00e3o e Acessibilidade A Consulta Santar\u00e9m \u00e9 uma cl\u00ednica localizada no cora\u00e7\u00e3o de Santar\u00e9m, no bairro Aldeia, que se destaca pelo seu compromisso com a sa\u00fade e o bem-estar da comunidade. Com um ambiente acolhedor e humanizado, nossa miss\u00e3o \u00e9 proporcionar um atendimento de qualidade, priorizando a escuta e o cuidado [&hellip;]\" \/>\n<meta property=\"og:url\" content=\"https:\/\/www.conveniosocial.com.br\/blog\/atendimento-humanizado\/consulta-santarem-saude-com-humanizacao-e-acessibilidade\/\" \/>\n<meta property=\"og:site_name\" content=\"Conv\u00eanio Social\" \/>\n<meta property=\"article:published_time\" content=\"2026-05-01T00:01:12+00:00\" \/>\n<meta name=\"twitter:card\" content=\"summary_large_image\" \/>\n<meta name=\"twitter:label1\" content=\"Est. tempo de leitura\" \/>\n\t<meta name=\"twitter:data1\" content=\"3 minutos\" \/>\n<script type=\"application\/ld+json\" class=\"yoast-schema-graph\">{\"@context\":\"https:\\\/\\\/schema.org\",\"@graph\":[{\"@type\":\"Article\",\"@id\":\"https:\\\/\\\/www.conveniosocial.com.br\\\/blog\\\/atendimento-humanizado\\\/consulta-santarem-saude-com-humanizacao-e-acessibilidade\\\/#article\",\"isPartOf\":{\"@id\":\"https:\\\/\\\/www.conveniosocial.com.br\\\/blog\\\/atendimento-humanizado\\\/consulta-santarem-saude-com-humanizacao-e-acessibilidade\\\/\"},\"author\":{\"name\":\"\",\"@id\":\"\"},\"headline\":\"Consulta Santar\u00e9m: Sa\u00fade com Humaniza\u00e7\u00e3o e Acessibilidade\",\"datePublished\":\"2026-05-01T00:01:12+00:00\",\"mainEntityOfPage\":{\"@id\":\"https:\\\/\\\/www.conveniosocial.com.br\\\/blog\\\/atendimento-humanizado\\\/consulta-santarem-saude-com-humanizacao-e-acessibilidade\\\/\"},\"wordCount\":627,\"commentCount\":0,\"publisher\":{\"@id\":\"https:\\\/\\\/www.conveniosocial.com.br\\\/blog\\\/#organization\"},\"articleSection\":[\"Atendimento Humanizado\",\"Cl\u00ednicas de Sa\u00fade\",\"Exames Laboratoriais\"],\"inLanguage\":\"pt-BR\"},{\"@type\":\"WebPage\",\"@id\":\"https:\\\/\\\/www.conveniosocial.com.br\\\/blog\\\/atendimento-humanizado\\\/consulta-santarem-saude-com-humanizacao-e-acessibilidade\\\/\",\"url\":\"https:\\\/\\\/www.conveniosocial.com.br\\\/blog\\\/atendimento-humanizado\\\/consulta-santarem-saude-com-humanizacao-e-acessibilidade\\\/\",\"name\":\"Consulta Santar\u00e9m: Sa\u00fade com Humaniza\u00e7\u00e3o e Acessibilidade - Conv\u00eanio Social\",\"isPartOf\":{\"@id\":\"https:\\\/\\\/www.conveniosocial.com.br\\\/blog\\\/#website\"},\"datePublished\":\"2026-05-01T00:01:12+00:00\",\"breadcrumb\":{\"@id\":\"https:\\\/\\\/www.conveniosocial.com.br\\\/blog\\\/atendimento-humanizado\\\/consulta-santarem-saude-com-humanizacao-e-acessibilidade\\\/#breadcrumb\"},\"inLanguage\":\"pt-BR\",\"potentialAction\":[{\"@type\":\"ReadAction\",\"target\":[\"https:\\\/\\\/www.conveniosocial.com.br\\\/blog\\\/atendimento-humanizado\\\/consulta-santarem-saude-com-humanizacao-e-acessibilidade\\\/\"]}]},{\"@type\":\"BreadcrumbList\",\"@id\":\"https:\\\/\\\/www.conveniosocial.com.br\\\/blog\\\/atendimento-humanizado\\\/consulta-santarem-saude-com-humanizacao-e-acessibilidade\\\/#breadcrumb\",\"itemListElement\":[{\"@type\":\"ListItem\",\"position\":1,\"name\":\"Home\",\"item\":\"https:\\\/\\\/www.conveniosocial.com.br\\\/blog\\\/\"},{\"@type\":\"ListItem\",\"position\":2,\"name\":\"Atendimento Humanizado\",\"item\":\"https:\\\/\\\/www.conveniosocial.com.br\\\/blog\\\/atendimento-humanizado\\\/\"},{\"@type\":\"ListItem\",\"position\":3,\"name\":\"Consulta Santar\u00e9m: Sa\u00fade com Humaniza\u00e7\u00e3o e Acessibilidade\"}]},{\"@type\":\"WebSite\",\"@id\":\"https:\\\/\\\/www.conveniosocial.com.br\\\/blog\\\/#website\",\"url\":\"https:\\\/\\\/www.conveniosocial.com.br\\\/blog\\\/\",\"name\":\"Conv\u00eanio Social\",\"description\":\"Informa\u00e7\u00f5es de Sa\u00fade e Bem-estar, Consultas e Exames Popular\",\"publisher\":{\"@id\":\"https:\\\/\\\/www.conveniosocial.com.br\\\/blog\\\/#organization\"},\"potentialAction\":[{\"@type\":\"SearchAction\",\"target\":{\"@type\":\"EntryPoint\",\"urlTemplate\":\"https:\\\/\\\/www.conveniosocial.com.br\\\/blog\\\/?s={search_term_string}\"},\"query-input\":{\"@type\":\"PropertyValueSpecification\",\"valueRequired\":true,\"valueName\":\"search_term_string\"}}],\"inLanguage\":\"pt-BR\"},{\"@type\":\"Organization\",\"@id\":\"https:\\\/\\\/www.conveniosocial.com.br\\\/blog\\\/#organization\",\"name\":\"Conv\u00eanio Social\",\"url\":\"https:\\\/\\\/www.conveniosocial.com.br\\\/blog\\\/\",\"logo\":{\"@type\":\"ImageObject\",\"inLanguage\":\"pt-BR\",\"@id\":\"https:\\\/\\\/www.conveniosocial.com.br\\\/blog\\\/#\\\/schema\\\/logo\\\/image\\\/\",\"url\":\"https:\\\/\\\/www.conveniosocial.com.br\\\/blog\\\/wp-content\\\/uploads\\\/2021\\\/11\\\/novo_logo-convenio-socia-digital.png\",\"contentUrl\":\"https:\\\/\\\/www.conveniosocial.com.br\\\/blog\\\/wp-content\\\/uploads\\\/2021\\\/11\\\/novo_logo-convenio-socia-digital.png\",\"width\":400,\"height\":102,\"caption\":\"Conv\u00eanio Social\"},\"image\":{\"@id\":\"https:\\\/\\\/www.conveniosocial.com.br\\\/blog\\\/#\\\/schema\\\/logo\\\/image\\\/\"}}]}<\/script>\n<!-- \/ Yoast SEO Premium plugin. -->","yoast_head_json":{"title":"Consulta Santar\u00e9m: Sa\u00fade com Humaniza\u00e7\u00e3o e Acessibilidade - Conv\u00eanio Social","robots":{"index":"index","follow":"follow","max-snippet":"max-snippet:-1","max-image-preview":"max-image-preview:large","max-video-preview":"max-video-preview:-1"},"canonical":"https:\/\/www.conveniosocial.com.br\/blog\/atendimento-humanizado\/consulta-santarem-saude-com-humanizacao-e-acessibilidade\/","og_locale":"pt_BR","og_type":"article","og_title":"Consulta Santar\u00e9m: Sa\u00fade com Humaniza\u00e7\u00e3o e Acessibilidade","og_description":"Consulta Santar\u00e9m: Sa\u00fade com Humaniza\u00e7\u00e3o e Acessibilidade A Consulta Santar\u00e9m \u00e9 uma cl\u00ednica localizada no cora\u00e7\u00e3o de Santar\u00e9m, no bairro Aldeia, que se destaca pelo seu compromisso com a sa\u00fade e o bem-estar da comunidade. Com um ambiente acolhedor e humanizado, nossa miss\u00e3o \u00e9 proporcionar um atendimento de qualidade, priorizando a escuta e o cuidado [&hellip;]","og_url":"https:\/\/www.conveniosocial.com.br\/blog\/atendimento-humanizado\/consulta-santarem-saude-com-humanizacao-e-acessibilidade\/","og_site_name":"Conv\u00eanio Social","article_published_time":"2026-05-01T00:01:12+00:00","twitter_card":"summary_large_image","twitter_misc":{"Est. tempo de leitura":"3 minutos"},"schema":{"@context":"https:\/\/schema.org","@graph":[{"@type":"Article","@id":"https:\/\/www.conveniosocial.com.br\/blog\/atendimento-humanizado\/consulta-santarem-saude-com-humanizacao-e-acessibilidade\/#article","isPartOf":{"@id":"https:\/\/www.conveniosocial.com.br\/blog\/atendimento-humanizado\/consulta-santarem-saude-com-humanizacao-e-acessibilidade\/"},"author":{"name":"","@id":""},"headline":"Consulta Santar\u00e9m: Sa\u00fade com Humaniza\u00e7\u00e3o e Acessibilidade","datePublished":"2026-05-01T00:01:12+00:00","mainEntityOfPage":{"@id":"https:\/\/www.conveniosocial.com.br\/blog\/atendimento-humanizado\/consulta-santarem-saude-com-humanizacao-e-acessibilidade\/"},"wordCount":627,"commentCount":0,"publisher":{"@id":"https:\/\/www.conveniosocial.com.br\/blog\/#organization"},"articleSection":["Atendimento Humanizado","Cl\u00ednicas de Sa\u00fade","Exames Laboratoriais"],"inLanguage":"pt-BR"},{"@type":"WebPage","@id":"https:\/\/www.conveniosocial.com.br\/blog\/atendimento-humanizado\/consulta-santarem-saude-com-humanizacao-e-acessibilidade\/","url":"https:\/\/www.conveniosocial.com.br\/blog\/atendimento-humanizado\/consulta-santarem-saude-com-humanizacao-e-acessibilidade\/","name":"Consulta Santar\u00e9m: Sa\u00fade com Humaniza\u00e7\u00e3o e Acessibilidade - Conv\u00eanio Social","isPartOf":{"@id":"https:\/\/www.conveniosocial.com.br\/blog\/#website"},"datePublished":"2026-05-01T00:01:12+00:00","breadcrumb":{"@id":"https:\/\/www.conveniosocial.com.br\/blog\/atendimento-humanizado\/consulta-santarem-saude-com-humanizacao-e-acessibilidade\/#breadcrumb"},"inLanguage":"pt-BR","potentialAction":[{"@type":"ReadAction","target":["https:\/\/www.conveniosocial.com.br\/blog\/atendimento-humanizado\/consulta-santarem-saude-com-humanizacao-e-acessibilidade\/"]}]},{"@type":"BreadcrumbList","@id":"https:\/\/www.conveniosocial.com.br\/blog\/atendimento-humanizado\/consulta-santarem-saude-com-humanizacao-e-acessibilidade\/#breadcrumb","itemListElement":[{"@type":"ListItem","position":1,"name":"Home","item":"https:\/\/www.conveniosocial.com.br\/blog\/"},{"@type":"ListItem","position":2,"name":"Atendimento Humanizado","item":"https:\/\/www.conveniosocial.com.br\/blog\/atendimento-humanizado\/"},{"@type":"ListItem","position":3,"name":"Consulta Santar\u00e9m: Sa\u00fade com Humaniza\u00e7\u00e3o e Acessibilidade"}]},{"@type":"WebSite","@id":"https:\/\/www.conveniosocial.com.br\/blog\/#website","url":"https:\/\/www.conveniosocial.com.br\/blog\/","name":"Conv\u00eanio Social","description":"Informa\u00e7\u00f5es de Sa\u00fade e Bem-estar, Consultas e Exames Popular","publisher":{"@id":"https:\/\/www.conveniosocial.com.br\/blog\/#organization"},"potentialAction":[{"@type":"SearchAction","target":{"@type":"EntryPoint","urlTemplate":"https:\/\/www.conveniosocial.com.br\/blog\/?s={search_term_string}"},"query-input":{"@type":"PropertyValueSpecification","valueRequired":true,"valueName":"search_term_string"}}],"inLanguage":"pt-BR"},{"@type":"Organization","@id":"https:\/\/www.conveniosocial.com.br\/blog\/#organization","name":"Conv\u00eanio Social","url":"https:\/\/www.conveniosocial.com.br\/blog\/","logo":{"@type":"ImageObject","inLanguage":"pt-BR","@id":"https:\/\/www.conveniosocial.com.br\/blog\/#\/schema\/logo\/image\/","url":"https:\/\/www.conveniosocial.com.br\/blog\/wp-content\/uploads\/2021\/11\/novo_logo-convenio-socia-digital.png","contentUrl":"https:\/\/www.conveniosocial.com.br\/blog\/wp-content\/uploads\/2021\/11\/novo_logo-convenio-socia-digital.png","width":400,"height":102,"caption":"Conv\u00eanio Social"},"image":{"@id":"https:\/\/www.conveniosocial.com.br\/blog\/#\/schema\/logo\/image\/"}}]}},"_links":{"self":[{"href":"https:\/\/www.conveniosocial.com.br\/blog\/wp-json\/wp\/v2\/posts\/154034","targetHints":{"allow":["GET"]}}],"collection":[{"href":"https:\/\/www.conveniosocial.com.br\/blog\/wp-json\/wp\/v2\/posts"}],"about":[{"href":"https:\/\/www.conveniosocial.com.br\/blog\/wp-json\/wp\/v2\/types\/post"}],"replies":[{"embeddable":true,"href":"https:\/\/www.conveniosocial.com.br\/blog\/wp-json\/wp\/v2\/comments?post=154034"}],"version-history":[{"count":0,"href":"https:\/\/www.conveniosocial.com.br\/blog\/wp-json\/wp\/v2\/posts\/154034\/revisions"}],"wp:attachment":[{"href":"https:\/\/www.conveniosocial.com.br\/blog\/wp-json\/wp\/v2\/media?parent=154034"}],"wp:term":[{"taxonomy":"category","embeddable":true,"href":"https:\/\/www.conveniosocial.com.br\/blog\/wp-json\/wp\/v2\/categories?post=154034"},{"taxonomy":"post_tag","embeddable":true,"href":"https:\/\/www.conveniosocial.com.br\/blog\/wp-json\/wp\/v2\/tags?post=154034"}],"curies":[{"name":"wp","href":"https:\/\/api.w.org\/{rel}","templated":true}]}}