{"id":154051,"date":"2026-04-30T21:01:12","date_gmt":"2026-05-01T00:01:12","guid":{"rendered":"https:\/\/www.conveniosocial.com.br\/blog\/nehuma\/clinica-de-dermatologia-em-serra-arnaldo-jose-de-conto-filho\/"},"modified":"2026-04-30T21:01:12","modified_gmt":"2026-05-01T00:01:12","slug":"clinica-de-dermatologia-em-serra-arnaldo-jose-de-conto-filho","status":"publish","type":"post","link":"https:\/\/www.conveniosocial.com.br\/blog\/dermatologia-consultorios-e-clinicas\/clinica-de-dermatologia-em-serra-arnaldo-jose-de-conto-filho\/","title":{"rendered":"Cl\u00ednica de Dermatologia em Serra &#8211; Arnaldo Jose de Conto Filho"},"content":{"rendered":"<div id=\"ez-toc-container\" class=\"ez-toc-v2_0_82_2 counter-flat ez-toc-counter ez-toc-white ez-toc-container-direction\">\n<p class=\"ez-toc-title\" style=\"cursor:inherit\">\u00cdndice do Conte\u00fado<\/p>\n<label for=\"ez-toc-cssicon-toggle-item-69f43dc31cac2\" class=\"ez-toc-cssicon-toggle-label\"><span class=\"ez-toc-cssicon\"><span class=\"eztoc-hide\" style=\"display:none;\">Toggle<\/span><span class=\"ez-toc-icon-toggle-span\"><svg style=\"fill: #999;color:#999\" xmlns=\"http:\/\/www.w3.org\/2000\/svg\" class=\"list-377408\" width=\"20px\" height=\"20px\" viewBox=\"0 0 24 24\" fill=\"none\"><path d=\"M6 6H4v2h2V6zm14 0H8v2h12V6zM4 11h2v2H4v-2zm16 0H8v2h12v-2zM4 16h2v2H4v-2zm16 0H8v2h12v-2z\" fill=\"currentColor\"><\/path><\/svg><svg style=\"fill: #999;color:#999\" class=\"arrow-unsorted-368013\" xmlns=\"http:\/\/www.w3.org\/2000\/svg\" width=\"10px\" height=\"10px\" viewBox=\"0 0 24 24\" version=\"1.2\" baseProfile=\"tiny\"><path d=\"M18.2 9.3l-6.2-6.3-6.2 6.3c-.2.2-.3.4-.3.7s.1.5.3.7c.2.2.4.3.7.3h11c.3 0 .5-.1.7-.3.2-.2.3-.5.3-.7s-.1-.5-.3-.7zM5.8 14.7l6.2 6.3 6.2-6.3c.2-.2.3-.5.3-.7s-.1-.5-.3-.7c-.2-.2-.4-.3-.7-.3h-11c-.3 0-.5.1-.7.3-.2.2-.3.5-.3.7s.1.5.3.7z\"\/><\/svg><\/span><\/span><\/label><input type=\"checkbox\"  id=\"ez-toc-cssicon-toggle-item-69f43dc31cac2\" checked aria-label=\"Alternar\" \/><nav><ul class='ez-toc-list ez-toc-list-level-1 ' ><li class='ez-toc-page-1'><a class=\"ez-toc-link ez-toc-heading-1\" href=\"https:\/\/www.conveniosocial.com.br\/blog\/dermatologia-consultorios-e-clinicas\/clinica-de-dermatologia-em-serra-arnaldo-jose-de-conto-filho\/#Clinica_de_Dermatologia_em_Serra_%E2%80%93_Arnaldo_Jose_de_Conto_Filho\" >Cl\u00ednica de Dermatologia em Serra &#8211; Arnaldo Jose de Conto Filho<\/a><\/li><li class='ez-toc-page-1'><a class=\"ez-toc-link ez-toc-heading-2\" href=\"https:\/\/www.conveniosocial.com.br\/blog\/dermatologia-consultorios-e-clinicas\/clinica-de-dermatologia-em-serra-arnaldo-jose-de-conto-filho\/#Perguntas_Frequentes\" >Perguntas Frequentes<\/a><\/li><li class='ez-toc-page-1'><a class=\"ez-toc-link ez-toc-heading-3\" href=\"https:\/\/www.conveniosocial.com.br\/blog\/dermatologia-consultorios-e-clinicas\/clinica-de-dermatologia-em-serra-arnaldo-jose-de-conto-filho\/#Contato\" >Contato<\/a><\/li><\/ul><\/nav><\/div>\n<h2><span class=\"ez-toc-section\" id=\"Clinica_de_Dermatologia_em_Serra_%E2%80%93_Arnaldo_Jose_de_Conto_Filho\"><\/span>Cl\u00ednica de Dermatologia em Serra &#8211; Arnaldo Jose de Conto Filho<span class=\"ez-toc-section-end\"><\/span><\/h2>\n<p>A Cl\u00ednica Arnaldo Jose de Conto Filho, localizada no cora\u00e7\u00e3o de Serra, ES, no bairro Civit II, \u00e9 um espa\u00e7o dedicado \u00e0 sa\u00fade e bem-estar dos pacientes, com um foco especial em dermatologia. Sob a responsabilidade do Dr. Arnaldo Jose de Conto Filho, um profissional altamente capacitado com CRM ES 17441 e RQE N\u00ba 15131, a cl\u00ednica oferece um atendimento humanizado e acolhedor, garantindo que cada paciente receba a aten\u00e7\u00e3o necess\u00e1ria para suas condi\u00e7\u00f5es de pele e sa\u00fade geral.<\/p>\n<p>Nosso diferencial \u00e9 a abordagem personalizada que empregamos em cada consulta. Aqui, acreditamos que cada paciente \u00e9 \u00fanico e, portanto, merece um tratamento adaptado \u00e0s suas necessidades. Realizamos uma avalia\u00e7\u00e3o completa, levando em considera\u00e7\u00e3o n\u00e3o apenas os sintomas apresentados, mas tamb\u00e9m o hist\u00f3rico de sa\u00fade e as preocupa\u00e7\u00f5es individuais de cada paciente. Isso nos permite oferecer o melhor plano de tratamento, seja para condi\u00e7\u00f5es dermatol\u00f3gicas espec\u00edficas ou para cuidados gerais de sa\u00fade.<\/p>\n<p>A Cl\u00ednica Arnaldo Jose de Conto Filho tamb\u00e9m se destaca pela facilidade de acesso. Estamos situados em um ponto estrat\u00e9gico de Serra, pr\u00f3ximo a bairros como Valpara\u00edso, Jardim Limoeiro, Jos\u00e9 de Anchieta, Jardim Tropical, Barcelona e Laranjeiras. Isso facilita a chegada de pacientes das mais diversas localidades, garantindo que todos tenham acesso aos nossos servi\u00e7os de qualidade.<\/p>\n<p>Entre as especialidades que oferecemos, destacamos a dermatologia, onde tratamos de condi\u00e7\u00f5es como acne, psor\u00edase, dermatites, entre outras. Al\u00e9m disso, realizamos exames cl\u00ednicos gerais e contamos com um homeopata para atender aqueles que buscam tratamentos alternativos e integrativos. Aceitamos pacientes particulares, permitindo que todos tenham a oportunidade de cuidar de sua sa\u00fade de maneira acess\u00edvel e eficiente.<\/p>\n<p>Nosso hor\u00e1rio de funcionamento \u00e9 de segunda a sexta-feira, das 08:00 \u00e0s 18:00 horas, proporcionando flexibilidade para que nossos pacientes possam agendar suas consultas conforme sua conveni\u00eancia. Para mais informa\u00e7\u00f5es ou para agendar uma consulta, entre em contato conosco pelo telefone (27) 3064-9099. Em breve, estaremos lan\u00e7ando nosso site e perfil no Instagram, onde poderemos compartilhar dicas de sa\u00fade, novidades e mais informa\u00e7\u00f5es sobre nossos servi\u00e7os.<\/p>\n<p>Na Cl\u00ednica Arnaldo Jose de Conto Filho, sua sa\u00fade \u00e9 nossa prioridade. Venha nos visitar e descubra como podemos ajud\u00e1-lo a alcan\u00e7ar o equil\u00edbrio e o bem-estar que voc\u00ea merece.<\/p>\n<h3><span class=\"ez-toc-section\" id=\"Perguntas_Frequentes\"><\/span>Perguntas Frequentes<span class=\"ez-toc-section-end\"><\/span><\/h3>\n<p>P: Quais especialidades a cl\u00ednica oferece?<br \/>\nR: A cl\u00ednica oferece especialidades em dermatologia e exames cl\u00ednicos gerais.<\/p>\n<p>P: A cl\u00ednica aceita conv\u00eanios?<br \/>\nR: Atualmente, a cl\u00ednica aceita apenas pacientes particulares.<\/p>\n<p>P: Qual \u00e9 o hor\u00e1rio de funcionamento da cl\u00ednica?<br \/>\nR: A cl\u00ednica funciona de segunda a sexta-feira, das 08:00 \u00e0s 18:00 horas.<\/p>\n<p>P: Onde a cl\u00ednica est\u00e1 localizada?<br \/>\nR: A cl\u00ednica est\u00e1 localizada no bairro Civit II, em Serra, ES.<\/p>\n<p>P: Como posso agendar uma consulta?<br \/>\nR: Voc\u00ea pode agendar uma consulta pelo telefone (27) 3064-9099.<\/p>\n<p>P: Quem \u00e9 o respons\u00e1vel t\u00e9cnico da cl\u00ednica?<br \/>\nR: O respons\u00e1vel t\u00e9cnico \u00e9 o Dr. Arnaldo Jose de Conto Filho, CRM ES 17441.<\/p>\n<p>P: A cl\u00ednica realiza atendimentos para crian\u00e7as?<br \/>\nR: Sim, a cl\u00ednica realiza atendimentos para pacientes de todas as idades.<\/p>\n<p>P: A cl\u00ednica oferece tratamentos homeop\u00e1ticos?<br \/>\nR: Sim, contamos com um homeopata para atender pacientes que buscam essa abordagem.<\/p>\n<p>P: Quais bairros s\u00e3o pr\u00f3ximos \u00e0 cl\u00ednica?<br \/>\nR: Os bairros pr\u00f3ximos incluem Valpara\u00edso, Jardim Limoeiro, Jos\u00e9 de Anchieta, Jardim Tropical, Barcelona e Laranjeiras.<\/p>\n<p>P: A cl\u00ednica tem algum site ou redes sociais?<br \/>\nR: Em breve, estaremos lan\u00e7ando nosso site e perfil no Instagram para mais informa\u00e7\u00f5es.<\/p>\n<h3><span class=\"ez-toc-section\" id=\"Contato\"><\/span>Contato<span class=\"ez-toc-section-end\"><\/span><\/h3>\n<p><strong>Tel.:  | <\/strong><br \/>\n<strong>WhatsApp: &#8211; <\/strong><\/p>\n","protected":false},"excerpt":{"rendered":"<p>Cl\u00ednica de Dermatologia em Serra &#8211; Arnaldo Jose de Conto Filho A Cl\u00ednica Arnaldo Jose de Conto Filho, localizada no cora\u00e7\u00e3o de Serra, ES, no bairro Civit II, \u00e9 um espa\u00e7o dedicado \u00e0 sa\u00fade e bem-estar dos pacientes, com um foco especial em dermatologia. Sob a responsabilidade do Dr. Arnaldo Jose de Conto Filho, um [&hellip;]<\/p>\n","protected":false},"author":0,"featured_media":0,"comment_status":"open","ping_status":"open","sticky":false,"template":"","format":"standard","meta":{"_et_pb_use_builder":"o","_et_pb_old_content":"","_et_gb_content_width":"","footnotes":""},"categories":[722,1388,1326],"tags":[],"class_list":["post-154051","post","type-post","status-publish","format-standard","hentry","category-dermatologia-consultorios-e-clinicas","category-exames-clinicos","category-saude-integrativa"],"yoast_head":"<!-- This site is optimized with the Yoast SEO Premium plugin v21.3 (Yoast SEO v27.5) - https:\/\/yoast.com\/product\/yoast-seo-premium-wordpress\/ -->\n<title>Cl\u00ednica de Dermatologia em Serra - Arnaldo Jose de Conto Filho - Conv\u00eanio Social<\/title>\n<meta name=\"robots\" content=\"index, follow, max-snippet:-1, max-image-preview:large, max-video-preview:-1\" \/>\n<link rel=\"canonical\" href=\"https:\/\/www.conveniosocial.com.br\/blog\/dermatologia-consultorios-e-clinicas\/clinica-de-dermatologia-em-serra-arnaldo-jose-de-conto-filho\/\" \/>\n<meta property=\"og:locale\" content=\"pt_BR\" \/>\n<meta property=\"og:type\" content=\"article\" \/>\n<meta property=\"og:title\" content=\"Cl\u00ednica de Dermatologia em Serra - Arnaldo Jose de Conto Filho\" \/>\n<meta property=\"og:description\" content=\"Cl\u00ednica de Dermatologia em Serra - Arnaldo Jose de Conto Filho A Cl\u00ednica Arnaldo Jose de Conto Filho, localizada no cora\u00e7\u00e3o de Serra, ES, no bairro Civit II, \u00e9 um espa\u00e7o dedicado \u00e0 sa\u00fade e bem-estar dos pacientes, com um foco especial em dermatologia. Sob a responsabilidade do Dr. Arnaldo Jose de Conto Filho, um [&hellip;]\" \/>\n<meta property=\"og:url\" content=\"https:\/\/www.conveniosocial.com.br\/blog\/dermatologia-consultorios-e-clinicas\/clinica-de-dermatologia-em-serra-arnaldo-jose-de-conto-filho\/\" \/>\n<meta property=\"og:site_name\" content=\"Conv\u00eanio Social\" \/>\n<meta property=\"article:published_time\" content=\"2026-05-01T00:01:12+00:00\" \/>\n<meta name=\"twitter:card\" content=\"summary_large_image\" \/>\n<meta name=\"twitter:label1\" content=\"Est. tempo de leitura\" \/>\n\t<meta name=\"twitter:data1\" content=\"3 minutos\" \/>\n<script type=\"application\/ld+json\" class=\"yoast-schema-graph\">{\"@context\":\"https:\\\/\\\/schema.org\",\"@graph\":[{\"@type\":\"Article\",\"@id\":\"https:\\\/\\\/www.conveniosocial.com.br\\\/blog\\\/dermatologia-consultorios-e-clinicas\\\/clinica-de-dermatologia-em-serra-arnaldo-jose-de-conto-filho\\\/#article\",\"isPartOf\":{\"@id\":\"https:\\\/\\\/www.conveniosocial.com.br\\\/blog\\\/dermatologia-consultorios-e-clinicas\\\/clinica-de-dermatologia-em-serra-arnaldo-jose-de-conto-filho\\\/\"},\"author\":{\"name\":\"\",\"@id\":\"\"},\"headline\":\"Cl\u00ednica de Dermatologia em Serra &#8211; Arnaldo Jose de Conto Filho\",\"datePublished\":\"2026-05-01T00:01:12+00:00\",\"mainEntityOfPage\":{\"@id\":\"https:\\\/\\\/www.conveniosocial.com.br\\\/blog\\\/dermatologia-consultorios-e-clinicas\\\/clinica-de-dermatologia-em-serra-arnaldo-jose-de-conto-filho\\\/\"},\"wordCount\":637,\"commentCount\":0,\"publisher\":{\"@id\":\"https:\\\/\\\/www.conveniosocial.com.br\\\/blog\\\/#organization\"},\"articleSection\":[\"Dermatologia\",\"Exames Cl\u00ednicos\",\"Sa\u00fade Integrativa\"],\"inLanguage\":\"pt-BR\"},{\"@type\":\"WebPage\",\"@id\":\"https:\\\/\\\/www.conveniosocial.com.br\\\/blog\\\/dermatologia-consultorios-e-clinicas\\\/clinica-de-dermatologia-em-serra-arnaldo-jose-de-conto-filho\\\/\",\"url\":\"https:\\\/\\\/www.conveniosocial.com.br\\\/blog\\\/dermatologia-consultorios-e-clinicas\\\/clinica-de-dermatologia-em-serra-arnaldo-jose-de-conto-filho\\\/\",\"name\":\"Cl\u00ednica de Dermatologia em Serra - Arnaldo Jose de Conto Filho - Conv\u00eanio Social\",\"isPartOf\":{\"@id\":\"https:\\\/\\\/www.conveniosocial.com.br\\\/blog\\\/#website\"},\"datePublished\":\"2026-05-01T00:01:12+00:00\",\"breadcrumb\":{\"@id\":\"https:\\\/\\\/www.conveniosocial.com.br\\\/blog\\\/dermatologia-consultorios-e-clinicas\\\/clinica-de-dermatologia-em-serra-arnaldo-jose-de-conto-filho\\\/#breadcrumb\"},\"inLanguage\":\"pt-BR\",\"potentialAction\":[{\"@type\":\"ReadAction\",\"target\":[\"https:\\\/\\\/www.conveniosocial.com.br\\\/blog\\\/dermatologia-consultorios-e-clinicas\\\/clinica-de-dermatologia-em-serra-arnaldo-jose-de-conto-filho\\\/\"]}]},{\"@type\":\"BreadcrumbList\",\"@id\":\"https:\\\/\\\/www.conveniosocial.com.br\\\/blog\\\/dermatologia-consultorios-e-clinicas\\\/clinica-de-dermatologia-em-serra-arnaldo-jose-de-conto-filho\\\/#breadcrumb\",\"itemListElement\":[{\"@type\":\"ListItem\",\"position\":1,\"name\":\"Home\",\"item\":\"https:\\\/\\\/www.conveniosocial.com.br\\\/blog\\\/\"},{\"@type\":\"ListItem\",\"position\":2,\"name\":\"Dermatologia\",\"item\":\"https:\\\/\\\/www.conveniosocial.com.br\\\/blog\\\/dermatologia-consultorios-e-clinicas\\\/\"},{\"@type\":\"ListItem\",\"position\":3,\"name\":\"Cl\u00ednica de Dermatologia em Serra &#8211; Arnaldo Jose de Conto Filho\"}]},{\"@type\":\"WebSite\",\"@id\":\"https:\\\/\\\/www.conveniosocial.com.br\\\/blog\\\/#website\",\"url\":\"https:\\\/\\\/www.conveniosocial.com.br\\\/blog\\\/\",\"name\":\"Conv\u00eanio Social\",\"description\":\"Informa\u00e7\u00f5es de Sa\u00fade e Bem-estar, Consultas e Exames Popular\",\"publisher\":{\"@id\":\"https:\\\/\\\/www.conveniosocial.com.br\\\/blog\\\/#organization\"},\"potentialAction\":[{\"@type\":\"SearchAction\",\"target\":{\"@type\":\"EntryPoint\",\"urlTemplate\":\"https:\\\/\\\/www.conveniosocial.com.br\\\/blog\\\/?s={search_term_string}\"},\"query-input\":{\"@type\":\"PropertyValueSpecification\",\"valueRequired\":true,\"valueName\":\"search_term_string\"}}],\"inLanguage\":\"pt-BR\"},{\"@type\":\"Organization\",\"@id\":\"https:\\\/\\\/www.conveniosocial.com.br\\\/blog\\\/#organization\",\"name\":\"Conv\u00eanio Social\",\"url\":\"https:\\\/\\\/www.conveniosocial.com.br\\\/blog\\\/\",\"logo\":{\"@type\":\"ImageObject\",\"inLanguage\":\"pt-BR\",\"@id\":\"https:\\\/\\\/www.conveniosocial.com.br\\\/blog\\\/#\\\/schema\\\/logo\\\/image\\\/\",\"url\":\"https:\\\/\\\/www.conveniosocial.com.br\\\/blog\\\/wp-content\\\/uploads\\\/2021\\\/11\\\/novo_logo-convenio-socia-digital.png\",\"contentUrl\":\"https:\\\/\\\/www.conveniosocial.com.br\\\/blog\\\/wp-content\\\/uploads\\\/2021\\\/11\\\/novo_logo-convenio-socia-digital.png\",\"width\":400,\"height\":102,\"caption\":\"Conv\u00eanio Social\"},\"image\":{\"@id\":\"https:\\\/\\\/www.conveniosocial.com.br\\\/blog\\\/#\\\/schema\\\/logo\\\/image\\\/\"}}]}<\/script>\n<!-- \/ Yoast SEO Premium plugin. -->","yoast_head_json":{"title":"Cl\u00ednica de Dermatologia em Serra - Arnaldo Jose de Conto Filho - Conv\u00eanio Social","robots":{"index":"index","follow":"follow","max-snippet":"max-snippet:-1","max-image-preview":"max-image-preview:large","max-video-preview":"max-video-preview:-1"},"canonical":"https:\/\/www.conveniosocial.com.br\/blog\/dermatologia-consultorios-e-clinicas\/clinica-de-dermatologia-em-serra-arnaldo-jose-de-conto-filho\/","og_locale":"pt_BR","og_type":"article","og_title":"Cl\u00ednica de Dermatologia em Serra - Arnaldo Jose de Conto Filho","og_description":"Cl\u00ednica de Dermatologia em Serra - Arnaldo Jose de Conto Filho A Cl\u00ednica Arnaldo Jose de Conto Filho, localizada no cora\u00e7\u00e3o de Serra, ES, no bairro Civit II, \u00e9 um espa\u00e7o dedicado \u00e0 sa\u00fade e bem-estar dos pacientes, com um foco especial em dermatologia. Sob a responsabilidade do Dr. Arnaldo Jose de Conto Filho, um [&hellip;]","og_url":"https:\/\/www.conveniosocial.com.br\/blog\/dermatologia-consultorios-e-clinicas\/clinica-de-dermatologia-em-serra-arnaldo-jose-de-conto-filho\/","og_site_name":"Conv\u00eanio Social","article_published_time":"2026-05-01T00:01:12+00:00","twitter_card":"summary_large_image","twitter_misc":{"Est. tempo de leitura":"3 minutos"},"schema":{"@context":"https:\/\/schema.org","@graph":[{"@type":"Article","@id":"https:\/\/www.conveniosocial.com.br\/blog\/dermatologia-consultorios-e-clinicas\/clinica-de-dermatologia-em-serra-arnaldo-jose-de-conto-filho\/#article","isPartOf":{"@id":"https:\/\/www.conveniosocial.com.br\/blog\/dermatologia-consultorios-e-clinicas\/clinica-de-dermatologia-em-serra-arnaldo-jose-de-conto-filho\/"},"author":{"name":"","@id":""},"headline":"Cl\u00ednica de Dermatologia em Serra &#8211; Arnaldo Jose de Conto Filho","datePublished":"2026-05-01T00:01:12+00:00","mainEntityOfPage":{"@id":"https:\/\/www.conveniosocial.com.br\/blog\/dermatologia-consultorios-e-clinicas\/clinica-de-dermatologia-em-serra-arnaldo-jose-de-conto-filho\/"},"wordCount":637,"commentCount":0,"publisher":{"@id":"https:\/\/www.conveniosocial.com.br\/blog\/#organization"},"articleSection":["Dermatologia","Exames Cl\u00ednicos","Sa\u00fade Integrativa"],"inLanguage":"pt-BR"},{"@type":"WebPage","@id":"https:\/\/www.conveniosocial.com.br\/blog\/dermatologia-consultorios-e-clinicas\/clinica-de-dermatologia-em-serra-arnaldo-jose-de-conto-filho\/","url":"https:\/\/www.conveniosocial.com.br\/blog\/dermatologia-consultorios-e-clinicas\/clinica-de-dermatologia-em-serra-arnaldo-jose-de-conto-filho\/","name":"Cl\u00ednica de Dermatologia em Serra - Arnaldo Jose de Conto Filho - Conv\u00eanio Social","isPartOf":{"@id":"https:\/\/www.conveniosocial.com.br\/blog\/#website"},"datePublished":"2026-05-01T00:01:12+00:00","breadcrumb":{"@id":"https:\/\/www.conveniosocial.com.br\/blog\/dermatologia-consultorios-e-clinicas\/clinica-de-dermatologia-em-serra-arnaldo-jose-de-conto-filho\/#breadcrumb"},"inLanguage":"pt-BR","potentialAction":[{"@type":"ReadAction","target":["https:\/\/www.conveniosocial.com.br\/blog\/dermatologia-consultorios-e-clinicas\/clinica-de-dermatologia-em-serra-arnaldo-jose-de-conto-filho\/"]}]},{"@type":"BreadcrumbList","@id":"https:\/\/www.conveniosocial.com.br\/blog\/dermatologia-consultorios-e-clinicas\/clinica-de-dermatologia-em-serra-arnaldo-jose-de-conto-filho\/#breadcrumb","itemListElement":[{"@type":"ListItem","position":1,"name":"Home","item":"https:\/\/www.conveniosocial.com.br\/blog\/"},{"@type":"ListItem","position":2,"name":"Dermatologia","item":"https:\/\/www.conveniosocial.com.br\/blog\/dermatologia-consultorios-e-clinicas\/"},{"@type":"ListItem","position":3,"name":"Cl\u00ednica de Dermatologia em Serra &#8211; Arnaldo Jose de Conto Filho"}]},{"@type":"WebSite","@id":"https:\/\/www.conveniosocial.com.br\/blog\/#website","url":"https:\/\/www.conveniosocial.com.br\/blog\/","name":"Conv\u00eanio Social","description":"Informa\u00e7\u00f5es de Sa\u00fade e Bem-estar, Consultas e Exames Popular","publisher":{"@id":"https:\/\/www.conveniosocial.com.br\/blog\/#organization"},"potentialAction":[{"@type":"SearchAction","target":{"@type":"EntryPoint","urlTemplate":"https:\/\/www.conveniosocial.com.br\/blog\/?s={search_term_string}"},"query-input":{"@type":"PropertyValueSpecification","valueRequired":true,"valueName":"search_term_string"}}],"inLanguage":"pt-BR"},{"@type":"Organization","@id":"https:\/\/www.conveniosocial.com.br\/blog\/#organization","name":"Conv\u00eanio Social","url":"https:\/\/www.conveniosocial.com.br\/blog\/","logo":{"@type":"ImageObject","inLanguage":"pt-BR","@id":"https:\/\/www.conveniosocial.com.br\/blog\/#\/schema\/logo\/image\/","url":"https:\/\/www.conveniosocial.com.br\/blog\/wp-content\/uploads\/2021\/11\/novo_logo-convenio-socia-digital.png","contentUrl":"https:\/\/www.conveniosocial.com.br\/blog\/wp-content\/uploads\/2021\/11\/novo_logo-convenio-socia-digital.png","width":400,"height":102,"caption":"Conv\u00eanio Social"},"image":{"@id":"https:\/\/www.conveniosocial.com.br\/blog\/#\/schema\/logo\/image\/"}}]}},"_links":{"self":[{"href":"https:\/\/www.conveniosocial.com.br\/blog\/wp-json\/wp\/v2\/posts\/154051","targetHints":{"allow":["GET"]}}],"collection":[{"href":"https:\/\/www.conveniosocial.com.br\/blog\/wp-json\/wp\/v2\/posts"}],"about":[{"href":"https:\/\/www.conveniosocial.com.br\/blog\/wp-json\/wp\/v2\/types\/post"}],"replies":[{"embeddable":true,"href":"https:\/\/www.conveniosocial.com.br\/blog\/wp-json\/wp\/v2\/comments?post=154051"}],"version-history":[{"count":0,"href":"https:\/\/www.conveniosocial.com.br\/blog\/wp-json\/wp\/v2\/posts\/154051\/revisions"}],"wp:attachment":[{"href":"https:\/\/www.conveniosocial.com.br\/blog\/wp-json\/wp\/v2\/media?parent=154051"}],"wp:term":[{"taxonomy":"category","embeddable":true,"href":"https:\/\/www.conveniosocial.com.br\/blog\/wp-json\/wp\/v2\/categories?post=154051"},{"taxonomy":"post_tag","embeddable":true,"href":"https:\/\/www.conveniosocial.com.br\/blog\/wp-json\/wp\/v2\/tags?post=154051"}],"curies":[{"name":"wp","href":"https:\/\/api.w.org\/{rel}","templated":true}]}}