{"id":154054,"date":"2026-04-30T21:01:12","date_gmt":"2026-05-01T00:01:12","guid":{"rendered":"https:\/\/www.conveniosocial.com.br\/blog\/nehuma\/clinica-de-dermatologia-em-serra-arnaldo-jose-de-conto-filho-2\/"},"modified":"2026-04-30T21:01:12","modified_gmt":"2026-05-01T00:01:12","slug":"clinica-de-dermatologia-em-serra-arnaldo-jose-de-conto-filho-2","status":"publish","type":"post","link":"https:\/\/www.conveniosocial.com.br\/blog\/dermatologia-consultorios-e-clinicas\/clinica-de-dermatologia-em-serra-arnaldo-jose-de-conto-filho-2\/","title":{"rendered":"Cl\u00ednica de Dermatologia em Serra &#8211; Arnaldo Jose de Conto Filho"},"content":{"rendered":"<div id=\"ez-toc-container\" class=\"ez-toc-v2_0_82_2 counter-flat ez-toc-counter ez-toc-white ez-toc-container-direction\">\n<p class=\"ez-toc-title\" style=\"cursor:inherit\">\u00cdndice do Conte\u00fado<\/p>\n<label for=\"ez-toc-cssicon-toggle-item-69f43dc48a662\" class=\"ez-toc-cssicon-toggle-label\"><span class=\"ez-toc-cssicon\"><span class=\"eztoc-hide\" style=\"display:none;\">Toggle<\/span><span class=\"ez-toc-icon-toggle-span\"><svg style=\"fill: #999;color:#999\" xmlns=\"http:\/\/www.w3.org\/2000\/svg\" class=\"list-377408\" width=\"20px\" height=\"20px\" viewBox=\"0 0 24 24\" fill=\"none\"><path d=\"M6 6H4v2h2V6zm14 0H8v2h12V6zM4 11h2v2H4v-2zm16 0H8v2h12v-2zM4 16h2v2H4v-2zm16 0H8v2h12v-2z\" fill=\"currentColor\"><\/path><\/svg><svg style=\"fill: #999;color:#999\" class=\"arrow-unsorted-368013\" xmlns=\"http:\/\/www.w3.org\/2000\/svg\" width=\"10px\" height=\"10px\" viewBox=\"0 0 24 24\" version=\"1.2\" baseProfile=\"tiny\"><path d=\"M18.2 9.3l-6.2-6.3-6.2 6.3c-.2.2-.3.4-.3.7s.1.5.3.7c.2.2.4.3.7.3h11c.3 0 .5-.1.7-.3.2-.2.3-.5.3-.7s-.1-.5-.3-.7zM5.8 14.7l6.2 6.3 6.2-6.3c.2-.2.3-.5.3-.7s-.1-.5-.3-.7c-.2-.2-.4-.3-.7-.3h-11c-.3 0-.5.1-.7.3-.2.2-.3.5-.3.7s.1.5.3.7z\"\/><\/svg><\/span><\/span><\/label><input type=\"checkbox\"  id=\"ez-toc-cssicon-toggle-item-69f43dc48a662\" checked aria-label=\"Alternar\" \/><nav><ul class='ez-toc-list ez-toc-list-level-1 ' ><li class='ez-toc-page-1'><a class=\"ez-toc-link ez-toc-heading-1\" href=\"https:\/\/www.conveniosocial.com.br\/blog\/dermatologia-consultorios-e-clinicas\/clinica-de-dermatologia-em-serra-arnaldo-jose-de-conto-filho-2\/#Clinica_de_Dermatologia_em_Serra_%E2%80%93_Arnaldo_Jose_de_Conto_Filho\" >Cl\u00ednica de Dermatologia em Serra &#8211; Arnaldo Jose de Conto Filho<\/a><\/li><li class='ez-toc-page-1'><a class=\"ez-toc-link ez-toc-heading-2\" href=\"https:\/\/www.conveniosocial.com.br\/blog\/dermatologia-consultorios-e-clinicas\/clinica-de-dermatologia-em-serra-arnaldo-jose-de-conto-filho-2\/#Perguntas_Frequentes\" >Perguntas Frequentes<\/a><\/li><li class='ez-toc-page-1'><a class=\"ez-toc-link ez-toc-heading-3\" href=\"https:\/\/www.conveniosocial.com.br\/blog\/dermatologia-consultorios-e-clinicas\/clinica-de-dermatologia-em-serra-arnaldo-jose-de-conto-filho-2\/#Contato\" >Contato<\/a><\/li><\/ul><\/nav><\/div>\n<h2><span class=\"ez-toc-section\" id=\"Clinica_de_Dermatologia_em_Serra_%E2%80%93_Arnaldo_Jose_de_Conto_Filho\"><\/span>Cl\u00ednica de Dermatologia em Serra &#8211; Arnaldo Jose de Conto Filho<span class=\"ez-toc-section-end\"><\/span><\/h2>\n<p>A Cl\u00ednica Arnaldo Jose de Conto Filho, localizada no bairro Parque Res. Laranjeiras em Serra, ES, oferece um atendimento humanizado e especializado na \u00e1rea de dermatologia. Sob a responsabilidade do Dr. Arnaldo Jose de Conto Filho, CRM ES 17441, os pacientes podem contar com uma experi\u00eancia acolhedora e profissional, garantindo cuidados de sa\u00fade de qualidade. O hor\u00e1rio de funcionamento da cl\u00ednica \u00e9 de segunda a sexta, das 08:00 \u00e0s 18:00 horas, proporcionando flexibilidade para aqueles que buscam atendimento em um hor\u00e1rio conveniente.<\/p>\n<p>A cl\u00ednica se destaca pelo seu compromisso com a sa\u00fade e bem-estar dos pacientes, oferecendo servi\u00e7os de dermatologia com um valor acess\u00edvel de R$150,00. Al\u00e9m disso, a cl\u00ednica realiza exames cl\u00ednicos gerais, permitindo um acompanhamento integral da sa\u00fade dos pacientes. A especialidade em dermatologia abrange desde consultas de rotina, tratamentos est\u00e9ticos, at\u00e9 cuidados com doen\u00e7as de pele, sempre com um olhar atento \u00e0s necessidades individuais de cada paciente.<\/p>\n<p>Localizada em uma regi\u00e3o de f\u00e1cil acesso, a cl\u00ednica est\u00e1 perto de diversos bairros como Jardim Limoeiro, Laranjeiras, Alterosas, Jardim Tropical, Civit, Castelandia e Barcelona, facilitando o deslocamento dos moradores da Serra e arredores. Com um ambiente acolhedor e uma equipe dedicada, a Cl\u00ednica Arnaldo Jose de Conto Filho se esfor\u00e7a para garantir que cada visita seja uma experi\u00eancia positiva.<\/p>\n<p>Embora a cl\u00ednica n\u00e3o tenha conv\u00eanios fixos, os atendimentos s\u00e3o realizados sob consulta, proporcionando flexibilidade para quem busca cuidados de sa\u00fade. Para agendar uma consulta, os pacientes podem entrar em contato pelo telefone (27) 3064-9099. A cl\u00ednica tamb\u00e9m est\u00e1 em busca de se modernizar e ampliar sua presen\u00e7a digital, o que pode incluir a cria\u00e7\u00e3o de um site informativo e a presen\u00e7a em redes sociais, como Instagram, para manter os pacientes atualizados sobre novidades e dicas de sa\u00fade.<\/p>\n<p>Com um foco em bem-estar e sa\u00fade integral, a Cl\u00ednica Arnaldo Jose de Conto Filho est\u00e1 pronta para atender suas necessidades dermatol\u00f3gicas de maneira eficaz e humanizada. Nossos pacientes s\u00e3o sempre bem-vindos, e nossa miss\u00e3o \u00e9 proporcionar um atendimento que n\u00e3o apenas trate, mas tamb\u00e9m previna e eduque sobre sa\u00fade da pele. Venha nos visitar e descubra como podemos ajudar voc\u00ea a alcan\u00e7ar uma pele saud\u00e1vel e bonita.<\/p>\n<h3><span class=\"ez-toc-section\" id=\"Perguntas_Frequentes\"><\/span>Perguntas Frequentes<span class=\"ez-toc-section-end\"><\/span><\/h3>\n<p>P: Quais servi\u00e7os a cl\u00ednica oferece?<br \/>\nR: A cl\u00ednica oferece servi\u00e7os de dermatologia e exames cl\u00ednicos gerais.<\/p>\n<p>P: Qual o hor\u00e1rio de funcionamento?<br \/>\nR: A cl\u00ednica funciona de segunda a sexta, das 08:00 \u00e0s 18:00 horas.<\/p>\n<p>P: Qual o valor da consulta de dermatologia?<br \/>\nR: O valor da consulta de dermatologia \u00e9 R$150,00.<\/p>\n<p>P: A cl\u00ednica aceita conv\u00eanios?<br \/>\nR: A cl\u00ednica realiza atendimentos sob consulta, sem conv\u00eanios fixos.<\/p>\n<p>P: Como posso agendar uma consulta?<br \/>\nR: Voc\u00ea pode agendar uma consulta pelo telefone (27) 3064-9099.<\/p>\n<p>P: Onde a cl\u00ednica est\u00e1 localizada?<br \/>\nR: A cl\u00ednica est\u00e1 localizada no bairro Parque Res. Laranjeiras, em Serra, ES.<\/p>\n<p>P: Quais bairros pr\u00f3ximos podem acessar a cl\u00ednica facilmente?<br \/>\nR: Bairros pr\u00f3ximos incluem Jardim Limoeiro, Laranjeiras, Alterosas, Jardim Tropical, Civit, Castelandia e Barcelona.<\/p>\n<p>P: Quem \u00e9 o respons\u00e1vel t\u00e9cnico da cl\u00ednica?<br \/>\nR: O respons\u00e1vel t\u00e9cnico da cl\u00ednica \u00e9 o Dr. Arnaldo Jose de Conto Filho, CRM ES 17441.<\/p>\n<p>P: A cl\u00ednica oferece algum tipo de acompanhamento?<br \/>\nR: Sim, a cl\u00ednica oferece acompanhamento integral da sa\u00fade dos pacientes.<\/p>\n<p>P: A cl\u00ednica tem redes sociais?<br \/>\nR: A cl\u00ednica est\u00e1 planejando criar presen\u00e7a em redes sociais como Instagram para comunica\u00e7\u00e3o com os pacientes.<\/p>\n<h3><span class=\"ez-toc-section\" id=\"Contato\"><\/span>Contato<span class=\"ez-toc-section-end\"><\/span><\/h3>\n<p><strong>Tel.:  | <\/strong><br \/>\n<strong>WhatsApp: &#8211; <\/strong><\/p>\n","protected":false},"excerpt":{"rendered":"<p>Cl\u00ednica de Dermatologia em Serra &#8211; Arnaldo Jose de Conto Filho A Cl\u00ednica Arnaldo Jose de Conto Filho, localizada no bairro Parque Res. Laranjeiras em Serra, ES, oferece um atendimento humanizado e especializado na \u00e1rea de dermatologia. Sob a responsabilidade do Dr. Arnaldo Jose de Conto Filho, CRM ES 17441, os pacientes podem contar com [&hellip;]<\/p>\n","protected":false},"author":0,"featured_media":0,"comment_status":"open","ping_status":"open","sticky":false,"template":"","format":"standard","meta":{"_et_pb_use_builder":"o","_et_pb_old_content":"","_et_gb_content_width":"","footnotes":""},"categories":[722,1388,1676],"tags":[],"class_list":["post-154054","post","type-post","status-publish","format-standard","hentry","category-dermatologia-consultorios-e-clinicas","category-exames-clinicos","category-saude-integral"],"yoast_head":"<!-- This site is optimized with the Yoast SEO Premium plugin v21.3 (Yoast SEO v27.5) - https:\/\/yoast.com\/product\/yoast-seo-premium-wordpress\/ -->\n<title>Cl\u00ednica de Dermatologia em Serra - Arnaldo Jose de Conto Filho - Conv\u00eanio Social<\/title>\n<meta name=\"robots\" content=\"index, follow, max-snippet:-1, max-image-preview:large, max-video-preview:-1\" \/>\n<link rel=\"canonical\" href=\"https:\/\/www.conveniosocial.com.br\/blog\/dermatologia-consultorios-e-clinicas\/clinica-de-dermatologia-em-serra-arnaldo-jose-de-conto-filho-2\/\" \/>\n<meta property=\"og:locale\" content=\"pt_BR\" \/>\n<meta property=\"og:type\" content=\"article\" \/>\n<meta property=\"og:title\" content=\"Cl\u00ednica de Dermatologia em Serra - Arnaldo Jose de Conto Filho\" \/>\n<meta property=\"og:description\" content=\"Cl\u00ednica de Dermatologia em Serra - Arnaldo Jose de Conto Filho A Cl\u00ednica Arnaldo Jose de Conto Filho, localizada no bairro Parque Res. Laranjeiras em Serra, ES, oferece um atendimento humanizado e especializado na \u00e1rea de dermatologia. Sob a responsabilidade do Dr. Arnaldo Jose de Conto Filho, CRM ES 17441, os pacientes podem contar com [&hellip;]\" \/>\n<meta property=\"og:url\" content=\"https:\/\/www.conveniosocial.com.br\/blog\/dermatologia-consultorios-e-clinicas\/clinica-de-dermatologia-em-serra-arnaldo-jose-de-conto-filho-2\/\" \/>\n<meta property=\"og:site_name\" content=\"Conv\u00eanio Social\" \/>\n<meta property=\"article:published_time\" content=\"2026-05-01T00:01:12+00:00\" \/>\n<meta name=\"twitter:card\" content=\"summary_large_image\" \/>\n<meta name=\"twitter:label1\" content=\"Est. tempo de leitura\" \/>\n\t<meta name=\"twitter:data1\" content=\"3 minutos\" \/>\n<script type=\"application\/ld+json\" class=\"yoast-schema-graph\">{\"@context\":\"https:\\\/\\\/schema.org\",\"@graph\":[{\"@type\":\"Article\",\"@id\":\"https:\\\/\\\/www.conveniosocial.com.br\\\/blog\\\/dermatologia-consultorios-e-clinicas\\\/clinica-de-dermatologia-em-serra-arnaldo-jose-de-conto-filho-2\\\/#article\",\"isPartOf\":{\"@id\":\"https:\\\/\\\/www.conveniosocial.com.br\\\/blog\\\/dermatologia-consultorios-e-clinicas\\\/clinica-de-dermatologia-em-serra-arnaldo-jose-de-conto-filho-2\\\/\"},\"author\":{\"name\":\"\",\"@id\":\"\"},\"headline\":\"Cl\u00ednica de Dermatologia em Serra &#8211; Arnaldo Jose de Conto Filho\",\"datePublished\":\"2026-05-01T00:01:12+00:00\",\"mainEntityOfPage\":{\"@id\":\"https:\\\/\\\/www.conveniosocial.com.br\\\/blog\\\/dermatologia-consultorios-e-clinicas\\\/clinica-de-dermatologia-em-serra-arnaldo-jose-de-conto-filho-2\\\/\"},\"wordCount\":637,\"commentCount\":0,\"publisher\":{\"@id\":\"https:\\\/\\\/www.conveniosocial.com.br\\\/blog\\\/#organization\"},\"articleSection\":[\"Dermatologia\",\"Exames Cl\u00ednicos\",\"Sa\u00fade Integral\"],\"inLanguage\":\"pt-BR\"},{\"@type\":\"WebPage\",\"@id\":\"https:\\\/\\\/www.conveniosocial.com.br\\\/blog\\\/dermatologia-consultorios-e-clinicas\\\/clinica-de-dermatologia-em-serra-arnaldo-jose-de-conto-filho-2\\\/\",\"url\":\"https:\\\/\\\/www.conveniosocial.com.br\\\/blog\\\/dermatologia-consultorios-e-clinicas\\\/clinica-de-dermatologia-em-serra-arnaldo-jose-de-conto-filho-2\\\/\",\"name\":\"Cl\u00ednica de Dermatologia em Serra - Arnaldo Jose de Conto Filho - Conv\u00eanio Social\",\"isPartOf\":{\"@id\":\"https:\\\/\\\/www.conveniosocial.com.br\\\/blog\\\/#website\"},\"datePublished\":\"2026-05-01T00:01:12+00:00\",\"breadcrumb\":{\"@id\":\"https:\\\/\\\/www.conveniosocial.com.br\\\/blog\\\/dermatologia-consultorios-e-clinicas\\\/clinica-de-dermatologia-em-serra-arnaldo-jose-de-conto-filho-2\\\/#breadcrumb\"},\"inLanguage\":\"pt-BR\",\"potentialAction\":[{\"@type\":\"ReadAction\",\"target\":[\"https:\\\/\\\/www.conveniosocial.com.br\\\/blog\\\/dermatologia-consultorios-e-clinicas\\\/clinica-de-dermatologia-em-serra-arnaldo-jose-de-conto-filho-2\\\/\"]}]},{\"@type\":\"BreadcrumbList\",\"@id\":\"https:\\\/\\\/www.conveniosocial.com.br\\\/blog\\\/dermatologia-consultorios-e-clinicas\\\/clinica-de-dermatologia-em-serra-arnaldo-jose-de-conto-filho-2\\\/#breadcrumb\",\"itemListElement\":[{\"@type\":\"ListItem\",\"position\":1,\"name\":\"Home\",\"item\":\"https:\\\/\\\/www.conveniosocial.com.br\\\/blog\\\/\"},{\"@type\":\"ListItem\",\"position\":2,\"name\":\"Dermatologia\",\"item\":\"https:\\\/\\\/www.conveniosocial.com.br\\\/blog\\\/dermatologia-consultorios-e-clinicas\\\/\"},{\"@type\":\"ListItem\",\"position\":3,\"name\":\"Cl\u00ednica de Dermatologia em Serra &#8211; Arnaldo Jose de Conto Filho\"}]},{\"@type\":\"WebSite\",\"@id\":\"https:\\\/\\\/www.conveniosocial.com.br\\\/blog\\\/#website\",\"url\":\"https:\\\/\\\/www.conveniosocial.com.br\\\/blog\\\/\",\"name\":\"Conv\u00eanio Social\",\"description\":\"Informa\u00e7\u00f5es de Sa\u00fade e Bem-estar, Consultas e Exames Popular\",\"publisher\":{\"@id\":\"https:\\\/\\\/www.conveniosocial.com.br\\\/blog\\\/#organization\"},\"potentialAction\":[{\"@type\":\"SearchAction\",\"target\":{\"@type\":\"EntryPoint\",\"urlTemplate\":\"https:\\\/\\\/www.conveniosocial.com.br\\\/blog\\\/?s={search_term_string}\"},\"query-input\":{\"@type\":\"PropertyValueSpecification\",\"valueRequired\":true,\"valueName\":\"search_term_string\"}}],\"inLanguage\":\"pt-BR\"},{\"@type\":\"Organization\",\"@id\":\"https:\\\/\\\/www.conveniosocial.com.br\\\/blog\\\/#organization\",\"name\":\"Conv\u00eanio Social\",\"url\":\"https:\\\/\\\/www.conveniosocial.com.br\\\/blog\\\/\",\"logo\":{\"@type\":\"ImageObject\",\"inLanguage\":\"pt-BR\",\"@id\":\"https:\\\/\\\/www.conveniosocial.com.br\\\/blog\\\/#\\\/schema\\\/logo\\\/image\\\/\",\"url\":\"https:\\\/\\\/www.conveniosocial.com.br\\\/blog\\\/wp-content\\\/uploads\\\/2021\\\/11\\\/novo_logo-convenio-socia-digital.png\",\"contentUrl\":\"https:\\\/\\\/www.conveniosocial.com.br\\\/blog\\\/wp-content\\\/uploads\\\/2021\\\/11\\\/novo_logo-convenio-socia-digital.png\",\"width\":400,\"height\":102,\"caption\":\"Conv\u00eanio Social\"},\"image\":{\"@id\":\"https:\\\/\\\/www.conveniosocial.com.br\\\/blog\\\/#\\\/schema\\\/logo\\\/image\\\/\"}}]}<\/script>\n<!-- \/ Yoast SEO Premium plugin. -->","yoast_head_json":{"title":"Cl\u00ednica de Dermatologia em Serra - Arnaldo Jose de Conto Filho - Conv\u00eanio Social","robots":{"index":"index","follow":"follow","max-snippet":"max-snippet:-1","max-image-preview":"max-image-preview:large","max-video-preview":"max-video-preview:-1"},"canonical":"https:\/\/www.conveniosocial.com.br\/blog\/dermatologia-consultorios-e-clinicas\/clinica-de-dermatologia-em-serra-arnaldo-jose-de-conto-filho-2\/","og_locale":"pt_BR","og_type":"article","og_title":"Cl\u00ednica de Dermatologia em Serra - Arnaldo Jose de Conto Filho","og_description":"Cl\u00ednica de Dermatologia em Serra - Arnaldo Jose de Conto Filho A Cl\u00ednica Arnaldo Jose de Conto Filho, localizada no bairro Parque Res. Laranjeiras em Serra, ES, oferece um atendimento humanizado e especializado na \u00e1rea de dermatologia. Sob a responsabilidade do Dr. Arnaldo Jose de Conto Filho, CRM ES 17441, os pacientes podem contar com [&hellip;]","og_url":"https:\/\/www.conveniosocial.com.br\/blog\/dermatologia-consultorios-e-clinicas\/clinica-de-dermatologia-em-serra-arnaldo-jose-de-conto-filho-2\/","og_site_name":"Conv\u00eanio Social","article_published_time":"2026-05-01T00:01:12+00:00","twitter_card":"summary_large_image","twitter_misc":{"Est. tempo de leitura":"3 minutos"},"schema":{"@context":"https:\/\/schema.org","@graph":[{"@type":"Article","@id":"https:\/\/www.conveniosocial.com.br\/blog\/dermatologia-consultorios-e-clinicas\/clinica-de-dermatologia-em-serra-arnaldo-jose-de-conto-filho-2\/#article","isPartOf":{"@id":"https:\/\/www.conveniosocial.com.br\/blog\/dermatologia-consultorios-e-clinicas\/clinica-de-dermatologia-em-serra-arnaldo-jose-de-conto-filho-2\/"},"author":{"name":"","@id":""},"headline":"Cl\u00ednica de Dermatologia em Serra &#8211; Arnaldo Jose de Conto Filho","datePublished":"2026-05-01T00:01:12+00:00","mainEntityOfPage":{"@id":"https:\/\/www.conveniosocial.com.br\/blog\/dermatologia-consultorios-e-clinicas\/clinica-de-dermatologia-em-serra-arnaldo-jose-de-conto-filho-2\/"},"wordCount":637,"commentCount":0,"publisher":{"@id":"https:\/\/www.conveniosocial.com.br\/blog\/#organization"},"articleSection":["Dermatologia","Exames Cl\u00ednicos","Sa\u00fade Integral"],"inLanguage":"pt-BR"},{"@type":"WebPage","@id":"https:\/\/www.conveniosocial.com.br\/blog\/dermatologia-consultorios-e-clinicas\/clinica-de-dermatologia-em-serra-arnaldo-jose-de-conto-filho-2\/","url":"https:\/\/www.conveniosocial.com.br\/blog\/dermatologia-consultorios-e-clinicas\/clinica-de-dermatologia-em-serra-arnaldo-jose-de-conto-filho-2\/","name":"Cl\u00ednica de Dermatologia em Serra - Arnaldo Jose de Conto Filho - Conv\u00eanio Social","isPartOf":{"@id":"https:\/\/www.conveniosocial.com.br\/blog\/#website"},"datePublished":"2026-05-01T00:01:12+00:00","breadcrumb":{"@id":"https:\/\/www.conveniosocial.com.br\/blog\/dermatologia-consultorios-e-clinicas\/clinica-de-dermatologia-em-serra-arnaldo-jose-de-conto-filho-2\/#breadcrumb"},"inLanguage":"pt-BR","potentialAction":[{"@type":"ReadAction","target":["https:\/\/www.conveniosocial.com.br\/blog\/dermatologia-consultorios-e-clinicas\/clinica-de-dermatologia-em-serra-arnaldo-jose-de-conto-filho-2\/"]}]},{"@type":"BreadcrumbList","@id":"https:\/\/www.conveniosocial.com.br\/blog\/dermatologia-consultorios-e-clinicas\/clinica-de-dermatologia-em-serra-arnaldo-jose-de-conto-filho-2\/#breadcrumb","itemListElement":[{"@type":"ListItem","position":1,"name":"Home","item":"https:\/\/www.conveniosocial.com.br\/blog\/"},{"@type":"ListItem","position":2,"name":"Dermatologia","item":"https:\/\/www.conveniosocial.com.br\/blog\/dermatologia-consultorios-e-clinicas\/"},{"@type":"ListItem","position":3,"name":"Cl\u00ednica de Dermatologia em Serra &#8211; Arnaldo Jose de Conto Filho"}]},{"@type":"WebSite","@id":"https:\/\/www.conveniosocial.com.br\/blog\/#website","url":"https:\/\/www.conveniosocial.com.br\/blog\/","name":"Conv\u00eanio Social","description":"Informa\u00e7\u00f5es de Sa\u00fade e Bem-estar, Consultas e Exames Popular","publisher":{"@id":"https:\/\/www.conveniosocial.com.br\/blog\/#organization"},"potentialAction":[{"@type":"SearchAction","target":{"@type":"EntryPoint","urlTemplate":"https:\/\/www.conveniosocial.com.br\/blog\/?s={search_term_string}"},"query-input":{"@type":"PropertyValueSpecification","valueRequired":true,"valueName":"search_term_string"}}],"inLanguage":"pt-BR"},{"@type":"Organization","@id":"https:\/\/www.conveniosocial.com.br\/blog\/#organization","name":"Conv\u00eanio Social","url":"https:\/\/www.conveniosocial.com.br\/blog\/","logo":{"@type":"ImageObject","inLanguage":"pt-BR","@id":"https:\/\/www.conveniosocial.com.br\/blog\/#\/schema\/logo\/image\/","url":"https:\/\/www.conveniosocial.com.br\/blog\/wp-content\/uploads\/2021\/11\/novo_logo-convenio-socia-digital.png","contentUrl":"https:\/\/www.conveniosocial.com.br\/blog\/wp-content\/uploads\/2021\/11\/novo_logo-convenio-socia-digital.png","width":400,"height":102,"caption":"Conv\u00eanio Social"},"image":{"@id":"https:\/\/www.conveniosocial.com.br\/blog\/#\/schema\/logo\/image\/"}}]}},"_links":{"self":[{"href":"https:\/\/www.conveniosocial.com.br\/blog\/wp-json\/wp\/v2\/posts\/154054","targetHints":{"allow":["GET"]}}],"collection":[{"href":"https:\/\/www.conveniosocial.com.br\/blog\/wp-json\/wp\/v2\/posts"}],"about":[{"href":"https:\/\/www.conveniosocial.com.br\/blog\/wp-json\/wp\/v2\/types\/post"}],"replies":[{"embeddable":true,"href":"https:\/\/www.conveniosocial.com.br\/blog\/wp-json\/wp\/v2\/comments?post=154054"}],"version-history":[{"count":0,"href":"https:\/\/www.conveniosocial.com.br\/blog\/wp-json\/wp\/v2\/posts\/154054\/revisions"}],"wp:attachment":[{"href":"https:\/\/www.conveniosocial.com.br\/blog\/wp-json\/wp\/v2\/media?parent=154054"}],"wp:term":[{"taxonomy":"category","embeddable":true,"href":"https:\/\/www.conveniosocial.com.br\/blog\/wp-json\/wp\/v2\/categories?post=154054"},{"taxonomy":"post_tag","embeddable":true,"href":"https:\/\/www.conveniosocial.com.br\/blog\/wp-json\/wp\/v2\/tags?post=154054"}],"curies":[{"name":"wp","href":"https:\/\/api.w.org\/{rel}","templated":true}]}}