{"id":154055,"date":"2026-04-30T21:01:12","date_gmt":"2026-05-01T00:01:12","guid":{"rendered":"https:\/\/www.conveniosocial.com.br\/blog\/nehuma\/consulta-santarem-cuidado-e-acolhimento-em-saude\/"},"modified":"2026-04-30T21:01:12","modified_gmt":"2026-05-01T00:01:12","slug":"consulta-santarem-cuidado-e-acolhimento-em-saude","status":"publish","type":"post","link":"https:\/\/www.conveniosocial.com.br\/blog\/atendimento-humanizado\/consulta-santarem-cuidado-e-acolhimento-em-saude\/","title":{"rendered":"Consulta Santar\u00e9m: Cuidado e Acolhimento em Sa\u00fade"},"content":{"rendered":"<div id=\"ez-toc-container\" class=\"ez-toc-v2_0_82_2 counter-flat ez-toc-counter ez-toc-white ez-toc-container-direction\">\n<p class=\"ez-toc-title\" style=\"cursor:inherit\">\u00cdndice do Conte\u00fado<\/p>\n<label for=\"ez-toc-cssicon-toggle-item-69f43db91ecd7\" class=\"ez-toc-cssicon-toggle-label\"><span class=\"ez-toc-cssicon\"><span class=\"eztoc-hide\" style=\"display:none;\">Toggle<\/span><span class=\"ez-toc-icon-toggle-span\"><svg style=\"fill: #999;color:#999\" xmlns=\"http:\/\/www.w3.org\/2000\/svg\" class=\"list-377408\" width=\"20px\" height=\"20px\" viewBox=\"0 0 24 24\" fill=\"none\"><path d=\"M6 6H4v2h2V6zm14 0H8v2h12V6zM4 11h2v2H4v-2zm16 0H8v2h12v-2zM4 16h2v2H4v-2zm16 0H8v2h12v-2z\" fill=\"currentColor\"><\/path><\/svg><svg style=\"fill: #999;color:#999\" class=\"arrow-unsorted-368013\" xmlns=\"http:\/\/www.w3.org\/2000\/svg\" width=\"10px\" height=\"10px\" viewBox=\"0 0 24 24\" version=\"1.2\" baseProfile=\"tiny\"><path d=\"M18.2 9.3l-6.2-6.3-6.2 6.3c-.2.2-.3.4-.3.7s.1.5.3.7c.2.2.4.3.7.3h11c.3 0 .5-.1.7-.3.2-.2.3-.5.3-.7s-.1-.5-.3-.7zM5.8 14.7l6.2 6.3 6.2-6.3c.2-.2.3-.5.3-.7s-.1-.5-.3-.7c-.2-.2-.4-.3-.7-.3h-11c-.3 0-.5.1-.7.3-.2.2-.3.5-.3.7s.1.5.3.7z\"\/><\/svg><\/span><\/span><\/label><input type=\"checkbox\"  id=\"ez-toc-cssicon-toggle-item-69f43db91ecd7\" checked aria-label=\"Alternar\" \/><nav><ul class='ez-toc-list ez-toc-list-level-1 ' ><li class='ez-toc-page-1'><a class=\"ez-toc-link ez-toc-heading-1\" href=\"https:\/\/www.conveniosocial.com.br\/blog\/atendimento-humanizado\/consulta-santarem-cuidado-e-acolhimento-em-saude\/#Consulta_Santarem_Cuidado_e_Acolhimento_em_Saude\" >Consulta Santar\u00e9m: Cuidado e Acolhimento em Sa\u00fade<\/a><\/li><li class='ez-toc-page-1'><a class=\"ez-toc-link ez-toc-heading-2\" href=\"https:\/\/www.conveniosocial.com.br\/blog\/atendimento-humanizado\/consulta-santarem-cuidado-e-acolhimento-em-saude\/#Perguntas_Frequentes\" >Perguntas Frequentes<\/a><\/li><li class='ez-toc-page-1'><a class=\"ez-toc-link ez-toc-heading-3\" href=\"https:\/\/www.conveniosocial.com.br\/blog\/atendimento-humanizado\/consulta-santarem-cuidado-e-acolhimento-em-saude\/#Contato\" >Contato<\/a><\/li><\/ul><\/nav><\/div>\n<h2><span class=\"ez-toc-section\" id=\"Consulta_Santarem_Cuidado_e_Acolhimento_em_Saude\"><\/span>Consulta Santar\u00e9m: Cuidado e Acolhimento em Sa\u00fade<span class=\"ez-toc-section-end\"><\/span><\/h2>\n<p>A Consulta Santar\u00e9m \u00e9 uma cl\u00ednica dedicada ao bem-estar e \u00e0 sa\u00fade da popula\u00e7\u00e3o de Santar\u00e9m, localizada no bairro Aldeia, no cora\u00e7\u00e3o do Par\u00e1. Nosso compromisso \u00e9 oferecer um atendimento de qualidade, com um enfoque humanizado, onde cada paciente \u00e9 tratado com respeito e aten\u00e7\u00e3o. Sabemos que a sa\u00fade \u00e9 um bem precioso e, por isso, trabalhamos para que nossos servi\u00e7os sejam acess\u00edveis e eficazes.<\/p>\n<p>Na Consulta Santar\u00e9m, temos como destaque o exame de TSH, fundamental para avaliar a fun\u00e7\u00e3o da tireoide. Este exame \u00e9 essencial para a detec\u00e7\u00e3o de problemas hormonais e \u00e9 realizado com o menor pre\u00e7o entre os or\u00e7ados na regi\u00e3o, garantindo que todos possam cuidar da sua sa\u00fade sem comprometer o or\u00e7amento. Nossa equipe \u00e9 composta por profissionais qualificados que buscam, constantemente, a excel\u00eancia no atendimento.<\/p>\n<p>Nosso hor\u00e1rio de funcionamento \u00e9 de segunda a sexta, das 07:00 \u00e0s 17:00, permitindo que voc\u00ea encontre um momento conveniente para agendar sua consulta ou realizar seus exames. Infelizmente, n\u00e3o estamos abertos aos s\u00e1bados e domingos, mas estamos sempre prontos para atender voc\u00ea durante os dias \u00fateis.<\/p>\n<p>A localiza\u00e7\u00e3o da cl\u00ednica \u00e9 estrat\u00e9gica, facilitando o acesso a moradores de diversas \u00e1reas de Santar\u00e9m e arredores. Estamos sempre dispon\u00edveis para sanar d\u00favidas e fornecer informa\u00e7\u00f5es adicionais sobre nossos servi\u00e7os. Embora atualmente n\u00e3o tenhamos parcerias com conv\u00eanios espec\u00edficos, a transpar\u00eancia nos pre\u00e7os e a qualidade dos servi\u00e7os s\u00e3o nossas prioridades.<\/p>\n<p>A Consulta Santar\u00e9m acredita que a comunica\u00e7\u00e3o \u00e9 fundamental para um bom relacionamento com os pacientes. Por isso, estamos em processo de desenvolvimento de um site que facilitar\u00e1 o agendamento de consultas, a solicita\u00e7\u00e3o de exames e a intera\u00e7\u00e3o com nossa equipe. Em breve, tamb\u00e9m estaremos presentes nas redes sociais, como Instagram, para que voc\u00ea possa acompanhar nossas novidades e dicas de sa\u00fade.<\/p>\n<p>Estamos sempre buscando melhorias e inova\u00e7\u00f5es para tornar sua experi\u00eancia ainda mais agrad\u00e1vel. Se voc\u00ea deseja mais informa\u00e7\u00f5es ou tem alguma d\u00favida, n\u00e3o hesite em nos contatar. O telefone e outros canais de comunica\u00e7\u00e3o estar\u00e3o dispon\u00edveis em nosso futuro site, que ser\u00e1 uma plataforma completa para atender suas necessidades de sa\u00fade. Aguardamos sua visita na Consulta Santar\u00e9m, onde sua sa\u00fade \u00e9 a nossa prioridade.<\/p>\n<h3><span class=\"ez-toc-section\" id=\"Perguntas_Frequentes\"><\/span>Perguntas Frequentes<span class=\"ez-toc-section-end\"><\/span><\/h3>\n<p>P: Quais servi\u00e7os a Consulta Santar\u00e9m oferece?<br \/>\nR: A cl\u00ednica oferece exames laboratoriais, incluindo o teste de TSH, al\u00e9m de consultas m\u00e9dicas com enfoque humanizado.<\/p>\n<p>P: Qual \u00e9 o hor\u00e1rio de funcionamento da cl\u00ednica?<br \/>\nR: A Consulta Santar\u00e9m funciona de segunda a sexta, das 07:00 \u00e0s 17:00. Estamos fechados aos s\u00e1bados e domingos.<\/p>\n<p>P: A cl\u00ednica aceita conv\u00eanios?<br \/>\nR: Atualmente, a Consulta Santar\u00e9m n\u00e3o possui parcerias com conv\u00eanios, mas nossos pre\u00e7os s\u00e3o acess\u00edveis.<\/p>\n<p>P: Como posso agendar um exame ou consulta?<br \/>\nR: Estamos em processo de desenvolvimento de um site que facilitar\u00e1 o agendamento. Em breve, mais informa\u00e7\u00f5es estar\u00e3o dispon\u00edveis.<\/p>\n<p>P: Onde a cl\u00ednica est\u00e1 localizada?<br \/>\nR: Estamos localizados no bairro Aldeia, em Santar\u00e9m, Par\u00e1.<\/p>\n<p>P: Qual exame \u00e9 destaque na Consulta Santar\u00e9m?<br \/>\nR: O exame de TSH \u00e9 nosso destaque, essencial para avaliar a fun\u00e7\u00e3o da tireoide.<\/p>\n<p>P: A cl\u00ednica oferece atendimento para crian\u00e7as?<br \/>\nR: Sim, atendemos pacientes de todas as idades, incluindo crian\u00e7as.<\/p>\n<p>P: Quais m\u00e9todos de pagamento a cl\u00ednica aceita?<br \/>\nR: Aceitamos pagamentos em dinheiro e cart\u00f5es, mas sugerimos entrar em contato para mais detalhes sobre formas de pagamento.<\/p>\n<p>P: Existe algum preparo necess\u00e1rio para realizar o exame de TSH?<br \/>\nR: Sim, recomenda-se jejum de 8 horas antes da coleta do exame. Consulte nossa equipe para mais informa\u00e7\u00f5es.<\/p>\n<p>P: Como posso entrar em contato com a cl\u00ednica?<br \/>\nR: Assim que nosso site estiver ativo, disponibilizaremos um telefone e outros canais de comunica\u00e7\u00e3o. Fique atento \u00e0s nossas redes sociais para atualiza\u00e7\u00f5es.<\/p>\n<h3><span class=\"ez-toc-section\" id=\"Contato\"><\/span>Contato<span class=\"ez-toc-section-end\"><\/span><\/h3>\n<p><strong>Tel.:  | <\/strong><br \/>\n<strong>WhatsApp: &#8211; <\/strong><\/p>\n","protected":false},"excerpt":{"rendered":"<p>Consulta Santar\u00e9m: Cuidado e Acolhimento em Sa\u00fade A Consulta Santar\u00e9m \u00e9 uma cl\u00ednica dedicada ao bem-estar e \u00e0 sa\u00fade da popula\u00e7\u00e3o de Santar\u00e9m, localizada no bairro Aldeia, no cora\u00e7\u00e3o do Par\u00e1. Nosso compromisso \u00e9 oferecer um atendimento de qualidade, com um enfoque humanizado, onde cada paciente \u00e9 tratado com respeito e aten\u00e7\u00e3o. Sabemos que a [&hellip;]<\/p>\n","protected":false},"author":0,"featured_media":0,"comment_status":"open","ping_status":"open","sticky":false,"template":"","format":"standard","meta":{"_et_pb_use_builder":"o","_et_pb_old_content":"","_et_gb_content_width":"","footnotes":""},"categories":[907,1368,932],"tags":[],"class_list":["post-154055","post","type-post","status-publish","format-standard","hentry","category-atendimento-humanizado","category-clinicas-de-saude","category-exames-laboratoriais"],"yoast_head":"<!-- This site is optimized with the Yoast SEO Premium plugin v21.3 (Yoast SEO v27.5) - https:\/\/yoast.com\/product\/yoast-seo-premium-wordpress\/ -->\n<title>Consulta Santar\u00e9m: Cuidado e Acolhimento em Sa\u00fade - Conv\u00eanio Social<\/title>\n<meta name=\"robots\" content=\"index, follow, max-snippet:-1, max-image-preview:large, max-video-preview:-1\" \/>\n<link rel=\"canonical\" href=\"https:\/\/www.conveniosocial.com.br\/blog\/atendimento-humanizado\/consulta-santarem-cuidado-e-acolhimento-em-saude\/\" \/>\n<meta property=\"og:locale\" content=\"pt_BR\" \/>\n<meta property=\"og:type\" content=\"article\" \/>\n<meta property=\"og:title\" content=\"Consulta Santar\u00e9m: Cuidado e Acolhimento em Sa\u00fade\" \/>\n<meta property=\"og:description\" content=\"Consulta Santar\u00e9m: Cuidado e Acolhimento em Sa\u00fade A Consulta Santar\u00e9m \u00e9 uma cl\u00ednica dedicada ao bem-estar e \u00e0 sa\u00fade da popula\u00e7\u00e3o de Santar\u00e9m, localizada no bairro Aldeia, no cora\u00e7\u00e3o do Par\u00e1. Nosso compromisso \u00e9 oferecer um atendimento de qualidade, com um enfoque humanizado, onde cada paciente \u00e9 tratado com respeito e aten\u00e7\u00e3o. Sabemos que a [&hellip;]\" \/>\n<meta property=\"og:url\" content=\"https:\/\/www.conveniosocial.com.br\/blog\/atendimento-humanizado\/consulta-santarem-cuidado-e-acolhimento-em-saude\/\" \/>\n<meta property=\"og:site_name\" content=\"Conv\u00eanio Social\" \/>\n<meta property=\"article:published_time\" content=\"2026-05-01T00:01:12+00:00\" \/>\n<meta name=\"twitter:card\" content=\"summary_large_image\" \/>\n<meta name=\"twitter:label1\" content=\"Est. tempo de leitura\" \/>\n\t<meta name=\"twitter:data1\" content=\"3 minutos\" \/>\n<script type=\"application\/ld+json\" class=\"yoast-schema-graph\">{\"@context\":\"https:\\\/\\\/schema.org\",\"@graph\":[{\"@type\":\"Article\",\"@id\":\"https:\\\/\\\/www.conveniosocial.com.br\\\/blog\\\/atendimento-humanizado\\\/consulta-santarem-cuidado-e-acolhimento-em-saude\\\/#article\",\"isPartOf\":{\"@id\":\"https:\\\/\\\/www.conveniosocial.com.br\\\/blog\\\/atendimento-humanizado\\\/consulta-santarem-cuidado-e-acolhimento-em-saude\\\/\"},\"author\":{\"name\":\"\",\"@id\":\"\"},\"headline\":\"Consulta Santar\u00e9m: Cuidado e Acolhimento em Sa\u00fade\",\"datePublished\":\"2026-05-01T00:01:12+00:00\",\"mainEntityOfPage\":{\"@id\":\"https:\\\/\\\/www.conveniosocial.com.br\\\/blog\\\/atendimento-humanizado\\\/consulta-santarem-cuidado-e-acolhimento-em-saude\\\/\"},\"wordCount\":691,\"commentCount\":0,\"publisher\":{\"@id\":\"https:\\\/\\\/www.conveniosocial.com.br\\\/blog\\\/#organization\"},\"articleSection\":[\"Atendimento Humanizado\",\"Cl\u00ednicas de Sa\u00fade\",\"Exames Laboratoriais\"],\"inLanguage\":\"pt-BR\"},{\"@type\":\"WebPage\",\"@id\":\"https:\\\/\\\/www.conveniosocial.com.br\\\/blog\\\/atendimento-humanizado\\\/consulta-santarem-cuidado-e-acolhimento-em-saude\\\/\",\"url\":\"https:\\\/\\\/www.conveniosocial.com.br\\\/blog\\\/atendimento-humanizado\\\/consulta-santarem-cuidado-e-acolhimento-em-saude\\\/\",\"name\":\"Consulta Santar\u00e9m: Cuidado e Acolhimento em Sa\u00fade - Conv\u00eanio Social\",\"isPartOf\":{\"@id\":\"https:\\\/\\\/www.conveniosocial.com.br\\\/blog\\\/#website\"},\"datePublished\":\"2026-05-01T00:01:12+00:00\",\"breadcrumb\":{\"@id\":\"https:\\\/\\\/www.conveniosocial.com.br\\\/blog\\\/atendimento-humanizado\\\/consulta-santarem-cuidado-e-acolhimento-em-saude\\\/#breadcrumb\"},\"inLanguage\":\"pt-BR\",\"potentialAction\":[{\"@type\":\"ReadAction\",\"target\":[\"https:\\\/\\\/www.conveniosocial.com.br\\\/blog\\\/atendimento-humanizado\\\/consulta-santarem-cuidado-e-acolhimento-em-saude\\\/\"]}]},{\"@type\":\"BreadcrumbList\",\"@id\":\"https:\\\/\\\/www.conveniosocial.com.br\\\/blog\\\/atendimento-humanizado\\\/consulta-santarem-cuidado-e-acolhimento-em-saude\\\/#breadcrumb\",\"itemListElement\":[{\"@type\":\"ListItem\",\"position\":1,\"name\":\"Home\",\"item\":\"https:\\\/\\\/www.conveniosocial.com.br\\\/blog\\\/\"},{\"@type\":\"ListItem\",\"position\":2,\"name\":\"Atendimento Humanizado\",\"item\":\"https:\\\/\\\/www.conveniosocial.com.br\\\/blog\\\/atendimento-humanizado\\\/\"},{\"@type\":\"ListItem\",\"position\":3,\"name\":\"Consulta Santar\u00e9m: Cuidado e Acolhimento em Sa\u00fade\"}]},{\"@type\":\"WebSite\",\"@id\":\"https:\\\/\\\/www.conveniosocial.com.br\\\/blog\\\/#website\",\"url\":\"https:\\\/\\\/www.conveniosocial.com.br\\\/blog\\\/\",\"name\":\"Conv\u00eanio Social\",\"description\":\"Informa\u00e7\u00f5es de Sa\u00fade e Bem-estar, Consultas e Exames Popular\",\"publisher\":{\"@id\":\"https:\\\/\\\/www.conveniosocial.com.br\\\/blog\\\/#organization\"},\"potentialAction\":[{\"@type\":\"SearchAction\",\"target\":{\"@type\":\"EntryPoint\",\"urlTemplate\":\"https:\\\/\\\/www.conveniosocial.com.br\\\/blog\\\/?s={search_term_string}\"},\"query-input\":{\"@type\":\"PropertyValueSpecification\",\"valueRequired\":true,\"valueName\":\"search_term_string\"}}],\"inLanguage\":\"pt-BR\"},{\"@type\":\"Organization\",\"@id\":\"https:\\\/\\\/www.conveniosocial.com.br\\\/blog\\\/#organization\",\"name\":\"Conv\u00eanio Social\",\"url\":\"https:\\\/\\\/www.conveniosocial.com.br\\\/blog\\\/\",\"logo\":{\"@type\":\"ImageObject\",\"inLanguage\":\"pt-BR\",\"@id\":\"https:\\\/\\\/www.conveniosocial.com.br\\\/blog\\\/#\\\/schema\\\/logo\\\/image\\\/\",\"url\":\"https:\\\/\\\/www.conveniosocial.com.br\\\/blog\\\/wp-content\\\/uploads\\\/2021\\\/11\\\/novo_logo-convenio-socia-digital.png\",\"contentUrl\":\"https:\\\/\\\/www.conveniosocial.com.br\\\/blog\\\/wp-content\\\/uploads\\\/2021\\\/11\\\/novo_logo-convenio-socia-digital.png\",\"width\":400,\"height\":102,\"caption\":\"Conv\u00eanio Social\"},\"image\":{\"@id\":\"https:\\\/\\\/www.conveniosocial.com.br\\\/blog\\\/#\\\/schema\\\/logo\\\/image\\\/\"}}]}<\/script>\n<!-- \/ Yoast SEO Premium plugin. -->","yoast_head_json":{"title":"Consulta Santar\u00e9m: Cuidado e Acolhimento em Sa\u00fade - Conv\u00eanio Social","robots":{"index":"index","follow":"follow","max-snippet":"max-snippet:-1","max-image-preview":"max-image-preview:large","max-video-preview":"max-video-preview:-1"},"canonical":"https:\/\/www.conveniosocial.com.br\/blog\/atendimento-humanizado\/consulta-santarem-cuidado-e-acolhimento-em-saude\/","og_locale":"pt_BR","og_type":"article","og_title":"Consulta Santar\u00e9m: Cuidado e Acolhimento em Sa\u00fade","og_description":"Consulta Santar\u00e9m: Cuidado e Acolhimento em Sa\u00fade A Consulta Santar\u00e9m \u00e9 uma cl\u00ednica dedicada ao bem-estar e \u00e0 sa\u00fade da popula\u00e7\u00e3o de Santar\u00e9m, localizada no bairro Aldeia, no cora\u00e7\u00e3o do Par\u00e1. Nosso compromisso \u00e9 oferecer um atendimento de qualidade, com um enfoque humanizado, onde cada paciente \u00e9 tratado com respeito e aten\u00e7\u00e3o. Sabemos que a [&hellip;]","og_url":"https:\/\/www.conveniosocial.com.br\/blog\/atendimento-humanizado\/consulta-santarem-cuidado-e-acolhimento-em-saude\/","og_site_name":"Conv\u00eanio Social","article_published_time":"2026-05-01T00:01:12+00:00","twitter_card":"summary_large_image","twitter_misc":{"Est. tempo de leitura":"3 minutos"},"schema":{"@context":"https:\/\/schema.org","@graph":[{"@type":"Article","@id":"https:\/\/www.conveniosocial.com.br\/blog\/atendimento-humanizado\/consulta-santarem-cuidado-e-acolhimento-em-saude\/#article","isPartOf":{"@id":"https:\/\/www.conveniosocial.com.br\/blog\/atendimento-humanizado\/consulta-santarem-cuidado-e-acolhimento-em-saude\/"},"author":{"name":"","@id":""},"headline":"Consulta Santar\u00e9m: Cuidado e Acolhimento em Sa\u00fade","datePublished":"2026-05-01T00:01:12+00:00","mainEntityOfPage":{"@id":"https:\/\/www.conveniosocial.com.br\/blog\/atendimento-humanizado\/consulta-santarem-cuidado-e-acolhimento-em-saude\/"},"wordCount":691,"commentCount":0,"publisher":{"@id":"https:\/\/www.conveniosocial.com.br\/blog\/#organization"},"articleSection":["Atendimento Humanizado","Cl\u00ednicas de Sa\u00fade","Exames Laboratoriais"],"inLanguage":"pt-BR"},{"@type":"WebPage","@id":"https:\/\/www.conveniosocial.com.br\/blog\/atendimento-humanizado\/consulta-santarem-cuidado-e-acolhimento-em-saude\/","url":"https:\/\/www.conveniosocial.com.br\/blog\/atendimento-humanizado\/consulta-santarem-cuidado-e-acolhimento-em-saude\/","name":"Consulta Santar\u00e9m: Cuidado e Acolhimento em Sa\u00fade - Conv\u00eanio Social","isPartOf":{"@id":"https:\/\/www.conveniosocial.com.br\/blog\/#website"},"datePublished":"2026-05-01T00:01:12+00:00","breadcrumb":{"@id":"https:\/\/www.conveniosocial.com.br\/blog\/atendimento-humanizado\/consulta-santarem-cuidado-e-acolhimento-em-saude\/#breadcrumb"},"inLanguage":"pt-BR","potentialAction":[{"@type":"ReadAction","target":["https:\/\/www.conveniosocial.com.br\/blog\/atendimento-humanizado\/consulta-santarem-cuidado-e-acolhimento-em-saude\/"]}]},{"@type":"BreadcrumbList","@id":"https:\/\/www.conveniosocial.com.br\/blog\/atendimento-humanizado\/consulta-santarem-cuidado-e-acolhimento-em-saude\/#breadcrumb","itemListElement":[{"@type":"ListItem","position":1,"name":"Home","item":"https:\/\/www.conveniosocial.com.br\/blog\/"},{"@type":"ListItem","position":2,"name":"Atendimento Humanizado","item":"https:\/\/www.conveniosocial.com.br\/blog\/atendimento-humanizado\/"},{"@type":"ListItem","position":3,"name":"Consulta Santar\u00e9m: Cuidado e Acolhimento em Sa\u00fade"}]},{"@type":"WebSite","@id":"https:\/\/www.conveniosocial.com.br\/blog\/#website","url":"https:\/\/www.conveniosocial.com.br\/blog\/","name":"Conv\u00eanio Social","description":"Informa\u00e7\u00f5es de Sa\u00fade e Bem-estar, Consultas e Exames Popular","publisher":{"@id":"https:\/\/www.conveniosocial.com.br\/blog\/#organization"},"potentialAction":[{"@type":"SearchAction","target":{"@type":"EntryPoint","urlTemplate":"https:\/\/www.conveniosocial.com.br\/blog\/?s={search_term_string}"},"query-input":{"@type":"PropertyValueSpecification","valueRequired":true,"valueName":"search_term_string"}}],"inLanguage":"pt-BR"},{"@type":"Organization","@id":"https:\/\/www.conveniosocial.com.br\/blog\/#organization","name":"Conv\u00eanio Social","url":"https:\/\/www.conveniosocial.com.br\/blog\/","logo":{"@type":"ImageObject","inLanguage":"pt-BR","@id":"https:\/\/www.conveniosocial.com.br\/blog\/#\/schema\/logo\/image\/","url":"https:\/\/www.conveniosocial.com.br\/blog\/wp-content\/uploads\/2021\/11\/novo_logo-convenio-socia-digital.png","contentUrl":"https:\/\/www.conveniosocial.com.br\/blog\/wp-content\/uploads\/2021\/11\/novo_logo-convenio-socia-digital.png","width":400,"height":102,"caption":"Conv\u00eanio Social"},"image":{"@id":"https:\/\/www.conveniosocial.com.br\/blog\/#\/schema\/logo\/image\/"}}]}},"_links":{"self":[{"href":"https:\/\/www.conveniosocial.com.br\/blog\/wp-json\/wp\/v2\/posts\/154055","targetHints":{"allow":["GET"]}}],"collection":[{"href":"https:\/\/www.conveniosocial.com.br\/blog\/wp-json\/wp\/v2\/posts"}],"about":[{"href":"https:\/\/www.conveniosocial.com.br\/blog\/wp-json\/wp\/v2\/types\/post"}],"replies":[{"embeddable":true,"href":"https:\/\/www.conveniosocial.com.br\/blog\/wp-json\/wp\/v2\/comments?post=154055"}],"version-history":[{"count":0,"href":"https:\/\/www.conveniosocial.com.br\/blog\/wp-json\/wp\/v2\/posts\/154055\/revisions"}],"wp:attachment":[{"href":"https:\/\/www.conveniosocial.com.br\/blog\/wp-json\/wp\/v2\/media?parent=154055"}],"wp:term":[{"taxonomy":"category","embeddable":true,"href":"https:\/\/www.conveniosocial.com.br\/blog\/wp-json\/wp\/v2\/categories?post=154055"},{"taxonomy":"post_tag","embeddable":true,"href":"https:\/\/www.conveniosocial.com.br\/blog\/wp-json\/wp\/v2\/tags?post=154055"}],"curies":[{"name":"wp","href":"https:\/\/api.w.org\/{rel}","templated":true}]}}