{"id":154057,"date":"2026-05-01T09:00:04","date_gmt":"2026-05-01T12:00:04","guid":{"rendered":"https:\/\/www.conveniosocial.com.br\/blog\/nehuma\/consulta-santarem-cuidados-de-saude-acessiveis\/"},"modified":"2026-05-01T09:00:04","modified_gmt":"2026-05-01T12:00:04","slug":"consulta-santarem-cuidados-de-saude-acessiveis","status":"publish","type":"post","link":"https:\/\/www.conveniosocial.com.br\/blog\/clinicas-de-saude\/consulta-santarem-cuidados-de-saude-acessiveis\/","title":{"rendered":"Consulta Santar\u00e9m: Cuidados de Sa\u00fade Acess\u00edveis"},"content":{"rendered":"<div id=\"ez-toc-container\" class=\"ez-toc-v2_0_82_2 counter-flat ez-toc-counter ez-toc-white ez-toc-container-direction\">\n<p class=\"ez-toc-title\" style=\"cursor:inherit\">\u00cdndice do Conte\u00fado<\/p>\n<label for=\"ez-toc-cssicon-toggle-item-69f4b5413baa9\" class=\"ez-toc-cssicon-toggle-label\"><span class=\"ez-toc-cssicon\"><span class=\"eztoc-hide\" style=\"display:none;\">Toggle<\/span><span class=\"ez-toc-icon-toggle-span\"><svg style=\"fill: #999;color:#999\" xmlns=\"http:\/\/www.w3.org\/2000\/svg\" class=\"list-377408\" width=\"20px\" height=\"20px\" viewBox=\"0 0 24 24\" fill=\"none\"><path d=\"M6 6H4v2h2V6zm14 0H8v2h12V6zM4 11h2v2H4v-2zm16 0H8v2h12v-2zM4 16h2v2H4v-2zm16 0H8v2h12v-2z\" fill=\"currentColor\"><\/path><\/svg><svg style=\"fill: #999;color:#999\" class=\"arrow-unsorted-368013\" xmlns=\"http:\/\/www.w3.org\/2000\/svg\" width=\"10px\" height=\"10px\" viewBox=\"0 0 24 24\" version=\"1.2\" baseProfile=\"tiny\"><path d=\"M18.2 9.3l-6.2-6.3-6.2 6.3c-.2.2-.3.4-.3.7s.1.5.3.7c.2.2.4.3.7.3h11c.3 0 .5-.1.7-.3.2-.2.3-.5.3-.7s-.1-.5-.3-.7zM5.8 14.7l6.2 6.3 6.2-6.3c.2-.2.3-.5.3-.7s-.1-.5-.3-.7c-.2-.2-.4-.3-.7-.3h-11c-.3 0-.5.1-.7.3-.2.2-.3.5-.3.7s.1.5.3.7z\"\/><\/svg><\/span><\/span><\/label><input type=\"checkbox\"  id=\"ez-toc-cssicon-toggle-item-69f4b5413baa9\" checked aria-label=\"Alternar\" \/><nav><ul class='ez-toc-list ez-toc-list-level-1 ' ><li class='ez-toc-page-1'><a class=\"ez-toc-link ez-toc-heading-1\" href=\"https:\/\/www.conveniosocial.com.br\/blog\/clinicas-de-saude\/consulta-santarem-cuidados-de-saude-acessiveis\/#Consulta_Santarem_Cuidados_de_Saude_Acessiveis\" >Consulta Santar\u00e9m: Cuidados de Sa\u00fade Acess\u00edveis<\/a><\/li><li class='ez-toc-page-1'><a class=\"ez-toc-link ez-toc-heading-2\" href=\"https:\/\/www.conveniosocial.com.br\/blog\/clinicas-de-saude\/consulta-santarem-cuidados-de-saude-acessiveis\/#Perguntas_Frequentes\" >Perguntas Frequentes<\/a><\/li><li class='ez-toc-page-1'><a class=\"ez-toc-link ez-toc-heading-3\" href=\"https:\/\/www.conveniosocial.com.br\/blog\/clinicas-de-saude\/consulta-santarem-cuidados-de-saude-acessiveis\/#Contato\" >Contato<\/a><\/li><\/ul><\/nav><\/div>\n<h2><span class=\"ez-toc-section\" id=\"Consulta_Santarem_Cuidados_de_Saude_Acessiveis\"><\/span>Consulta Santar\u00e9m: Cuidados de Sa\u00fade Acess\u00edveis<span class=\"ez-toc-section-end\"><\/span><\/h2>\n<p>A Consulta Santar\u00e9m \u00e9 uma cl\u00ednica dedicada a oferecer servi\u00e7os de sa\u00fade de qualidade para a popula\u00e7\u00e3o de Santar\u00e9m, no Par\u00e1. Localizada no bairro Aldeia, a cl\u00ednica se destaca por seu compromisso com o bem-estar dos pacientes. Com um ambiente acolhedor e profissionais capacitados, a Consulta Santar\u00e9m proporciona uma experi\u00eancia humanizada e atenciosa, onde cada paciente \u00e9 tratado com respeito e dedica\u00e7\u00e3o. <\/p>\n<p>Nossos servi\u00e7os incluem a realiza\u00e7\u00e3o de exames de PSA Livre e Total, que s\u00e3o essenciais para a detec\u00e7\u00e3o precoce de problemas de sa\u00fade. A cl\u00ednica tem como diferencial o menor pre\u00e7o entre os or\u00e7amentos realizados, garantindo que todos tenham acesso a cuidados m\u00e9dicos sem comprometer a qualidade. <\/p>\n<p>A localiza\u00e7\u00e3o da Consulta Santar\u00e9m \u00e9 estrat\u00e9gica, facilitando o acesso para moradores de diversas \u00e1reas da cidade. Estamos abertos de segunda a sexta-feira, das 07:00 \u00e0s 17:00, oferecendo flexibilidade para que nossos pacientes possam agendar seus exames em hor\u00e1rios que melhor se adequem \u00e0 sua rotina. Infelizmente, n\u00e3o temos conv\u00eanios informados no momento, mas garantimos que nossos pre\u00e7os s\u00e3o competitivos e acess\u00edveis. <\/p>\n<p>Embora n\u00e3o possu\u00edmos informa\u00e7\u00f5es sobre um respons\u00e1vel t\u00e9cnico ou CRM, nossos colaboradores s\u00e3o capacitados e comprometidos com a \u00e9tica e a qualidade no atendimento. Convidamos voc\u00ea a conhecer a Consulta Santar\u00e9m e a cuidar da sua sa\u00fade de forma pr\u00e1tica e acess\u00edvel. Nossa miss\u00e3o \u00e9 proporcionar a melhor experi\u00eancia em sa\u00fade para nossos pacientes. <\/p>\n<p>Em breve, estaremos dispon\u00edveis em nosso site e Instagram, onde voc\u00ea poder\u00e1 acompanhar novidades, dicas de sa\u00fade e informa\u00e7\u00f5es sobre nossos servi\u00e7os. Para mais informa\u00e7\u00f5es e agendamentos, entre em contato conosco pelo telefone que ser\u00e1 disponibilizado em breve. Aguardamos sua visita e estamos prontos para cuidar de voc\u00ea com carinho e profissionalismo.<\/p>\n<h3><span class=\"ez-toc-section\" id=\"Perguntas_Frequentes\"><\/span>Perguntas Frequentes<span class=\"ez-toc-section-end\"><\/span><\/h3>\n<p>P: Quais tipos de exames s\u00e3o oferecidos na Consulta Santar\u00e9m?<br \/>\nR: Oferecemos exames de PSA Livre e Total.<\/p>\n<p>P: Qual \u00e9 o hor\u00e1rio de funcionamento da cl\u00ednica?<br \/>\nR: A cl\u00ednica funciona de segunda a sexta-feira, das 07:00 \u00e0s 17:00.<\/p>\n<p>P: A Consulta Santar\u00e9m aceita conv\u00eanios?<br \/>\nR: No momento, n\u00e3o temos informa\u00e7\u00f5es sobre conv\u00eanios, mas garantimos pre\u00e7os acess\u00edveis.<\/p>\n<p>P: Onde est\u00e1 localizada a Consulta Santar\u00e9m?<br \/>\nR: Estamos localizados no bairro Aldeia, em Santar\u00e9m, Par\u00e1.<\/p>\n<p>P: Como posso agendar um exame?<br \/>\nR: Voc\u00ea pode agendar um exame entrando em contato conosco pelo telefone, que ser\u00e1 disponibilizado em breve.<\/p>\n<p>P: A Consulta Santar\u00e9m tem profissionais qualificados?<br \/>\nR: Sim, nossos colaboradores s\u00e3o capacitados e comprometidos com a \u00e9tica e qualidade no atendimento.<\/p>\n<p>P: A cl\u00ednica atende em outros hor\u00e1rios al\u00e9m do hor\u00e1rio padr\u00e3o?<br \/>\nR: Atualmente, atendemos apenas de segunda a sexta-feira, das 07:00 \u00e0s 17:00.<\/p>\n<p>P: Existe estacionamento dispon\u00edvel na cl\u00ednica?<br \/>\nR: As informa\u00e7\u00f5es sobre estacionamento est\u00e3o em breve, mas a localiza\u00e7\u00e3o \u00e9 de f\u00e1cil acesso.<\/p>\n<p>P: A cl\u00ednica oferece servi\u00e7os de urg\u00eancia ou emerg\u00eancia?<br \/>\nR: N\u00e3o, a Consulta Santar\u00e9m \u00e9 focada em exames e consultas agendadas.<\/p>\n<p>P: A cl\u00ednica realiza consultas m\u00e9dicas?<br \/>\nR: No momento, estamos focados na realiza\u00e7\u00e3o de exames, mas em breve poderemos expandir nossos servi\u00e7os.<\/p>\n<h3><span class=\"ez-toc-section\" id=\"Contato\"><\/span>Contato<span class=\"ez-toc-section-end\"><\/span><\/h3>\n<p><strong>Tel.:  | <\/strong><br \/>\n<strong>WhatsApp: &#8211; <\/strong><\/p>\n","protected":false},"excerpt":{"rendered":"<p>Consulta Santar\u00e9m: Cuidados de Sa\u00fade Acess\u00edveis A Consulta Santar\u00e9m \u00e9 uma cl\u00ednica dedicada a oferecer servi\u00e7os de sa\u00fade de qualidade para a popula\u00e7\u00e3o de Santar\u00e9m, no Par\u00e1. Localizada no bairro Aldeia, a cl\u00ednica se destaca por seu compromisso com o bem-estar dos pacientes. Com um ambiente acolhedor e profissionais capacitados, a Consulta Santar\u00e9m proporciona uma [&hellip;]<\/p>\n","protected":false},"author":0,"featured_media":0,"comment_status":"open","ping_status":"open","sticky":false,"template":"","format":"standard","meta":{"_et_pb_use_builder":"o","_et_pb_old_content":"","_et_gb_content_width":"","footnotes":""},"categories":[1368,1379,1386],"tags":[],"class_list":["post-154057","post","type-post","status-publish","format-standard","hentry","category-clinicas-de-saude","category-exames-diagnostico","category-saude-preventiva"],"yoast_head":"<!-- This site is optimized with the Yoast SEO Premium plugin v21.3 (Yoast SEO v27.5) - https:\/\/yoast.com\/product\/yoast-seo-premium-wordpress\/ -->\n<title>Consulta Santar\u00e9m: Cuidados de Sa\u00fade Acess\u00edveis - Conv\u00eanio Social<\/title>\n<meta name=\"robots\" content=\"index, follow, max-snippet:-1, max-image-preview:large, max-video-preview:-1\" \/>\n<link rel=\"canonical\" href=\"https:\/\/www.conveniosocial.com.br\/blog\/clinicas-de-saude\/consulta-santarem-cuidados-de-saude-acessiveis\/\" \/>\n<meta property=\"og:locale\" content=\"pt_BR\" \/>\n<meta property=\"og:type\" content=\"article\" \/>\n<meta property=\"og:title\" content=\"Consulta Santar\u00e9m: Cuidados de Sa\u00fade Acess\u00edveis\" \/>\n<meta property=\"og:description\" content=\"Consulta Santar\u00e9m: Cuidados de Sa\u00fade Acess\u00edveis A Consulta Santar\u00e9m \u00e9 uma cl\u00ednica dedicada a oferecer servi\u00e7os de sa\u00fade de qualidade para a popula\u00e7\u00e3o de Santar\u00e9m, no Par\u00e1. Localizada no bairro Aldeia, a cl\u00ednica se destaca por seu compromisso com o bem-estar dos pacientes. Com um ambiente acolhedor e profissionais capacitados, a Consulta Santar\u00e9m proporciona uma [&hellip;]\" \/>\n<meta property=\"og:url\" content=\"https:\/\/www.conveniosocial.com.br\/blog\/clinicas-de-saude\/consulta-santarem-cuidados-de-saude-acessiveis\/\" \/>\n<meta property=\"og:site_name\" content=\"Conv\u00eanio Social\" \/>\n<meta property=\"article:published_time\" content=\"2026-05-01T12:00:04+00:00\" \/>\n<meta name=\"twitter:card\" content=\"summary_large_image\" \/>\n<meta name=\"twitter:label1\" content=\"Est. tempo de leitura\" \/>\n\t<meta name=\"twitter:data1\" content=\"3 minutos\" \/>\n<script type=\"application\/ld+json\" class=\"yoast-schema-graph\">{\"@context\":\"https:\\\/\\\/schema.org\",\"@graph\":[{\"@type\":\"Article\",\"@id\":\"https:\\\/\\\/www.conveniosocial.com.br\\\/blog\\\/clinicas-de-saude\\\/consulta-santarem-cuidados-de-saude-acessiveis\\\/#article\",\"isPartOf\":{\"@id\":\"https:\\\/\\\/www.conveniosocial.com.br\\\/blog\\\/clinicas-de-saude\\\/consulta-santarem-cuidados-de-saude-acessiveis\\\/\"},\"author\":{\"name\":\"\",\"@id\":\"\"},\"headline\":\"Consulta Santar\u00e9m: Cuidados de Sa\u00fade Acess\u00edveis\",\"datePublished\":\"2026-05-01T12:00:04+00:00\",\"mainEntityOfPage\":{\"@id\":\"https:\\\/\\\/www.conveniosocial.com.br\\\/blog\\\/clinicas-de-saude\\\/consulta-santarem-cuidados-de-saude-acessiveis\\\/\"},\"wordCount\":574,\"commentCount\":0,\"publisher\":{\"@id\":\"https:\\\/\\\/www.conveniosocial.com.br\\\/blog\\\/#organization\"},\"articleSection\":[\"Cl\u00ednicas de Sa\u00fade\",\"Exames Diagn\u00f3stico\",\"Sa\u00fade Preventiva\"],\"inLanguage\":\"pt-BR\"},{\"@type\":\"WebPage\",\"@id\":\"https:\\\/\\\/www.conveniosocial.com.br\\\/blog\\\/clinicas-de-saude\\\/consulta-santarem-cuidados-de-saude-acessiveis\\\/\",\"url\":\"https:\\\/\\\/www.conveniosocial.com.br\\\/blog\\\/clinicas-de-saude\\\/consulta-santarem-cuidados-de-saude-acessiveis\\\/\",\"name\":\"Consulta Santar\u00e9m: Cuidados de Sa\u00fade Acess\u00edveis - Conv\u00eanio Social\",\"isPartOf\":{\"@id\":\"https:\\\/\\\/www.conveniosocial.com.br\\\/blog\\\/#website\"},\"datePublished\":\"2026-05-01T12:00:04+00:00\",\"breadcrumb\":{\"@id\":\"https:\\\/\\\/www.conveniosocial.com.br\\\/blog\\\/clinicas-de-saude\\\/consulta-santarem-cuidados-de-saude-acessiveis\\\/#breadcrumb\"},\"inLanguage\":\"pt-BR\",\"potentialAction\":[{\"@type\":\"ReadAction\",\"target\":[\"https:\\\/\\\/www.conveniosocial.com.br\\\/blog\\\/clinicas-de-saude\\\/consulta-santarem-cuidados-de-saude-acessiveis\\\/\"]}]},{\"@type\":\"BreadcrumbList\",\"@id\":\"https:\\\/\\\/www.conveniosocial.com.br\\\/blog\\\/clinicas-de-saude\\\/consulta-santarem-cuidados-de-saude-acessiveis\\\/#breadcrumb\",\"itemListElement\":[{\"@type\":\"ListItem\",\"position\":1,\"name\":\"Home\",\"item\":\"https:\\\/\\\/www.conveniosocial.com.br\\\/blog\\\/\"},{\"@type\":\"ListItem\",\"position\":2,\"name\":\"Cl\u00ednicas de Sa\u00fade\",\"item\":\"https:\\\/\\\/www.conveniosocial.com.br\\\/blog\\\/clinicas-de-saude\\\/\"},{\"@type\":\"ListItem\",\"position\":3,\"name\":\"Consulta Santar\u00e9m: Cuidados de Sa\u00fade Acess\u00edveis\"}]},{\"@type\":\"WebSite\",\"@id\":\"https:\\\/\\\/www.conveniosocial.com.br\\\/blog\\\/#website\",\"url\":\"https:\\\/\\\/www.conveniosocial.com.br\\\/blog\\\/\",\"name\":\"Conv\u00eanio Social\",\"description\":\"Informa\u00e7\u00f5es de Sa\u00fade e Bem-estar, Consultas e Exames Popular\",\"publisher\":{\"@id\":\"https:\\\/\\\/www.conveniosocial.com.br\\\/blog\\\/#organization\"},\"potentialAction\":[{\"@type\":\"SearchAction\",\"target\":{\"@type\":\"EntryPoint\",\"urlTemplate\":\"https:\\\/\\\/www.conveniosocial.com.br\\\/blog\\\/?s={search_term_string}\"},\"query-input\":{\"@type\":\"PropertyValueSpecification\",\"valueRequired\":true,\"valueName\":\"search_term_string\"}}],\"inLanguage\":\"pt-BR\"},{\"@type\":\"Organization\",\"@id\":\"https:\\\/\\\/www.conveniosocial.com.br\\\/blog\\\/#organization\",\"name\":\"Conv\u00eanio Social\",\"url\":\"https:\\\/\\\/www.conveniosocial.com.br\\\/blog\\\/\",\"logo\":{\"@type\":\"ImageObject\",\"inLanguage\":\"pt-BR\",\"@id\":\"https:\\\/\\\/www.conveniosocial.com.br\\\/blog\\\/#\\\/schema\\\/logo\\\/image\\\/\",\"url\":\"https:\\\/\\\/www.conveniosocial.com.br\\\/blog\\\/wp-content\\\/uploads\\\/2021\\\/11\\\/novo_logo-convenio-socia-digital.png\",\"contentUrl\":\"https:\\\/\\\/www.conveniosocial.com.br\\\/blog\\\/wp-content\\\/uploads\\\/2021\\\/11\\\/novo_logo-convenio-socia-digital.png\",\"width\":400,\"height\":102,\"caption\":\"Conv\u00eanio Social\"},\"image\":{\"@id\":\"https:\\\/\\\/www.conveniosocial.com.br\\\/blog\\\/#\\\/schema\\\/logo\\\/image\\\/\"}}]}<\/script>\n<!-- \/ Yoast SEO Premium plugin. -->","yoast_head_json":{"title":"Consulta Santar\u00e9m: Cuidados de Sa\u00fade Acess\u00edveis - Conv\u00eanio Social","robots":{"index":"index","follow":"follow","max-snippet":"max-snippet:-1","max-image-preview":"max-image-preview:large","max-video-preview":"max-video-preview:-1"},"canonical":"https:\/\/www.conveniosocial.com.br\/blog\/clinicas-de-saude\/consulta-santarem-cuidados-de-saude-acessiveis\/","og_locale":"pt_BR","og_type":"article","og_title":"Consulta Santar\u00e9m: Cuidados de Sa\u00fade Acess\u00edveis","og_description":"Consulta Santar\u00e9m: Cuidados de Sa\u00fade Acess\u00edveis A Consulta Santar\u00e9m \u00e9 uma cl\u00ednica dedicada a oferecer servi\u00e7os de sa\u00fade de qualidade para a popula\u00e7\u00e3o de Santar\u00e9m, no Par\u00e1. Localizada no bairro Aldeia, a cl\u00ednica se destaca por seu compromisso com o bem-estar dos pacientes. Com um ambiente acolhedor e profissionais capacitados, a Consulta Santar\u00e9m proporciona uma [&hellip;]","og_url":"https:\/\/www.conveniosocial.com.br\/blog\/clinicas-de-saude\/consulta-santarem-cuidados-de-saude-acessiveis\/","og_site_name":"Conv\u00eanio Social","article_published_time":"2026-05-01T12:00:04+00:00","twitter_card":"summary_large_image","twitter_misc":{"Est. tempo de leitura":"3 minutos"},"schema":{"@context":"https:\/\/schema.org","@graph":[{"@type":"Article","@id":"https:\/\/www.conveniosocial.com.br\/blog\/clinicas-de-saude\/consulta-santarem-cuidados-de-saude-acessiveis\/#article","isPartOf":{"@id":"https:\/\/www.conveniosocial.com.br\/blog\/clinicas-de-saude\/consulta-santarem-cuidados-de-saude-acessiveis\/"},"author":{"name":"","@id":""},"headline":"Consulta Santar\u00e9m: Cuidados de Sa\u00fade Acess\u00edveis","datePublished":"2026-05-01T12:00:04+00:00","mainEntityOfPage":{"@id":"https:\/\/www.conveniosocial.com.br\/blog\/clinicas-de-saude\/consulta-santarem-cuidados-de-saude-acessiveis\/"},"wordCount":574,"commentCount":0,"publisher":{"@id":"https:\/\/www.conveniosocial.com.br\/blog\/#organization"},"articleSection":["Cl\u00ednicas de Sa\u00fade","Exames Diagn\u00f3stico","Sa\u00fade Preventiva"],"inLanguage":"pt-BR"},{"@type":"WebPage","@id":"https:\/\/www.conveniosocial.com.br\/blog\/clinicas-de-saude\/consulta-santarem-cuidados-de-saude-acessiveis\/","url":"https:\/\/www.conveniosocial.com.br\/blog\/clinicas-de-saude\/consulta-santarem-cuidados-de-saude-acessiveis\/","name":"Consulta Santar\u00e9m: Cuidados de Sa\u00fade Acess\u00edveis - Conv\u00eanio Social","isPartOf":{"@id":"https:\/\/www.conveniosocial.com.br\/blog\/#website"},"datePublished":"2026-05-01T12:00:04+00:00","breadcrumb":{"@id":"https:\/\/www.conveniosocial.com.br\/blog\/clinicas-de-saude\/consulta-santarem-cuidados-de-saude-acessiveis\/#breadcrumb"},"inLanguage":"pt-BR","potentialAction":[{"@type":"ReadAction","target":["https:\/\/www.conveniosocial.com.br\/blog\/clinicas-de-saude\/consulta-santarem-cuidados-de-saude-acessiveis\/"]}]},{"@type":"BreadcrumbList","@id":"https:\/\/www.conveniosocial.com.br\/blog\/clinicas-de-saude\/consulta-santarem-cuidados-de-saude-acessiveis\/#breadcrumb","itemListElement":[{"@type":"ListItem","position":1,"name":"Home","item":"https:\/\/www.conveniosocial.com.br\/blog\/"},{"@type":"ListItem","position":2,"name":"Cl\u00ednicas de Sa\u00fade","item":"https:\/\/www.conveniosocial.com.br\/blog\/clinicas-de-saude\/"},{"@type":"ListItem","position":3,"name":"Consulta Santar\u00e9m: Cuidados de Sa\u00fade Acess\u00edveis"}]},{"@type":"WebSite","@id":"https:\/\/www.conveniosocial.com.br\/blog\/#website","url":"https:\/\/www.conveniosocial.com.br\/blog\/","name":"Conv\u00eanio Social","description":"Informa\u00e7\u00f5es de Sa\u00fade e Bem-estar, Consultas e Exames Popular","publisher":{"@id":"https:\/\/www.conveniosocial.com.br\/blog\/#organization"},"potentialAction":[{"@type":"SearchAction","target":{"@type":"EntryPoint","urlTemplate":"https:\/\/www.conveniosocial.com.br\/blog\/?s={search_term_string}"},"query-input":{"@type":"PropertyValueSpecification","valueRequired":true,"valueName":"search_term_string"}}],"inLanguage":"pt-BR"},{"@type":"Organization","@id":"https:\/\/www.conveniosocial.com.br\/blog\/#organization","name":"Conv\u00eanio Social","url":"https:\/\/www.conveniosocial.com.br\/blog\/","logo":{"@type":"ImageObject","inLanguage":"pt-BR","@id":"https:\/\/www.conveniosocial.com.br\/blog\/#\/schema\/logo\/image\/","url":"https:\/\/www.conveniosocial.com.br\/blog\/wp-content\/uploads\/2021\/11\/novo_logo-convenio-socia-digital.png","contentUrl":"https:\/\/www.conveniosocial.com.br\/blog\/wp-content\/uploads\/2021\/11\/novo_logo-convenio-socia-digital.png","width":400,"height":102,"caption":"Conv\u00eanio Social"},"image":{"@id":"https:\/\/www.conveniosocial.com.br\/blog\/#\/schema\/logo\/image\/"}}]}},"_links":{"self":[{"href":"https:\/\/www.conveniosocial.com.br\/blog\/wp-json\/wp\/v2\/posts\/154057","targetHints":{"allow":["GET"]}}],"collection":[{"href":"https:\/\/www.conveniosocial.com.br\/blog\/wp-json\/wp\/v2\/posts"}],"about":[{"href":"https:\/\/www.conveniosocial.com.br\/blog\/wp-json\/wp\/v2\/types\/post"}],"replies":[{"embeddable":true,"href":"https:\/\/www.conveniosocial.com.br\/blog\/wp-json\/wp\/v2\/comments?post=154057"}],"version-history":[{"count":0,"href":"https:\/\/www.conveniosocial.com.br\/blog\/wp-json\/wp\/v2\/posts\/154057\/revisions"}],"wp:attachment":[{"href":"https:\/\/www.conveniosocial.com.br\/blog\/wp-json\/wp\/v2\/media?parent=154057"}],"wp:term":[{"taxonomy":"category","embeddable":true,"href":"https:\/\/www.conveniosocial.com.br\/blog\/wp-json\/wp\/v2\/categories?post=154057"},{"taxonomy":"post_tag","embeddable":true,"href":"https:\/\/www.conveniosocial.com.br\/blog\/wp-json\/wp\/v2\/tags?post=154057"}],"curies":[{"name":"wp","href":"https:\/\/api.w.org\/{rel}","templated":true}]}}