{"id":154059,"date":"2026-05-01T09:00:04","date_gmt":"2026-05-01T12:00:04","guid":{"rendered":"https:\/\/www.conveniosocial.com.br\/blog\/nehuma\/consulta-santarem-cuidado-e-saude-em-santarem\/"},"modified":"2026-05-01T09:00:04","modified_gmt":"2026-05-01T12:00:04","slug":"consulta-santarem-cuidado-e-saude-em-santarem","status":"publish","type":"post","link":"https:\/\/www.conveniosocial.com.br\/blog\/clinicas-medicas\/consulta-santarem-cuidado-e-saude-em-santarem\/","title":{"rendered":"Consulta Santar\u00e9m: Cuidado e Sa\u00fade em Santar\u00e9m"},"content":{"rendered":"<div id=\"ez-toc-container\" class=\"ez-toc-v2_0_82_2 counter-flat ez-toc-counter ez-toc-white ez-toc-container-direction\">\n<p class=\"ez-toc-title\" style=\"cursor:inherit\">\u00cdndice do Conte\u00fado<\/p>\n<label for=\"ez-toc-cssicon-toggle-item-69f586ed09115\" class=\"ez-toc-cssicon-toggle-label\"><span class=\"ez-toc-cssicon\"><span class=\"eztoc-hide\" style=\"display:none;\">Toggle<\/span><span class=\"ez-toc-icon-toggle-span\"><svg style=\"fill: #999;color:#999\" xmlns=\"http:\/\/www.w3.org\/2000\/svg\" class=\"list-377408\" width=\"20px\" height=\"20px\" viewBox=\"0 0 24 24\" fill=\"none\"><path d=\"M6 6H4v2h2V6zm14 0H8v2h12V6zM4 11h2v2H4v-2zm16 0H8v2h12v-2zM4 16h2v2H4v-2zm16 0H8v2h12v-2z\" fill=\"currentColor\"><\/path><\/svg><svg style=\"fill: #999;color:#999\" class=\"arrow-unsorted-368013\" xmlns=\"http:\/\/www.w3.org\/2000\/svg\" width=\"10px\" height=\"10px\" viewBox=\"0 0 24 24\" version=\"1.2\" baseProfile=\"tiny\"><path d=\"M18.2 9.3l-6.2-6.3-6.2 6.3c-.2.2-.3.4-.3.7s.1.5.3.7c.2.2.4.3.7.3h11c.3 0 .5-.1.7-.3.2-.2.3-.5.3-.7s-.1-.5-.3-.7zM5.8 14.7l6.2 6.3 6.2-6.3c.2-.2.3-.5.3-.7s-.1-.5-.3-.7c-.2-.2-.4-.3-.7-.3h-11c-.3 0-.5.1-.7.3-.2.2-.3.5-.3.7s.1.5.3.7z\"\/><\/svg><\/span><\/span><\/label><input type=\"checkbox\"  id=\"ez-toc-cssicon-toggle-item-69f586ed09115\" checked aria-label=\"Alternar\" \/><nav><ul class='ez-toc-list ez-toc-list-level-1 ' ><li class='ez-toc-page-1'><a class=\"ez-toc-link ez-toc-heading-1\" href=\"https:\/\/www.conveniosocial.com.br\/blog\/clinicas-medicas\/consulta-santarem-cuidado-e-saude-em-santarem\/#Consulta_Santarem_Cuidado_e_Saude_em_Santarem\" >Consulta Santar\u00e9m: Cuidado e Sa\u00fade em Santar\u00e9m<\/a><\/li><li class='ez-toc-page-1'><a class=\"ez-toc-link ez-toc-heading-2\" href=\"https:\/\/www.conveniosocial.com.br\/blog\/clinicas-medicas\/consulta-santarem-cuidado-e-saude-em-santarem\/#Perguntas_Frequentes\" >Perguntas Frequentes<\/a><\/li><li class='ez-toc-page-1'><a class=\"ez-toc-link ez-toc-heading-3\" href=\"https:\/\/www.conveniosocial.com.br\/blog\/clinicas-medicas\/consulta-santarem-cuidado-e-saude-em-santarem\/#Contato\" >Contato<\/a><\/li><\/ul><\/nav><\/div>\n<h2><span class=\"ez-toc-section\" id=\"Consulta_Santarem_Cuidado_e_Saude_em_Santarem\"><\/span>Consulta Santar\u00e9m: Cuidado e Sa\u00fade em Santar\u00e9m<span class=\"ez-toc-section-end\"><\/span><\/h2>\n<p>A Consulta Santar\u00e9m \u00e9 uma cl\u00ednica dedicada ao bem-estar e \u00e0 sa\u00fade da comunidade de Santar\u00e9m, no Par\u00e1. Localizada no bairro Aldeia, nossa cl\u00ednica se destaca pelo atendimento acolhedor e humanizado, proporcionando uma experi\u00eancia diferenciada para todos os nossos pacientes. Com um hor\u00e1rio de funcionamento que vai de segunda a sexta-feira, das 07:00 \u00e0s 17:00, estamos sempre prontos para receber voc\u00ea e sua fam\u00edlia, priorizando a sa\u00fade e o conforto em cada consulta.<\/p>\n<p>Um dos nossos principais diferenciais \u00e9 a realiza\u00e7\u00e3o de exames laboratoriais, com destaque para a dosagem de Vitamina D, que \u00e9 essencial para o bom funcionamento do organismo. Garantimos o menor pre\u00e7o entre os or\u00e7amentos que nossos pacientes costumam fazer, sem comprometer a qualidade dos nossos servi\u00e7os. Na Consulta Santar\u00e9m, acreditamos que a sa\u00fade deve ser acess\u00edvel a todos e nos esfor\u00e7amos para oferecer os melhores pre\u00e7os e condi\u00e7\u00f5es.<\/p>\n<p>Al\u00e9m dos exames, nossa cl\u00ednica est\u00e1 preparada para atender diversas especialidades m\u00e9dicas, sempre com foco na sa\u00fade preventiva. Embora n\u00e3o tenhamos informa\u00e7\u00f5es espec\u00edficas sobre conv\u00eanios no momento, estamos trabalhando para estabelecer parcerias que ampliem o acesso aos nossos servi\u00e7os. Acreditamos que a sa\u00fade \u00e9 um direito de todos e estamos aqui para facilitar esse acesso.<\/p>\n<p>A localiza\u00e7\u00e3o da Consulta Santar\u00e9m \u00e9 estrat\u00e9gica, o que garante facilidade de acesso para os moradores de diversas \u00e1reas de Santar\u00e9m. Se voc\u00ea est\u00e1 buscando um atendimento m\u00e9dico pr\u00f3ximo de casa, nosso espa\u00e7o foi projetado para atender voc\u00ea com conforto e seguran\u00e7a. Nossa equipe \u00e9 composta por profissionais capacitados e dedicados a oferecer um atendimento de qualidade, sempre preocupados com o bem-estar de nossos pacientes.<\/p>\n<p>Para mais informa\u00e7\u00f5es sobre nossos servi\u00e7os, agendamentos ou d\u00favidas, entre em contato conosco. Embora ainda n\u00e3o tenhamos um telefone ou site dispon\u00edveis, voc\u00ea pode nos encontrar nas redes sociais para acompanhar nossas novidades e atualiza\u00e7\u00f5es. Nossa presen\u00e7a no Instagram nos permite interagir com a comunidade e compartilhar dicas de sa\u00fade, promo\u00e7\u00f5es e muito mais.<\/p>\n<p>Na Consulta Santar\u00e9m, cada paciente \u00e9 \u00fanico e estamos comprometidos em oferecer um atendimento personalizado, que atenda \u00e0s suas necessidades. Nossa miss\u00e3o \u00e9 promover a sa\u00fade e o bem-estar, sempre com um sorriso e um atendimento humanizado. Venha nos visitar e descubra como podemos cuidar de voc\u00ea e da sua sa\u00fade de forma integral e acess\u00edvel.<\/p>\n<h3><span class=\"ez-toc-section\" id=\"Perguntas_Frequentes\"><\/span>Perguntas Frequentes<span class=\"ez-toc-section-end\"><\/span><\/h3>\n<p>P: Quais exames a cl\u00ednica oferece?<br \/>\nR: A cl\u00ednica oferece exames laboratoriais, com destaque para a dosagem de Vitamina D.<\/p>\n<p>P: Qual \u00e9 o pre\u00e7o dos exames?<br \/>\nR: Garantimos o menor pre\u00e7o entre os or\u00e7amentos que nossos pacientes fazem.<\/p>\n<p>P: Qual \u00e9 o hor\u00e1rio de funcionamento da cl\u00ednica?<br \/>\nR: A cl\u00ednica funciona de segunda a sexta-feira, das 07:00 \u00e0s 17:00, e est\u00e1 fechada aos s\u00e1bados e domingos.<\/p>\n<p>P: A cl\u00ednica aceita conv\u00eanios?<br \/>\nR: No momento, n\u00e3o temos informa\u00e7\u00f5es espec\u00edficas sobre conv\u00eanios, mas estamos trabalhando para estabelecer parcerias.<\/p>\n<p>P: Onde a cl\u00ednica est\u00e1 localizada?<br \/>\nR: A Consulta Santar\u00e9m est\u00e1 localizada no bairro Aldeia, em Santar\u00e9m, Par\u00e1.<\/p>\n<p>P: Como posso agendar uma consulta?<br \/>\nR: Voc\u00ea pode nos seguir nas redes sociais para mais informa\u00e7\u00f5es sobre agendamentos.<\/p>\n<p>P: A cl\u00ednica realiza atendimento de emerg\u00eancia?<br \/>\nR: A cl\u00ednica n\u00e3o \u00e9 um servi\u00e7o de emerg\u00eancia, mas estamos dispon\u00edveis para consultas regulares e exames.<\/p>\n<p>P: A cl\u00ednica tem equipe de profissionais qualificados?<br \/>\nR: Sim, nossa equipe \u00e9 composta por profissionais capacitados e dedicados ao atendimento humanizado.<\/p>\n<p>P: Posso realizar exames sem encaminhamento m\u00e9dico?<br \/>\nR: Sim, voc\u00ea pode realizar exames laboratoriais na cl\u00ednica sem a necessidade de um encaminhamento m\u00e9dico.<\/p>\n<p>P: Como posso acompanhar novidades da cl\u00ednica?<br \/>\nR: Voc\u00ea pode nos seguir no Instagram para acompanhar nossas novidades e dicas de sa\u00fade.<\/p>\n<h3><span class=\"ez-toc-section\" id=\"Contato\"><\/span>Contato<span class=\"ez-toc-section-end\"><\/span><\/h3>\n<p><strong>Tel.:  | <\/strong><br \/>\n<strong>WhatsApp: &#8211; <\/strong><\/p>\n","protected":false},"excerpt":{"rendered":"<p>Consulta Santar\u00e9m: Cuidado e Sa\u00fade em Santar\u00e9m A Consulta Santar\u00e9m \u00e9 uma cl\u00ednica dedicada ao bem-estar e \u00e0 sa\u00fade da comunidade de Santar\u00e9m, no Par\u00e1. Localizada no bairro Aldeia, nossa cl\u00ednica se destaca pelo atendimento acolhedor e humanizado, proporcionando uma experi\u00eancia diferenciada para todos os nossos pacientes. Com um hor\u00e1rio de funcionamento que vai de [&hellip;]<\/p>\n","protected":false},"author":0,"featured_media":0,"comment_status":"open","ping_status":"open","sticky":false,"template":"","format":"standard","meta":{"_et_pb_use_builder":"o","_et_pb_old_content":"","_et_gb_content_width":"","footnotes":""},"categories":[1363,1403,1386],"tags":[],"class_list":["post-154059","post","type-post","status-publish","format-standard","hentry","category-clinicas-medicas","category-exames-de-sangue","category-saude-preventiva"],"yoast_head":"<!-- This site is optimized with the Yoast SEO Premium plugin v21.3 (Yoast SEO v27.5) - https:\/\/yoast.com\/product\/yoast-seo-premium-wordpress\/ -->\n<title>Consulta Santar\u00e9m: Cuidado e Sa\u00fade em Santar\u00e9m - Conv\u00eanio Social<\/title>\n<meta name=\"robots\" content=\"index, follow, max-snippet:-1, max-image-preview:large, max-video-preview:-1\" \/>\n<link rel=\"canonical\" href=\"https:\/\/www.conveniosocial.com.br\/blog\/clinicas-medicas\/consulta-santarem-cuidado-e-saude-em-santarem\/\" \/>\n<meta property=\"og:locale\" content=\"pt_BR\" \/>\n<meta property=\"og:type\" content=\"article\" \/>\n<meta property=\"og:title\" content=\"Consulta Santar\u00e9m: Cuidado e Sa\u00fade em Santar\u00e9m\" \/>\n<meta property=\"og:description\" content=\"Consulta Santar\u00e9m: Cuidado e Sa\u00fade em Santar\u00e9m A Consulta Santar\u00e9m \u00e9 uma cl\u00ednica dedicada ao bem-estar e \u00e0 sa\u00fade da comunidade de Santar\u00e9m, no Par\u00e1. Localizada no bairro Aldeia, nossa cl\u00ednica se destaca pelo atendimento acolhedor e humanizado, proporcionando uma experi\u00eancia diferenciada para todos os nossos pacientes. Com um hor\u00e1rio de funcionamento que vai de [&hellip;]\" \/>\n<meta property=\"og:url\" content=\"https:\/\/www.conveniosocial.com.br\/blog\/clinicas-medicas\/consulta-santarem-cuidado-e-saude-em-santarem\/\" \/>\n<meta property=\"og:site_name\" content=\"Conv\u00eanio Social\" \/>\n<meta property=\"article:published_time\" content=\"2026-05-01T12:00:04+00:00\" \/>\n<meta name=\"twitter:card\" content=\"summary_large_image\" \/>\n<meta name=\"twitter:label1\" content=\"Est. tempo de leitura\" \/>\n\t<meta name=\"twitter:data1\" content=\"3 minutos\" \/>\n<script type=\"application\/ld+json\" class=\"yoast-schema-graph\">{\"@context\":\"https:\\\/\\\/schema.org\",\"@graph\":[{\"@type\":\"Article\",\"@id\":\"https:\\\/\\\/www.conveniosocial.com.br\\\/blog\\\/clinicas-medicas\\\/consulta-santarem-cuidado-e-saude-em-santarem\\\/#article\",\"isPartOf\":{\"@id\":\"https:\\\/\\\/www.conveniosocial.com.br\\\/blog\\\/clinicas-medicas\\\/consulta-santarem-cuidado-e-saude-em-santarem\\\/\"},\"author\":{\"name\":\"\",\"@id\":\"\"},\"headline\":\"Consulta Santar\u00e9m: Cuidado e Sa\u00fade em Santar\u00e9m\",\"datePublished\":\"2026-05-01T12:00:04+00:00\",\"mainEntityOfPage\":{\"@id\":\"https:\\\/\\\/www.conveniosocial.com.br\\\/blog\\\/clinicas-medicas\\\/consulta-santarem-cuidado-e-saude-em-santarem\\\/\"},\"wordCount\":678,\"commentCount\":0,\"publisher\":{\"@id\":\"https:\\\/\\\/www.conveniosocial.com.br\\\/blog\\\/#organization\"},\"articleSection\":[\"Cl\u00ednicas M\u00e9dicas\",\"Exames de Sangue\",\"Sa\u00fade Preventiva\"],\"inLanguage\":\"pt-BR\"},{\"@type\":\"WebPage\",\"@id\":\"https:\\\/\\\/www.conveniosocial.com.br\\\/blog\\\/clinicas-medicas\\\/consulta-santarem-cuidado-e-saude-em-santarem\\\/\",\"url\":\"https:\\\/\\\/www.conveniosocial.com.br\\\/blog\\\/clinicas-medicas\\\/consulta-santarem-cuidado-e-saude-em-santarem\\\/\",\"name\":\"Consulta Santar\u00e9m: Cuidado e Sa\u00fade em Santar\u00e9m - Conv\u00eanio Social\",\"isPartOf\":{\"@id\":\"https:\\\/\\\/www.conveniosocial.com.br\\\/blog\\\/#website\"},\"datePublished\":\"2026-05-01T12:00:04+00:00\",\"breadcrumb\":{\"@id\":\"https:\\\/\\\/www.conveniosocial.com.br\\\/blog\\\/clinicas-medicas\\\/consulta-santarem-cuidado-e-saude-em-santarem\\\/#breadcrumb\"},\"inLanguage\":\"pt-BR\",\"potentialAction\":[{\"@type\":\"ReadAction\",\"target\":[\"https:\\\/\\\/www.conveniosocial.com.br\\\/blog\\\/clinicas-medicas\\\/consulta-santarem-cuidado-e-saude-em-santarem\\\/\"]}]},{\"@type\":\"BreadcrumbList\",\"@id\":\"https:\\\/\\\/www.conveniosocial.com.br\\\/blog\\\/clinicas-medicas\\\/consulta-santarem-cuidado-e-saude-em-santarem\\\/#breadcrumb\",\"itemListElement\":[{\"@type\":\"ListItem\",\"position\":1,\"name\":\"Home\",\"item\":\"https:\\\/\\\/www.conveniosocial.com.br\\\/blog\\\/\"},{\"@type\":\"ListItem\",\"position\":2,\"name\":\"Cl\u00ednicas M\u00e9dicas\",\"item\":\"https:\\\/\\\/www.conveniosocial.com.br\\\/blog\\\/clinicas-medicas\\\/\"},{\"@type\":\"ListItem\",\"position\":3,\"name\":\"Consulta Santar\u00e9m: Cuidado e Sa\u00fade em Santar\u00e9m\"}]},{\"@type\":\"WebSite\",\"@id\":\"https:\\\/\\\/www.conveniosocial.com.br\\\/blog\\\/#website\",\"url\":\"https:\\\/\\\/www.conveniosocial.com.br\\\/blog\\\/\",\"name\":\"Conv\u00eanio Social\",\"description\":\"Informa\u00e7\u00f5es de Sa\u00fade e Bem-estar, Consultas e Exames Popular\",\"publisher\":{\"@id\":\"https:\\\/\\\/www.conveniosocial.com.br\\\/blog\\\/#organization\"},\"potentialAction\":[{\"@type\":\"SearchAction\",\"target\":{\"@type\":\"EntryPoint\",\"urlTemplate\":\"https:\\\/\\\/www.conveniosocial.com.br\\\/blog\\\/?s={search_term_string}\"},\"query-input\":{\"@type\":\"PropertyValueSpecification\",\"valueRequired\":true,\"valueName\":\"search_term_string\"}}],\"inLanguage\":\"pt-BR\"},{\"@type\":\"Organization\",\"@id\":\"https:\\\/\\\/www.conveniosocial.com.br\\\/blog\\\/#organization\",\"name\":\"Conv\u00eanio Social\",\"url\":\"https:\\\/\\\/www.conveniosocial.com.br\\\/blog\\\/\",\"logo\":{\"@type\":\"ImageObject\",\"inLanguage\":\"pt-BR\",\"@id\":\"https:\\\/\\\/www.conveniosocial.com.br\\\/blog\\\/#\\\/schema\\\/logo\\\/image\\\/\",\"url\":\"https:\\\/\\\/www.conveniosocial.com.br\\\/blog\\\/wp-content\\\/uploads\\\/2021\\\/11\\\/novo_logo-convenio-socia-digital.png\",\"contentUrl\":\"https:\\\/\\\/www.conveniosocial.com.br\\\/blog\\\/wp-content\\\/uploads\\\/2021\\\/11\\\/novo_logo-convenio-socia-digital.png\",\"width\":400,\"height\":102,\"caption\":\"Conv\u00eanio Social\"},\"image\":{\"@id\":\"https:\\\/\\\/www.conveniosocial.com.br\\\/blog\\\/#\\\/schema\\\/logo\\\/image\\\/\"}}]}<\/script>\n<!-- \/ Yoast SEO Premium plugin. -->","yoast_head_json":{"title":"Consulta Santar\u00e9m: Cuidado e Sa\u00fade em Santar\u00e9m - Conv\u00eanio Social","robots":{"index":"index","follow":"follow","max-snippet":"max-snippet:-1","max-image-preview":"max-image-preview:large","max-video-preview":"max-video-preview:-1"},"canonical":"https:\/\/www.conveniosocial.com.br\/blog\/clinicas-medicas\/consulta-santarem-cuidado-e-saude-em-santarem\/","og_locale":"pt_BR","og_type":"article","og_title":"Consulta Santar\u00e9m: Cuidado e Sa\u00fade em Santar\u00e9m","og_description":"Consulta Santar\u00e9m: Cuidado e Sa\u00fade em Santar\u00e9m A Consulta Santar\u00e9m \u00e9 uma cl\u00ednica dedicada ao bem-estar e \u00e0 sa\u00fade da comunidade de Santar\u00e9m, no Par\u00e1. Localizada no bairro Aldeia, nossa cl\u00ednica se destaca pelo atendimento acolhedor e humanizado, proporcionando uma experi\u00eancia diferenciada para todos os nossos pacientes. Com um hor\u00e1rio de funcionamento que vai de [&hellip;]","og_url":"https:\/\/www.conveniosocial.com.br\/blog\/clinicas-medicas\/consulta-santarem-cuidado-e-saude-em-santarem\/","og_site_name":"Conv\u00eanio Social","article_published_time":"2026-05-01T12:00:04+00:00","twitter_card":"summary_large_image","twitter_misc":{"Est. tempo de leitura":"3 minutos"},"schema":{"@context":"https:\/\/schema.org","@graph":[{"@type":"Article","@id":"https:\/\/www.conveniosocial.com.br\/blog\/clinicas-medicas\/consulta-santarem-cuidado-e-saude-em-santarem\/#article","isPartOf":{"@id":"https:\/\/www.conveniosocial.com.br\/blog\/clinicas-medicas\/consulta-santarem-cuidado-e-saude-em-santarem\/"},"author":{"name":"","@id":""},"headline":"Consulta Santar\u00e9m: Cuidado e Sa\u00fade em Santar\u00e9m","datePublished":"2026-05-01T12:00:04+00:00","mainEntityOfPage":{"@id":"https:\/\/www.conveniosocial.com.br\/blog\/clinicas-medicas\/consulta-santarem-cuidado-e-saude-em-santarem\/"},"wordCount":678,"commentCount":0,"publisher":{"@id":"https:\/\/www.conveniosocial.com.br\/blog\/#organization"},"articleSection":["Cl\u00ednicas M\u00e9dicas","Exames de Sangue","Sa\u00fade Preventiva"],"inLanguage":"pt-BR"},{"@type":"WebPage","@id":"https:\/\/www.conveniosocial.com.br\/blog\/clinicas-medicas\/consulta-santarem-cuidado-e-saude-em-santarem\/","url":"https:\/\/www.conveniosocial.com.br\/blog\/clinicas-medicas\/consulta-santarem-cuidado-e-saude-em-santarem\/","name":"Consulta Santar\u00e9m: Cuidado e Sa\u00fade em Santar\u00e9m - Conv\u00eanio Social","isPartOf":{"@id":"https:\/\/www.conveniosocial.com.br\/blog\/#website"},"datePublished":"2026-05-01T12:00:04+00:00","breadcrumb":{"@id":"https:\/\/www.conveniosocial.com.br\/blog\/clinicas-medicas\/consulta-santarem-cuidado-e-saude-em-santarem\/#breadcrumb"},"inLanguage":"pt-BR","potentialAction":[{"@type":"ReadAction","target":["https:\/\/www.conveniosocial.com.br\/blog\/clinicas-medicas\/consulta-santarem-cuidado-e-saude-em-santarem\/"]}]},{"@type":"BreadcrumbList","@id":"https:\/\/www.conveniosocial.com.br\/blog\/clinicas-medicas\/consulta-santarem-cuidado-e-saude-em-santarem\/#breadcrumb","itemListElement":[{"@type":"ListItem","position":1,"name":"Home","item":"https:\/\/www.conveniosocial.com.br\/blog\/"},{"@type":"ListItem","position":2,"name":"Cl\u00ednicas M\u00e9dicas","item":"https:\/\/www.conveniosocial.com.br\/blog\/clinicas-medicas\/"},{"@type":"ListItem","position":3,"name":"Consulta Santar\u00e9m: Cuidado e Sa\u00fade em Santar\u00e9m"}]},{"@type":"WebSite","@id":"https:\/\/www.conveniosocial.com.br\/blog\/#website","url":"https:\/\/www.conveniosocial.com.br\/blog\/","name":"Conv\u00eanio Social","description":"Informa\u00e7\u00f5es de Sa\u00fade e Bem-estar, Consultas e Exames Popular","publisher":{"@id":"https:\/\/www.conveniosocial.com.br\/blog\/#organization"},"potentialAction":[{"@type":"SearchAction","target":{"@type":"EntryPoint","urlTemplate":"https:\/\/www.conveniosocial.com.br\/blog\/?s={search_term_string}"},"query-input":{"@type":"PropertyValueSpecification","valueRequired":true,"valueName":"search_term_string"}}],"inLanguage":"pt-BR"},{"@type":"Organization","@id":"https:\/\/www.conveniosocial.com.br\/blog\/#organization","name":"Conv\u00eanio Social","url":"https:\/\/www.conveniosocial.com.br\/blog\/","logo":{"@type":"ImageObject","inLanguage":"pt-BR","@id":"https:\/\/www.conveniosocial.com.br\/blog\/#\/schema\/logo\/image\/","url":"https:\/\/www.conveniosocial.com.br\/blog\/wp-content\/uploads\/2021\/11\/novo_logo-convenio-socia-digital.png","contentUrl":"https:\/\/www.conveniosocial.com.br\/blog\/wp-content\/uploads\/2021\/11\/novo_logo-convenio-socia-digital.png","width":400,"height":102,"caption":"Conv\u00eanio Social"},"image":{"@id":"https:\/\/www.conveniosocial.com.br\/blog\/#\/schema\/logo\/image\/"}}]}},"_links":{"self":[{"href":"https:\/\/www.conveniosocial.com.br\/blog\/wp-json\/wp\/v2\/posts\/154059","targetHints":{"allow":["GET"]}}],"collection":[{"href":"https:\/\/www.conveniosocial.com.br\/blog\/wp-json\/wp\/v2\/posts"}],"about":[{"href":"https:\/\/www.conveniosocial.com.br\/blog\/wp-json\/wp\/v2\/types\/post"}],"replies":[{"embeddable":true,"href":"https:\/\/www.conveniosocial.com.br\/blog\/wp-json\/wp\/v2\/comments?post=154059"}],"version-history":[{"count":0,"href":"https:\/\/www.conveniosocial.com.br\/blog\/wp-json\/wp\/v2\/posts\/154059\/revisions"}],"wp:attachment":[{"href":"https:\/\/www.conveniosocial.com.br\/blog\/wp-json\/wp\/v2\/media?parent=154059"}],"wp:term":[{"taxonomy":"category","embeddable":true,"href":"https:\/\/www.conveniosocial.com.br\/blog\/wp-json\/wp\/v2\/categories?post=154059"},{"taxonomy":"post_tag","embeddable":true,"href":"https:\/\/www.conveniosocial.com.br\/blog\/wp-json\/wp\/v2\/tags?post=154059"}],"curies":[{"name":"wp","href":"https:\/\/api.w.org\/{rel}","templated":true}]}}