{"id":154060,"date":"2026-05-01T09:00:04","date_gmt":"2026-05-01T12:00:04","guid":{"rendered":"https:\/\/www.conveniosocial.com.br\/blog\/nehuma\/consulta-santarem-cuidado-e-saude-em-santarem-pa\/"},"modified":"2026-05-01T09:00:04","modified_gmt":"2026-05-01T12:00:04","slug":"consulta-santarem-cuidado-e-saude-em-santarem-pa","status":"publish","type":"post","link":"https:\/\/www.conveniosocial.com.br\/blog\/saude-da-mulher\/consulta-santarem-cuidado-e-saude-em-santarem-pa\/","title":{"rendered":"Consulta Santar\u00e9m: Cuidado e Sa\u00fade em Santar\u00e9m, PA"},"content":{"rendered":"<div id=\"ez-toc-container\" class=\"ez-toc-v2_0_82_2 counter-flat ez-toc-counter ez-toc-white ez-toc-container-direction\">\n<p class=\"ez-toc-title\" style=\"cursor:inherit\">\u00cdndice do Conte\u00fado<\/p>\n<label for=\"ez-toc-cssicon-toggle-item-69f71f050c7b3\" class=\"ez-toc-cssicon-toggle-label\"><span class=\"ez-toc-cssicon\"><span class=\"eztoc-hide\" style=\"display:none;\">Toggle<\/span><span class=\"ez-toc-icon-toggle-span\"><svg style=\"fill: #999;color:#999\" xmlns=\"http:\/\/www.w3.org\/2000\/svg\" class=\"list-377408\" width=\"20px\" height=\"20px\" viewBox=\"0 0 24 24\" fill=\"none\"><path d=\"M6 6H4v2h2V6zm14 0H8v2h12V6zM4 11h2v2H4v-2zm16 0H8v2h12v-2zM4 16h2v2H4v-2zm16 0H8v2h12v-2z\" fill=\"currentColor\"><\/path><\/svg><svg style=\"fill: #999;color:#999\" class=\"arrow-unsorted-368013\" xmlns=\"http:\/\/www.w3.org\/2000\/svg\" width=\"10px\" height=\"10px\" viewBox=\"0 0 24 24\" version=\"1.2\" baseProfile=\"tiny\"><path d=\"M18.2 9.3l-6.2-6.3-6.2 6.3c-.2.2-.3.4-.3.7s.1.5.3.7c.2.2.4.3.7.3h11c.3 0 .5-.1.7-.3.2-.2.3-.5.3-.7s-.1-.5-.3-.7zM5.8 14.7l6.2 6.3 6.2-6.3c.2-.2.3-.5.3-.7s-.1-.5-.3-.7c-.2-.2-.4-.3-.7-.3h-11c-.3 0-.5.1-.7.3-.2.2-.3.5-.3.7s.1.5.3.7z\"\/><\/svg><\/span><\/span><\/label><input type=\"checkbox\"  id=\"ez-toc-cssicon-toggle-item-69f71f050c7b3\" checked aria-label=\"Alternar\" \/><nav><ul class='ez-toc-list ez-toc-list-level-1 ' ><li class='ez-toc-page-1'><a class=\"ez-toc-link ez-toc-heading-1\" href=\"https:\/\/www.conveniosocial.com.br\/blog\/saude-da-mulher\/consulta-santarem-cuidado-e-saude-em-santarem-pa\/#Consulta_Santarem_Cuidado_e_Saude_em_Santarem_PA\" >Consulta Santar\u00e9m: Cuidado e Sa\u00fade em Santar\u00e9m, PA<\/a><\/li><li class='ez-toc-page-1'><a class=\"ez-toc-link ez-toc-heading-2\" href=\"https:\/\/www.conveniosocial.com.br\/blog\/saude-da-mulher\/consulta-santarem-cuidado-e-saude-em-santarem-pa\/#Perguntas_Frequentes\" >Perguntas Frequentes<\/a><\/li><li class='ez-toc-page-1'><a class=\"ez-toc-link ez-toc-heading-3\" href=\"https:\/\/www.conveniosocial.com.br\/blog\/saude-da-mulher\/consulta-santarem-cuidado-e-saude-em-santarem-pa\/#Contato\" >Contato<\/a><\/li><\/ul><\/nav><\/div>\n<h2><span class=\"ez-toc-section\" id=\"Consulta_Santarem_Cuidado_e_Saude_em_Santarem_PA\"><\/span>Consulta Santar\u00e9m: Cuidado e Sa\u00fade em Santar\u00e9m, PA<span class=\"ez-toc-section-end\"><\/span><\/h2>\n<p>A Consulta Santar\u00e9m \u00e9 uma cl\u00ednica dedicada a oferecer servi\u00e7os de sa\u00fade de qualidade para a popula\u00e7\u00e3o de Santar\u00e9m, no Par\u00e1. Localizada no bairro Aldeia, nossa cl\u00ednica \u00e9 facilmente acess\u00edvel, proporcionando um ambiente acolhedor e humanizado para todos os nossos pacientes. Sabemos que a sa\u00fade \u00e9 um dos bens mais preciosos, e \u00e9 por isso que nosso compromisso \u00e9 com o bem-estar e a qualidade de vida de cada pessoa que nos procura.<\/p>\n<p>Em nossa cl\u00ednica, oferecemos uma variedade de exames laboratoriais, destacando-se o teste de s\u00edfilis (VDRL), que \u00e9 essencial para a detec\u00e7\u00e3o precoce dessa infec\u00e7\u00e3o. Temos o menor pre\u00e7o entre os exames dispon\u00edveis na regi\u00e3o, garantindo que a sa\u00fade de nossos pacientes n\u00e3o seja comprometida por quest\u00f5es financeiras. Acreditamos que todos merecem acesso a cuidados de sa\u00fade de qualidade, e estamos aqui para atender a essa demanda.<\/p>\n<p>Nossos hor\u00e1rios de atendimento s\u00e3o de segunda a sexta-feira, das 07:00 \u00e0s 17:00, o que facilita a rotina dos nossos pacientes. Estamos fechados aos s\u00e1bados e domingos, mas sempre prontos para receber voc\u00ea durante a semana. A equipe da Consulta Santar\u00e9m \u00e9 composta por profissionais qualificados e experientes, prontos para oferecer um atendimento individualizado e atencioso.<\/p>\n<p>Al\u00e9m do teste de s\u00edfilis, estamos constantemente buscando ampliar nossas especialidades e servi\u00e7os para atender melhor a comunidade local. Embora atualmente n\u00e3o tenhamos conv\u00eanios listados, aceitamos diversas formas de pagamento e estamos abertos a parcerias que possam facilitar o acesso aos nossos servi\u00e7os.<\/p>\n<p>Para mais informa\u00e7\u00f5es sobre nossos exames, nossa equipe ou qualquer d\u00favida, entre em contato conosco atrav\u00e9s do telefone, que est\u00e1 dispon\u00edvel em nosso site. Infelizmente, no momento, n\u00e3o temos um site ou Instagram ativos, mas estamos trabalhando para melhorar nossa presen\u00e7a digital e proporcionar uma comunica\u00e7\u00e3o mais eficiente com nossos pacientes.<\/p>\n<p>A Consulta Santar\u00e9m se destaca pelo seu compromisso com a qualidade e a \u00e9tica no atendimento. Estamos aqui para apoiar voc\u00ea em sua jornada de sa\u00fade, oferecendo n\u00e3o apenas servi\u00e7os m\u00e9dicos, mas tamb\u00e9m um espa\u00e7o de acolhimento e seguran\u00e7a. Venha nos visitar e conhe\u00e7a de perto tudo o que podemos fazer por voc\u00ea e por sua sa\u00fade. Estamos ansiosos para receb\u00ea-lo e ajud\u00e1-lo a cuidar do que h\u00e1 de mais importante: a sua sa\u00fade.<\/p>\n<h3><span class=\"ez-toc-section\" id=\"Perguntas_Frequentes\"><\/span>Perguntas Frequentes<span class=\"ez-toc-section-end\"><\/span><\/h3>\n<p>P: Quais exames s\u00e3o oferecidos na Consulta Santar\u00e9m?<br \/>\nR: Atualmente, oferecemos o exame de s\u00edfilis (VDRL), com o menor pre\u00e7o da regi\u00e3o.<\/p>\n<p>P: Qual \u00e9 o hor\u00e1rio de funcionamento da cl\u00ednica?<br \/>\nR: A cl\u00ednica funciona de segunda a sexta-feira, das 07:00 \u00e0s 17:00, e est\u00e1 fechada aos s\u00e1bados e domingos.<\/p>\n<p>P: A Consulta Santar\u00e9m aceita conv\u00eanios?<br \/>\nR: No momento, n\u00e3o temos conv\u00eanios listados, mas aceitamos diversas formas de pagamento.<\/p>\n<p>P: Como posso entrar em contato com a cl\u00ednica?<br \/>\nR: Voc\u00ea pode nos contatar pelo telefone dispon\u00edvel em nosso site, que estamos em processo de cria\u00e7\u00e3o.<\/p>\n<p>P: A cl\u00ednica realiza consultas m\u00e9dicas?<br \/>\nR: No momento, estamos focados em exames laboratoriais, mas planejamos expandir nossos servi\u00e7os em breve.<\/p>\n<p>P: Onde a Consulta Santar\u00e9m est\u00e1 localizada?<br \/>\nR: Estamos localizados no bairro Aldeia, em Santar\u00e9m, no Par\u00e1.<\/p>\n<p>P: \u00c9 necess\u00e1rio agendar os exames com anteced\u00eancia?<br \/>\nR: Recomendamos que os pacientes agendem, mas tamb\u00e9m aceitamos atendimentos por ordem de chegada.<\/p>\n<p>P: Qual \u00e9 a equipe respons\u00e1vel pelos atendimentos?<br \/>\nR: Nossa equipe \u00e9 composta por profissionais qualificados e dedicados ao atendimento humanizado.<\/p>\n<p>P: A cl\u00ednica oferece algum tipo de assist\u00eancia social?<br \/>\nR: Estamos abertos a parcerias que possam facilitar o acesso aos nossos servi\u00e7os para todos.<\/p>\n<p>P: Quando a cl\u00ednica estar\u00e1 dispon\u00edvel para atendimento em finais de semana?<br \/>\nR: Atualmente, a cl\u00ednica n\u00e3o abre aos finais de semana, mas estamos avaliando essa possibilidade para o futuro.<\/p>\n<h3><span class=\"ez-toc-section\" id=\"Contato\"><\/span>Contato<span class=\"ez-toc-section-end\"><\/span><\/h3>\n<p><strong>Tel.:  | <\/strong><br \/>\n<strong>WhatsApp: &#8211; <\/strong><\/p>\n","protected":false},"excerpt":{"rendered":"<p>Consulta Santar\u00e9m: Cuidado e Sa\u00fade em Santar\u00e9m, PA A Consulta Santar\u00e9m \u00e9 uma cl\u00ednica dedicada a oferecer servi\u00e7os de sa\u00fade de qualidade para a popula\u00e7\u00e3o de Santar\u00e9m, no Par\u00e1. Localizada no bairro Aldeia, nossa cl\u00ednica \u00e9 facilmente acess\u00edvel, proporcionando um ambiente acolhedor e humanizado para todos os nossos pacientes. Sabemos que a sa\u00fade \u00e9 um [&hellip;]<\/p>\n","protected":false},"author":0,"featured_media":0,"comment_status":"open","ping_status":"open","sticky":false,"template":"","format":"standard","meta":{"_et_pb_use_builder":"o","_et_pb_old_content":"","_et_gb_content_width":"","footnotes":""},"categories":[905,932,904],"tags":[],"class_list":["post-154060","post","type-post","status-publish","format-standard","hentry","category-clinica-geral","category-exames-laboratoriais","category-saude-da-mulher"],"yoast_head":"<!-- This site is optimized with the Yoast SEO Premium plugin v21.3 (Yoast SEO v27.5) - https:\/\/yoast.com\/product\/yoast-seo-premium-wordpress\/ -->\n<title>Consulta Santar\u00e9m: Cuidado e Sa\u00fade em Santar\u00e9m, PA - Conv\u00eanio Social<\/title>\n<meta name=\"robots\" content=\"index, follow, max-snippet:-1, max-image-preview:large, max-video-preview:-1\" \/>\n<link rel=\"canonical\" href=\"https:\/\/www.conveniosocial.com.br\/blog\/saude-da-mulher\/consulta-santarem-cuidado-e-saude-em-santarem-pa\/\" \/>\n<meta property=\"og:locale\" content=\"pt_BR\" \/>\n<meta property=\"og:type\" content=\"article\" \/>\n<meta property=\"og:title\" content=\"Consulta Santar\u00e9m: Cuidado e Sa\u00fade em Santar\u00e9m, PA\" \/>\n<meta property=\"og:description\" content=\"Consulta Santar\u00e9m: Cuidado e Sa\u00fade em Santar\u00e9m, PA A Consulta Santar\u00e9m \u00e9 uma cl\u00ednica dedicada a oferecer servi\u00e7os de sa\u00fade de qualidade para a popula\u00e7\u00e3o de Santar\u00e9m, no Par\u00e1. Localizada no bairro Aldeia, nossa cl\u00ednica \u00e9 facilmente acess\u00edvel, proporcionando um ambiente acolhedor e humanizado para todos os nossos pacientes. Sabemos que a sa\u00fade \u00e9 um [&hellip;]\" \/>\n<meta property=\"og:url\" content=\"https:\/\/www.conveniosocial.com.br\/blog\/saude-da-mulher\/consulta-santarem-cuidado-e-saude-em-santarem-pa\/\" \/>\n<meta property=\"og:site_name\" content=\"Conv\u00eanio Social\" \/>\n<meta property=\"article:published_time\" content=\"2026-05-01T12:00:04+00:00\" \/>\n<meta name=\"twitter:card\" content=\"summary_large_image\" \/>\n<meta name=\"twitter:label1\" content=\"Est. tempo de leitura\" \/>\n\t<meta name=\"twitter:data1\" content=\"3 minutos\" \/>\n<script type=\"application\/ld+json\" class=\"yoast-schema-graph\">{\"@context\":\"https:\\\/\\\/schema.org\",\"@graph\":[{\"@type\":\"Article\",\"@id\":\"https:\\\/\\\/www.conveniosocial.com.br\\\/blog\\\/saude-da-mulher\\\/consulta-santarem-cuidado-e-saude-em-santarem-pa\\\/#article\",\"isPartOf\":{\"@id\":\"https:\\\/\\\/www.conveniosocial.com.br\\\/blog\\\/saude-da-mulher\\\/consulta-santarem-cuidado-e-saude-em-santarem-pa\\\/\"},\"author\":{\"name\":\"\",\"@id\":\"\"},\"headline\":\"Consulta Santar\u00e9m: Cuidado e Sa\u00fade em Santar\u00e9m, PA\",\"datePublished\":\"2026-05-01T12:00:04+00:00\",\"mainEntityOfPage\":{\"@id\":\"https:\\\/\\\/www.conveniosocial.com.br\\\/blog\\\/saude-da-mulher\\\/consulta-santarem-cuidado-e-saude-em-santarem-pa\\\/\"},\"wordCount\":687,\"commentCount\":0,\"publisher\":{\"@id\":\"https:\\\/\\\/www.conveniosocial.com.br\\\/blog\\\/#organization\"},\"articleSection\":[\"Cl\u00ednica Geral\",\"Exames Laboratoriais\",\"Sa\u00fade da Mulher\"],\"inLanguage\":\"pt-BR\"},{\"@type\":\"WebPage\",\"@id\":\"https:\\\/\\\/www.conveniosocial.com.br\\\/blog\\\/saude-da-mulher\\\/consulta-santarem-cuidado-e-saude-em-santarem-pa\\\/\",\"url\":\"https:\\\/\\\/www.conveniosocial.com.br\\\/blog\\\/saude-da-mulher\\\/consulta-santarem-cuidado-e-saude-em-santarem-pa\\\/\",\"name\":\"Consulta Santar\u00e9m: Cuidado e Sa\u00fade em Santar\u00e9m, PA - Conv\u00eanio Social\",\"isPartOf\":{\"@id\":\"https:\\\/\\\/www.conveniosocial.com.br\\\/blog\\\/#website\"},\"datePublished\":\"2026-05-01T12:00:04+00:00\",\"breadcrumb\":{\"@id\":\"https:\\\/\\\/www.conveniosocial.com.br\\\/blog\\\/saude-da-mulher\\\/consulta-santarem-cuidado-e-saude-em-santarem-pa\\\/#breadcrumb\"},\"inLanguage\":\"pt-BR\",\"potentialAction\":[{\"@type\":\"ReadAction\",\"target\":[\"https:\\\/\\\/www.conveniosocial.com.br\\\/blog\\\/saude-da-mulher\\\/consulta-santarem-cuidado-e-saude-em-santarem-pa\\\/\"]}]},{\"@type\":\"BreadcrumbList\",\"@id\":\"https:\\\/\\\/www.conveniosocial.com.br\\\/blog\\\/saude-da-mulher\\\/consulta-santarem-cuidado-e-saude-em-santarem-pa\\\/#breadcrumb\",\"itemListElement\":[{\"@type\":\"ListItem\",\"position\":1,\"name\":\"Home\",\"item\":\"https:\\\/\\\/www.conveniosocial.com.br\\\/blog\\\/\"},{\"@type\":\"ListItem\",\"position\":2,\"name\":\"Cl\u00ednica Geral\",\"item\":\"https:\\\/\\\/www.conveniosocial.com.br\\\/blog\\\/clinica-geral\\\/\"},{\"@type\":\"ListItem\",\"position\":3,\"name\":\"Consulta Santar\u00e9m: Cuidado e Sa\u00fade em Santar\u00e9m, PA\"}]},{\"@type\":\"WebSite\",\"@id\":\"https:\\\/\\\/www.conveniosocial.com.br\\\/blog\\\/#website\",\"url\":\"https:\\\/\\\/www.conveniosocial.com.br\\\/blog\\\/\",\"name\":\"Conv\u00eanio Social\",\"description\":\"Informa\u00e7\u00f5es de Sa\u00fade e Bem-estar, Consultas e Exames Popular\",\"publisher\":{\"@id\":\"https:\\\/\\\/www.conveniosocial.com.br\\\/blog\\\/#organization\"},\"potentialAction\":[{\"@type\":\"SearchAction\",\"target\":{\"@type\":\"EntryPoint\",\"urlTemplate\":\"https:\\\/\\\/www.conveniosocial.com.br\\\/blog\\\/?s={search_term_string}\"},\"query-input\":{\"@type\":\"PropertyValueSpecification\",\"valueRequired\":true,\"valueName\":\"search_term_string\"}}],\"inLanguage\":\"pt-BR\"},{\"@type\":\"Organization\",\"@id\":\"https:\\\/\\\/www.conveniosocial.com.br\\\/blog\\\/#organization\",\"name\":\"Conv\u00eanio Social\",\"url\":\"https:\\\/\\\/www.conveniosocial.com.br\\\/blog\\\/\",\"logo\":{\"@type\":\"ImageObject\",\"inLanguage\":\"pt-BR\",\"@id\":\"https:\\\/\\\/www.conveniosocial.com.br\\\/blog\\\/#\\\/schema\\\/logo\\\/image\\\/\",\"url\":\"https:\\\/\\\/www.conveniosocial.com.br\\\/blog\\\/wp-content\\\/uploads\\\/2021\\\/11\\\/novo_logo-convenio-socia-digital.png\",\"contentUrl\":\"https:\\\/\\\/www.conveniosocial.com.br\\\/blog\\\/wp-content\\\/uploads\\\/2021\\\/11\\\/novo_logo-convenio-socia-digital.png\",\"width\":400,\"height\":102,\"caption\":\"Conv\u00eanio Social\"},\"image\":{\"@id\":\"https:\\\/\\\/www.conveniosocial.com.br\\\/blog\\\/#\\\/schema\\\/logo\\\/image\\\/\"}}]}<\/script>\n<!-- \/ Yoast SEO Premium plugin. -->","yoast_head_json":{"title":"Consulta Santar\u00e9m: Cuidado e Sa\u00fade em Santar\u00e9m, PA - Conv\u00eanio Social","robots":{"index":"index","follow":"follow","max-snippet":"max-snippet:-1","max-image-preview":"max-image-preview:large","max-video-preview":"max-video-preview:-1"},"canonical":"https:\/\/www.conveniosocial.com.br\/blog\/saude-da-mulher\/consulta-santarem-cuidado-e-saude-em-santarem-pa\/","og_locale":"pt_BR","og_type":"article","og_title":"Consulta Santar\u00e9m: Cuidado e Sa\u00fade em Santar\u00e9m, PA","og_description":"Consulta Santar\u00e9m: Cuidado e Sa\u00fade em Santar\u00e9m, PA A Consulta Santar\u00e9m \u00e9 uma cl\u00ednica dedicada a oferecer servi\u00e7os de sa\u00fade de qualidade para a popula\u00e7\u00e3o de Santar\u00e9m, no Par\u00e1. Localizada no bairro Aldeia, nossa cl\u00ednica \u00e9 facilmente acess\u00edvel, proporcionando um ambiente acolhedor e humanizado para todos os nossos pacientes. Sabemos que a sa\u00fade \u00e9 um [&hellip;]","og_url":"https:\/\/www.conveniosocial.com.br\/blog\/saude-da-mulher\/consulta-santarem-cuidado-e-saude-em-santarem-pa\/","og_site_name":"Conv\u00eanio Social","article_published_time":"2026-05-01T12:00:04+00:00","twitter_card":"summary_large_image","twitter_misc":{"Est. tempo de leitura":"3 minutos"},"schema":{"@context":"https:\/\/schema.org","@graph":[{"@type":"Article","@id":"https:\/\/www.conveniosocial.com.br\/blog\/saude-da-mulher\/consulta-santarem-cuidado-e-saude-em-santarem-pa\/#article","isPartOf":{"@id":"https:\/\/www.conveniosocial.com.br\/blog\/saude-da-mulher\/consulta-santarem-cuidado-e-saude-em-santarem-pa\/"},"author":{"name":"","@id":""},"headline":"Consulta Santar\u00e9m: Cuidado e Sa\u00fade em Santar\u00e9m, PA","datePublished":"2026-05-01T12:00:04+00:00","mainEntityOfPage":{"@id":"https:\/\/www.conveniosocial.com.br\/blog\/saude-da-mulher\/consulta-santarem-cuidado-e-saude-em-santarem-pa\/"},"wordCount":687,"commentCount":0,"publisher":{"@id":"https:\/\/www.conveniosocial.com.br\/blog\/#organization"},"articleSection":["Cl\u00ednica Geral","Exames Laboratoriais","Sa\u00fade da Mulher"],"inLanguage":"pt-BR"},{"@type":"WebPage","@id":"https:\/\/www.conveniosocial.com.br\/blog\/saude-da-mulher\/consulta-santarem-cuidado-e-saude-em-santarem-pa\/","url":"https:\/\/www.conveniosocial.com.br\/blog\/saude-da-mulher\/consulta-santarem-cuidado-e-saude-em-santarem-pa\/","name":"Consulta Santar\u00e9m: Cuidado e Sa\u00fade em Santar\u00e9m, PA - Conv\u00eanio Social","isPartOf":{"@id":"https:\/\/www.conveniosocial.com.br\/blog\/#website"},"datePublished":"2026-05-01T12:00:04+00:00","breadcrumb":{"@id":"https:\/\/www.conveniosocial.com.br\/blog\/saude-da-mulher\/consulta-santarem-cuidado-e-saude-em-santarem-pa\/#breadcrumb"},"inLanguage":"pt-BR","potentialAction":[{"@type":"ReadAction","target":["https:\/\/www.conveniosocial.com.br\/blog\/saude-da-mulher\/consulta-santarem-cuidado-e-saude-em-santarem-pa\/"]}]},{"@type":"BreadcrumbList","@id":"https:\/\/www.conveniosocial.com.br\/blog\/saude-da-mulher\/consulta-santarem-cuidado-e-saude-em-santarem-pa\/#breadcrumb","itemListElement":[{"@type":"ListItem","position":1,"name":"Home","item":"https:\/\/www.conveniosocial.com.br\/blog\/"},{"@type":"ListItem","position":2,"name":"Cl\u00ednica Geral","item":"https:\/\/www.conveniosocial.com.br\/blog\/clinica-geral\/"},{"@type":"ListItem","position":3,"name":"Consulta Santar\u00e9m: Cuidado e Sa\u00fade em Santar\u00e9m, PA"}]},{"@type":"WebSite","@id":"https:\/\/www.conveniosocial.com.br\/blog\/#website","url":"https:\/\/www.conveniosocial.com.br\/blog\/","name":"Conv\u00eanio Social","description":"Informa\u00e7\u00f5es de Sa\u00fade e Bem-estar, Consultas e Exames Popular","publisher":{"@id":"https:\/\/www.conveniosocial.com.br\/blog\/#organization"},"potentialAction":[{"@type":"SearchAction","target":{"@type":"EntryPoint","urlTemplate":"https:\/\/www.conveniosocial.com.br\/blog\/?s={search_term_string}"},"query-input":{"@type":"PropertyValueSpecification","valueRequired":true,"valueName":"search_term_string"}}],"inLanguage":"pt-BR"},{"@type":"Organization","@id":"https:\/\/www.conveniosocial.com.br\/blog\/#organization","name":"Conv\u00eanio Social","url":"https:\/\/www.conveniosocial.com.br\/blog\/","logo":{"@type":"ImageObject","inLanguage":"pt-BR","@id":"https:\/\/www.conveniosocial.com.br\/blog\/#\/schema\/logo\/image\/","url":"https:\/\/www.conveniosocial.com.br\/blog\/wp-content\/uploads\/2021\/11\/novo_logo-convenio-socia-digital.png","contentUrl":"https:\/\/www.conveniosocial.com.br\/blog\/wp-content\/uploads\/2021\/11\/novo_logo-convenio-socia-digital.png","width":400,"height":102,"caption":"Conv\u00eanio Social"},"image":{"@id":"https:\/\/www.conveniosocial.com.br\/blog\/#\/schema\/logo\/image\/"}}]}},"_links":{"self":[{"href":"https:\/\/www.conveniosocial.com.br\/blog\/wp-json\/wp\/v2\/posts\/154060","targetHints":{"allow":["GET"]}}],"collection":[{"href":"https:\/\/www.conveniosocial.com.br\/blog\/wp-json\/wp\/v2\/posts"}],"about":[{"href":"https:\/\/www.conveniosocial.com.br\/blog\/wp-json\/wp\/v2\/types\/post"}],"replies":[{"embeddable":true,"href":"https:\/\/www.conveniosocial.com.br\/blog\/wp-json\/wp\/v2\/comments?post=154060"}],"version-history":[{"count":0,"href":"https:\/\/www.conveniosocial.com.br\/blog\/wp-json\/wp\/v2\/posts\/154060\/revisions"}],"wp:attachment":[{"href":"https:\/\/www.conveniosocial.com.br\/blog\/wp-json\/wp\/v2\/media?parent=154060"}],"wp:term":[{"taxonomy":"category","embeddable":true,"href":"https:\/\/www.conveniosocial.com.br\/blog\/wp-json\/wp\/v2\/categories?post=154060"},{"taxonomy":"post_tag","embeddable":true,"href":"https:\/\/www.conveniosocial.com.br\/blog\/wp-json\/wp\/v2\/tags?post=154060"}],"curies":[{"name":"wp","href":"https:\/\/api.w.org\/{rel}","templated":true}]}}