{"id":154064,"date":"2026-05-01T09:00:04","date_gmt":"2026-05-01T12:00:04","guid":{"rendered":"https:\/\/www.conveniosocial.com.br\/blog\/nehuma\/consulta-santarem-seu-espaco-de-saude-em-santarem-2\/"},"modified":"2026-05-01T09:00:04","modified_gmt":"2026-05-01T12:00:04","slug":"consulta-santarem-seu-espaco-de-saude-em-santarem-2","status":"publish","type":"post","link":"https:\/\/www.conveniosocial.com.br\/blog\/exames-diagnosticos\/consulta-santarem-seu-espaco-de-saude-em-santarem-2\/","title":{"rendered":"Consulta Santar\u00e9m: Seu Espa\u00e7o de Sa\u00fade em Santar\u00e9m"},"content":{"rendered":"<div id=\"ez-toc-container\" class=\"ez-toc-v2_0_82_2 counter-flat ez-toc-counter ez-toc-white ez-toc-container-direction\">\n<p class=\"ez-toc-title\" style=\"cursor:inherit\">\u00cdndice do Conte\u00fado<\/p>\n<label for=\"ez-toc-cssicon-toggle-item-69f72e6436fe9\" class=\"ez-toc-cssicon-toggle-label\"><span class=\"ez-toc-cssicon\"><span class=\"eztoc-hide\" style=\"display:none;\">Toggle<\/span><span class=\"ez-toc-icon-toggle-span\"><svg style=\"fill: #999;color:#999\" xmlns=\"http:\/\/www.w3.org\/2000\/svg\" class=\"list-377408\" width=\"20px\" height=\"20px\" viewBox=\"0 0 24 24\" fill=\"none\"><path d=\"M6 6H4v2h2V6zm14 0H8v2h12V6zM4 11h2v2H4v-2zm16 0H8v2h12v-2zM4 16h2v2H4v-2zm16 0H8v2h12v-2z\" fill=\"currentColor\"><\/path><\/svg><svg style=\"fill: #999;color:#999\" class=\"arrow-unsorted-368013\" xmlns=\"http:\/\/www.w3.org\/2000\/svg\" width=\"10px\" height=\"10px\" viewBox=\"0 0 24 24\" version=\"1.2\" baseProfile=\"tiny\"><path d=\"M18.2 9.3l-6.2-6.3-6.2 6.3c-.2.2-.3.4-.3.7s.1.5.3.7c.2.2.4.3.7.3h11c.3 0 .5-.1.7-.3.2-.2.3-.5.3-.7s-.1-.5-.3-.7zM5.8 14.7l6.2 6.3 6.2-6.3c.2-.2.3-.5.3-.7s-.1-.5-.3-.7c-.2-.2-.4-.3-.7-.3h-11c-.3 0-.5.1-.7.3-.2.2-.3.5-.3.7s.1.5.3.7z\"\/><\/svg><\/span><\/span><\/label><input type=\"checkbox\"  id=\"ez-toc-cssicon-toggle-item-69f72e6436fe9\" checked aria-label=\"Alternar\" \/><nav><ul class='ez-toc-list ez-toc-list-level-1 ' ><li class='ez-toc-page-1'><a class=\"ez-toc-link ez-toc-heading-1\" href=\"https:\/\/www.conveniosocial.com.br\/blog\/exames-diagnosticos\/consulta-santarem-seu-espaco-de-saude-em-santarem-2\/#Consulta_Santarem_Seu_Espaco_de_Saude_em_Santarem\" >Consulta Santar\u00e9m: Seu Espa\u00e7o de Sa\u00fade em Santar\u00e9m<\/a><\/li><li class='ez-toc-page-1'><a class=\"ez-toc-link ez-toc-heading-2\" href=\"https:\/\/www.conveniosocial.com.br\/blog\/exames-diagnosticos\/consulta-santarem-seu-espaco-de-saude-em-santarem-2\/#Perguntas_Frequentes\" >Perguntas Frequentes<\/a><\/li><li class='ez-toc-page-1'><a class=\"ez-toc-link ez-toc-heading-3\" href=\"https:\/\/www.conveniosocial.com.br\/blog\/exames-diagnosticos\/consulta-santarem-seu-espaco-de-saude-em-santarem-2\/#Contato\" >Contato<\/a><\/li><\/ul><\/nav><\/div>\n<h2><span class=\"ez-toc-section\" id=\"Consulta_Santarem_Seu_Espaco_de_Saude_em_Santarem\"><\/span>Consulta Santar\u00e9m: Seu Espa\u00e7o de Sa\u00fade em Santar\u00e9m<span class=\"ez-toc-section-end\"><\/span><\/h2>\n<p>A Consulta Santar\u00e9m \u00e9 uma cl\u00ednica dedicada ao bem-estar e \u00e0 sa\u00fade da popula\u00e7\u00e3o de Santar\u00e9m, no estado do Par\u00e1. Situada no bairro Aldeia, nossa cl\u00ednica foi projetada para proporcionar um atendimento acolhedor e humanizado, com foco nas necessidades de cada paciente. Com um ambiente confort\u00e1vel e profissionais qualificados, garantimos que cada visita seja uma experi\u00eancia positiva e tranquila.<\/p>\n<p>Entre nossas especialidades, destacamos a realiza\u00e7\u00e3o de exames de Beta_HCG, tanto quantitativo quanto qualitativo, um teste essencial para a detec\u00e7\u00e3o precoce de gravidez. Temos o compromisso de oferecer os melhores pre\u00e7os do mercado, garantindo acessibilidade a todos os nossos pacientes. Nossa cl\u00ednica se destaca n\u00e3o apenas pelo custo, mas tamb\u00e9m pela precis\u00e3o e confiabilidade dos nossos exames, assegurando que voc\u00ea receba os resultados com a m\u00e1xima agilidade e seguran\u00e7a.<\/p>\n<p>Localizada de forma estrat\u00e9gica, a Consulta Santar\u00e9m \u00e9 de f\u00e1cil acesso, permitindo que nossos pacientes cheguem at\u00e9 n\u00f3s sem complica\u00e7\u00f5es. Acreditamos que a sa\u00fade deve estar ao alcance de todos, e por isso nos esfor\u00e7amos para oferecer n\u00e3o apenas um servi\u00e7o de qualidade, mas tamb\u00e9m uma localiza\u00e7\u00e3o que facilite sua visita.<\/p>\n<p>Atendemos de segunda a sexta-feira, das 07:00 \u00e0s 17:00, sempre prontos para receber voc\u00ea com um sorriso e um atendimento diferenciado. Embora n\u00e3o tenhamos informa\u00e7\u00f5es sobre conv\u00eanios no momento, estamos abertos a parcerias que possam ampliar as op\u00e7\u00f5es de atendimento aos nossos pacientes. Para mais informa\u00e7\u00f5es sobre nossos servi\u00e7os e exames, entre em contato conosco atrav\u00e9s do telefone que em breve disponibilizaremos em nosso site.<\/p>\n<p>Em breve, tamb\u00e9m estaremos presentes nas redes sociais, especialmente no Instagram, onde poderemos interagir com nossos pacientes e compartilhar dicas de sa\u00fade, novidades e informa\u00e7\u00f5es relevantes. Nossa miss\u00e3o \u00e9 garantir que cada paciente se sinta valorizado e bem informado sobre sua sa\u00fade.<\/p>\n<p>A Consulta Santar\u00e9m est\u00e1 comprometida em ser seu parceiro de sa\u00fade, oferecendo um atendimento de qualidade e com respeito \u00e0s individualidades de cada pessoa. Estamos aqui para ouvir suas necessidades e proporcionar as melhores solu\u00e7\u00f5es. Venha nos visitar e descubra como podemos ajudar voc\u00ea a cuidar da sua sa\u00fade com carinho e profissionalismo.<\/p>\n<h3><span class=\"ez-toc-section\" id=\"Perguntas_Frequentes\"><\/span>Perguntas Frequentes<span class=\"ez-toc-section-end\"><\/span><\/h3>\n<p>P: Quais exames s\u00e3o realizados na Consulta Santar\u00e9m?<br \/>\nR: Realizamos exames de Beta_HCG, tanto quantitativo quanto qualitativo, que s\u00e3o importantes para a detec\u00e7\u00e3o de gravidez.<\/p>\n<p>P: Qual o hor\u00e1rio de funcionamento da cl\u00ednica?<br \/>\nR: Estamos abertos de segunda a sexta-feira, das 07:00 \u00e0s 17:00. Nos s\u00e1bados e domingos, estamos fechados.<\/p>\n<p>P: A cl\u00ednica aceita conv\u00eanios?<br \/>\nR: No momento, as informa\u00e7\u00f5es sobre conv\u00eanios n\u00e3o est\u00e3o dispon\u00edveis, mas estamos abertos a parcerias.<\/p>\n<p>P: Como posso agendar um exame?<br \/>\nR: Em breve, disponibilizaremos informa\u00e7\u00f5es de contato atrav\u00e9s do nosso telefone, onde voc\u00ea poder\u00e1 agendar seu exame.<\/p>\n<p>P: Onde a cl\u00ednica est\u00e1 localizada?<br \/>\nR: Estamos localizados no bairro Aldeia, em Santar\u00e9m, Par\u00e1.<\/p>\n<p>P: Quais s\u00e3o os diferenciais da Consulta Santar\u00e9m?<br \/>\nR: Nosso diferencial \u00e9 o atendimento humanizado e acolhedor, al\u00e9m de oferecermos exames com pre\u00e7os acess\u00edveis e confi\u00e1veis.<\/p>\n<p>P: A cl\u00ednica possui profissionais qualificados?<br \/>\nR: Sim, contamos com uma equipe de profissionais dedicados ao atendimento e \u00e0 realiza\u00e7\u00e3o de exames.<\/p>\n<p>P: Posso realizar o exame sem agendamento pr\u00e9vio?<br \/>\nR: Recomendamos que voc\u00ea agende seu exame para garantir a melhor experi\u00eancia e agilidade no atendimento.<\/p>\n<p>P: A Consulta Santar\u00e9m possui site ou redes sociais?<br \/>\nR: Em breve, estaremos dispon\u00edveis nas redes sociais e nosso site estar\u00e1 ativo, onde voc\u00ea poder\u00e1 encontrar mais informa\u00e7\u00f5es.<\/p>\n<p>P: Quais os m\u00e9todos de pagamento aceitos?<br \/>\nR: As informa\u00e7\u00f5es sobre m\u00e9todos de pagamento ser\u00e3o disponibilizadas em nosso site assim que estiver em funcionamento.<\/p>\n<h3><span class=\"ez-toc-section\" id=\"Contato\"><\/span>Contato<span class=\"ez-toc-section-end\"><\/span><\/h3>\n<p><strong>Tel.:  | <\/strong><br \/>\n<strong>WhatsApp: &#8211; <\/strong><\/p>\n","protected":false},"excerpt":{"rendered":"<p>Consulta Santar\u00e9m: Seu Espa\u00e7o de Sa\u00fade em Santar\u00e9m A Consulta Santar\u00e9m \u00e9 uma cl\u00ednica dedicada ao bem-estar e \u00e0 sa\u00fade da popula\u00e7\u00e3o de Santar\u00e9m, no estado do Par\u00e1. Situada no bairro Aldeia, nossa cl\u00ednica foi projetada para proporcionar um atendimento acolhedor e humanizado, com foco nas necessidades de cada paciente. Com um ambiente confort\u00e1vel e [&hellip;]<\/p>\n","protected":false},"author":0,"featured_media":0,"comment_status":"open","ping_status":"open","sticky":false,"template":"","format":"standard","meta":{"_et_pb_use_builder":"o","_et_pb_old_content":"","_et_gb_content_width":"","footnotes":""},"categories":[1368,903,904],"tags":[],"class_list":["post-154064","post","type-post","status-publish","format-standard","hentry","category-clinicas-de-saude","category-exames-diagnosticos","category-saude-da-mulher"],"yoast_head":"<!-- This site is optimized with the Yoast SEO Premium plugin v21.3 (Yoast SEO v27.5) - https:\/\/yoast.com\/product\/yoast-seo-premium-wordpress\/ -->\n<title>Consulta Santar\u00e9m: Seu Espa\u00e7o de Sa\u00fade em Santar\u00e9m - Conv\u00eanio Social<\/title>\n<meta name=\"robots\" content=\"index, follow, max-snippet:-1, max-image-preview:large, max-video-preview:-1\" \/>\n<link rel=\"canonical\" href=\"https:\/\/www.conveniosocial.com.br\/blog\/exames-diagnosticos\/consulta-santarem-seu-espaco-de-saude-em-santarem-2\/\" \/>\n<meta property=\"og:locale\" content=\"pt_BR\" \/>\n<meta property=\"og:type\" content=\"article\" \/>\n<meta property=\"og:title\" content=\"Consulta Santar\u00e9m: Seu Espa\u00e7o de Sa\u00fade em Santar\u00e9m\" \/>\n<meta property=\"og:description\" content=\"Consulta Santar\u00e9m: Seu Espa\u00e7o de Sa\u00fade em Santar\u00e9m A Consulta Santar\u00e9m \u00e9 uma cl\u00ednica dedicada ao bem-estar e \u00e0 sa\u00fade da popula\u00e7\u00e3o de Santar\u00e9m, no estado do Par\u00e1. Situada no bairro Aldeia, nossa cl\u00ednica foi projetada para proporcionar um atendimento acolhedor e humanizado, com foco nas necessidades de cada paciente. Com um ambiente confort\u00e1vel e [&hellip;]\" \/>\n<meta property=\"og:url\" content=\"https:\/\/www.conveniosocial.com.br\/blog\/exames-diagnosticos\/consulta-santarem-seu-espaco-de-saude-em-santarem-2\/\" \/>\n<meta property=\"og:site_name\" content=\"Conv\u00eanio Social\" \/>\n<meta property=\"article:published_time\" content=\"2026-05-01T12:00:04+00:00\" \/>\n<meta name=\"twitter:card\" content=\"summary_large_image\" \/>\n<meta name=\"twitter:label1\" content=\"Est. tempo de leitura\" \/>\n\t<meta name=\"twitter:data1\" content=\"3 minutos\" \/>\n<script type=\"application\/ld+json\" class=\"yoast-schema-graph\">{\"@context\":\"https:\\\/\\\/schema.org\",\"@graph\":[{\"@type\":\"Article\",\"@id\":\"https:\\\/\\\/www.conveniosocial.com.br\\\/blog\\\/exames-diagnosticos\\\/consulta-santarem-seu-espaco-de-saude-em-santarem-2\\\/#article\",\"isPartOf\":{\"@id\":\"https:\\\/\\\/www.conveniosocial.com.br\\\/blog\\\/exames-diagnosticos\\\/consulta-santarem-seu-espaco-de-saude-em-santarem-2\\\/\"},\"author\":{\"name\":\"\",\"@id\":\"\"},\"headline\":\"Consulta Santar\u00e9m: Seu Espa\u00e7o de Sa\u00fade em Santar\u00e9m\",\"datePublished\":\"2026-05-01T12:00:04+00:00\",\"mainEntityOfPage\":{\"@id\":\"https:\\\/\\\/www.conveniosocial.com.br\\\/blog\\\/exames-diagnosticos\\\/consulta-santarem-seu-espaco-de-saude-em-santarem-2\\\/\"},\"wordCount\":671,\"commentCount\":0,\"publisher\":{\"@id\":\"https:\\\/\\\/www.conveniosocial.com.br\\\/blog\\\/#organization\"},\"articleSection\":[\"Cl\u00ednicas de Sa\u00fade\",\"Exames Diagn\u00f3sticos\",\"Sa\u00fade da Mulher\"],\"inLanguage\":\"pt-BR\"},{\"@type\":\"WebPage\",\"@id\":\"https:\\\/\\\/www.conveniosocial.com.br\\\/blog\\\/exames-diagnosticos\\\/consulta-santarem-seu-espaco-de-saude-em-santarem-2\\\/\",\"url\":\"https:\\\/\\\/www.conveniosocial.com.br\\\/blog\\\/exames-diagnosticos\\\/consulta-santarem-seu-espaco-de-saude-em-santarem-2\\\/\",\"name\":\"Consulta Santar\u00e9m: Seu Espa\u00e7o de Sa\u00fade em Santar\u00e9m - Conv\u00eanio Social\",\"isPartOf\":{\"@id\":\"https:\\\/\\\/www.conveniosocial.com.br\\\/blog\\\/#website\"},\"datePublished\":\"2026-05-01T12:00:04+00:00\",\"breadcrumb\":{\"@id\":\"https:\\\/\\\/www.conveniosocial.com.br\\\/blog\\\/exames-diagnosticos\\\/consulta-santarem-seu-espaco-de-saude-em-santarem-2\\\/#breadcrumb\"},\"inLanguage\":\"pt-BR\",\"potentialAction\":[{\"@type\":\"ReadAction\",\"target\":[\"https:\\\/\\\/www.conveniosocial.com.br\\\/blog\\\/exames-diagnosticos\\\/consulta-santarem-seu-espaco-de-saude-em-santarem-2\\\/\"]}]},{\"@type\":\"BreadcrumbList\",\"@id\":\"https:\\\/\\\/www.conveniosocial.com.br\\\/blog\\\/exames-diagnosticos\\\/consulta-santarem-seu-espaco-de-saude-em-santarem-2\\\/#breadcrumb\",\"itemListElement\":[{\"@type\":\"ListItem\",\"position\":1,\"name\":\"Home\",\"item\":\"https:\\\/\\\/www.conveniosocial.com.br\\\/blog\\\/\"},{\"@type\":\"ListItem\",\"position\":2,\"name\":\"Cl\u00ednicas de Sa\u00fade\",\"item\":\"https:\\\/\\\/www.conveniosocial.com.br\\\/blog\\\/clinicas-de-saude\\\/\"},{\"@type\":\"ListItem\",\"position\":3,\"name\":\"Consulta Santar\u00e9m: Seu Espa\u00e7o de Sa\u00fade em Santar\u00e9m\"}]},{\"@type\":\"WebSite\",\"@id\":\"https:\\\/\\\/www.conveniosocial.com.br\\\/blog\\\/#website\",\"url\":\"https:\\\/\\\/www.conveniosocial.com.br\\\/blog\\\/\",\"name\":\"Conv\u00eanio Social\",\"description\":\"Informa\u00e7\u00f5es de Sa\u00fade e Bem-estar, Consultas e Exames Popular\",\"publisher\":{\"@id\":\"https:\\\/\\\/www.conveniosocial.com.br\\\/blog\\\/#organization\"},\"potentialAction\":[{\"@type\":\"SearchAction\",\"target\":{\"@type\":\"EntryPoint\",\"urlTemplate\":\"https:\\\/\\\/www.conveniosocial.com.br\\\/blog\\\/?s={search_term_string}\"},\"query-input\":{\"@type\":\"PropertyValueSpecification\",\"valueRequired\":true,\"valueName\":\"search_term_string\"}}],\"inLanguage\":\"pt-BR\"},{\"@type\":\"Organization\",\"@id\":\"https:\\\/\\\/www.conveniosocial.com.br\\\/blog\\\/#organization\",\"name\":\"Conv\u00eanio Social\",\"url\":\"https:\\\/\\\/www.conveniosocial.com.br\\\/blog\\\/\",\"logo\":{\"@type\":\"ImageObject\",\"inLanguage\":\"pt-BR\",\"@id\":\"https:\\\/\\\/www.conveniosocial.com.br\\\/blog\\\/#\\\/schema\\\/logo\\\/image\\\/\",\"url\":\"https:\\\/\\\/www.conveniosocial.com.br\\\/blog\\\/wp-content\\\/uploads\\\/2021\\\/11\\\/novo_logo-convenio-socia-digital.png\",\"contentUrl\":\"https:\\\/\\\/www.conveniosocial.com.br\\\/blog\\\/wp-content\\\/uploads\\\/2021\\\/11\\\/novo_logo-convenio-socia-digital.png\",\"width\":400,\"height\":102,\"caption\":\"Conv\u00eanio Social\"},\"image\":{\"@id\":\"https:\\\/\\\/www.conveniosocial.com.br\\\/blog\\\/#\\\/schema\\\/logo\\\/image\\\/\"}}]}<\/script>\n<!-- \/ Yoast SEO Premium plugin. -->","yoast_head_json":{"title":"Consulta Santar\u00e9m: Seu Espa\u00e7o de Sa\u00fade em Santar\u00e9m - Conv\u00eanio Social","robots":{"index":"index","follow":"follow","max-snippet":"max-snippet:-1","max-image-preview":"max-image-preview:large","max-video-preview":"max-video-preview:-1"},"canonical":"https:\/\/www.conveniosocial.com.br\/blog\/exames-diagnosticos\/consulta-santarem-seu-espaco-de-saude-em-santarem-2\/","og_locale":"pt_BR","og_type":"article","og_title":"Consulta Santar\u00e9m: Seu Espa\u00e7o de Sa\u00fade em Santar\u00e9m","og_description":"Consulta Santar\u00e9m: Seu Espa\u00e7o de Sa\u00fade em Santar\u00e9m A Consulta Santar\u00e9m \u00e9 uma cl\u00ednica dedicada ao bem-estar e \u00e0 sa\u00fade da popula\u00e7\u00e3o de Santar\u00e9m, no estado do Par\u00e1. Situada no bairro Aldeia, nossa cl\u00ednica foi projetada para proporcionar um atendimento acolhedor e humanizado, com foco nas necessidades de cada paciente. Com um ambiente confort\u00e1vel e [&hellip;]","og_url":"https:\/\/www.conveniosocial.com.br\/blog\/exames-diagnosticos\/consulta-santarem-seu-espaco-de-saude-em-santarem-2\/","og_site_name":"Conv\u00eanio Social","article_published_time":"2026-05-01T12:00:04+00:00","twitter_card":"summary_large_image","twitter_misc":{"Est. tempo de leitura":"3 minutos"},"schema":{"@context":"https:\/\/schema.org","@graph":[{"@type":"Article","@id":"https:\/\/www.conveniosocial.com.br\/blog\/exames-diagnosticos\/consulta-santarem-seu-espaco-de-saude-em-santarem-2\/#article","isPartOf":{"@id":"https:\/\/www.conveniosocial.com.br\/blog\/exames-diagnosticos\/consulta-santarem-seu-espaco-de-saude-em-santarem-2\/"},"author":{"name":"","@id":""},"headline":"Consulta Santar\u00e9m: Seu Espa\u00e7o de Sa\u00fade em Santar\u00e9m","datePublished":"2026-05-01T12:00:04+00:00","mainEntityOfPage":{"@id":"https:\/\/www.conveniosocial.com.br\/blog\/exames-diagnosticos\/consulta-santarem-seu-espaco-de-saude-em-santarem-2\/"},"wordCount":671,"commentCount":0,"publisher":{"@id":"https:\/\/www.conveniosocial.com.br\/blog\/#organization"},"articleSection":["Cl\u00ednicas de Sa\u00fade","Exames Diagn\u00f3sticos","Sa\u00fade da Mulher"],"inLanguage":"pt-BR"},{"@type":"WebPage","@id":"https:\/\/www.conveniosocial.com.br\/blog\/exames-diagnosticos\/consulta-santarem-seu-espaco-de-saude-em-santarem-2\/","url":"https:\/\/www.conveniosocial.com.br\/blog\/exames-diagnosticos\/consulta-santarem-seu-espaco-de-saude-em-santarem-2\/","name":"Consulta Santar\u00e9m: Seu Espa\u00e7o de Sa\u00fade em Santar\u00e9m - Conv\u00eanio Social","isPartOf":{"@id":"https:\/\/www.conveniosocial.com.br\/blog\/#website"},"datePublished":"2026-05-01T12:00:04+00:00","breadcrumb":{"@id":"https:\/\/www.conveniosocial.com.br\/blog\/exames-diagnosticos\/consulta-santarem-seu-espaco-de-saude-em-santarem-2\/#breadcrumb"},"inLanguage":"pt-BR","potentialAction":[{"@type":"ReadAction","target":["https:\/\/www.conveniosocial.com.br\/blog\/exames-diagnosticos\/consulta-santarem-seu-espaco-de-saude-em-santarem-2\/"]}]},{"@type":"BreadcrumbList","@id":"https:\/\/www.conveniosocial.com.br\/blog\/exames-diagnosticos\/consulta-santarem-seu-espaco-de-saude-em-santarem-2\/#breadcrumb","itemListElement":[{"@type":"ListItem","position":1,"name":"Home","item":"https:\/\/www.conveniosocial.com.br\/blog\/"},{"@type":"ListItem","position":2,"name":"Cl\u00ednicas de Sa\u00fade","item":"https:\/\/www.conveniosocial.com.br\/blog\/clinicas-de-saude\/"},{"@type":"ListItem","position":3,"name":"Consulta Santar\u00e9m: Seu Espa\u00e7o de Sa\u00fade em Santar\u00e9m"}]},{"@type":"WebSite","@id":"https:\/\/www.conveniosocial.com.br\/blog\/#website","url":"https:\/\/www.conveniosocial.com.br\/blog\/","name":"Conv\u00eanio Social","description":"Informa\u00e7\u00f5es de Sa\u00fade e Bem-estar, Consultas e Exames Popular","publisher":{"@id":"https:\/\/www.conveniosocial.com.br\/blog\/#organization"},"potentialAction":[{"@type":"SearchAction","target":{"@type":"EntryPoint","urlTemplate":"https:\/\/www.conveniosocial.com.br\/blog\/?s={search_term_string}"},"query-input":{"@type":"PropertyValueSpecification","valueRequired":true,"valueName":"search_term_string"}}],"inLanguage":"pt-BR"},{"@type":"Organization","@id":"https:\/\/www.conveniosocial.com.br\/blog\/#organization","name":"Conv\u00eanio Social","url":"https:\/\/www.conveniosocial.com.br\/blog\/","logo":{"@type":"ImageObject","inLanguage":"pt-BR","@id":"https:\/\/www.conveniosocial.com.br\/blog\/#\/schema\/logo\/image\/","url":"https:\/\/www.conveniosocial.com.br\/blog\/wp-content\/uploads\/2021\/11\/novo_logo-convenio-socia-digital.png","contentUrl":"https:\/\/www.conveniosocial.com.br\/blog\/wp-content\/uploads\/2021\/11\/novo_logo-convenio-socia-digital.png","width":400,"height":102,"caption":"Conv\u00eanio Social"},"image":{"@id":"https:\/\/www.conveniosocial.com.br\/blog\/#\/schema\/logo\/image\/"}}]}},"_links":{"self":[{"href":"https:\/\/www.conveniosocial.com.br\/blog\/wp-json\/wp\/v2\/posts\/154064","targetHints":{"allow":["GET"]}}],"collection":[{"href":"https:\/\/www.conveniosocial.com.br\/blog\/wp-json\/wp\/v2\/posts"}],"about":[{"href":"https:\/\/www.conveniosocial.com.br\/blog\/wp-json\/wp\/v2\/types\/post"}],"replies":[{"embeddable":true,"href":"https:\/\/www.conveniosocial.com.br\/blog\/wp-json\/wp\/v2\/comments?post=154064"}],"version-history":[{"count":0,"href":"https:\/\/www.conveniosocial.com.br\/blog\/wp-json\/wp\/v2\/posts\/154064\/revisions"}],"wp:attachment":[{"href":"https:\/\/www.conveniosocial.com.br\/blog\/wp-json\/wp\/v2\/media?parent=154064"}],"wp:term":[{"taxonomy":"category","embeddable":true,"href":"https:\/\/www.conveniosocial.com.br\/blog\/wp-json\/wp\/v2\/categories?post=154064"},{"taxonomy":"post_tag","embeddable":true,"href":"https:\/\/www.conveniosocial.com.br\/blog\/wp-json\/wp\/v2\/tags?post=154064"}],"curies":[{"name":"wp","href":"https:\/\/api.w.org\/{rel}","templated":true}]}}