{"id":154065,"date":"2026-05-01T09:00:04","date_gmt":"2026-05-01T12:00:04","guid":{"rendered":"https:\/\/www.conveniosocial.com.br\/blog\/nehuma\/consulta-santarem-cuidado-e-excelencia-em-saude-2\/"},"modified":"2026-05-01T09:00:04","modified_gmt":"2026-05-01T12:00:04","slug":"consulta-santarem-cuidado-e-excelencia-em-saude-2","status":"publish","type":"post","link":"https:\/\/www.conveniosocial.com.br\/blog\/atendimento-humanizado\/consulta-santarem-cuidado-e-excelencia-em-saude-2\/","title":{"rendered":"Consulta Santar\u00e9m: Cuidado e Excel\u00eancia em Sa\u00fade"},"content":{"rendered":"<div id=\"ez-toc-container\" class=\"ez-toc-v2_0_82_2 counter-flat ez-toc-counter ez-toc-white ez-toc-container-direction\">\n<p class=\"ez-toc-title\" style=\"cursor:inherit\">\u00cdndice do Conte\u00fado<\/p>\n<label for=\"ez-toc-cssicon-toggle-item-69f4b542a259c\" class=\"ez-toc-cssicon-toggle-label\"><span class=\"ez-toc-cssicon\"><span class=\"eztoc-hide\" style=\"display:none;\">Toggle<\/span><span class=\"ez-toc-icon-toggle-span\"><svg style=\"fill: #999;color:#999\" xmlns=\"http:\/\/www.w3.org\/2000\/svg\" class=\"list-377408\" width=\"20px\" height=\"20px\" viewBox=\"0 0 24 24\" fill=\"none\"><path d=\"M6 6H4v2h2V6zm14 0H8v2h12V6zM4 11h2v2H4v-2zm16 0H8v2h12v-2zM4 16h2v2H4v-2zm16 0H8v2h12v-2z\" fill=\"currentColor\"><\/path><\/svg><svg style=\"fill: #999;color:#999\" class=\"arrow-unsorted-368013\" xmlns=\"http:\/\/www.w3.org\/2000\/svg\" width=\"10px\" height=\"10px\" viewBox=\"0 0 24 24\" version=\"1.2\" baseProfile=\"tiny\"><path d=\"M18.2 9.3l-6.2-6.3-6.2 6.3c-.2.2-.3.4-.3.7s.1.5.3.7c.2.2.4.3.7.3h11c.3 0 .5-.1.7-.3.2-.2.3-.5.3-.7s-.1-.5-.3-.7zM5.8 14.7l6.2 6.3 6.2-6.3c.2-.2.3-.5.3-.7s-.1-.5-.3-.7c-.2-.2-.4-.3-.7-.3h-11c-.3 0-.5.1-.7.3-.2.2-.3.5-.3.7s.1.5.3.7z\"\/><\/svg><\/span><\/span><\/label><input type=\"checkbox\"  id=\"ez-toc-cssicon-toggle-item-69f4b542a259c\" checked aria-label=\"Alternar\" \/><nav><ul class='ez-toc-list ez-toc-list-level-1 ' ><li class='ez-toc-page-1'><a class=\"ez-toc-link ez-toc-heading-1\" href=\"https:\/\/www.conveniosocial.com.br\/blog\/atendimento-humanizado\/consulta-santarem-cuidado-e-excelencia-em-saude-2\/#Consulta_Santarem_Cuidado_e_Excelencia_em_Saude\" >Consulta Santar\u00e9m: Cuidado e Excel\u00eancia em Sa\u00fade<\/a><\/li><li class='ez-toc-page-1'><a class=\"ez-toc-link ez-toc-heading-2\" href=\"https:\/\/www.conveniosocial.com.br\/blog\/atendimento-humanizado\/consulta-santarem-cuidado-e-excelencia-em-saude-2\/#Perguntas_Frequentes\" >Perguntas Frequentes<\/a><\/li><li class='ez-toc-page-1'><a class=\"ez-toc-link ez-toc-heading-3\" href=\"https:\/\/www.conveniosocial.com.br\/blog\/atendimento-humanizado\/consulta-santarem-cuidado-e-excelencia-em-saude-2\/#Contato\" >Contato<\/a><\/li><\/ul><\/nav><\/div>\n<h2><span class=\"ez-toc-section\" id=\"Consulta_Santarem_Cuidado_e_Excelencia_em_Saude\"><\/span>Consulta Santar\u00e9m: Cuidado e Excel\u00eancia em Sa\u00fade<span class=\"ez-toc-section-end\"><\/span><\/h2>\n<p>A Consulta Santar\u00e9m \u00e9 uma cl\u00ednica especializada em oferecer um atendimento de sa\u00fade de qualidade, localizada no bairro Aldeia, em Santar\u00e9m, Par\u00e1. Com um ambiente acolhedor e humanizado, nossa miss\u00e3o \u00e9 cuidar da sa\u00fade da nossa comunidade, proporcionando servi\u00e7os de excel\u00eancia a pre\u00e7os acess\u00edveis. Nossa cl\u00ednica se destaca pelo compromisso com o bem-estar dos pacientes, oferecendo n\u00e3o apenas consultas, mas tamb\u00e9m exames de sorologias e infec\u00e7\u00f5es, sempre com a melhor rela\u00e7\u00e3o custo-benef\u00edcio. Acreditamos que a sa\u00fade \u00e9 um direito de todos e, por isso, buscamos facilitar o acesso a servi\u00e7os m\u00e9dicos indispens\u00e1veis. <\/p>\n<p>A localiza\u00e7\u00e3o da Consulta Santar\u00e9m \u00e9 estrat\u00e9gica, tornando-nos facilmente acess\u00edveis para todos os moradores de Santar\u00e9m e regi\u00f5es adjacentes. Estamos abertos de segunda a sexta-feira, das 07:00 \u00e0s 19:00, proporcionando flexibilidade para que nossos pacientes possam nos visitar em hor\u00e1rios que se adequem \u00e0s suas rotinas. O fato de estarmos no centro de Aldeia tamb\u00e9m facilita o acesso ao transporte p\u00fablico e estacionamento nas proximidades. <\/p>\n<p>Nossos profissionais s\u00e3o altamente capacitados e dedicados a oferecer um atendimento personalizado, ouvindo as necessidades de cada paciente. Na Consulta Santar\u00e9m, voc\u00ea encontrar\u00e1 um espa\u00e7o onde sua sa\u00fade \u00e9 prioridade. Al\u00e9m de atendermos diversos tipos de exames, nossa equipe est\u00e1 sempre em busca de atualiza\u00e7\u00f5es e inova\u00e7\u00f5es na \u00e1rea da sa\u00fade para proporcionar o melhor cuidado. <\/p>\n<p>Embora n\u00e3o tenhamos informa\u00e7\u00f5es espec\u00edficas sobre conv\u00eanios, incentivamos nossos pacientes a entrar em contato para esclarecer d\u00favidas sobre formas de pagamento e poss\u00edveis parcerias. Estamos sempre abertos a novas oportunidades que possam beneficiar nossos pacientes e melhorar nossos servi\u00e7os. Para mais informa\u00e7\u00f5es, entre em contato conosco pelo telefone, que ser\u00e1 disponibilizado em breve, ou acesse nosso site e siga nosso Instagram, onde compartilhamos dicas de sa\u00fade, novidades e promo\u00e7\u00f5es. Nossa equipe est\u00e1 \u00e0 disposi\u00e7\u00e3o para ajudar voc\u00ea a cuidar da sua sa\u00fade da melhor maneira poss\u00edvel. Se voc\u00ea procura um lugar onde o atendimento \u00e9 humanizado e a prioridade \u00e9 a sua sa\u00fade, venha nos conhecer. Na Consulta Santar\u00e9m, estamos prontos para receber voc\u00ea e sua fam\u00edlia com todo o carinho e profissionalismo que merecem.<\/p>\n<h3><span class=\"ez-toc-section\" id=\"Perguntas_Frequentes\"><\/span>Perguntas Frequentes<span class=\"ez-toc-section-end\"><\/span><\/h3>\n<p>P: Quais servi\u00e7os a cl\u00ednica Consulta Santar\u00e9m oferece?<br \/>\nR: Oferecemos servi\u00e7os de consultas e exames de sorologias e infec\u00e7\u00f5es.<\/p>\n<p>P: Quais s\u00e3o os hor\u00e1rios de atendimento da cl\u00ednica?<br \/>\nR: Estamos abertos de segunda a sexta-feira, das 07:00 \u00e0s 19:00.<\/p>\n<p>P: A cl\u00ednica atende conv\u00eanios?<br \/>\nR: Atualmente, n\u00e3o temos informa\u00e7\u00f5es espec\u00edficas sobre conv\u00eanios. Recomendamos entrar em contato para esclarecer d\u00favidas.<\/p>\n<p>P: Como posso agendar uma consulta?<br \/>\nR: Voc\u00ea pode agendar uma consulta entrando em contato pelo telefone, que ser\u00e1 disponibilizado em breve.<\/p>\n<p>P: A cl\u00ednica \u00e9 acess\u00edvel para pessoas com defici\u00eancia?<br \/>\nR: Sim, nossa cl\u00ednica foi projetada para ser acess\u00edvel a todos.<\/p>\n<p>P: Qual \u00e9 a localiza\u00e7\u00e3o da Consulta Santar\u00e9m?<br \/>\nR: Estamos localizados no bairro Aldeia, em Santar\u00e9m, Par\u00e1.<\/p>\n<p>P: A cl\u00ednica realiza exames laboratoriais?<br \/>\nR: Sim, realizamos exames de sorologias e infec\u00e7\u00f5es, entre outros.<\/p>\n<p>P: Posso levar meus filhos para a consulta?<br \/>\nR: Sim, aceitamos pacientes de todas as idades e estamos preparados para atender crian\u00e7as.<\/p>\n<p>P: A cl\u00ednica possui estacionamento?<br \/>\nR: Sim, h\u00e1 op\u00e7\u00f5es de estacionamento nas proximidades da cl\u00ednica.<\/p>\n<p>P: Como posso acompanhar as novidades da cl\u00ednica?<br \/>\nR: Siga nosso Instagram e acesse nosso site para ficar por dentro das novidades e promo\u00e7\u00f5es.<\/p>\n<h3><span class=\"ez-toc-section\" id=\"Contato\"><\/span>Contato<span class=\"ez-toc-section-end\"><\/span><\/h3>\n<p><strong>Tel.:  | <\/strong><br \/>\n<strong>WhatsApp: &#8211; <\/strong><\/p>\n","protected":false},"excerpt":{"rendered":"<p>Consulta Santar\u00e9m: Cuidado e Excel\u00eancia em Sa\u00fade A Consulta Santar\u00e9m \u00e9 uma cl\u00ednica especializada em oferecer um atendimento de sa\u00fade de qualidade, localizada no bairro Aldeia, em Santar\u00e9m, Par\u00e1. Com um ambiente acolhedor e humanizado, nossa miss\u00e3o \u00e9 cuidar da sa\u00fade da nossa comunidade, proporcionando servi\u00e7os de excel\u00eancia a pre\u00e7os acess\u00edveis. Nossa cl\u00ednica se destaca [&hellip;]<\/p>\n","protected":false},"author":0,"featured_media":0,"comment_status":"open","ping_status":"open","sticky":false,"template":"","format":"standard","meta":{"_et_pb_use_builder":"o","_et_pb_old_content":"","_et_gb_content_width":"","footnotes":""},"categories":[907,1368,932],"tags":[],"class_list":["post-154065","post","type-post","status-publish","format-standard","hentry","category-atendimento-humanizado","category-clinicas-de-saude","category-exames-laboratoriais"],"yoast_head":"<!-- This site is optimized with the Yoast SEO Premium plugin v21.3 (Yoast SEO v27.5) - https:\/\/yoast.com\/product\/yoast-seo-premium-wordpress\/ -->\n<title>Consulta Santar\u00e9m: Cuidado e Excel\u00eancia em Sa\u00fade - Conv\u00eanio Social<\/title>\n<meta name=\"robots\" content=\"index, follow, max-snippet:-1, max-image-preview:large, max-video-preview:-1\" \/>\n<link rel=\"canonical\" href=\"https:\/\/www.conveniosocial.com.br\/blog\/atendimento-humanizado\/consulta-santarem-cuidado-e-excelencia-em-saude-2\/\" \/>\n<meta property=\"og:locale\" content=\"pt_BR\" \/>\n<meta property=\"og:type\" content=\"article\" \/>\n<meta property=\"og:title\" content=\"Consulta Santar\u00e9m: Cuidado e Excel\u00eancia em Sa\u00fade\" \/>\n<meta property=\"og:description\" content=\"Consulta Santar\u00e9m: Cuidado e Excel\u00eancia em Sa\u00fade A Consulta Santar\u00e9m \u00e9 uma cl\u00ednica especializada em oferecer um atendimento de sa\u00fade de qualidade, localizada no bairro Aldeia, em Santar\u00e9m, Par\u00e1. Com um ambiente acolhedor e humanizado, nossa miss\u00e3o \u00e9 cuidar da sa\u00fade da nossa comunidade, proporcionando servi\u00e7os de excel\u00eancia a pre\u00e7os acess\u00edveis. Nossa cl\u00ednica se destaca [&hellip;]\" \/>\n<meta property=\"og:url\" content=\"https:\/\/www.conveniosocial.com.br\/blog\/atendimento-humanizado\/consulta-santarem-cuidado-e-excelencia-em-saude-2\/\" \/>\n<meta property=\"og:site_name\" content=\"Conv\u00eanio Social\" \/>\n<meta property=\"article:published_time\" content=\"2026-05-01T12:00:04+00:00\" \/>\n<meta name=\"twitter:card\" content=\"summary_large_image\" \/>\n<meta name=\"twitter:label1\" content=\"Est. tempo de leitura\" \/>\n\t<meta name=\"twitter:data1\" content=\"3 minutos\" \/>\n<script type=\"application\/ld+json\" class=\"yoast-schema-graph\">{\"@context\":\"https:\\\/\\\/schema.org\",\"@graph\":[{\"@type\":\"Article\",\"@id\":\"https:\\\/\\\/www.conveniosocial.com.br\\\/blog\\\/atendimento-humanizado\\\/consulta-santarem-cuidado-e-excelencia-em-saude-2\\\/#article\",\"isPartOf\":{\"@id\":\"https:\\\/\\\/www.conveniosocial.com.br\\\/blog\\\/atendimento-humanizado\\\/consulta-santarem-cuidado-e-excelencia-em-saude-2\\\/\"},\"author\":{\"name\":\"\",\"@id\":\"\"},\"headline\":\"Consulta Santar\u00e9m: Cuidado e Excel\u00eancia em Sa\u00fade\",\"datePublished\":\"2026-05-01T12:00:04+00:00\",\"mainEntityOfPage\":{\"@id\":\"https:\\\/\\\/www.conveniosocial.com.br\\\/blog\\\/atendimento-humanizado\\\/consulta-santarem-cuidado-e-excelencia-em-saude-2\\\/\"},\"wordCount\":628,\"commentCount\":0,\"publisher\":{\"@id\":\"https:\\\/\\\/www.conveniosocial.com.br\\\/blog\\\/#organization\"},\"articleSection\":[\"Atendimento Humanizado\",\"Cl\u00ednicas de Sa\u00fade\",\"Exames Laboratoriais\"],\"inLanguage\":\"pt-BR\"},{\"@type\":\"WebPage\",\"@id\":\"https:\\\/\\\/www.conveniosocial.com.br\\\/blog\\\/atendimento-humanizado\\\/consulta-santarem-cuidado-e-excelencia-em-saude-2\\\/\",\"url\":\"https:\\\/\\\/www.conveniosocial.com.br\\\/blog\\\/atendimento-humanizado\\\/consulta-santarem-cuidado-e-excelencia-em-saude-2\\\/\",\"name\":\"Consulta Santar\u00e9m: Cuidado e Excel\u00eancia em Sa\u00fade - Conv\u00eanio Social\",\"isPartOf\":{\"@id\":\"https:\\\/\\\/www.conveniosocial.com.br\\\/blog\\\/#website\"},\"datePublished\":\"2026-05-01T12:00:04+00:00\",\"breadcrumb\":{\"@id\":\"https:\\\/\\\/www.conveniosocial.com.br\\\/blog\\\/atendimento-humanizado\\\/consulta-santarem-cuidado-e-excelencia-em-saude-2\\\/#breadcrumb\"},\"inLanguage\":\"pt-BR\",\"potentialAction\":[{\"@type\":\"ReadAction\",\"target\":[\"https:\\\/\\\/www.conveniosocial.com.br\\\/blog\\\/atendimento-humanizado\\\/consulta-santarem-cuidado-e-excelencia-em-saude-2\\\/\"]}]},{\"@type\":\"BreadcrumbList\",\"@id\":\"https:\\\/\\\/www.conveniosocial.com.br\\\/blog\\\/atendimento-humanizado\\\/consulta-santarem-cuidado-e-excelencia-em-saude-2\\\/#breadcrumb\",\"itemListElement\":[{\"@type\":\"ListItem\",\"position\":1,\"name\":\"Home\",\"item\":\"https:\\\/\\\/www.conveniosocial.com.br\\\/blog\\\/\"},{\"@type\":\"ListItem\",\"position\":2,\"name\":\"Atendimento Humanizado\",\"item\":\"https:\\\/\\\/www.conveniosocial.com.br\\\/blog\\\/atendimento-humanizado\\\/\"},{\"@type\":\"ListItem\",\"position\":3,\"name\":\"Consulta Santar\u00e9m: Cuidado e Excel\u00eancia em Sa\u00fade\"}]},{\"@type\":\"WebSite\",\"@id\":\"https:\\\/\\\/www.conveniosocial.com.br\\\/blog\\\/#website\",\"url\":\"https:\\\/\\\/www.conveniosocial.com.br\\\/blog\\\/\",\"name\":\"Conv\u00eanio Social\",\"description\":\"Informa\u00e7\u00f5es de Sa\u00fade e Bem-estar, Consultas e Exames Popular\",\"publisher\":{\"@id\":\"https:\\\/\\\/www.conveniosocial.com.br\\\/blog\\\/#organization\"},\"potentialAction\":[{\"@type\":\"SearchAction\",\"target\":{\"@type\":\"EntryPoint\",\"urlTemplate\":\"https:\\\/\\\/www.conveniosocial.com.br\\\/blog\\\/?s={search_term_string}\"},\"query-input\":{\"@type\":\"PropertyValueSpecification\",\"valueRequired\":true,\"valueName\":\"search_term_string\"}}],\"inLanguage\":\"pt-BR\"},{\"@type\":\"Organization\",\"@id\":\"https:\\\/\\\/www.conveniosocial.com.br\\\/blog\\\/#organization\",\"name\":\"Conv\u00eanio Social\",\"url\":\"https:\\\/\\\/www.conveniosocial.com.br\\\/blog\\\/\",\"logo\":{\"@type\":\"ImageObject\",\"inLanguage\":\"pt-BR\",\"@id\":\"https:\\\/\\\/www.conveniosocial.com.br\\\/blog\\\/#\\\/schema\\\/logo\\\/image\\\/\",\"url\":\"https:\\\/\\\/www.conveniosocial.com.br\\\/blog\\\/wp-content\\\/uploads\\\/2021\\\/11\\\/novo_logo-convenio-socia-digital.png\",\"contentUrl\":\"https:\\\/\\\/www.conveniosocial.com.br\\\/blog\\\/wp-content\\\/uploads\\\/2021\\\/11\\\/novo_logo-convenio-socia-digital.png\",\"width\":400,\"height\":102,\"caption\":\"Conv\u00eanio Social\"},\"image\":{\"@id\":\"https:\\\/\\\/www.conveniosocial.com.br\\\/blog\\\/#\\\/schema\\\/logo\\\/image\\\/\"}}]}<\/script>\n<!-- \/ Yoast SEO Premium plugin. -->","yoast_head_json":{"title":"Consulta Santar\u00e9m: Cuidado e Excel\u00eancia em Sa\u00fade - Conv\u00eanio Social","robots":{"index":"index","follow":"follow","max-snippet":"max-snippet:-1","max-image-preview":"max-image-preview:large","max-video-preview":"max-video-preview:-1"},"canonical":"https:\/\/www.conveniosocial.com.br\/blog\/atendimento-humanizado\/consulta-santarem-cuidado-e-excelencia-em-saude-2\/","og_locale":"pt_BR","og_type":"article","og_title":"Consulta Santar\u00e9m: Cuidado e Excel\u00eancia em Sa\u00fade","og_description":"Consulta Santar\u00e9m: Cuidado e Excel\u00eancia em Sa\u00fade A Consulta Santar\u00e9m \u00e9 uma cl\u00ednica especializada em oferecer um atendimento de sa\u00fade de qualidade, localizada no bairro Aldeia, em Santar\u00e9m, Par\u00e1. Com um ambiente acolhedor e humanizado, nossa miss\u00e3o \u00e9 cuidar da sa\u00fade da nossa comunidade, proporcionando servi\u00e7os de excel\u00eancia a pre\u00e7os acess\u00edveis. Nossa cl\u00ednica se destaca [&hellip;]","og_url":"https:\/\/www.conveniosocial.com.br\/blog\/atendimento-humanizado\/consulta-santarem-cuidado-e-excelencia-em-saude-2\/","og_site_name":"Conv\u00eanio Social","article_published_time":"2026-05-01T12:00:04+00:00","twitter_card":"summary_large_image","twitter_misc":{"Est. tempo de leitura":"3 minutos"},"schema":{"@context":"https:\/\/schema.org","@graph":[{"@type":"Article","@id":"https:\/\/www.conveniosocial.com.br\/blog\/atendimento-humanizado\/consulta-santarem-cuidado-e-excelencia-em-saude-2\/#article","isPartOf":{"@id":"https:\/\/www.conveniosocial.com.br\/blog\/atendimento-humanizado\/consulta-santarem-cuidado-e-excelencia-em-saude-2\/"},"author":{"name":"","@id":""},"headline":"Consulta Santar\u00e9m: Cuidado e Excel\u00eancia em Sa\u00fade","datePublished":"2026-05-01T12:00:04+00:00","mainEntityOfPage":{"@id":"https:\/\/www.conveniosocial.com.br\/blog\/atendimento-humanizado\/consulta-santarem-cuidado-e-excelencia-em-saude-2\/"},"wordCount":628,"commentCount":0,"publisher":{"@id":"https:\/\/www.conveniosocial.com.br\/blog\/#organization"},"articleSection":["Atendimento Humanizado","Cl\u00ednicas de Sa\u00fade","Exames Laboratoriais"],"inLanguage":"pt-BR"},{"@type":"WebPage","@id":"https:\/\/www.conveniosocial.com.br\/blog\/atendimento-humanizado\/consulta-santarem-cuidado-e-excelencia-em-saude-2\/","url":"https:\/\/www.conveniosocial.com.br\/blog\/atendimento-humanizado\/consulta-santarem-cuidado-e-excelencia-em-saude-2\/","name":"Consulta Santar\u00e9m: Cuidado e Excel\u00eancia em Sa\u00fade - Conv\u00eanio Social","isPartOf":{"@id":"https:\/\/www.conveniosocial.com.br\/blog\/#website"},"datePublished":"2026-05-01T12:00:04+00:00","breadcrumb":{"@id":"https:\/\/www.conveniosocial.com.br\/blog\/atendimento-humanizado\/consulta-santarem-cuidado-e-excelencia-em-saude-2\/#breadcrumb"},"inLanguage":"pt-BR","potentialAction":[{"@type":"ReadAction","target":["https:\/\/www.conveniosocial.com.br\/blog\/atendimento-humanizado\/consulta-santarem-cuidado-e-excelencia-em-saude-2\/"]}]},{"@type":"BreadcrumbList","@id":"https:\/\/www.conveniosocial.com.br\/blog\/atendimento-humanizado\/consulta-santarem-cuidado-e-excelencia-em-saude-2\/#breadcrumb","itemListElement":[{"@type":"ListItem","position":1,"name":"Home","item":"https:\/\/www.conveniosocial.com.br\/blog\/"},{"@type":"ListItem","position":2,"name":"Atendimento Humanizado","item":"https:\/\/www.conveniosocial.com.br\/blog\/atendimento-humanizado\/"},{"@type":"ListItem","position":3,"name":"Consulta Santar\u00e9m: Cuidado e Excel\u00eancia em Sa\u00fade"}]},{"@type":"WebSite","@id":"https:\/\/www.conveniosocial.com.br\/blog\/#website","url":"https:\/\/www.conveniosocial.com.br\/blog\/","name":"Conv\u00eanio Social","description":"Informa\u00e7\u00f5es de Sa\u00fade e Bem-estar, Consultas e Exames Popular","publisher":{"@id":"https:\/\/www.conveniosocial.com.br\/blog\/#organization"},"potentialAction":[{"@type":"SearchAction","target":{"@type":"EntryPoint","urlTemplate":"https:\/\/www.conveniosocial.com.br\/blog\/?s={search_term_string}"},"query-input":{"@type":"PropertyValueSpecification","valueRequired":true,"valueName":"search_term_string"}}],"inLanguage":"pt-BR"},{"@type":"Organization","@id":"https:\/\/www.conveniosocial.com.br\/blog\/#organization","name":"Conv\u00eanio Social","url":"https:\/\/www.conveniosocial.com.br\/blog\/","logo":{"@type":"ImageObject","inLanguage":"pt-BR","@id":"https:\/\/www.conveniosocial.com.br\/blog\/#\/schema\/logo\/image\/","url":"https:\/\/www.conveniosocial.com.br\/blog\/wp-content\/uploads\/2021\/11\/novo_logo-convenio-socia-digital.png","contentUrl":"https:\/\/www.conveniosocial.com.br\/blog\/wp-content\/uploads\/2021\/11\/novo_logo-convenio-socia-digital.png","width":400,"height":102,"caption":"Conv\u00eanio Social"},"image":{"@id":"https:\/\/www.conveniosocial.com.br\/blog\/#\/schema\/logo\/image\/"}}]}},"_links":{"self":[{"href":"https:\/\/www.conveniosocial.com.br\/blog\/wp-json\/wp\/v2\/posts\/154065","targetHints":{"allow":["GET"]}}],"collection":[{"href":"https:\/\/www.conveniosocial.com.br\/blog\/wp-json\/wp\/v2\/posts"}],"about":[{"href":"https:\/\/www.conveniosocial.com.br\/blog\/wp-json\/wp\/v2\/types\/post"}],"replies":[{"embeddable":true,"href":"https:\/\/www.conveniosocial.com.br\/blog\/wp-json\/wp\/v2\/comments?post=154065"}],"version-history":[{"count":0,"href":"https:\/\/www.conveniosocial.com.br\/blog\/wp-json\/wp\/v2\/posts\/154065\/revisions"}],"wp:attachment":[{"href":"https:\/\/www.conveniosocial.com.br\/blog\/wp-json\/wp\/v2\/media?parent=154065"}],"wp:term":[{"taxonomy":"category","embeddable":true,"href":"https:\/\/www.conveniosocial.com.br\/blog\/wp-json\/wp\/v2\/categories?post=154065"},{"taxonomy":"post_tag","embeddable":true,"href":"https:\/\/www.conveniosocial.com.br\/blog\/wp-json\/wp\/v2\/tags?post=154065"}],"curies":[{"name":"wp","href":"https:\/\/api.w.org\/{rel}","templated":true}]}}