{"id":1609,"date":"2019-09-24T16:22:47","date_gmt":"2019-09-24T19:22:47","guid":{"rendered":"https:\/\/www.manualdeideias.com\/estilo-de-vida\/saude\/a-dieta-do-abacaxi-para-perder-ate-5-kgs-em-3-dias\/"},"modified":"2019-09-24T16:22:47","modified_gmt":"2019-09-24T19:22:47","slug":"a-dieta-do-abacaxi-para-perder-ate-5-kgs-em-3-dias","status":"publish","type":"post","link":"https:\/\/www.conveniosocial.com.br\/blog\/saude\/a-dieta-do-abacaxi-para-perder-ate-5-kgs-em-3-dias\/","title":{"rendered":"A dieta do abacaxi para perder at\u00e9 5 kgs em 3 dias"},"content":{"rendered":"\n<p><strong>O abacaxi \u00e9 uma fruta rica em vitamina C e \u00e1cido f\u00f3lico, al\u00e9m de ter outros minerais como pot\u00e1ssio, magn\u00e9sio e iodo.<\/strong><\/p>\n<p>Ele tem muitas propriedades importantes e tamb\u00e9m \u00e9 diur\u00e9tico e \u00e9 utilizado para desintoxicar o corpo.<\/p>\n<p><strong>A dieta do abacaxi \u00e9 aprovad\u00edssima por praticamente 100% das pessoas que a fizeram.<\/strong><\/p>\n<p><strong>Muitos dizem que chegaram a perder cinco quilos em apenas tr\u00eas dias.<\/strong><\/p>\n<p>N\u00e3o acredita?<\/p>\n<p><strong>Fa\u00e7a o seguinte: siga rigorosamente os passos desta dieta.<\/strong><\/p>\n<p>Sabe o que vai acontecer?<\/p>\n<p>Voc\u00ea vai se surpreender com os resultados.<\/p>\n<p><strong>Mas n\u00e3o fa\u00e7a esta dieta por mais de tr\u00eas dias.<\/strong><\/p>\n<p>Essa quantidade de dias j\u00e1 \u00e9 suficiente.<\/p>\n<p>Mais do que isso, pode ser prejudicial.<\/p>\n<p>Enfim, para n\u00f3s, tr\u00eas dias j\u00e1 \u00e9 o suficiente.<\/p>\n<p>Se quiser,<strong> pode repetir o processo a cada 60 dias.<\/strong><\/p>\n<p>A dieta \u00e9 muito f\u00e1cil de fazer.<\/p>\n<p>E pode ficar tranquilo(a): voc\u00ea n\u00e3o vai passar fome nem ficar desnutrido.<\/p>\n<p>Se decidir fazer esta dieta, \u00e9 isso que voc\u00ea deve fazer:<\/p>\n<p><strong>Caf\u00e9 da manh\u00e3<\/strong><\/p>\n<ul>\n<li>Durante tr\u00eas dias, deve tomar caf\u00e9 da manh\u00e3 com duas fatias de abacaxi e uma fatia de p\u00e3o.<\/li>\n<\/ul>\n<p><strong>No meio da manh\u00e3, tome ch\u00e1 da casca de abacaxi feito em casa.<\/strong><\/p>\n<ul>\n<li>Voc\u00ea s\u00f3 tem que ferver a casca de abacaxi por cerca de vinte minutos em 250 mL de \u00e1gua.<\/li>\n<li>Em seguida, deixe repousar e esfriar at\u00e9 temperatura ambiente.<\/li>\n<li>Ent\u00e3o, \u00e9 s\u00f3 tomar o ch\u00e1.<\/li>\n<\/ul>\n<p><strong>Almo\u00e7o<\/strong><\/p>\n<ul>\n<li>Para o almo\u00e7o voc\u00ea pode comer 200 gramas de peito de frango ou peixe grelhado temperado com um pouco de mostarda e um pouco de sal.<\/li>\n<li>Na sobremesa, coma tr\u00eas fatias de abacaxi.<\/li>\n<\/ul>\n<p><strong>Lanche<\/strong><\/p>\n<ul>\n<li>Quando chegar a hora do lanche, voc\u00ea pode comer abacaxi com iogurte desnatado.<\/li>\n<\/ul>\n<p><strong>Jantar<\/strong><\/p>\n<ul>\n<li>Na sua \u00faltima refei\u00e7\u00e3o do dia, voc\u00ea pode comer um pur\u00ea de legumes feito com cenoura, chuchu e batata-doce.<\/li>\n<li>Acompanhe com uma salada de alface, cubos de abacaxi e um pouco de frango ou peixe.<\/li>\n<li>Na sobremesa, tr\u00eas fatias de abacaxi.<\/li>\n<\/ul>\n<p><strong>Observa\u00e7\u00f5es:<\/strong><\/p>\n<p><strong>1. Durante a dieta, evitar exerc\u00edcios pesados,<\/strong> porque voc\u00ea n\u00e3o est\u00e1 consumindo calorias suficientes e voc\u00ea n\u00e3o tem energia suficiente.<\/p>\n<p><strong>2. Depois de terminar a dieta, s<\/strong>e voc\u00ea n\u00e3o seguir uma alimenta\u00e7\u00e3o adequada, pode voltar a recuperar o peso perdido dentro de alguns dias.<\/p>\n<ul>\n<li>Esta dieta funciona como os primeiros passos de uma reeduca\u00e7\u00e3o alimentar.<\/li>\n<li>Ent\u00e3o, esforce-se para manter uma alimenta\u00e7\u00e3o saud\u00e1vel depois dela.<\/li>\n<\/ul>\n<p><strong>3. Se poss\u00edvel, use abacaxis org\u00e2nicos.<\/strong><\/p>\n<p><em>Este \u00e9 um blog de not\u00edcias sobre tratamentos caseiros. Ele n\u00e3o substitui um especialista. Consulte sempre seu m\u00e9dico.<\/em><\/p>\n","protected":false},"excerpt":{"rendered":"<p>O abacaxi \u00e9 uma fruta rica em vitamina C e \u00e1cido f\u00f3lico, al\u00e9m de ter outros minerais como pot\u00e1ssio, magn\u00e9sio e iodo. Ele tem muitas propriedades importantes e tamb\u00e9m \u00e9 diur\u00e9tico e \u00e9 utilizado para desintoxicar o corpo. A dieta do abacaxi \u00e9 aprovad\u00edssima por praticamente 100% das pessoas que a fizeram. Muitos dizem que [&hellip;]<\/p>\n","protected":false},"author":2,"featured_media":1610,"comment_status":"open","ping_status":"open","sticky":false,"template":"","format":"standard","meta":{"_et_pb_use_builder":"o","_et_pb_old_content":"","_et_gb_content_width":"","footnotes":""},"categories":[614],"tags":[],"class_list":["post-1609","post","type-post","status-publish","format-standard","has-post-thumbnail","hentry","category-saude"],"yoast_head":"<!-- This site is optimized with the Yoast SEO Premium plugin v21.3 (Yoast SEO v27.5) - https:\/\/yoast.com\/product\/yoast-seo-premium-wordpress\/ -->\n<title>A dieta do abacaxi para perder at\u00e9 5 kgs em 3 dias - Conv\u00eanio Social<\/title>\n<meta name=\"robots\" content=\"index, follow, max-snippet:-1, max-image-preview:large, max-video-preview:-1\" \/>\n<link rel=\"canonical\" href=\"https:\/\/www.conveniosocial.com.br\/blog\/nehuma\/a-dieta-do-abacaxi-para-perder-ate-5-kgs-em-3-dias\/\" \/>\n<meta property=\"og:locale\" content=\"pt_BR\" \/>\n<meta property=\"og:type\" content=\"article\" \/>\n<meta property=\"og:title\" content=\"A dieta do abacaxi para perder at\u00e9 5 kgs em 3 dias\" \/>\n<meta property=\"og:description\" content=\"O abacaxi \u00e9 uma fruta rica em vitamina C e \u00e1cido f\u00f3lico, al\u00e9m de ter outros minerais como pot\u00e1ssio, magn\u00e9sio e iodo. Ele tem muitas propriedades importantes e tamb\u00e9m \u00e9 diur\u00e9tico e \u00e9 utilizado para desintoxicar o corpo. A dieta do abacaxi \u00e9 aprovad\u00edssima por praticamente 100% das pessoas que a fizeram. Muitos dizem que [&hellip;]\" \/>\n<meta property=\"og:url\" content=\"https:\/\/www.conveniosocial.com.br\/blog\/nehuma\/a-dieta-do-abacaxi-para-perder-ate-5-kgs-em-3-dias\/\" \/>\n<meta property=\"og:site_name\" content=\"Conv\u00eanio Social\" \/>\n<meta property=\"article:published_time\" content=\"2019-09-24T19:22:47+00:00\" \/>\n<meta name=\"author\" content=\"Reda\u00e7\u00e3o\" \/>\n<meta name=\"twitter:card\" content=\"summary_large_image\" \/>\n<meta name=\"twitter:label1\" content=\"Escrito por\" \/>\n\t<meta name=\"twitter:data1\" content=\"Reda\u00e7\u00e3o\" \/>\n\t<meta name=\"twitter:label2\" content=\"Est. tempo de leitura\" \/>\n\t<meta name=\"twitter:data2\" content=\"2 minutos\" \/>\n<script type=\"application\/ld+json\" class=\"yoast-schema-graph\">{\"@context\":\"https:\\\/\\\/schema.org\",\"@graph\":[{\"@type\":\"Article\",\"@id\":\"https:\\\/\\\/www.conveniosocial.com.br\\\/blog\\\/nehuma\\\/a-dieta-do-abacaxi-para-perder-ate-5-kgs-em-3-dias\\\/#article\",\"isPartOf\":{\"@id\":\"https:\\\/\\\/www.conveniosocial.com.br\\\/blog\\\/nehuma\\\/a-dieta-do-abacaxi-para-perder-ate-5-kgs-em-3-dias\\\/\"},\"author\":{\"name\":\"Reda\u00e7\u00e3o\",\"@id\":\"https:\\\/\\\/www.conveniosocial.com.br\\\/blog\\\/#\\\/schema\\\/person\\\/95c30bfdd058f90f62325275583f6bdb\"},\"headline\":\"A dieta do abacaxi para perder at\u00e9 5 kgs em 3 dias\",\"datePublished\":\"2019-09-24T19:22:47+00:00\",\"mainEntityOfPage\":{\"@id\":\"https:\\\/\\\/www.conveniosocial.com.br\\\/blog\\\/nehuma\\\/a-dieta-do-abacaxi-para-perder-ate-5-kgs-em-3-dias\\\/\"},\"wordCount\":441,\"commentCount\":0,\"publisher\":{\"@id\":\"https:\\\/\\\/www.conveniosocial.com.br\\\/blog\\\/#organization\"},\"image\":{\"@id\":\"https:\\\/\\\/www.conveniosocial.com.br\\\/blog\\\/nehuma\\\/a-dieta-do-abacaxi-para-perder-ate-5-kgs-em-3-dias\\\/#primaryimage\"},\"thumbnailUrl\":\"\",\"articleSection\":[\"Sa\u00fade\"],\"inLanguage\":\"pt-BR\"},{\"@type\":\"WebPage\",\"@id\":\"https:\\\/\\\/www.conveniosocial.com.br\\\/blog\\\/nehuma\\\/a-dieta-do-abacaxi-para-perder-ate-5-kgs-em-3-dias\\\/\",\"url\":\"https:\\\/\\\/www.conveniosocial.com.br\\\/blog\\\/nehuma\\\/a-dieta-do-abacaxi-para-perder-ate-5-kgs-em-3-dias\\\/\",\"name\":\"A dieta do abacaxi para perder at\u00e9 5 kgs em 3 dias - Conv\u00eanio Social\",\"isPartOf\":{\"@id\":\"https:\\\/\\\/www.conveniosocial.com.br\\\/blog\\\/#website\"},\"primaryImageOfPage\":{\"@id\":\"https:\\\/\\\/www.conveniosocial.com.br\\\/blog\\\/nehuma\\\/a-dieta-do-abacaxi-para-perder-ate-5-kgs-em-3-dias\\\/#primaryimage\"},\"image\":{\"@id\":\"https:\\\/\\\/www.conveniosocial.com.br\\\/blog\\\/nehuma\\\/a-dieta-do-abacaxi-para-perder-ate-5-kgs-em-3-dias\\\/#primaryimage\"},\"thumbnailUrl\":\"\",\"datePublished\":\"2019-09-24T19:22:47+00:00\",\"breadcrumb\":{\"@id\":\"https:\\\/\\\/www.conveniosocial.com.br\\\/blog\\\/nehuma\\\/a-dieta-do-abacaxi-para-perder-ate-5-kgs-em-3-dias\\\/#breadcrumb\"},\"inLanguage\":\"pt-BR\",\"potentialAction\":[{\"@type\":\"ReadAction\",\"target\":[\"https:\\\/\\\/www.conveniosocial.com.br\\\/blog\\\/nehuma\\\/a-dieta-do-abacaxi-para-perder-ate-5-kgs-em-3-dias\\\/\"]}]},{\"@type\":\"ImageObject\",\"inLanguage\":\"pt-BR\",\"@id\":\"https:\\\/\\\/www.conveniosocial.com.br\\\/blog\\\/nehuma\\\/a-dieta-do-abacaxi-para-perder-ate-5-kgs-em-3-dias\\\/#primaryimage\",\"url\":\"\",\"contentUrl\":\"\"},{\"@type\":\"BreadcrumbList\",\"@id\":\"https:\\\/\\\/www.conveniosocial.com.br\\\/blog\\\/nehuma\\\/a-dieta-do-abacaxi-para-perder-ate-5-kgs-em-3-dias\\\/#breadcrumb\",\"itemListElement\":[{\"@type\":\"ListItem\",\"position\":1,\"name\":\"Home\",\"item\":\"https:\\\/\\\/www.conveniosocial.com.br\\\/blog\\\/\"},{\"@type\":\"ListItem\",\"position\":2,\"name\":\"Nenhuma\",\"item\":\"https:\\\/\\\/www.conveniosocial.com.br\\\/blog\\\/nehuma\\\/\"},{\"@type\":\"ListItem\",\"position\":3,\"name\":\"A dieta do abacaxi para perder at\u00e9 5 kgs em 3 dias\"}]},{\"@type\":\"WebSite\",\"@id\":\"https:\\\/\\\/www.conveniosocial.com.br\\\/blog\\\/#website\",\"url\":\"https:\\\/\\\/www.conveniosocial.com.br\\\/blog\\\/\",\"name\":\"Conv\u00eanio Social\",\"description\":\"Informa\u00e7\u00f5es de Sa\u00fade e Bem-estar, Consultas e Exames Popular\",\"publisher\":{\"@id\":\"https:\\\/\\\/www.conveniosocial.com.br\\\/blog\\\/#organization\"},\"potentialAction\":[{\"@type\":\"SearchAction\",\"target\":{\"@type\":\"EntryPoint\",\"urlTemplate\":\"https:\\\/\\\/www.conveniosocial.com.br\\\/blog\\\/?s={search_term_string}\"},\"query-input\":{\"@type\":\"PropertyValueSpecification\",\"valueRequired\":true,\"valueName\":\"search_term_string\"}}],\"inLanguage\":\"pt-BR\"},{\"@type\":\"Organization\",\"@id\":\"https:\\\/\\\/www.conveniosocial.com.br\\\/blog\\\/#organization\",\"name\":\"Conv\u00eanio Social\",\"url\":\"https:\\\/\\\/www.conveniosocial.com.br\\\/blog\\\/\",\"logo\":{\"@type\":\"ImageObject\",\"inLanguage\":\"pt-BR\",\"@id\":\"https:\\\/\\\/www.conveniosocial.com.br\\\/blog\\\/#\\\/schema\\\/logo\\\/image\\\/\",\"url\":\"https:\\\/\\\/www.conveniosocial.com.br\\\/blog\\\/wp-content\\\/uploads\\\/2021\\\/11\\\/novo_logo-convenio-socia-digital.png\",\"contentUrl\":\"https:\\\/\\\/www.conveniosocial.com.br\\\/blog\\\/wp-content\\\/uploads\\\/2021\\\/11\\\/novo_logo-convenio-socia-digital.png\",\"width\":400,\"height\":102,\"caption\":\"Conv\u00eanio Social\"},\"image\":{\"@id\":\"https:\\\/\\\/www.conveniosocial.com.br\\\/blog\\\/#\\\/schema\\\/logo\\\/image\\\/\"}},{\"@type\":\"Person\",\"@id\":\"https:\\\/\\\/www.conveniosocial.com.br\\\/blog\\\/#\\\/schema\\\/person\\\/95c30bfdd058f90f62325275583f6bdb\",\"name\":\"Reda\u00e7\u00e3o\",\"image\":{\"@type\":\"ImageObject\",\"inLanguage\":\"pt-BR\",\"@id\":\"https:\\\/\\\/www.conveniosocial.com.br\\\/blog\\\/wp-content\\\/litespeed\\\/avatar\\\/4e54f19e6593de883bfb434e7ed885ea.jpg?ver=1777443823\",\"url\":\"https:\\\/\\\/www.conveniosocial.com.br\\\/blog\\\/wp-content\\\/litespeed\\\/avatar\\\/4e54f19e6593de883bfb434e7ed885ea.jpg?ver=1777443823\",\"contentUrl\":\"https:\\\/\\\/www.conveniosocial.com.br\\\/blog\\\/wp-content\\\/litespeed\\\/avatar\\\/4e54f19e6593de883bfb434e7ed885ea.jpg?ver=1777443823\",\"caption\":\"Reda\u00e7\u00e3o\"},\"description\":\"Presente nos 26 estados do Pa\u00eds e no Distrito Federal, Conv\u00eanio Social vem simplificando a experi\u00eancia dos usu\u00e1rios, que por meio do nosso portal, encontram, em um s\u00f3 local, tudo o que se refere aos servi\u00e7os de sa\u00fade a pre\u00e7os populares.\"}]}<\/script>\n<!-- \/ Yoast SEO Premium plugin. -->","yoast_head_json":{"title":"A dieta do abacaxi para perder at\u00e9 5 kgs em 3 dias - Conv\u00eanio Social","robots":{"index":"index","follow":"follow","max-snippet":"max-snippet:-1","max-image-preview":"max-image-preview:large","max-video-preview":"max-video-preview:-1"},"canonical":"https:\/\/www.conveniosocial.com.br\/blog\/nehuma\/a-dieta-do-abacaxi-para-perder-ate-5-kgs-em-3-dias\/","og_locale":"pt_BR","og_type":"article","og_title":"A dieta do abacaxi para perder at\u00e9 5 kgs em 3 dias","og_description":"O abacaxi \u00e9 uma fruta rica em vitamina C e \u00e1cido f\u00f3lico, al\u00e9m de ter outros minerais como pot\u00e1ssio, magn\u00e9sio e iodo. Ele tem muitas propriedades importantes e tamb\u00e9m \u00e9 diur\u00e9tico e \u00e9 utilizado para desintoxicar o corpo. A dieta do abacaxi \u00e9 aprovad\u00edssima por praticamente 100% das pessoas que a fizeram. Muitos dizem que [&hellip;]","og_url":"https:\/\/www.conveniosocial.com.br\/blog\/nehuma\/a-dieta-do-abacaxi-para-perder-ate-5-kgs-em-3-dias\/","og_site_name":"Conv\u00eanio Social","article_published_time":"2019-09-24T19:22:47+00:00","author":"Reda\u00e7\u00e3o","twitter_card":"summary_large_image","twitter_misc":{"Escrito por":"Reda\u00e7\u00e3o","Est. tempo de leitura":"2 minutos"},"schema":{"@context":"https:\/\/schema.org","@graph":[{"@type":"Article","@id":"https:\/\/www.conveniosocial.com.br\/blog\/nehuma\/a-dieta-do-abacaxi-para-perder-ate-5-kgs-em-3-dias\/#article","isPartOf":{"@id":"https:\/\/www.conveniosocial.com.br\/blog\/nehuma\/a-dieta-do-abacaxi-para-perder-ate-5-kgs-em-3-dias\/"},"author":{"name":"Reda\u00e7\u00e3o","@id":"https:\/\/www.conveniosocial.com.br\/blog\/#\/schema\/person\/95c30bfdd058f90f62325275583f6bdb"},"headline":"A dieta do abacaxi para perder at\u00e9 5 kgs em 3 dias","datePublished":"2019-09-24T19:22:47+00:00","mainEntityOfPage":{"@id":"https:\/\/www.conveniosocial.com.br\/blog\/nehuma\/a-dieta-do-abacaxi-para-perder-ate-5-kgs-em-3-dias\/"},"wordCount":441,"commentCount":0,"publisher":{"@id":"https:\/\/www.conveniosocial.com.br\/blog\/#organization"},"image":{"@id":"https:\/\/www.conveniosocial.com.br\/blog\/nehuma\/a-dieta-do-abacaxi-para-perder-ate-5-kgs-em-3-dias\/#primaryimage"},"thumbnailUrl":"","articleSection":["Sa\u00fade"],"inLanguage":"pt-BR"},{"@type":"WebPage","@id":"https:\/\/www.conveniosocial.com.br\/blog\/nehuma\/a-dieta-do-abacaxi-para-perder-ate-5-kgs-em-3-dias\/","url":"https:\/\/www.conveniosocial.com.br\/blog\/nehuma\/a-dieta-do-abacaxi-para-perder-ate-5-kgs-em-3-dias\/","name":"A dieta do abacaxi para perder at\u00e9 5 kgs em 3 dias - Conv\u00eanio Social","isPartOf":{"@id":"https:\/\/www.conveniosocial.com.br\/blog\/#website"},"primaryImageOfPage":{"@id":"https:\/\/www.conveniosocial.com.br\/blog\/nehuma\/a-dieta-do-abacaxi-para-perder-ate-5-kgs-em-3-dias\/#primaryimage"},"image":{"@id":"https:\/\/www.conveniosocial.com.br\/blog\/nehuma\/a-dieta-do-abacaxi-para-perder-ate-5-kgs-em-3-dias\/#primaryimage"},"thumbnailUrl":"","datePublished":"2019-09-24T19:22:47+00:00","breadcrumb":{"@id":"https:\/\/www.conveniosocial.com.br\/blog\/nehuma\/a-dieta-do-abacaxi-para-perder-ate-5-kgs-em-3-dias\/#breadcrumb"},"inLanguage":"pt-BR","potentialAction":[{"@type":"ReadAction","target":["https:\/\/www.conveniosocial.com.br\/blog\/nehuma\/a-dieta-do-abacaxi-para-perder-ate-5-kgs-em-3-dias\/"]}]},{"@type":"ImageObject","inLanguage":"pt-BR","@id":"https:\/\/www.conveniosocial.com.br\/blog\/nehuma\/a-dieta-do-abacaxi-para-perder-ate-5-kgs-em-3-dias\/#primaryimage","url":"","contentUrl":""},{"@type":"BreadcrumbList","@id":"https:\/\/www.conveniosocial.com.br\/blog\/nehuma\/a-dieta-do-abacaxi-para-perder-ate-5-kgs-em-3-dias\/#breadcrumb","itemListElement":[{"@type":"ListItem","position":1,"name":"Home","item":"https:\/\/www.conveniosocial.com.br\/blog\/"},{"@type":"ListItem","position":2,"name":"Nenhuma","item":"https:\/\/www.conveniosocial.com.br\/blog\/nehuma\/"},{"@type":"ListItem","position":3,"name":"A dieta do abacaxi para perder at\u00e9 5 kgs em 3 dias"}]},{"@type":"WebSite","@id":"https:\/\/www.conveniosocial.com.br\/blog\/#website","url":"https:\/\/www.conveniosocial.com.br\/blog\/","name":"Conv\u00eanio Social","description":"Informa\u00e7\u00f5es de Sa\u00fade e Bem-estar, Consultas e Exames Popular","publisher":{"@id":"https:\/\/www.conveniosocial.com.br\/blog\/#organization"},"potentialAction":[{"@type":"SearchAction","target":{"@type":"EntryPoint","urlTemplate":"https:\/\/www.conveniosocial.com.br\/blog\/?s={search_term_string}"},"query-input":{"@type":"PropertyValueSpecification","valueRequired":true,"valueName":"search_term_string"}}],"inLanguage":"pt-BR"},{"@type":"Organization","@id":"https:\/\/www.conveniosocial.com.br\/blog\/#organization","name":"Conv\u00eanio Social","url":"https:\/\/www.conveniosocial.com.br\/blog\/","logo":{"@type":"ImageObject","inLanguage":"pt-BR","@id":"https:\/\/www.conveniosocial.com.br\/blog\/#\/schema\/logo\/image\/","url":"https:\/\/www.conveniosocial.com.br\/blog\/wp-content\/uploads\/2021\/11\/novo_logo-convenio-socia-digital.png","contentUrl":"https:\/\/www.conveniosocial.com.br\/blog\/wp-content\/uploads\/2021\/11\/novo_logo-convenio-socia-digital.png","width":400,"height":102,"caption":"Conv\u00eanio Social"},"image":{"@id":"https:\/\/www.conveniosocial.com.br\/blog\/#\/schema\/logo\/image\/"}},{"@type":"Person","@id":"https:\/\/www.conveniosocial.com.br\/blog\/#\/schema\/person\/95c30bfdd058f90f62325275583f6bdb","name":"Reda\u00e7\u00e3o","image":{"@type":"ImageObject","inLanguage":"pt-BR","@id":"https:\/\/www.conveniosocial.com.br\/blog\/wp-content\/litespeed\/avatar\/4e54f19e6593de883bfb434e7ed885ea.jpg?ver=1777443823","url":"https:\/\/www.conveniosocial.com.br\/blog\/wp-content\/litespeed\/avatar\/4e54f19e6593de883bfb434e7ed885ea.jpg?ver=1777443823","contentUrl":"https:\/\/www.conveniosocial.com.br\/blog\/wp-content\/litespeed\/avatar\/4e54f19e6593de883bfb434e7ed885ea.jpg?ver=1777443823","caption":"Reda\u00e7\u00e3o"},"description":"Presente nos 26 estados do Pa\u00eds e no Distrito Federal, Conv\u00eanio Social vem simplificando a experi\u00eancia dos usu\u00e1rios, que por meio do nosso portal, encontram, em um s\u00f3 local, tudo o que se refere aos servi\u00e7os de sa\u00fade a pre\u00e7os populares."}]}},"_links":{"self":[{"href":"https:\/\/www.conveniosocial.com.br\/blog\/wp-json\/wp\/v2\/posts\/1609","targetHints":{"allow":["GET"]}}],"collection":[{"href":"https:\/\/www.conveniosocial.com.br\/blog\/wp-json\/wp\/v2\/posts"}],"about":[{"href":"https:\/\/www.conveniosocial.com.br\/blog\/wp-json\/wp\/v2\/types\/post"}],"author":[{"embeddable":true,"href":"https:\/\/www.conveniosocial.com.br\/blog\/wp-json\/wp\/v2\/users\/2"}],"replies":[{"embeddable":true,"href":"https:\/\/www.conveniosocial.com.br\/blog\/wp-json\/wp\/v2\/comments?post=1609"}],"version-history":[{"count":0,"href":"https:\/\/www.conveniosocial.com.br\/blog\/wp-json\/wp\/v2\/posts\/1609\/revisions"}],"wp:featuredmedia":[{"embeddable":true,"href":"https:\/\/www.conveniosocial.com.br\/blog\/wp-json\/"}],"wp:attachment":[{"href":"https:\/\/www.conveniosocial.com.br\/blog\/wp-json\/wp\/v2\/media?parent=1609"}],"wp:term":[{"taxonomy":"category","embeddable":true,"href":"https:\/\/www.conveniosocial.com.br\/blog\/wp-json\/wp\/v2\/categories?post=1609"},{"taxonomy":"post_tag","embeddable":true,"href":"https:\/\/www.conveniosocial.com.br\/blog\/wp-json\/wp\/v2\/tags?post=1609"}],"curies":[{"name":"wp","href":"https:\/\/api.w.org\/{rel}","templated":true}]}}