{"id":2015,"date":"2019-10-07T19:31:44","date_gmt":"2019-10-07T22:31:44","guid":{"rendered":"https:\/\/www.manualdeideias.com\/estilo-de-vida\/saude\/5-sinais-de-carencia-de-vitaminas-e-minerais-que-podem-aparecer-no-seu-rosto\/"},"modified":"2019-10-07T19:31:44","modified_gmt":"2019-10-07T22:31:44","slug":"5-sinais-de-carencia-de-vitaminas-e-minerais-que-podem-aparecer-no-seu-rosto","status":"publish","type":"post","link":"https:\/\/www.conveniosocial.com.br\/blog\/saude\/5-sinais-de-carencia-de-vitaminas-e-minerais-que-podem-aparecer-no-seu-rosto\/","title":{"rendered":"5 sinais de car\u00eancia de vitaminas e minerais que podem aparecer no seu rosto"},"content":{"rendered":"\n<p><strong>Para diagnosticar a car\u00eancia de vitaminas, \u00e9 preciso fazer v\u00e1rios exames de sangue.<\/strong><\/p>\n<p>Mas essa n\u00e3o \u00e9 a \u00fanica maneira.<\/p>\n<p><strong>Outra forma \u00e9 observar seu rosto com aten\u00e7\u00e3o:<\/strong><\/p>\n<p><strong>1. Pele p\u00e1lida<\/strong><\/p>\n<ul>\n<li>N\u00e3o \u00e9 exclusivamente car\u00eancia de ferro.<\/li>\n<li>A falta de vitamina B12, muitas vezes, torna o rosto p\u00e1lido.<\/li>\n<li>Se este for o seu caso, observe como est\u00e1 a sua l\u00edngua, pois, se ela tamb\u00e9m estiver sem cor, com certeza voc\u00ea precisa da vitamina.<\/li>\n<li>Outros sintomas para a falta da vitamina B12 s\u00e3o fadiga e perda de mem\u00f3ria.<\/li>\n<li>Nestes casos, voc\u00ea deve consumir mais carne ou peixes (sardinha \u00e9 uma boa).<\/li>\n<li>Se for vegetariano, procure um bom m\u00e9dico\/nutricionista e lhe pe\u00e7a a prescri\u00e7\u00e3o de um bom suplemento de vitamina B12.<\/li>\n<\/ul>\n<p><strong>2. Olhos inchados<\/strong><\/p>\n<ul>\n<li>Ter olhos inchados sem nenhum motivo aparento (como uma pancada) pode ser falta de iodo no corpo.<\/li>\n<li>Outros sinais dessa car\u00eancia s\u00e3o ganho de peso, unhas fr\u00e1geis e pele seca.<\/li>\n<li>No caso da defici\u00eancia de iodo, voc\u00ea deve consumir peixes de \u00e1gua salgada, algas e frutos do mar.<\/li>\n<\/ul>\n<p><strong>3. Gengiva dolorosa ou sangrando<\/strong><\/p>\n<ul>\n<li>Se suas gengivas est\u00e3o macias, dolorosas e sangrando, possivelmente voc\u00ea precisa de vitamina C.<\/li>\n<li>Como esta vitamina \u00e9 crucial para a sa\u00fade do corpo, a sua defici\u00eancia leva a in\u00fameros problemas de sa\u00fade, incluindo dor nos m\u00fasculos e at\u00e9 mesmo escorbuto.<\/li>\n<li>Voc\u00ea deve consumir alimentos como frutas c\u00edtricas, manga, mel\u00e3o, melancia, kiwi, papaia e piment\u00f5es vermelhos.<\/li>\n<\/ul>\n<p><strong>4. Problemas com o cabelo<\/strong><\/p>\n<ul>\n<li>Se seu cabelo parece sem vida, seco, quebradi\u00e7o, e voc\u00ea tem caspa, seu corpo pode estar precisando de vitamina B7 (biotina).<\/li>\n<li>Geralmente isso acontece quando as pessoas tomam antibi\u00f3ticos que destroem as bact\u00e9rias intestinais que sintetizam biotina.<\/li>\n<li>Para solucionar o problema, voc\u00ea deve consumir alimentos ricos nesta vitamina, como gemas de ovo, cogumelos e couve-flor.<\/li>\n<\/ul>\n<p><strong>5. L\u00e1bios p\u00e1lidos<\/strong><\/p>\n<ul>\n<li>Se suas gengivas e l\u00e1bios s\u00e3o p\u00e1lidos, seu corpo \u00e9 provavelmente carente de ferro.<\/li>\n<li>Para aumentar os n\u00edveis de ferro, voc\u00ea deve consumir carne vermelha, feij\u00e3o, peixe, br\u00f3colis, couve e sementes de ab\u00f3bora.<\/li>\n<\/ul>\n<p><em>Este \u00e9 um blog de not\u00edcias sobre tratamentos caseiros. Ele n\u00e3o substitui um especialista. Consulte sempre seu m\u00e9dico.<\/em><\/p>\n","protected":false},"excerpt":{"rendered":"<p>Para diagnosticar a car\u00eancia de vitaminas, \u00e9 preciso fazer v\u00e1rios exames de sangue. Mas essa n\u00e3o \u00e9 a \u00fanica maneira. Outra forma \u00e9 observar seu rosto com aten\u00e7\u00e3o: 1. Pele p\u00e1lida N\u00e3o \u00e9 exclusivamente car\u00eancia de ferro. A falta de vitamina B12, muitas vezes, torna o rosto p\u00e1lido. Se este for o seu caso, observe [&hellip;]<\/p>\n","protected":false},"author":2,"featured_media":2016,"comment_status":"open","ping_status":"open","sticky":false,"template":"","format":"standard","meta":{"_et_pb_use_builder":"o","_et_pb_old_content":"","_et_gb_content_width":"","footnotes":""},"categories":[614],"tags":[],"class_list":["post-2015","post","type-post","status-publish","format-standard","has-post-thumbnail","hentry","category-saude"],"yoast_head":"<!-- This site is optimized with the Yoast SEO Premium plugin v21.3 (Yoast SEO v27.5) - https:\/\/yoast.com\/product\/yoast-seo-premium-wordpress\/ -->\n<title>5 sinais de car\u00eancia de vitaminas e minerais que podem aparecer no seu rosto - Conv\u00eanio Social<\/title>\n<meta name=\"robots\" content=\"index, follow, max-snippet:-1, max-image-preview:large, max-video-preview:-1\" \/>\n<link rel=\"canonical\" href=\"https:\/\/www.conveniosocial.com.br\/blog\/nehuma\/5-sinais-de-carencia-de-vitaminas-e-minerais-que-podem-aparecer-no-seu-rosto\/\" \/>\n<meta property=\"og:locale\" content=\"pt_BR\" \/>\n<meta property=\"og:type\" content=\"article\" \/>\n<meta property=\"og:title\" content=\"5 sinais de car\u00eancia de vitaminas e minerais que podem aparecer no seu rosto\" \/>\n<meta property=\"og:description\" content=\"Para diagnosticar a car\u00eancia de vitaminas, \u00e9 preciso fazer v\u00e1rios exames de sangue. Mas essa n\u00e3o \u00e9 a \u00fanica maneira. Outra forma \u00e9 observar seu rosto com aten\u00e7\u00e3o: 1. Pele p\u00e1lida N\u00e3o \u00e9 exclusivamente car\u00eancia de ferro. A falta de vitamina B12, muitas vezes, torna o rosto p\u00e1lido. Se este for o seu caso, observe [&hellip;]\" \/>\n<meta property=\"og:url\" content=\"https:\/\/www.conveniosocial.com.br\/blog\/nehuma\/5-sinais-de-carencia-de-vitaminas-e-minerais-que-podem-aparecer-no-seu-rosto\/\" \/>\n<meta property=\"og:site_name\" content=\"Conv\u00eanio Social\" \/>\n<meta property=\"article:published_time\" content=\"2019-10-07T22:31:44+00:00\" \/>\n<meta name=\"author\" content=\"Reda\u00e7\u00e3o\" \/>\n<meta name=\"twitter:card\" content=\"summary_large_image\" \/>\n<meta name=\"twitter:label1\" content=\"Escrito por\" \/>\n\t<meta name=\"twitter:data1\" content=\"Reda\u00e7\u00e3o\" \/>\n\t<meta name=\"twitter:label2\" content=\"Est. tempo de leitura\" \/>\n\t<meta name=\"twitter:data2\" content=\"2 minutos\" \/>\n<script type=\"application\/ld+json\" class=\"yoast-schema-graph\">{\"@context\":\"https:\\\/\\\/schema.org\",\"@graph\":[{\"@type\":\"Article\",\"@id\":\"https:\\\/\\\/www.conveniosocial.com.br\\\/blog\\\/nehuma\\\/5-sinais-de-carencia-de-vitaminas-e-minerais-que-podem-aparecer-no-seu-rosto\\\/#article\",\"isPartOf\":{\"@id\":\"https:\\\/\\\/www.conveniosocial.com.br\\\/blog\\\/nehuma\\\/5-sinais-de-carencia-de-vitaminas-e-minerais-que-podem-aparecer-no-seu-rosto\\\/\"},\"author\":{\"name\":\"Reda\u00e7\u00e3o\",\"@id\":\"https:\\\/\\\/www.conveniosocial.com.br\\\/blog\\\/#\\\/schema\\\/person\\\/95c30bfdd058f90f62325275583f6bdb\"},\"headline\":\"5 sinais de car\u00eancia de vitaminas e minerais que podem aparecer no seu rosto\",\"datePublished\":\"2019-10-07T22:31:44+00:00\",\"mainEntityOfPage\":{\"@id\":\"https:\\\/\\\/www.conveniosocial.com.br\\\/blog\\\/nehuma\\\/5-sinais-de-carencia-de-vitaminas-e-minerais-que-podem-aparecer-no-seu-rosto\\\/\"},\"wordCount\":390,\"commentCount\":0,\"publisher\":{\"@id\":\"https:\\\/\\\/www.conveniosocial.com.br\\\/blog\\\/#organization\"},\"image\":{\"@id\":\"https:\\\/\\\/www.conveniosocial.com.br\\\/blog\\\/nehuma\\\/5-sinais-de-carencia-de-vitaminas-e-minerais-que-podem-aparecer-no-seu-rosto\\\/#primaryimage\"},\"thumbnailUrl\":\"\",\"articleSection\":[\"Sa\u00fade\"],\"inLanguage\":\"pt-BR\"},{\"@type\":\"WebPage\",\"@id\":\"https:\\\/\\\/www.conveniosocial.com.br\\\/blog\\\/nehuma\\\/5-sinais-de-carencia-de-vitaminas-e-minerais-que-podem-aparecer-no-seu-rosto\\\/\",\"url\":\"https:\\\/\\\/www.conveniosocial.com.br\\\/blog\\\/nehuma\\\/5-sinais-de-carencia-de-vitaminas-e-minerais-que-podem-aparecer-no-seu-rosto\\\/\",\"name\":\"5 sinais de car\u00eancia de vitaminas e minerais que podem aparecer no seu rosto - Conv\u00eanio Social\",\"isPartOf\":{\"@id\":\"https:\\\/\\\/www.conveniosocial.com.br\\\/blog\\\/#website\"},\"primaryImageOfPage\":{\"@id\":\"https:\\\/\\\/www.conveniosocial.com.br\\\/blog\\\/nehuma\\\/5-sinais-de-carencia-de-vitaminas-e-minerais-que-podem-aparecer-no-seu-rosto\\\/#primaryimage\"},\"image\":{\"@id\":\"https:\\\/\\\/www.conveniosocial.com.br\\\/blog\\\/nehuma\\\/5-sinais-de-carencia-de-vitaminas-e-minerais-que-podem-aparecer-no-seu-rosto\\\/#primaryimage\"},\"thumbnailUrl\":\"\",\"datePublished\":\"2019-10-07T22:31:44+00:00\",\"breadcrumb\":{\"@id\":\"https:\\\/\\\/www.conveniosocial.com.br\\\/blog\\\/nehuma\\\/5-sinais-de-carencia-de-vitaminas-e-minerais-que-podem-aparecer-no-seu-rosto\\\/#breadcrumb\"},\"inLanguage\":\"pt-BR\",\"potentialAction\":[{\"@type\":\"ReadAction\",\"target\":[\"https:\\\/\\\/www.conveniosocial.com.br\\\/blog\\\/nehuma\\\/5-sinais-de-carencia-de-vitaminas-e-minerais-que-podem-aparecer-no-seu-rosto\\\/\"]}]},{\"@type\":\"ImageObject\",\"inLanguage\":\"pt-BR\",\"@id\":\"https:\\\/\\\/www.conveniosocial.com.br\\\/blog\\\/nehuma\\\/5-sinais-de-carencia-de-vitaminas-e-minerais-que-podem-aparecer-no-seu-rosto\\\/#primaryimage\",\"url\":\"\",\"contentUrl\":\"\"},{\"@type\":\"BreadcrumbList\",\"@id\":\"https:\\\/\\\/www.conveniosocial.com.br\\\/blog\\\/nehuma\\\/5-sinais-de-carencia-de-vitaminas-e-minerais-que-podem-aparecer-no-seu-rosto\\\/#breadcrumb\",\"itemListElement\":[{\"@type\":\"ListItem\",\"position\":1,\"name\":\"Home\",\"item\":\"https:\\\/\\\/www.conveniosocial.com.br\\\/blog\\\/\"},{\"@type\":\"ListItem\",\"position\":2,\"name\":\"Nenhuma\",\"item\":\"https:\\\/\\\/www.conveniosocial.com.br\\\/blog\\\/nehuma\\\/\"},{\"@type\":\"ListItem\",\"position\":3,\"name\":\"5 sinais de car\u00eancia de vitaminas e minerais que podem aparecer no seu rosto\"}]},{\"@type\":\"WebSite\",\"@id\":\"https:\\\/\\\/www.conveniosocial.com.br\\\/blog\\\/#website\",\"url\":\"https:\\\/\\\/www.conveniosocial.com.br\\\/blog\\\/\",\"name\":\"Conv\u00eanio Social\",\"description\":\"Informa\u00e7\u00f5es de Sa\u00fade e Bem-estar, Consultas e Exames Popular\",\"publisher\":{\"@id\":\"https:\\\/\\\/www.conveniosocial.com.br\\\/blog\\\/#organization\"},\"potentialAction\":[{\"@type\":\"SearchAction\",\"target\":{\"@type\":\"EntryPoint\",\"urlTemplate\":\"https:\\\/\\\/www.conveniosocial.com.br\\\/blog\\\/?s={search_term_string}\"},\"query-input\":{\"@type\":\"PropertyValueSpecification\",\"valueRequired\":true,\"valueName\":\"search_term_string\"}}],\"inLanguage\":\"pt-BR\"},{\"@type\":\"Organization\",\"@id\":\"https:\\\/\\\/www.conveniosocial.com.br\\\/blog\\\/#organization\",\"name\":\"Conv\u00eanio Social\",\"url\":\"https:\\\/\\\/www.conveniosocial.com.br\\\/blog\\\/\",\"logo\":{\"@type\":\"ImageObject\",\"inLanguage\":\"pt-BR\",\"@id\":\"https:\\\/\\\/www.conveniosocial.com.br\\\/blog\\\/#\\\/schema\\\/logo\\\/image\\\/\",\"url\":\"https:\\\/\\\/www.conveniosocial.com.br\\\/blog\\\/wp-content\\\/uploads\\\/2021\\\/11\\\/novo_logo-convenio-socia-digital.png\",\"contentUrl\":\"https:\\\/\\\/www.conveniosocial.com.br\\\/blog\\\/wp-content\\\/uploads\\\/2021\\\/11\\\/novo_logo-convenio-socia-digital.png\",\"width\":400,\"height\":102,\"caption\":\"Conv\u00eanio Social\"},\"image\":{\"@id\":\"https:\\\/\\\/www.conveniosocial.com.br\\\/blog\\\/#\\\/schema\\\/logo\\\/image\\\/\"}},{\"@type\":\"Person\",\"@id\":\"https:\\\/\\\/www.conveniosocial.com.br\\\/blog\\\/#\\\/schema\\\/person\\\/95c30bfdd058f90f62325275583f6bdb\",\"name\":\"Reda\u00e7\u00e3o\",\"image\":{\"@type\":\"ImageObject\",\"inLanguage\":\"pt-BR\",\"@id\":\"https:\\\/\\\/www.conveniosocial.com.br\\\/blog\\\/wp-content\\\/litespeed\\\/avatar\\\/4e54f19e6593de883bfb434e7ed885ea.jpg?ver=1777443823\",\"url\":\"https:\\\/\\\/www.conveniosocial.com.br\\\/blog\\\/wp-content\\\/litespeed\\\/avatar\\\/4e54f19e6593de883bfb434e7ed885ea.jpg?ver=1777443823\",\"contentUrl\":\"https:\\\/\\\/www.conveniosocial.com.br\\\/blog\\\/wp-content\\\/litespeed\\\/avatar\\\/4e54f19e6593de883bfb434e7ed885ea.jpg?ver=1777443823\",\"caption\":\"Reda\u00e7\u00e3o\"},\"description\":\"Presente nos 26 estados do Pa\u00eds e no Distrito Federal, Conv\u00eanio Social vem simplificando a experi\u00eancia dos usu\u00e1rios, que por meio do nosso portal, encontram, em um s\u00f3 local, tudo o que se refere aos servi\u00e7os de sa\u00fade a pre\u00e7os populares.\"}]}<\/script>\n<!-- \/ Yoast SEO Premium plugin. -->","yoast_head_json":{"title":"5 sinais de car\u00eancia de vitaminas e minerais que podem aparecer no seu rosto - Conv\u00eanio Social","robots":{"index":"index","follow":"follow","max-snippet":"max-snippet:-1","max-image-preview":"max-image-preview:large","max-video-preview":"max-video-preview:-1"},"canonical":"https:\/\/www.conveniosocial.com.br\/blog\/nehuma\/5-sinais-de-carencia-de-vitaminas-e-minerais-que-podem-aparecer-no-seu-rosto\/","og_locale":"pt_BR","og_type":"article","og_title":"5 sinais de car\u00eancia de vitaminas e minerais que podem aparecer no seu rosto","og_description":"Para diagnosticar a car\u00eancia de vitaminas, \u00e9 preciso fazer v\u00e1rios exames de sangue. Mas essa n\u00e3o \u00e9 a \u00fanica maneira. Outra forma \u00e9 observar seu rosto com aten\u00e7\u00e3o: 1. Pele p\u00e1lida N\u00e3o \u00e9 exclusivamente car\u00eancia de ferro. A falta de vitamina B12, muitas vezes, torna o rosto p\u00e1lido. Se este for o seu caso, observe [&hellip;]","og_url":"https:\/\/www.conveniosocial.com.br\/blog\/nehuma\/5-sinais-de-carencia-de-vitaminas-e-minerais-que-podem-aparecer-no-seu-rosto\/","og_site_name":"Conv\u00eanio Social","article_published_time":"2019-10-07T22:31:44+00:00","author":"Reda\u00e7\u00e3o","twitter_card":"summary_large_image","twitter_misc":{"Escrito por":"Reda\u00e7\u00e3o","Est. tempo de leitura":"2 minutos"},"schema":{"@context":"https:\/\/schema.org","@graph":[{"@type":"Article","@id":"https:\/\/www.conveniosocial.com.br\/blog\/nehuma\/5-sinais-de-carencia-de-vitaminas-e-minerais-que-podem-aparecer-no-seu-rosto\/#article","isPartOf":{"@id":"https:\/\/www.conveniosocial.com.br\/blog\/nehuma\/5-sinais-de-carencia-de-vitaminas-e-minerais-que-podem-aparecer-no-seu-rosto\/"},"author":{"name":"Reda\u00e7\u00e3o","@id":"https:\/\/www.conveniosocial.com.br\/blog\/#\/schema\/person\/95c30bfdd058f90f62325275583f6bdb"},"headline":"5 sinais de car\u00eancia de vitaminas e minerais que podem aparecer no seu rosto","datePublished":"2019-10-07T22:31:44+00:00","mainEntityOfPage":{"@id":"https:\/\/www.conveniosocial.com.br\/blog\/nehuma\/5-sinais-de-carencia-de-vitaminas-e-minerais-que-podem-aparecer-no-seu-rosto\/"},"wordCount":390,"commentCount":0,"publisher":{"@id":"https:\/\/www.conveniosocial.com.br\/blog\/#organization"},"image":{"@id":"https:\/\/www.conveniosocial.com.br\/blog\/nehuma\/5-sinais-de-carencia-de-vitaminas-e-minerais-que-podem-aparecer-no-seu-rosto\/#primaryimage"},"thumbnailUrl":"","articleSection":["Sa\u00fade"],"inLanguage":"pt-BR"},{"@type":"WebPage","@id":"https:\/\/www.conveniosocial.com.br\/blog\/nehuma\/5-sinais-de-carencia-de-vitaminas-e-minerais-que-podem-aparecer-no-seu-rosto\/","url":"https:\/\/www.conveniosocial.com.br\/blog\/nehuma\/5-sinais-de-carencia-de-vitaminas-e-minerais-que-podem-aparecer-no-seu-rosto\/","name":"5 sinais de car\u00eancia de vitaminas e minerais que podem aparecer no seu rosto - Conv\u00eanio Social","isPartOf":{"@id":"https:\/\/www.conveniosocial.com.br\/blog\/#website"},"primaryImageOfPage":{"@id":"https:\/\/www.conveniosocial.com.br\/blog\/nehuma\/5-sinais-de-carencia-de-vitaminas-e-minerais-que-podem-aparecer-no-seu-rosto\/#primaryimage"},"image":{"@id":"https:\/\/www.conveniosocial.com.br\/blog\/nehuma\/5-sinais-de-carencia-de-vitaminas-e-minerais-que-podem-aparecer-no-seu-rosto\/#primaryimage"},"thumbnailUrl":"","datePublished":"2019-10-07T22:31:44+00:00","breadcrumb":{"@id":"https:\/\/www.conveniosocial.com.br\/blog\/nehuma\/5-sinais-de-carencia-de-vitaminas-e-minerais-que-podem-aparecer-no-seu-rosto\/#breadcrumb"},"inLanguage":"pt-BR","potentialAction":[{"@type":"ReadAction","target":["https:\/\/www.conveniosocial.com.br\/blog\/nehuma\/5-sinais-de-carencia-de-vitaminas-e-minerais-que-podem-aparecer-no-seu-rosto\/"]}]},{"@type":"ImageObject","inLanguage":"pt-BR","@id":"https:\/\/www.conveniosocial.com.br\/blog\/nehuma\/5-sinais-de-carencia-de-vitaminas-e-minerais-que-podem-aparecer-no-seu-rosto\/#primaryimage","url":"","contentUrl":""},{"@type":"BreadcrumbList","@id":"https:\/\/www.conveniosocial.com.br\/blog\/nehuma\/5-sinais-de-carencia-de-vitaminas-e-minerais-que-podem-aparecer-no-seu-rosto\/#breadcrumb","itemListElement":[{"@type":"ListItem","position":1,"name":"Home","item":"https:\/\/www.conveniosocial.com.br\/blog\/"},{"@type":"ListItem","position":2,"name":"Nenhuma","item":"https:\/\/www.conveniosocial.com.br\/blog\/nehuma\/"},{"@type":"ListItem","position":3,"name":"5 sinais de car\u00eancia de vitaminas e minerais que podem aparecer no seu rosto"}]},{"@type":"WebSite","@id":"https:\/\/www.conveniosocial.com.br\/blog\/#website","url":"https:\/\/www.conveniosocial.com.br\/blog\/","name":"Conv\u00eanio Social","description":"Informa\u00e7\u00f5es de Sa\u00fade e Bem-estar, Consultas e Exames Popular","publisher":{"@id":"https:\/\/www.conveniosocial.com.br\/blog\/#organization"},"potentialAction":[{"@type":"SearchAction","target":{"@type":"EntryPoint","urlTemplate":"https:\/\/www.conveniosocial.com.br\/blog\/?s={search_term_string}"},"query-input":{"@type":"PropertyValueSpecification","valueRequired":true,"valueName":"search_term_string"}}],"inLanguage":"pt-BR"},{"@type":"Organization","@id":"https:\/\/www.conveniosocial.com.br\/blog\/#organization","name":"Conv\u00eanio Social","url":"https:\/\/www.conveniosocial.com.br\/blog\/","logo":{"@type":"ImageObject","inLanguage":"pt-BR","@id":"https:\/\/www.conveniosocial.com.br\/blog\/#\/schema\/logo\/image\/","url":"https:\/\/www.conveniosocial.com.br\/blog\/wp-content\/uploads\/2021\/11\/novo_logo-convenio-socia-digital.png","contentUrl":"https:\/\/www.conveniosocial.com.br\/blog\/wp-content\/uploads\/2021\/11\/novo_logo-convenio-socia-digital.png","width":400,"height":102,"caption":"Conv\u00eanio Social"},"image":{"@id":"https:\/\/www.conveniosocial.com.br\/blog\/#\/schema\/logo\/image\/"}},{"@type":"Person","@id":"https:\/\/www.conveniosocial.com.br\/blog\/#\/schema\/person\/95c30bfdd058f90f62325275583f6bdb","name":"Reda\u00e7\u00e3o","image":{"@type":"ImageObject","inLanguage":"pt-BR","@id":"https:\/\/www.conveniosocial.com.br\/blog\/wp-content\/litespeed\/avatar\/4e54f19e6593de883bfb434e7ed885ea.jpg?ver=1777443823","url":"https:\/\/www.conveniosocial.com.br\/blog\/wp-content\/litespeed\/avatar\/4e54f19e6593de883bfb434e7ed885ea.jpg?ver=1777443823","contentUrl":"https:\/\/www.conveniosocial.com.br\/blog\/wp-content\/litespeed\/avatar\/4e54f19e6593de883bfb434e7ed885ea.jpg?ver=1777443823","caption":"Reda\u00e7\u00e3o"},"description":"Presente nos 26 estados do Pa\u00eds e no Distrito Federal, Conv\u00eanio Social vem simplificando a experi\u00eancia dos usu\u00e1rios, que por meio do nosso portal, encontram, em um s\u00f3 local, tudo o que se refere aos servi\u00e7os de sa\u00fade a pre\u00e7os populares."}]}},"_links":{"self":[{"href":"https:\/\/www.conveniosocial.com.br\/blog\/wp-json\/wp\/v2\/posts\/2015","targetHints":{"allow":["GET"]}}],"collection":[{"href":"https:\/\/www.conveniosocial.com.br\/blog\/wp-json\/wp\/v2\/posts"}],"about":[{"href":"https:\/\/www.conveniosocial.com.br\/blog\/wp-json\/wp\/v2\/types\/post"}],"author":[{"embeddable":true,"href":"https:\/\/www.conveniosocial.com.br\/blog\/wp-json\/wp\/v2\/users\/2"}],"replies":[{"embeddable":true,"href":"https:\/\/www.conveniosocial.com.br\/blog\/wp-json\/wp\/v2\/comments?post=2015"}],"version-history":[{"count":0,"href":"https:\/\/www.conveniosocial.com.br\/blog\/wp-json\/wp\/v2\/posts\/2015\/revisions"}],"wp:featuredmedia":[{"embeddable":true,"href":"https:\/\/www.conveniosocial.com.br\/blog\/wp-json\/"}],"wp:attachment":[{"href":"https:\/\/www.conveniosocial.com.br\/blog\/wp-json\/wp\/v2\/media?parent=2015"}],"wp:term":[{"taxonomy":"category","embeddable":true,"href":"https:\/\/www.conveniosocial.com.br\/blog\/wp-json\/wp\/v2\/categories?post=2015"},{"taxonomy":"post_tag","embeddable":true,"href":"https:\/\/www.conveniosocial.com.br\/blog\/wp-json\/wp\/v2\/tags?post=2015"}],"curies":[{"name":"wp","href":"https:\/\/api.w.org\/{rel}","templated":true}]}}