{"id":654,"date":"2019-09-24T16:14:13","date_gmt":"2019-09-24T19:14:13","guid":{"rendered":"https:\/\/www.manualdeideias.com\/estilo-de-vida\/saude\/a-melhor-hora-para-ir-para-a-cama-e-as-20h45-aqui-esta-o-motivo\/"},"modified":"2019-09-24T16:14:13","modified_gmt":"2019-09-24T19:14:13","slug":"a-melhor-hora-para-ir-para-a-cama-e-as-20h45-aqui-esta-o-motivo","status":"publish","type":"post","link":"https:\/\/www.conveniosocial.com.br\/blog\/saude\/a-melhor-hora-para-ir-para-a-cama-e-as-20h45-aqui-esta-o-motivo\/","title":{"rendered":"A melhor hora para ir para a cama \u00e9 \u00e1s 20h45- Aqui esta o motivo"},"content":{"rendered":"<p><strong>Antigamente, como n\u00e3o havia luz el\u00e9trica nem muitos meios para se distrair, as pessoas dormiam logo depois do p\u00f4r do sol.<\/strong><\/p>\n<p>Pensar em dormir t\u00e3o cedo assim, nos dias de hoje, parece loucura, n\u00e3o \u00e9 mesmo?<\/p>\n<p>At\u00e9 porque a vida corrida do Ocidente j\u00e1 n\u00e3o nos permite chegar em casa antes de escurecer.<\/p>\n<p>O fato \u00e9 que a maioria dorme depois das 22h.<\/p>\n<p>E o problema \u00e9 que quase todo mundo precisa acordar de manh\u00e3zinha para os afazeres.<\/p>\n<p>Ou seja, h\u00e1 um grande n\u00famero de pessoas que t\u00eam uma p\u00e9ssima qualidade de sono.<\/p>\n<p><strong>Logo, \u00e9 natural que, no fim do dia, seu corpo n\u00e3o queira mais nada a n\u00e3o ser dormir.<\/strong><\/p>\n<p>Mesmo assim, a nossa tend\u00eancia \u00e9 for\u00e7ar, apesar de muitos bocejos, olhos vermelhos e o desejo extremo de fechar os olhos.<\/p>\n<p>Para quem precisa despertar \u00e0s 5h da manh\u00e3, por exemplo, ficar pensando, mexendo no celular ou lendo um livro \u00e9 um verdadeiro preju\u00edzo \u00e0 sa\u00fade.<\/p>\n<p><strong>Nesse caso, o ideal \u00e9 ir para cama \u00e0s 20h45.<\/strong><\/p>\n<p><strong>Se essa ideia lhe parece assustadora, procure criar uma rotina de sono.<\/strong><\/p>\n<ul>\n<li>Um dos integrantes do nosso site costuma passar \u00f3leo de lavanda na testa todas as noite antes de dormir.<\/li>\n<li>Assim, o corpo entende que \u00e9 hora de relaxar.<\/li>\n<li>H\u00e1 quem procure ouvir uma m\u00fasica suave e outros preferem fazer o b\u00e1sico: tomar banho, colocar um pijama, escovar os dentes e deitar.<\/li>\n<li>Aparelhos eletr\u00f4nicos s\u00e3o p\u00e9ssimos porque as luzes tendem a nos deixar ainda mais ativos.<\/li>\n<li>\u00c9 importante saber que n\u00e3o s\u00f3 basta dormir cedo para acordar cedo.<\/li>\n<\/ul>\n<p>Estudos revelaram que adolescentes que dormem tarde s\u00e3o mais propensos a estar acima do peso.<\/p>\n<p><strong>Para voc\u00ea ter ideia, h\u00e1 evid\u00eancias de que dormir cedo \u00e9 mais importante do que o total de horas de sono que conseguimos ter.<\/strong><\/p>\n<p><em>Este blog de not\u00edcias sobre tratamentos naturais n\u00e3o substitui um especialista. Consulte sempre seu m\u00e9dico.<\/em><\/p>\n","protected":false},"excerpt":{"rendered":"<p>Antigamente, como n\u00e3o havia luz el\u00e9trica nem muitos meios para se distrair, as pessoas dormiam logo depois do p\u00f4r do sol. Pensar em dormir t\u00e3o cedo assim, nos dias de hoje, parece loucura, n\u00e3o \u00e9 mesmo? At\u00e9 porque a vida corrida do Ocidente j\u00e1 n\u00e3o nos permite chegar em casa antes de escurecer. O fato [&hellip;]<\/p>\n","protected":false},"author":2,"featured_media":655,"comment_status":"open","ping_status":"open","sticky":false,"template":"","format":"standard","meta":{"_et_pb_use_builder":"o","_et_pb_old_content":"","_et_gb_content_width":"","footnotes":""},"categories":[614],"tags":[],"class_list":["post-654","post","type-post","status-publish","format-standard","has-post-thumbnail","hentry","category-saude"],"yoast_head":"<!-- This site is optimized with the Yoast SEO Premium plugin v21.3 (Yoast SEO v27.5) - https:\/\/yoast.com\/product\/yoast-seo-premium-wordpress\/ -->\n<title>A melhor hora para ir para a cama \u00e9 \u00e1s 20h45- Aqui esta o motivo - Conv\u00eanio Social<\/title>\n<meta name=\"robots\" content=\"index, follow, max-snippet:-1, max-image-preview:large, max-video-preview:-1\" \/>\n<link rel=\"canonical\" href=\"https:\/\/www.conveniosocial.com.br\/blog\/nehuma\/a-melhor-hora-para-ir-para-a-cama-e-as-20h45-aqui-esta-o-motivo\/\" \/>\n<meta property=\"og:locale\" content=\"pt_BR\" \/>\n<meta property=\"og:type\" content=\"article\" \/>\n<meta property=\"og:title\" content=\"A melhor hora para ir para a cama \u00e9 \u00e1s 20h45- Aqui esta o motivo\" \/>\n<meta property=\"og:description\" content=\"Antigamente, como n\u00e3o havia luz el\u00e9trica nem muitos meios para se distrair, as pessoas dormiam logo depois do p\u00f4r do sol. Pensar em dormir t\u00e3o cedo assim, nos dias de hoje, parece loucura, n\u00e3o \u00e9 mesmo? At\u00e9 porque a vida corrida do Ocidente j\u00e1 n\u00e3o nos permite chegar em casa antes de escurecer. O fato [&hellip;]\" \/>\n<meta property=\"og:url\" content=\"https:\/\/www.conveniosocial.com.br\/blog\/nehuma\/a-melhor-hora-para-ir-para-a-cama-e-as-20h45-aqui-esta-o-motivo\/\" \/>\n<meta property=\"og:site_name\" content=\"Conv\u00eanio Social\" \/>\n<meta property=\"article:published_time\" content=\"2019-09-24T19:14:13+00:00\" \/>\n<meta name=\"author\" content=\"Reda\u00e7\u00e3o\" \/>\n<meta name=\"twitter:card\" content=\"summary_large_image\" \/>\n<meta name=\"twitter:label1\" content=\"Escrito por\" \/>\n\t<meta name=\"twitter:data1\" content=\"Reda\u00e7\u00e3o\" \/>\n\t<meta name=\"twitter:label2\" content=\"Est. tempo de leitura\" \/>\n\t<meta name=\"twitter:data2\" content=\"2 minutos\" \/>\n<script type=\"application\/ld+json\" class=\"yoast-schema-graph\">{\"@context\":\"https:\\\/\\\/schema.org\",\"@graph\":[{\"@type\":\"Article\",\"@id\":\"https:\\\/\\\/www.conveniosocial.com.br\\\/blog\\\/nehuma\\\/a-melhor-hora-para-ir-para-a-cama-e-as-20h45-aqui-esta-o-motivo\\\/#article\",\"isPartOf\":{\"@id\":\"https:\\\/\\\/www.conveniosocial.com.br\\\/blog\\\/nehuma\\\/a-melhor-hora-para-ir-para-a-cama-e-as-20h45-aqui-esta-o-motivo\\\/\"},\"author\":{\"name\":\"Reda\u00e7\u00e3o\",\"@id\":\"https:\\\/\\\/www.conveniosocial.com.br\\\/blog\\\/#\\\/schema\\\/person\\\/95c30bfdd058f90f62325275583f6bdb\"},\"headline\":\"A melhor hora para ir para a cama \u00e9 \u00e1s 20h45- Aqui esta o motivo\",\"datePublished\":\"2019-09-24T19:14:13+00:00\",\"mainEntityOfPage\":{\"@id\":\"https:\\\/\\\/www.conveniosocial.com.br\\\/blog\\\/nehuma\\\/a-melhor-hora-para-ir-para-a-cama-e-as-20h45-aqui-esta-o-motivo\\\/\"},\"wordCount\":341,\"commentCount\":0,\"publisher\":{\"@id\":\"https:\\\/\\\/www.conveniosocial.com.br\\\/blog\\\/#organization\"},\"image\":{\"@id\":\"https:\\\/\\\/www.conveniosocial.com.br\\\/blog\\\/nehuma\\\/a-melhor-hora-para-ir-para-a-cama-e-as-20h45-aqui-esta-o-motivo\\\/#primaryimage\"},\"thumbnailUrl\":\"\",\"articleSection\":[\"Sa\u00fade\"],\"inLanguage\":\"pt-BR\"},{\"@type\":\"WebPage\",\"@id\":\"https:\\\/\\\/www.conveniosocial.com.br\\\/blog\\\/nehuma\\\/a-melhor-hora-para-ir-para-a-cama-e-as-20h45-aqui-esta-o-motivo\\\/\",\"url\":\"https:\\\/\\\/www.conveniosocial.com.br\\\/blog\\\/nehuma\\\/a-melhor-hora-para-ir-para-a-cama-e-as-20h45-aqui-esta-o-motivo\\\/\",\"name\":\"A melhor hora para ir para a cama \u00e9 \u00e1s 20h45- Aqui esta o motivo - Conv\u00eanio Social\",\"isPartOf\":{\"@id\":\"https:\\\/\\\/www.conveniosocial.com.br\\\/blog\\\/#website\"},\"primaryImageOfPage\":{\"@id\":\"https:\\\/\\\/www.conveniosocial.com.br\\\/blog\\\/nehuma\\\/a-melhor-hora-para-ir-para-a-cama-e-as-20h45-aqui-esta-o-motivo\\\/#primaryimage\"},\"image\":{\"@id\":\"https:\\\/\\\/www.conveniosocial.com.br\\\/blog\\\/nehuma\\\/a-melhor-hora-para-ir-para-a-cama-e-as-20h45-aqui-esta-o-motivo\\\/#primaryimage\"},\"thumbnailUrl\":\"\",\"datePublished\":\"2019-09-24T19:14:13+00:00\",\"breadcrumb\":{\"@id\":\"https:\\\/\\\/www.conveniosocial.com.br\\\/blog\\\/nehuma\\\/a-melhor-hora-para-ir-para-a-cama-e-as-20h45-aqui-esta-o-motivo\\\/#breadcrumb\"},\"inLanguage\":\"pt-BR\",\"potentialAction\":[{\"@type\":\"ReadAction\",\"target\":[\"https:\\\/\\\/www.conveniosocial.com.br\\\/blog\\\/nehuma\\\/a-melhor-hora-para-ir-para-a-cama-e-as-20h45-aqui-esta-o-motivo\\\/\"]}]},{\"@type\":\"ImageObject\",\"inLanguage\":\"pt-BR\",\"@id\":\"https:\\\/\\\/www.conveniosocial.com.br\\\/blog\\\/nehuma\\\/a-melhor-hora-para-ir-para-a-cama-e-as-20h45-aqui-esta-o-motivo\\\/#primaryimage\",\"url\":\"\",\"contentUrl\":\"\"},{\"@type\":\"BreadcrumbList\",\"@id\":\"https:\\\/\\\/www.conveniosocial.com.br\\\/blog\\\/nehuma\\\/a-melhor-hora-para-ir-para-a-cama-e-as-20h45-aqui-esta-o-motivo\\\/#breadcrumb\",\"itemListElement\":[{\"@type\":\"ListItem\",\"position\":1,\"name\":\"Home\",\"item\":\"https:\\\/\\\/www.conveniosocial.com.br\\\/blog\\\/\"},{\"@type\":\"ListItem\",\"position\":2,\"name\":\"Nenhuma\",\"item\":\"https:\\\/\\\/www.conveniosocial.com.br\\\/blog\\\/nehuma\\\/\"},{\"@type\":\"ListItem\",\"position\":3,\"name\":\"A melhor hora para ir para a cama \u00e9 \u00e1s 20h45- Aqui esta o motivo\"}]},{\"@type\":\"WebSite\",\"@id\":\"https:\\\/\\\/www.conveniosocial.com.br\\\/blog\\\/#website\",\"url\":\"https:\\\/\\\/www.conveniosocial.com.br\\\/blog\\\/\",\"name\":\"Conv\u00eanio Social\",\"description\":\"Informa\u00e7\u00f5es de Sa\u00fade e Bem-estar, Consultas e Exames Popular\",\"publisher\":{\"@id\":\"https:\\\/\\\/www.conveniosocial.com.br\\\/blog\\\/#organization\"},\"potentialAction\":[{\"@type\":\"SearchAction\",\"target\":{\"@type\":\"EntryPoint\",\"urlTemplate\":\"https:\\\/\\\/www.conveniosocial.com.br\\\/blog\\\/?s={search_term_string}\"},\"query-input\":{\"@type\":\"PropertyValueSpecification\",\"valueRequired\":true,\"valueName\":\"search_term_string\"}}],\"inLanguage\":\"pt-BR\"},{\"@type\":\"Organization\",\"@id\":\"https:\\\/\\\/www.conveniosocial.com.br\\\/blog\\\/#organization\",\"name\":\"Conv\u00eanio Social\",\"url\":\"https:\\\/\\\/www.conveniosocial.com.br\\\/blog\\\/\",\"logo\":{\"@type\":\"ImageObject\",\"inLanguage\":\"pt-BR\",\"@id\":\"https:\\\/\\\/www.conveniosocial.com.br\\\/blog\\\/#\\\/schema\\\/logo\\\/image\\\/\",\"url\":\"https:\\\/\\\/www.conveniosocial.com.br\\\/blog\\\/wp-content\\\/uploads\\\/2021\\\/11\\\/novo_logo-convenio-socia-digital.png\",\"contentUrl\":\"https:\\\/\\\/www.conveniosocial.com.br\\\/blog\\\/wp-content\\\/uploads\\\/2021\\\/11\\\/novo_logo-convenio-socia-digital.png\",\"width\":400,\"height\":102,\"caption\":\"Conv\u00eanio Social\"},\"image\":{\"@id\":\"https:\\\/\\\/www.conveniosocial.com.br\\\/blog\\\/#\\\/schema\\\/logo\\\/image\\\/\"}},{\"@type\":\"Person\",\"@id\":\"https:\\\/\\\/www.conveniosocial.com.br\\\/blog\\\/#\\\/schema\\\/person\\\/95c30bfdd058f90f62325275583f6bdb\",\"name\":\"Reda\u00e7\u00e3o\",\"image\":{\"@type\":\"ImageObject\",\"inLanguage\":\"pt-BR\",\"@id\":\"https:\\\/\\\/www.conveniosocial.com.br\\\/blog\\\/wp-content\\\/litespeed\\\/avatar\\\/4e54f19e6593de883bfb434e7ed885ea.jpg?ver=1777443823\",\"url\":\"https:\\\/\\\/www.conveniosocial.com.br\\\/blog\\\/wp-content\\\/litespeed\\\/avatar\\\/4e54f19e6593de883bfb434e7ed885ea.jpg?ver=1777443823\",\"contentUrl\":\"https:\\\/\\\/www.conveniosocial.com.br\\\/blog\\\/wp-content\\\/litespeed\\\/avatar\\\/4e54f19e6593de883bfb434e7ed885ea.jpg?ver=1777443823\",\"caption\":\"Reda\u00e7\u00e3o\"},\"description\":\"Presente nos 26 estados do Pa\u00eds e no Distrito Federal, Conv\u00eanio Social vem simplificando a experi\u00eancia dos usu\u00e1rios, que por meio do nosso portal, encontram, em um s\u00f3 local, tudo o que se refere aos servi\u00e7os de sa\u00fade a pre\u00e7os populares.\"}]}<\/script>\n<!-- \/ Yoast SEO Premium plugin. -->","yoast_head_json":{"title":"A melhor hora para ir para a cama \u00e9 \u00e1s 20h45- Aqui esta o motivo - Conv\u00eanio Social","robots":{"index":"index","follow":"follow","max-snippet":"max-snippet:-1","max-image-preview":"max-image-preview:large","max-video-preview":"max-video-preview:-1"},"canonical":"https:\/\/www.conveniosocial.com.br\/blog\/nehuma\/a-melhor-hora-para-ir-para-a-cama-e-as-20h45-aqui-esta-o-motivo\/","og_locale":"pt_BR","og_type":"article","og_title":"A melhor hora para ir para a cama \u00e9 \u00e1s 20h45- Aqui esta o motivo","og_description":"Antigamente, como n\u00e3o havia luz el\u00e9trica nem muitos meios para se distrair, as pessoas dormiam logo depois do p\u00f4r do sol. Pensar em dormir t\u00e3o cedo assim, nos dias de hoje, parece loucura, n\u00e3o \u00e9 mesmo? At\u00e9 porque a vida corrida do Ocidente j\u00e1 n\u00e3o nos permite chegar em casa antes de escurecer. O fato [&hellip;]","og_url":"https:\/\/www.conveniosocial.com.br\/blog\/nehuma\/a-melhor-hora-para-ir-para-a-cama-e-as-20h45-aqui-esta-o-motivo\/","og_site_name":"Conv\u00eanio Social","article_published_time":"2019-09-24T19:14:13+00:00","author":"Reda\u00e7\u00e3o","twitter_card":"summary_large_image","twitter_misc":{"Escrito por":"Reda\u00e7\u00e3o","Est. tempo de leitura":"2 minutos"},"schema":{"@context":"https:\/\/schema.org","@graph":[{"@type":"Article","@id":"https:\/\/www.conveniosocial.com.br\/blog\/nehuma\/a-melhor-hora-para-ir-para-a-cama-e-as-20h45-aqui-esta-o-motivo\/#article","isPartOf":{"@id":"https:\/\/www.conveniosocial.com.br\/blog\/nehuma\/a-melhor-hora-para-ir-para-a-cama-e-as-20h45-aqui-esta-o-motivo\/"},"author":{"name":"Reda\u00e7\u00e3o","@id":"https:\/\/www.conveniosocial.com.br\/blog\/#\/schema\/person\/95c30bfdd058f90f62325275583f6bdb"},"headline":"A melhor hora para ir para a cama \u00e9 \u00e1s 20h45- Aqui esta o motivo","datePublished":"2019-09-24T19:14:13+00:00","mainEntityOfPage":{"@id":"https:\/\/www.conveniosocial.com.br\/blog\/nehuma\/a-melhor-hora-para-ir-para-a-cama-e-as-20h45-aqui-esta-o-motivo\/"},"wordCount":341,"commentCount":0,"publisher":{"@id":"https:\/\/www.conveniosocial.com.br\/blog\/#organization"},"image":{"@id":"https:\/\/www.conveniosocial.com.br\/blog\/nehuma\/a-melhor-hora-para-ir-para-a-cama-e-as-20h45-aqui-esta-o-motivo\/#primaryimage"},"thumbnailUrl":"","articleSection":["Sa\u00fade"],"inLanguage":"pt-BR"},{"@type":"WebPage","@id":"https:\/\/www.conveniosocial.com.br\/blog\/nehuma\/a-melhor-hora-para-ir-para-a-cama-e-as-20h45-aqui-esta-o-motivo\/","url":"https:\/\/www.conveniosocial.com.br\/blog\/nehuma\/a-melhor-hora-para-ir-para-a-cama-e-as-20h45-aqui-esta-o-motivo\/","name":"A melhor hora para ir para a cama \u00e9 \u00e1s 20h45- Aqui esta o motivo - Conv\u00eanio Social","isPartOf":{"@id":"https:\/\/www.conveniosocial.com.br\/blog\/#website"},"primaryImageOfPage":{"@id":"https:\/\/www.conveniosocial.com.br\/blog\/nehuma\/a-melhor-hora-para-ir-para-a-cama-e-as-20h45-aqui-esta-o-motivo\/#primaryimage"},"image":{"@id":"https:\/\/www.conveniosocial.com.br\/blog\/nehuma\/a-melhor-hora-para-ir-para-a-cama-e-as-20h45-aqui-esta-o-motivo\/#primaryimage"},"thumbnailUrl":"","datePublished":"2019-09-24T19:14:13+00:00","breadcrumb":{"@id":"https:\/\/www.conveniosocial.com.br\/blog\/nehuma\/a-melhor-hora-para-ir-para-a-cama-e-as-20h45-aqui-esta-o-motivo\/#breadcrumb"},"inLanguage":"pt-BR","potentialAction":[{"@type":"ReadAction","target":["https:\/\/www.conveniosocial.com.br\/blog\/nehuma\/a-melhor-hora-para-ir-para-a-cama-e-as-20h45-aqui-esta-o-motivo\/"]}]},{"@type":"ImageObject","inLanguage":"pt-BR","@id":"https:\/\/www.conveniosocial.com.br\/blog\/nehuma\/a-melhor-hora-para-ir-para-a-cama-e-as-20h45-aqui-esta-o-motivo\/#primaryimage","url":"","contentUrl":""},{"@type":"BreadcrumbList","@id":"https:\/\/www.conveniosocial.com.br\/blog\/nehuma\/a-melhor-hora-para-ir-para-a-cama-e-as-20h45-aqui-esta-o-motivo\/#breadcrumb","itemListElement":[{"@type":"ListItem","position":1,"name":"Home","item":"https:\/\/www.conveniosocial.com.br\/blog\/"},{"@type":"ListItem","position":2,"name":"Nenhuma","item":"https:\/\/www.conveniosocial.com.br\/blog\/nehuma\/"},{"@type":"ListItem","position":3,"name":"A melhor hora para ir para a cama \u00e9 \u00e1s 20h45- Aqui esta o motivo"}]},{"@type":"WebSite","@id":"https:\/\/www.conveniosocial.com.br\/blog\/#website","url":"https:\/\/www.conveniosocial.com.br\/blog\/","name":"Conv\u00eanio Social","description":"Informa\u00e7\u00f5es de Sa\u00fade e Bem-estar, Consultas e Exames Popular","publisher":{"@id":"https:\/\/www.conveniosocial.com.br\/blog\/#organization"},"potentialAction":[{"@type":"SearchAction","target":{"@type":"EntryPoint","urlTemplate":"https:\/\/www.conveniosocial.com.br\/blog\/?s={search_term_string}"},"query-input":{"@type":"PropertyValueSpecification","valueRequired":true,"valueName":"search_term_string"}}],"inLanguage":"pt-BR"},{"@type":"Organization","@id":"https:\/\/www.conveniosocial.com.br\/blog\/#organization","name":"Conv\u00eanio Social","url":"https:\/\/www.conveniosocial.com.br\/blog\/","logo":{"@type":"ImageObject","inLanguage":"pt-BR","@id":"https:\/\/www.conveniosocial.com.br\/blog\/#\/schema\/logo\/image\/","url":"https:\/\/www.conveniosocial.com.br\/blog\/wp-content\/uploads\/2021\/11\/novo_logo-convenio-socia-digital.png","contentUrl":"https:\/\/www.conveniosocial.com.br\/blog\/wp-content\/uploads\/2021\/11\/novo_logo-convenio-socia-digital.png","width":400,"height":102,"caption":"Conv\u00eanio Social"},"image":{"@id":"https:\/\/www.conveniosocial.com.br\/blog\/#\/schema\/logo\/image\/"}},{"@type":"Person","@id":"https:\/\/www.conveniosocial.com.br\/blog\/#\/schema\/person\/95c30bfdd058f90f62325275583f6bdb","name":"Reda\u00e7\u00e3o","image":{"@type":"ImageObject","inLanguage":"pt-BR","@id":"https:\/\/www.conveniosocial.com.br\/blog\/wp-content\/litespeed\/avatar\/4e54f19e6593de883bfb434e7ed885ea.jpg?ver=1777443823","url":"https:\/\/www.conveniosocial.com.br\/blog\/wp-content\/litespeed\/avatar\/4e54f19e6593de883bfb434e7ed885ea.jpg?ver=1777443823","contentUrl":"https:\/\/www.conveniosocial.com.br\/blog\/wp-content\/litespeed\/avatar\/4e54f19e6593de883bfb434e7ed885ea.jpg?ver=1777443823","caption":"Reda\u00e7\u00e3o"},"description":"Presente nos 26 estados do Pa\u00eds e no Distrito Federal, Conv\u00eanio Social vem simplificando a experi\u00eancia dos usu\u00e1rios, que por meio do nosso portal, encontram, em um s\u00f3 local, tudo o que se refere aos servi\u00e7os de sa\u00fade a pre\u00e7os populares."}]}},"_links":{"self":[{"href":"https:\/\/www.conveniosocial.com.br\/blog\/wp-json\/wp\/v2\/posts\/654","targetHints":{"allow":["GET"]}}],"collection":[{"href":"https:\/\/www.conveniosocial.com.br\/blog\/wp-json\/wp\/v2\/posts"}],"about":[{"href":"https:\/\/www.conveniosocial.com.br\/blog\/wp-json\/wp\/v2\/types\/post"}],"author":[{"embeddable":true,"href":"https:\/\/www.conveniosocial.com.br\/blog\/wp-json\/wp\/v2\/users\/2"}],"replies":[{"embeddable":true,"href":"https:\/\/www.conveniosocial.com.br\/blog\/wp-json\/wp\/v2\/comments?post=654"}],"version-history":[{"count":0,"href":"https:\/\/www.conveniosocial.com.br\/blog\/wp-json\/wp\/v2\/posts\/654\/revisions"}],"wp:featuredmedia":[{"embeddable":true,"href":"https:\/\/www.conveniosocial.com.br\/blog\/wp-json\/"}],"wp:attachment":[{"href":"https:\/\/www.conveniosocial.com.br\/blog\/wp-json\/wp\/v2\/media?parent=654"}],"wp:term":[{"taxonomy":"category","embeddable":true,"href":"https:\/\/www.conveniosocial.com.br\/blog\/wp-json\/wp\/v2\/categories?post=654"},{"taxonomy":"post_tag","embeddable":true,"href":"https:\/\/www.conveniosocial.com.br\/blog\/wp-json\/wp\/v2\/tags?post=654"}],"curies":[{"name":"wp","href":"https:\/\/api.w.org\/{rel}","templated":true}]}}