{"id":723,"date":"2019-09-24T16:15:04","date_gmt":"2019-09-24T19:15:04","guid":{"rendered":"https:\/\/www.manualdeideias.com\/estilo-de-vida\/saude\/8-sinais-de-alerta-de-anemia\/"},"modified":"2019-09-24T16:15:04","modified_gmt":"2019-09-24T19:15:04","slug":"8-sinais-de-alerta-de-anemia","status":"publish","type":"post","link":"https:\/\/www.conveniosocial.com.br\/blog\/saude\/8-sinais-de-alerta-de-anemia\/","title":{"rendered":"8 Sinais de alerta de anemia"},"content":{"rendered":"<p><strong>Se voc\u00ea sente cansa\u00e7o, fraqueza e lentid\u00e3o para pensar, desconfie: pode ser anemia.<\/strong><\/p>\n<p>Essa defici\u00eancia de ferro costuma ser silenciosa.<\/p>\n<p>Ent\u00e3o \u00e9 bom estarmos atentos aos sinais do corpo.<\/p>\n<p><strong>Nosso organismo precisa de ferro para a produ\u00e7\u00e3o de gl\u00f3bulos vermelhos saud\u00e1veis.<\/strong><\/p>\n<p><strong>Sem ferro, temos dificuldade de produzir as c\u00e9lulas do sangue.<\/strong><\/p>\n<p>Ou seja, basta um corte ou a mulher menstruar para ter grandes complica\u00e7\u00f5es.<\/p>\n<p>E nem precisamos ir muito longe.<\/p>\n<p>Mesmo sem perder sangue, a anemia pode nos causar s\u00e9rios problemas no dia a dia.<\/p>\n<p><strong>Nesta mat\u00e9ria, separamos os principais sintomas de anemia.<\/strong><\/p>\n<p><strong>Confira:<\/strong><\/p>\n<p><strong>1. Fadiga<\/strong><\/p>\n<ul>\n<li>O cansa\u00e7o \u00e9 um dos principais sintomas da anemia.<\/li>\n<li>Isso acontece quando o corpo n\u00e3o tem gl\u00f3bulos vermelhos suficientes para distribuir oxig\u00eanio.<\/li>\n<li>\u00c9 claro que h\u00e1 v\u00e1rios motivos para sentirmos fadiga: estresse, doen\u00e7a, consumo de medicamentos.<\/li>\n<li>No entanto, o cansa\u00e7o causado pela anemia \u00e9 diferente.<\/li>\n<li>Porque consome nossa energia 24h por dia.<\/li>\n<li>Se for o seu caso, procure um m\u00e9dico.<\/li>\n<\/ul>\n<p><strong>2. Mucosa branca<\/strong><\/p>\n<ul>\n<li>Antigamente, as pessoas baixavam um pouco a p\u00e1lpebra inferior para ver a colora\u00e7\u00e3o mucosa dos olhos.<\/li>\n<li>Se tivesse muito branca, era sinal de anemia.<\/li>\n<li>Para localizar o ponto certo do autoexame, procure a linha d\u2019\u00e1gua acima da linha dos c\u00edlios inferiores.<\/li>\n<li>Esta \u00e9 uma \u00e1rea cheia de veias, e \u00e9 esperado que atrav\u00e9s dela o sangue seja bombeado de forma saud\u00e1vel.<\/li>\n<li>Ou seja, a mucosa deve estar vermelha.<\/li>\n<\/ul>\n<p><strong>3. Dificuldade para respirar<\/strong><\/p>\n<ul>\n<li>A maioria das pessoas com anemia parece ignorar os sintomas.<\/li>\n<li>No entanto, muitas vezes sentem dispneia durante a atividade f\u00edsica.<\/li>\n<li>Isso porque o sangue n\u00e3o pode fornecer o aumento de oxig\u00eanio que o corpo precisa.<\/li>\n<li>Assim, a respira\u00e7\u00e3o fica acelerada e exige muito esfor\u00e7o.<\/li>\n<li>Portanto, se qualquer esfor\u00e7o que voc\u00ea faz j\u00e1 perde o f\u00f4lego, isso \u00e9 sinal de anemia.<\/li>\n<li>Talvez voc\u00ea tamb\u00e9m sinta tontura e sensa\u00e7\u00e3o de enjoo.<\/li>\n<\/ul>\n<p><strong>4. Ansiedade<\/strong><\/p>\n<ul>\n<li>Se voc\u00ea sofre com ansiedade, pode ser dif\u00edcil identificar se o problema \u00e9 resultado de anemia.<\/li>\n<li>Observe se seu cora\u00e7\u00e3o anda muito acelerado.<\/li>\n<li>A raz\u00e3o disso \u00e9 que o sangue est\u00e1 bombeando mais r\u00e1pido, tentando obter mais oxig\u00eanio.<\/li>\n<\/ul>\n<p><strong>5. Dorm\u00eancia<\/strong><\/p>\n<ul>\n<li>Na aus\u00eancia de sangue, o corpo come\u00e7a a tirar o sangue dos membros para suprir a necessidade de todo o sistema de bombeamento.<\/li>\n<li>\u00c9 por isso que um an\u00eamico tende a sentir dorm\u00eancia.<\/li>\n<\/ul>\n<p><strong>6. Dores de cabe\u00e7a<\/strong><\/p>\n<ul>\n<li>Todo mundo tem dor na cabe\u00e7a de vez em quando, ent\u00e3o isso por si s\u00f3 n\u00e3o pode ser um ind\u00edcio de anemia.<\/li>\n<li>No entanto, se outros sintomas da lista forem percebidos, e voc\u00ea tamb\u00e9m estiver tendo dores na cabe\u00e7a frequentemente, procure um m\u00e9dico.<\/li>\n<\/ul>\n<p><strong>7. Irregularidade no per\u00edodo menstrual<\/strong><\/p>\n<ul>\n<li>As mulheres com anemia podem sofrer com miomas e ter o ciclo menstrual alterado.<\/li>\n<li>Al\u00e9m disso, sentem mais dor e um sangramento mais intenso do que o normal.<\/li>\n<li>A culpa \u00e9 da defici\u00eancia de ferro.<\/li>\n<\/ul>\n<p><strong>8. Dificuldade para se concentrar<\/strong><\/p>\n<ul>\n<li>Algumas pessoas se referem a falta de concentra\u00e7\u00e3o como \u201cn\u00e9voa do c\u00e9rebro\u201d, porque pode parecer que h\u00e1 um v\u00e9u de n\u00e9voa sobre todos os pensamentos.<\/li>\n<\/ul>\n<p><strong>Mas \u00e9 verdade: baixos n\u00edveis de ferro podem afetar o desempenho do nosso trabalho e a capacidade de concentra\u00e7\u00e3o.<\/strong><\/p>\n<p>A anemia \u00e9 mais comum do que podemos imaginar.<\/p>\n<p><strong>Procure manter uma dieta balanceada e fa\u00e7a periodicamente exame para medir a taxa de ferro.<\/strong><\/p>\n<p><em>Este blog de not\u00edcias sobre tratamentos naturais n\u00e3o substitui um especialista. Consulte sempre seu m\u00e9dico.<\/em><\/p>\n","protected":false},"excerpt":{"rendered":"<p>Se voc\u00ea sente cansa\u00e7o, fraqueza e lentid\u00e3o para pensar, desconfie: pode ser anemia. Essa defici\u00eancia de ferro costuma ser silenciosa. Ent\u00e3o \u00e9 bom estarmos atentos aos sinais do corpo. Nosso organismo precisa de ferro para a produ\u00e7\u00e3o de gl\u00f3bulos vermelhos saud\u00e1veis. Sem ferro, temos dificuldade de produzir as c\u00e9lulas do sangue. Ou seja, basta um [&hellip;]<\/p>\n","protected":false},"author":2,"featured_media":724,"comment_status":"open","ping_status":"open","sticky":false,"template":"","format":"standard","meta":{"_et_pb_use_builder":"o","_et_pb_old_content":"","_et_gb_content_width":"","footnotes":""},"categories":[614],"tags":[],"class_list":["post-723","post","type-post","status-publish","format-standard","has-post-thumbnail","hentry","category-saude"],"yoast_head":"<!-- This site is optimized with the Yoast SEO Premium plugin v21.3 (Yoast SEO v27.5) - https:\/\/yoast.com\/product\/yoast-seo-premium-wordpress\/ -->\n<title>8 Sinais de alerta de anemia - Conv\u00eanio Social<\/title>\n<meta name=\"robots\" content=\"index, follow, max-snippet:-1, max-image-preview:large, max-video-preview:-1\" \/>\n<link rel=\"canonical\" href=\"https:\/\/www.conveniosocial.com.br\/blog\/nehuma\/8-sinais-de-alerta-de-anemia\/\" \/>\n<meta property=\"og:locale\" content=\"pt_BR\" \/>\n<meta property=\"og:type\" content=\"article\" \/>\n<meta property=\"og:title\" content=\"8 Sinais de alerta de anemia\" \/>\n<meta property=\"og:description\" content=\"Se voc\u00ea sente cansa\u00e7o, fraqueza e lentid\u00e3o para pensar, desconfie: pode ser anemia. Essa defici\u00eancia de ferro costuma ser silenciosa. Ent\u00e3o \u00e9 bom estarmos atentos aos sinais do corpo. Nosso organismo precisa de ferro para a produ\u00e7\u00e3o de gl\u00f3bulos vermelhos saud\u00e1veis. Sem ferro, temos dificuldade de produzir as c\u00e9lulas do sangue. Ou seja, basta um [&hellip;]\" \/>\n<meta property=\"og:url\" content=\"https:\/\/www.conveniosocial.com.br\/blog\/nehuma\/8-sinais-de-alerta-de-anemia\/\" \/>\n<meta property=\"og:site_name\" content=\"Conv\u00eanio Social\" \/>\n<meta property=\"article:published_time\" content=\"2019-09-24T19:15:04+00:00\" \/>\n<meta name=\"author\" content=\"Reda\u00e7\u00e3o\" \/>\n<meta name=\"twitter:card\" content=\"summary_large_image\" \/>\n<meta name=\"twitter:label1\" content=\"Escrito por\" \/>\n\t<meta name=\"twitter:data1\" content=\"Reda\u00e7\u00e3o\" \/>\n\t<meta name=\"twitter:label2\" content=\"Est. tempo de leitura\" \/>\n\t<meta name=\"twitter:data2\" content=\"3 minutos\" \/>\n<script type=\"application\/ld+json\" class=\"yoast-schema-graph\">{\"@context\":\"https:\\\/\\\/schema.org\",\"@graph\":[{\"@type\":\"Article\",\"@id\":\"https:\\\/\\\/www.conveniosocial.com.br\\\/blog\\\/nehuma\\\/8-sinais-de-alerta-de-anemia\\\/#article\",\"isPartOf\":{\"@id\":\"https:\\\/\\\/www.conveniosocial.com.br\\\/blog\\\/nehuma\\\/8-sinais-de-alerta-de-anemia\\\/\"},\"author\":{\"name\":\"Reda\u00e7\u00e3o\",\"@id\":\"https:\\\/\\\/www.conveniosocial.com.br\\\/blog\\\/#\\\/schema\\\/person\\\/95c30bfdd058f90f62325275583f6bdb\"},\"headline\":\"8 Sinais de alerta de anemia\",\"datePublished\":\"2019-09-24T19:15:04+00:00\",\"mainEntityOfPage\":{\"@id\":\"https:\\\/\\\/www.conveniosocial.com.br\\\/blog\\\/nehuma\\\/8-sinais-de-alerta-de-anemia\\\/\"},\"wordCount\":600,\"commentCount\":0,\"publisher\":{\"@id\":\"https:\\\/\\\/www.conveniosocial.com.br\\\/blog\\\/#organization\"},\"image\":{\"@id\":\"https:\\\/\\\/www.conveniosocial.com.br\\\/blog\\\/nehuma\\\/8-sinais-de-alerta-de-anemia\\\/#primaryimage\"},\"thumbnailUrl\":\"\",\"articleSection\":[\"Sa\u00fade\"],\"inLanguage\":\"pt-BR\"},{\"@type\":\"WebPage\",\"@id\":\"https:\\\/\\\/www.conveniosocial.com.br\\\/blog\\\/nehuma\\\/8-sinais-de-alerta-de-anemia\\\/\",\"url\":\"https:\\\/\\\/www.conveniosocial.com.br\\\/blog\\\/nehuma\\\/8-sinais-de-alerta-de-anemia\\\/\",\"name\":\"8 Sinais de alerta de anemia - Conv\u00eanio Social\",\"isPartOf\":{\"@id\":\"https:\\\/\\\/www.conveniosocial.com.br\\\/blog\\\/#website\"},\"primaryImageOfPage\":{\"@id\":\"https:\\\/\\\/www.conveniosocial.com.br\\\/blog\\\/nehuma\\\/8-sinais-de-alerta-de-anemia\\\/#primaryimage\"},\"image\":{\"@id\":\"https:\\\/\\\/www.conveniosocial.com.br\\\/blog\\\/nehuma\\\/8-sinais-de-alerta-de-anemia\\\/#primaryimage\"},\"thumbnailUrl\":\"\",\"datePublished\":\"2019-09-24T19:15:04+00:00\",\"breadcrumb\":{\"@id\":\"https:\\\/\\\/www.conveniosocial.com.br\\\/blog\\\/nehuma\\\/8-sinais-de-alerta-de-anemia\\\/#breadcrumb\"},\"inLanguage\":\"pt-BR\",\"potentialAction\":[{\"@type\":\"ReadAction\",\"target\":[\"https:\\\/\\\/www.conveniosocial.com.br\\\/blog\\\/nehuma\\\/8-sinais-de-alerta-de-anemia\\\/\"]}]},{\"@type\":\"ImageObject\",\"inLanguage\":\"pt-BR\",\"@id\":\"https:\\\/\\\/www.conveniosocial.com.br\\\/blog\\\/nehuma\\\/8-sinais-de-alerta-de-anemia\\\/#primaryimage\",\"url\":\"\",\"contentUrl\":\"\"},{\"@type\":\"BreadcrumbList\",\"@id\":\"https:\\\/\\\/www.conveniosocial.com.br\\\/blog\\\/nehuma\\\/8-sinais-de-alerta-de-anemia\\\/#breadcrumb\",\"itemListElement\":[{\"@type\":\"ListItem\",\"position\":1,\"name\":\"Home\",\"item\":\"https:\\\/\\\/www.conveniosocial.com.br\\\/blog\\\/\"},{\"@type\":\"ListItem\",\"position\":2,\"name\":\"Nenhuma\",\"item\":\"https:\\\/\\\/www.conveniosocial.com.br\\\/blog\\\/nehuma\\\/\"},{\"@type\":\"ListItem\",\"position\":3,\"name\":\"8 Sinais de alerta de anemia\"}]},{\"@type\":\"WebSite\",\"@id\":\"https:\\\/\\\/www.conveniosocial.com.br\\\/blog\\\/#website\",\"url\":\"https:\\\/\\\/www.conveniosocial.com.br\\\/blog\\\/\",\"name\":\"Conv\u00eanio Social\",\"description\":\"Informa\u00e7\u00f5es de Sa\u00fade e Bem-estar, Consultas e Exames Popular\",\"publisher\":{\"@id\":\"https:\\\/\\\/www.conveniosocial.com.br\\\/blog\\\/#organization\"},\"potentialAction\":[{\"@type\":\"SearchAction\",\"target\":{\"@type\":\"EntryPoint\",\"urlTemplate\":\"https:\\\/\\\/www.conveniosocial.com.br\\\/blog\\\/?s={search_term_string}\"},\"query-input\":{\"@type\":\"PropertyValueSpecification\",\"valueRequired\":true,\"valueName\":\"search_term_string\"}}],\"inLanguage\":\"pt-BR\"},{\"@type\":\"Organization\",\"@id\":\"https:\\\/\\\/www.conveniosocial.com.br\\\/blog\\\/#organization\",\"name\":\"Conv\u00eanio Social\",\"url\":\"https:\\\/\\\/www.conveniosocial.com.br\\\/blog\\\/\",\"logo\":{\"@type\":\"ImageObject\",\"inLanguage\":\"pt-BR\",\"@id\":\"https:\\\/\\\/www.conveniosocial.com.br\\\/blog\\\/#\\\/schema\\\/logo\\\/image\\\/\",\"url\":\"https:\\\/\\\/www.conveniosocial.com.br\\\/blog\\\/wp-content\\\/uploads\\\/2021\\\/11\\\/novo_logo-convenio-socia-digital.png\",\"contentUrl\":\"https:\\\/\\\/www.conveniosocial.com.br\\\/blog\\\/wp-content\\\/uploads\\\/2021\\\/11\\\/novo_logo-convenio-socia-digital.png\",\"width\":400,\"height\":102,\"caption\":\"Conv\u00eanio Social\"},\"image\":{\"@id\":\"https:\\\/\\\/www.conveniosocial.com.br\\\/blog\\\/#\\\/schema\\\/logo\\\/image\\\/\"}},{\"@type\":\"Person\",\"@id\":\"https:\\\/\\\/www.conveniosocial.com.br\\\/blog\\\/#\\\/schema\\\/person\\\/95c30bfdd058f90f62325275583f6bdb\",\"name\":\"Reda\u00e7\u00e3o\",\"image\":{\"@type\":\"ImageObject\",\"inLanguage\":\"pt-BR\",\"@id\":\"https:\\\/\\\/www.conveniosocial.com.br\\\/blog\\\/wp-content\\\/litespeed\\\/avatar\\\/4e54f19e6593de883bfb434e7ed885ea.jpg?ver=1777443823\",\"url\":\"https:\\\/\\\/www.conveniosocial.com.br\\\/blog\\\/wp-content\\\/litespeed\\\/avatar\\\/4e54f19e6593de883bfb434e7ed885ea.jpg?ver=1777443823\",\"contentUrl\":\"https:\\\/\\\/www.conveniosocial.com.br\\\/blog\\\/wp-content\\\/litespeed\\\/avatar\\\/4e54f19e6593de883bfb434e7ed885ea.jpg?ver=1777443823\",\"caption\":\"Reda\u00e7\u00e3o\"},\"description\":\"Presente nos 26 estados do Pa\u00eds e no Distrito Federal, Conv\u00eanio Social vem simplificando a experi\u00eancia dos usu\u00e1rios, que por meio do nosso portal, encontram, em um s\u00f3 local, tudo o que se refere aos servi\u00e7os de sa\u00fade a pre\u00e7os populares.\"}]}<\/script>\n<!-- \/ Yoast SEO Premium plugin. -->","yoast_head_json":{"title":"8 Sinais de alerta de anemia - Conv\u00eanio Social","robots":{"index":"index","follow":"follow","max-snippet":"max-snippet:-1","max-image-preview":"max-image-preview:large","max-video-preview":"max-video-preview:-1"},"canonical":"https:\/\/www.conveniosocial.com.br\/blog\/nehuma\/8-sinais-de-alerta-de-anemia\/","og_locale":"pt_BR","og_type":"article","og_title":"8 Sinais de alerta de anemia","og_description":"Se voc\u00ea sente cansa\u00e7o, fraqueza e lentid\u00e3o para pensar, desconfie: pode ser anemia. Essa defici\u00eancia de ferro costuma ser silenciosa. Ent\u00e3o \u00e9 bom estarmos atentos aos sinais do corpo. Nosso organismo precisa de ferro para a produ\u00e7\u00e3o de gl\u00f3bulos vermelhos saud\u00e1veis. Sem ferro, temos dificuldade de produzir as c\u00e9lulas do sangue. Ou seja, basta um [&hellip;]","og_url":"https:\/\/www.conveniosocial.com.br\/blog\/nehuma\/8-sinais-de-alerta-de-anemia\/","og_site_name":"Conv\u00eanio Social","article_published_time":"2019-09-24T19:15:04+00:00","author":"Reda\u00e7\u00e3o","twitter_card":"summary_large_image","twitter_misc":{"Escrito por":"Reda\u00e7\u00e3o","Est. tempo de leitura":"3 minutos"},"schema":{"@context":"https:\/\/schema.org","@graph":[{"@type":"Article","@id":"https:\/\/www.conveniosocial.com.br\/blog\/nehuma\/8-sinais-de-alerta-de-anemia\/#article","isPartOf":{"@id":"https:\/\/www.conveniosocial.com.br\/blog\/nehuma\/8-sinais-de-alerta-de-anemia\/"},"author":{"name":"Reda\u00e7\u00e3o","@id":"https:\/\/www.conveniosocial.com.br\/blog\/#\/schema\/person\/95c30bfdd058f90f62325275583f6bdb"},"headline":"8 Sinais de alerta de anemia","datePublished":"2019-09-24T19:15:04+00:00","mainEntityOfPage":{"@id":"https:\/\/www.conveniosocial.com.br\/blog\/nehuma\/8-sinais-de-alerta-de-anemia\/"},"wordCount":600,"commentCount":0,"publisher":{"@id":"https:\/\/www.conveniosocial.com.br\/blog\/#organization"},"image":{"@id":"https:\/\/www.conveniosocial.com.br\/blog\/nehuma\/8-sinais-de-alerta-de-anemia\/#primaryimage"},"thumbnailUrl":"","articleSection":["Sa\u00fade"],"inLanguage":"pt-BR"},{"@type":"WebPage","@id":"https:\/\/www.conveniosocial.com.br\/blog\/nehuma\/8-sinais-de-alerta-de-anemia\/","url":"https:\/\/www.conveniosocial.com.br\/blog\/nehuma\/8-sinais-de-alerta-de-anemia\/","name":"8 Sinais de alerta de anemia - Conv\u00eanio Social","isPartOf":{"@id":"https:\/\/www.conveniosocial.com.br\/blog\/#website"},"primaryImageOfPage":{"@id":"https:\/\/www.conveniosocial.com.br\/blog\/nehuma\/8-sinais-de-alerta-de-anemia\/#primaryimage"},"image":{"@id":"https:\/\/www.conveniosocial.com.br\/blog\/nehuma\/8-sinais-de-alerta-de-anemia\/#primaryimage"},"thumbnailUrl":"","datePublished":"2019-09-24T19:15:04+00:00","breadcrumb":{"@id":"https:\/\/www.conveniosocial.com.br\/blog\/nehuma\/8-sinais-de-alerta-de-anemia\/#breadcrumb"},"inLanguage":"pt-BR","potentialAction":[{"@type":"ReadAction","target":["https:\/\/www.conveniosocial.com.br\/blog\/nehuma\/8-sinais-de-alerta-de-anemia\/"]}]},{"@type":"ImageObject","inLanguage":"pt-BR","@id":"https:\/\/www.conveniosocial.com.br\/blog\/nehuma\/8-sinais-de-alerta-de-anemia\/#primaryimage","url":"","contentUrl":""},{"@type":"BreadcrumbList","@id":"https:\/\/www.conveniosocial.com.br\/blog\/nehuma\/8-sinais-de-alerta-de-anemia\/#breadcrumb","itemListElement":[{"@type":"ListItem","position":1,"name":"Home","item":"https:\/\/www.conveniosocial.com.br\/blog\/"},{"@type":"ListItem","position":2,"name":"Nenhuma","item":"https:\/\/www.conveniosocial.com.br\/blog\/nehuma\/"},{"@type":"ListItem","position":3,"name":"8 Sinais de alerta de anemia"}]},{"@type":"WebSite","@id":"https:\/\/www.conveniosocial.com.br\/blog\/#website","url":"https:\/\/www.conveniosocial.com.br\/blog\/","name":"Conv\u00eanio Social","description":"Informa\u00e7\u00f5es de Sa\u00fade e Bem-estar, Consultas e Exames Popular","publisher":{"@id":"https:\/\/www.conveniosocial.com.br\/blog\/#organization"},"potentialAction":[{"@type":"SearchAction","target":{"@type":"EntryPoint","urlTemplate":"https:\/\/www.conveniosocial.com.br\/blog\/?s={search_term_string}"},"query-input":{"@type":"PropertyValueSpecification","valueRequired":true,"valueName":"search_term_string"}}],"inLanguage":"pt-BR"},{"@type":"Organization","@id":"https:\/\/www.conveniosocial.com.br\/blog\/#organization","name":"Conv\u00eanio Social","url":"https:\/\/www.conveniosocial.com.br\/blog\/","logo":{"@type":"ImageObject","inLanguage":"pt-BR","@id":"https:\/\/www.conveniosocial.com.br\/blog\/#\/schema\/logo\/image\/","url":"https:\/\/www.conveniosocial.com.br\/blog\/wp-content\/uploads\/2021\/11\/novo_logo-convenio-socia-digital.png","contentUrl":"https:\/\/www.conveniosocial.com.br\/blog\/wp-content\/uploads\/2021\/11\/novo_logo-convenio-socia-digital.png","width":400,"height":102,"caption":"Conv\u00eanio Social"},"image":{"@id":"https:\/\/www.conveniosocial.com.br\/blog\/#\/schema\/logo\/image\/"}},{"@type":"Person","@id":"https:\/\/www.conveniosocial.com.br\/blog\/#\/schema\/person\/95c30bfdd058f90f62325275583f6bdb","name":"Reda\u00e7\u00e3o","image":{"@type":"ImageObject","inLanguage":"pt-BR","@id":"https:\/\/www.conveniosocial.com.br\/blog\/wp-content\/litespeed\/avatar\/4e54f19e6593de883bfb434e7ed885ea.jpg?ver=1777443823","url":"https:\/\/www.conveniosocial.com.br\/blog\/wp-content\/litespeed\/avatar\/4e54f19e6593de883bfb434e7ed885ea.jpg?ver=1777443823","contentUrl":"https:\/\/www.conveniosocial.com.br\/blog\/wp-content\/litespeed\/avatar\/4e54f19e6593de883bfb434e7ed885ea.jpg?ver=1777443823","caption":"Reda\u00e7\u00e3o"},"description":"Presente nos 26 estados do Pa\u00eds e no Distrito Federal, Conv\u00eanio Social vem simplificando a experi\u00eancia dos usu\u00e1rios, que por meio do nosso portal, encontram, em um s\u00f3 local, tudo o que se refere aos servi\u00e7os de sa\u00fade a pre\u00e7os populares."}]}},"_links":{"self":[{"href":"https:\/\/www.conveniosocial.com.br\/blog\/wp-json\/wp\/v2\/posts\/723","targetHints":{"allow":["GET"]}}],"collection":[{"href":"https:\/\/www.conveniosocial.com.br\/blog\/wp-json\/wp\/v2\/posts"}],"about":[{"href":"https:\/\/www.conveniosocial.com.br\/blog\/wp-json\/wp\/v2\/types\/post"}],"author":[{"embeddable":true,"href":"https:\/\/www.conveniosocial.com.br\/blog\/wp-json\/wp\/v2\/users\/2"}],"replies":[{"embeddable":true,"href":"https:\/\/www.conveniosocial.com.br\/blog\/wp-json\/wp\/v2\/comments?post=723"}],"version-history":[{"count":0,"href":"https:\/\/www.conveniosocial.com.br\/blog\/wp-json\/wp\/v2\/posts\/723\/revisions"}],"wp:featuredmedia":[{"embeddable":true,"href":"https:\/\/www.conveniosocial.com.br\/blog\/wp-json\/"}],"wp:attachment":[{"href":"https:\/\/www.conveniosocial.com.br\/blog\/wp-json\/wp\/v2\/media?parent=723"}],"wp:term":[{"taxonomy":"category","embeddable":true,"href":"https:\/\/www.conveniosocial.com.br\/blog\/wp-json\/wp\/v2\/categories?post=723"},{"taxonomy":"post_tag","embeddable":true,"href":"https:\/\/www.conveniosocial.com.br\/blog\/wp-json\/wp\/v2\/tags?post=723"}],"curies":[{"name":"wp","href":"https:\/\/api.w.org\/{rel}","templated":true}]}}