{"id":735,"date":"2019-09-24T16:15:09","date_gmt":"2019-09-24T19:15:09","guid":{"rendered":"https:\/\/www.manualdeideias.com\/estilo-de-vida\/saude\/10-ocasioes-em-que-ficar-calado-e-a-melhor-escolha\/"},"modified":"2019-09-24T16:15:09","modified_gmt":"2019-09-24T19:15:09","slug":"10-ocasioes-em-que-ficar-calado-e-a-melhor-escolha","status":"publish","type":"post","link":"https:\/\/www.conveniosocial.com.br\/blog\/saude\/10-ocasioes-em-que-ficar-calado-e-a-melhor-escolha\/","title":{"rendered":"10 Ocasi\u00f5es em que ficar calado \u00e9 a melhor escolha"},"content":{"rendered":"<p>Voc\u00ea pode ter certeza: o sil\u00eancio, na hora certa, \u00e9 uma grande escolha.<\/p>\n<p>Quer saber mais sobre isso?<\/p>\n<p><strong>Confira dez situa\u00e7\u00f5es em que manter a boca fechada \u00e9 o melhor a ser feito:<\/strong><\/p>\n<p><strong>1. Quando suas palavras afetar\u00e3o negativamente algu\u00e9m<\/strong><\/p>\n<p>Falar de algu\u00e9m com a inten\u00e7\u00e3o de causar dano \u00e9 muito ruim, principalmente se a pessoa for um amigo ou parente.<\/p>\n<p><strong>2. Quando voc\u00ea est\u00e1 fazendo algo produtivo<\/strong><\/p>\n<p>Trabalhar em sil\u00eancio, por exemplo, proporciona um resultado mais eficaz.<\/p>\n<p>Caso contr\u00e1rio, fica dif\u00edcil manter a concentra\u00e7\u00e3o e assumir responsabilidades.<\/p>\n<p><strong>3. Quando voc\u00ea est\u00e1 de mau humor<\/strong><\/p>\n<p>Nunca dizemos nada de bom quando estamos de mau humor.<\/p>\n<p>Ent\u00e3o \u00e9 melhor ficarmos calados.<\/p>\n<p><strong>4. Quando voc\u00ea est\u00e1 tentando se relacionar melhor com algu\u00e9m<\/strong><\/p>\n<p>Mudan\u00e7as de h\u00e1bito n\u00e3o s\u00e3o f\u00e1ceis.<\/p>\n<p>Ent\u00e3o, provavelmente voc\u00ea v\u00e1 sofrer um pouco com pensamentos conflituosos na hora de tentar melhorar a forma como se relaciona com uma pessoa.<\/p>\n<p>Neste caso, pense bastante antes de abrir a boca.<\/p>\n<p><strong>5. Quando voc\u00ea est\u00e1 sendo provocado<\/strong><\/p>\n<p>Ningu\u00e9m quer ser intimidado, mas \u00e9 bom tomar muito cuidado com o que diz para n\u00e3o falar bobagens.<\/p>\n<p><strong>6. Quando voc\u00ea n\u00e3o tem nada a dizer<\/strong><\/p>\n<p>O sil\u00eancio pode ser um desconforto, mas falar s\u00f3 por falar pode lhe expor ao rid\u00edculo.<\/p>\n<p>Se voc\u00ea n\u00e3o tem nada a acrescentar, melhor ficar em sil\u00eancio.<\/p>\n<p><strong>7. Quando n\u00e3o for sua hora de falar<\/strong><\/p>\n<p>Saber sua hora de falar requer sensibilidade.<\/p>\n<p>Tome cuidado para n\u00e3o fazer feio e sair atropelando a fala do outro.<\/p>\n<p><strong>8. Quando voc\u00ea n\u00e3o sentir seguran\u00e7a<\/strong><\/p>\n<p>Quando voc\u00ea substitui a l\u00f3gica e a frieza pela impulsividade e impetuosidade, as chances de errar s\u00e3o enormes.<\/p>\n<p>Sentir vergonha de palavras lan\u00e7adas \u00e9 muito ruim.<\/p>\n<p>Evite.<\/p>\n<p><strong>9. Quando voc\u00ea tem a sensa\u00e7\u00e3o de que suas palavras v\u00e3o machucar algu\u00e9m<\/strong><\/p>\n<p>Em uma discuss\u00e3o acalorada, voc\u00ea provavelmente j\u00e1 disse algo que injustamente magoou outra pessoa.<\/p>\n<p>Talvez voc\u00ea j\u00e1 conhecesse a dor que isso causaria \u2013 e disse mesmo assim.<\/p>\n<p>Caso voc\u00ea tenha a impress\u00e3o de que as palavras podem machucar algu\u00e9m, \u00e9 melhor ficar quieto.<\/p>\n<p><strong>10. Quando voc\u00ea n\u00e3o tem argumentos necess\u00e1rios<\/strong><\/p>\n<p>Falar sobre um assunto do qual voc\u00ea n\u00e3o tem nenhum conhecimento pode ser muito prejudicial, ainda mais quando os temas abordados s\u00e3o pol\u00eamicos.<\/p>\n<p><em>Este \u00e9 um blog de not\u00edcias sobre tratamentos caseiros. Ele n\u00e3o substitui um especialista. Consulte sempre seu m\u00e9dico.<\/em><\/p>\n","protected":false},"excerpt":{"rendered":"<p>Voc\u00ea pode ter certeza: o sil\u00eancio, na hora certa, \u00e9 uma grande escolha. Quer saber mais sobre isso? Confira dez situa\u00e7\u00f5es em que manter a boca fechada \u00e9 o melhor a ser feito: 1. Quando suas palavras afetar\u00e3o negativamente algu\u00e9m Falar de algu\u00e9m com a inten\u00e7\u00e3o de causar dano \u00e9 muito ruim, principalmente se a [&hellip;]<\/p>\n","protected":false},"author":2,"featured_media":736,"comment_status":"open","ping_status":"open","sticky":false,"template":"","format":"standard","meta":{"_et_pb_use_builder":"o","_et_pb_old_content":"","_et_gb_content_width":"","footnotes":""},"categories":[614],"tags":[],"class_list":["post-735","post","type-post","status-publish","format-standard","has-post-thumbnail","hentry","category-saude"],"yoast_head":"<!-- This site is optimized with the Yoast SEO Premium plugin v21.3 (Yoast SEO v27.5) - https:\/\/yoast.com\/product\/yoast-seo-premium-wordpress\/ -->\n<title>10 Ocasi\u00f5es em que ficar calado \u00e9 a melhor escolha - Conv\u00eanio Social<\/title>\n<meta name=\"robots\" content=\"index, follow, max-snippet:-1, max-image-preview:large, max-video-preview:-1\" \/>\n<link rel=\"canonical\" href=\"https:\/\/www.conveniosocial.com.br\/blog\/nehuma\/10-ocasioes-em-que-ficar-calado-e-a-melhor-escolha\/\" \/>\n<meta property=\"og:locale\" content=\"pt_BR\" \/>\n<meta property=\"og:type\" content=\"article\" \/>\n<meta property=\"og:title\" content=\"10 Ocasi\u00f5es em que ficar calado \u00e9 a melhor escolha\" \/>\n<meta property=\"og:description\" content=\"Voc\u00ea pode ter certeza: o sil\u00eancio, na hora certa, \u00e9 uma grande escolha. Quer saber mais sobre isso? Confira dez situa\u00e7\u00f5es em que manter a boca fechada \u00e9 o melhor a ser feito: 1. Quando suas palavras afetar\u00e3o negativamente algu\u00e9m Falar de algu\u00e9m com a inten\u00e7\u00e3o de causar dano \u00e9 muito ruim, principalmente se a [&hellip;]\" \/>\n<meta property=\"og:url\" content=\"https:\/\/www.conveniosocial.com.br\/blog\/nehuma\/10-ocasioes-em-que-ficar-calado-e-a-melhor-escolha\/\" \/>\n<meta property=\"og:site_name\" content=\"Conv\u00eanio Social\" \/>\n<meta property=\"article:published_time\" content=\"2019-09-24T19:15:09+00:00\" \/>\n<meta name=\"author\" content=\"Reda\u00e7\u00e3o\" \/>\n<meta name=\"twitter:card\" content=\"summary_large_image\" \/>\n<meta name=\"twitter:label1\" content=\"Escrito por\" \/>\n\t<meta name=\"twitter:data1\" content=\"Reda\u00e7\u00e3o\" \/>\n\t<meta name=\"twitter:label2\" content=\"Est. tempo de leitura\" \/>\n\t<meta name=\"twitter:data2\" content=\"2 minutos\" \/>\n<script type=\"application\/ld+json\" class=\"yoast-schema-graph\">{\"@context\":\"https:\\\/\\\/schema.org\",\"@graph\":[{\"@type\":\"Article\",\"@id\":\"https:\\\/\\\/www.conveniosocial.com.br\\\/blog\\\/nehuma\\\/10-ocasioes-em-que-ficar-calado-e-a-melhor-escolha\\\/#article\",\"isPartOf\":{\"@id\":\"https:\\\/\\\/www.conveniosocial.com.br\\\/blog\\\/nehuma\\\/10-ocasioes-em-que-ficar-calado-e-a-melhor-escolha\\\/\"},\"author\":{\"name\":\"Reda\u00e7\u00e3o\",\"@id\":\"https:\\\/\\\/www.conveniosocial.com.br\\\/blog\\\/#\\\/schema\\\/person\\\/95c30bfdd058f90f62325275583f6bdb\"},\"headline\":\"10 Ocasi\u00f5es em que ficar calado \u00e9 a melhor escolha\",\"datePublished\":\"2019-09-24T19:15:09+00:00\",\"mainEntityOfPage\":{\"@id\":\"https:\\\/\\\/www.conveniosocial.com.br\\\/blog\\\/nehuma\\\/10-ocasioes-em-que-ficar-calado-e-a-melhor-escolha\\\/\"},\"wordCount\":419,\"commentCount\":0,\"publisher\":{\"@id\":\"https:\\\/\\\/www.conveniosocial.com.br\\\/blog\\\/#organization\"},\"image\":{\"@id\":\"https:\\\/\\\/www.conveniosocial.com.br\\\/blog\\\/nehuma\\\/10-ocasioes-em-que-ficar-calado-e-a-melhor-escolha\\\/#primaryimage\"},\"thumbnailUrl\":\"\",\"articleSection\":[\"Sa\u00fade\"],\"inLanguage\":\"pt-BR\"},{\"@type\":\"WebPage\",\"@id\":\"https:\\\/\\\/www.conveniosocial.com.br\\\/blog\\\/nehuma\\\/10-ocasioes-em-que-ficar-calado-e-a-melhor-escolha\\\/\",\"url\":\"https:\\\/\\\/www.conveniosocial.com.br\\\/blog\\\/nehuma\\\/10-ocasioes-em-que-ficar-calado-e-a-melhor-escolha\\\/\",\"name\":\"10 Ocasi\u00f5es em que ficar calado \u00e9 a melhor escolha - Conv\u00eanio Social\",\"isPartOf\":{\"@id\":\"https:\\\/\\\/www.conveniosocial.com.br\\\/blog\\\/#website\"},\"primaryImageOfPage\":{\"@id\":\"https:\\\/\\\/www.conveniosocial.com.br\\\/blog\\\/nehuma\\\/10-ocasioes-em-que-ficar-calado-e-a-melhor-escolha\\\/#primaryimage\"},\"image\":{\"@id\":\"https:\\\/\\\/www.conveniosocial.com.br\\\/blog\\\/nehuma\\\/10-ocasioes-em-que-ficar-calado-e-a-melhor-escolha\\\/#primaryimage\"},\"thumbnailUrl\":\"\",\"datePublished\":\"2019-09-24T19:15:09+00:00\",\"breadcrumb\":{\"@id\":\"https:\\\/\\\/www.conveniosocial.com.br\\\/blog\\\/nehuma\\\/10-ocasioes-em-que-ficar-calado-e-a-melhor-escolha\\\/#breadcrumb\"},\"inLanguage\":\"pt-BR\",\"potentialAction\":[{\"@type\":\"ReadAction\",\"target\":[\"https:\\\/\\\/www.conveniosocial.com.br\\\/blog\\\/nehuma\\\/10-ocasioes-em-que-ficar-calado-e-a-melhor-escolha\\\/\"]}]},{\"@type\":\"ImageObject\",\"inLanguage\":\"pt-BR\",\"@id\":\"https:\\\/\\\/www.conveniosocial.com.br\\\/blog\\\/nehuma\\\/10-ocasioes-em-que-ficar-calado-e-a-melhor-escolha\\\/#primaryimage\",\"url\":\"\",\"contentUrl\":\"\"},{\"@type\":\"BreadcrumbList\",\"@id\":\"https:\\\/\\\/www.conveniosocial.com.br\\\/blog\\\/nehuma\\\/10-ocasioes-em-que-ficar-calado-e-a-melhor-escolha\\\/#breadcrumb\",\"itemListElement\":[{\"@type\":\"ListItem\",\"position\":1,\"name\":\"Home\",\"item\":\"https:\\\/\\\/www.conveniosocial.com.br\\\/blog\\\/\"},{\"@type\":\"ListItem\",\"position\":2,\"name\":\"Nenhuma\",\"item\":\"https:\\\/\\\/www.conveniosocial.com.br\\\/blog\\\/nehuma\\\/\"},{\"@type\":\"ListItem\",\"position\":3,\"name\":\"10 Ocasi\u00f5es em que ficar calado \u00e9 a melhor escolha\"}]},{\"@type\":\"WebSite\",\"@id\":\"https:\\\/\\\/www.conveniosocial.com.br\\\/blog\\\/#website\",\"url\":\"https:\\\/\\\/www.conveniosocial.com.br\\\/blog\\\/\",\"name\":\"Conv\u00eanio Social\",\"description\":\"Informa\u00e7\u00f5es de Sa\u00fade e Bem-estar, Consultas e Exames Popular\",\"publisher\":{\"@id\":\"https:\\\/\\\/www.conveniosocial.com.br\\\/blog\\\/#organization\"},\"potentialAction\":[{\"@type\":\"SearchAction\",\"target\":{\"@type\":\"EntryPoint\",\"urlTemplate\":\"https:\\\/\\\/www.conveniosocial.com.br\\\/blog\\\/?s={search_term_string}\"},\"query-input\":{\"@type\":\"PropertyValueSpecification\",\"valueRequired\":true,\"valueName\":\"search_term_string\"}}],\"inLanguage\":\"pt-BR\"},{\"@type\":\"Organization\",\"@id\":\"https:\\\/\\\/www.conveniosocial.com.br\\\/blog\\\/#organization\",\"name\":\"Conv\u00eanio Social\",\"url\":\"https:\\\/\\\/www.conveniosocial.com.br\\\/blog\\\/\",\"logo\":{\"@type\":\"ImageObject\",\"inLanguage\":\"pt-BR\",\"@id\":\"https:\\\/\\\/www.conveniosocial.com.br\\\/blog\\\/#\\\/schema\\\/logo\\\/image\\\/\",\"url\":\"https:\\\/\\\/www.conveniosocial.com.br\\\/blog\\\/wp-content\\\/uploads\\\/2021\\\/11\\\/novo_logo-convenio-socia-digital.png\",\"contentUrl\":\"https:\\\/\\\/www.conveniosocial.com.br\\\/blog\\\/wp-content\\\/uploads\\\/2021\\\/11\\\/novo_logo-convenio-socia-digital.png\",\"width\":400,\"height\":102,\"caption\":\"Conv\u00eanio Social\"},\"image\":{\"@id\":\"https:\\\/\\\/www.conveniosocial.com.br\\\/blog\\\/#\\\/schema\\\/logo\\\/image\\\/\"}},{\"@type\":\"Person\",\"@id\":\"https:\\\/\\\/www.conveniosocial.com.br\\\/blog\\\/#\\\/schema\\\/person\\\/95c30bfdd058f90f62325275583f6bdb\",\"name\":\"Reda\u00e7\u00e3o\",\"image\":{\"@type\":\"ImageObject\",\"inLanguage\":\"pt-BR\",\"@id\":\"https:\\\/\\\/www.conveniosocial.com.br\\\/blog\\\/wp-content\\\/litespeed\\\/avatar\\\/4e54f19e6593de883bfb434e7ed885ea.jpg?ver=1777443823\",\"url\":\"https:\\\/\\\/www.conveniosocial.com.br\\\/blog\\\/wp-content\\\/litespeed\\\/avatar\\\/4e54f19e6593de883bfb434e7ed885ea.jpg?ver=1777443823\",\"contentUrl\":\"https:\\\/\\\/www.conveniosocial.com.br\\\/blog\\\/wp-content\\\/litespeed\\\/avatar\\\/4e54f19e6593de883bfb434e7ed885ea.jpg?ver=1777443823\",\"caption\":\"Reda\u00e7\u00e3o\"},\"description\":\"Presente nos 26 estados do Pa\u00eds e no Distrito Federal, Conv\u00eanio Social vem simplificando a experi\u00eancia dos usu\u00e1rios, que por meio do nosso portal, encontram, em um s\u00f3 local, tudo o que se refere aos servi\u00e7os de sa\u00fade a pre\u00e7os populares.\"}]}<\/script>\n<!-- \/ Yoast SEO Premium plugin. -->","yoast_head_json":{"title":"10 Ocasi\u00f5es em que ficar calado \u00e9 a melhor escolha - Conv\u00eanio Social","robots":{"index":"index","follow":"follow","max-snippet":"max-snippet:-1","max-image-preview":"max-image-preview:large","max-video-preview":"max-video-preview:-1"},"canonical":"https:\/\/www.conveniosocial.com.br\/blog\/nehuma\/10-ocasioes-em-que-ficar-calado-e-a-melhor-escolha\/","og_locale":"pt_BR","og_type":"article","og_title":"10 Ocasi\u00f5es em que ficar calado \u00e9 a melhor escolha","og_description":"Voc\u00ea pode ter certeza: o sil\u00eancio, na hora certa, \u00e9 uma grande escolha. Quer saber mais sobre isso? Confira dez situa\u00e7\u00f5es em que manter a boca fechada \u00e9 o melhor a ser feito: 1. Quando suas palavras afetar\u00e3o negativamente algu\u00e9m Falar de algu\u00e9m com a inten\u00e7\u00e3o de causar dano \u00e9 muito ruim, principalmente se a [&hellip;]","og_url":"https:\/\/www.conveniosocial.com.br\/blog\/nehuma\/10-ocasioes-em-que-ficar-calado-e-a-melhor-escolha\/","og_site_name":"Conv\u00eanio Social","article_published_time":"2019-09-24T19:15:09+00:00","author":"Reda\u00e7\u00e3o","twitter_card":"summary_large_image","twitter_misc":{"Escrito por":"Reda\u00e7\u00e3o","Est. tempo de leitura":"2 minutos"},"schema":{"@context":"https:\/\/schema.org","@graph":[{"@type":"Article","@id":"https:\/\/www.conveniosocial.com.br\/blog\/nehuma\/10-ocasioes-em-que-ficar-calado-e-a-melhor-escolha\/#article","isPartOf":{"@id":"https:\/\/www.conveniosocial.com.br\/blog\/nehuma\/10-ocasioes-em-que-ficar-calado-e-a-melhor-escolha\/"},"author":{"name":"Reda\u00e7\u00e3o","@id":"https:\/\/www.conveniosocial.com.br\/blog\/#\/schema\/person\/95c30bfdd058f90f62325275583f6bdb"},"headline":"10 Ocasi\u00f5es em que ficar calado \u00e9 a melhor escolha","datePublished":"2019-09-24T19:15:09+00:00","mainEntityOfPage":{"@id":"https:\/\/www.conveniosocial.com.br\/blog\/nehuma\/10-ocasioes-em-que-ficar-calado-e-a-melhor-escolha\/"},"wordCount":419,"commentCount":0,"publisher":{"@id":"https:\/\/www.conveniosocial.com.br\/blog\/#organization"},"image":{"@id":"https:\/\/www.conveniosocial.com.br\/blog\/nehuma\/10-ocasioes-em-que-ficar-calado-e-a-melhor-escolha\/#primaryimage"},"thumbnailUrl":"","articleSection":["Sa\u00fade"],"inLanguage":"pt-BR"},{"@type":"WebPage","@id":"https:\/\/www.conveniosocial.com.br\/blog\/nehuma\/10-ocasioes-em-que-ficar-calado-e-a-melhor-escolha\/","url":"https:\/\/www.conveniosocial.com.br\/blog\/nehuma\/10-ocasioes-em-que-ficar-calado-e-a-melhor-escolha\/","name":"10 Ocasi\u00f5es em que ficar calado \u00e9 a melhor escolha - Conv\u00eanio Social","isPartOf":{"@id":"https:\/\/www.conveniosocial.com.br\/blog\/#website"},"primaryImageOfPage":{"@id":"https:\/\/www.conveniosocial.com.br\/blog\/nehuma\/10-ocasioes-em-que-ficar-calado-e-a-melhor-escolha\/#primaryimage"},"image":{"@id":"https:\/\/www.conveniosocial.com.br\/blog\/nehuma\/10-ocasioes-em-que-ficar-calado-e-a-melhor-escolha\/#primaryimage"},"thumbnailUrl":"","datePublished":"2019-09-24T19:15:09+00:00","breadcrumb":{"@id":"https:\/\/www.conveniosocial.com.br\/blog\/nehuma\/10-ocasioes-em-que-ficar-calado-e-a-melhor-escolha\/#breadcrumb"},"inLanguage":"pt-BR","potentialAction":[{"@type":"ReadAction","target":["https:\/\/www.conveniosocial.com.br\/blog\/nehuma\/10-ocasioes-em-que-ficar-calado-e-a-melhor-escolha\/"]}]},{"@type":"ImageObject","inLanguage":"pt-BR","@id":"https:\/\/www.conveniosocial.com.br\/blog\/nehuma\/10-ocasioes-em-que-ficar-calado-e-a-melhor-escolha\/#primaryimage","url":"","contentUrl":""},{"@type":"BreadcrumbList","@id":"https:\/\/www.conveniosocial.com.br\/blog\/nehuma\/10-ocasioes-em-que-ficar-calado-e-a-melhor-escolha\/#breadcrumb","itemListElement":[{"@type":"ListItem","position":1,"name":"Home","item":"https:\/\/www.conveniosocial.com.br\/blog\/"},{"@type":"ListItem","position":2,"name":"Nenhuma","item":"https:\/\/www.conveniosocial.com.br\/blog\/nehuma\/"},{"@type":"ListItem","position":3,"name":"10 Ocasi\u00f5es em que ficar calado \u00e9 a melhor escolha"}]},{"@type":"WebSite","@id":"https:\/\/www.conveniosocial.com.br\/blog\/#website","url":"https:\/\/www.conveniosocial.com.br\/blog\/","name":"Conv\u00eanio Social","description":"Informa\u00e7\u00f5es de Sa\u00fade e Bem-estar, Consultas e Exames Popular","publisher":{"@id":"https:\/\/www.conveniosocial.com.br\/blog\/#organization"},"potentialAction":[{"@type":"SearchAction","target":{"@type":"EntryPoint","urlTemplate":"https:\/\/www.conveniosocial.com.br\/blog\/?s={search_term_string}"},"query-input":{"@type":"PropertyValueSpecification","valueRequired":true,"valueName":"search_term_string"}}],"inLanguage":"pt-BR"},{"@type":"Organization","@id":"https:\/\/www.conveniosocial.com.br\/blog\/#organization","name":"Conv\u00eanio Social","url":"https:\/\/www.conveniosocial.com.br\/blog\/","logo":{"@type":"ImageObject","inLanguage":"pt-BR","@id":"https:\/\/www.conveniosocial.com.br\/blog\/#\/schema\/logo\/image\/","url":"https:\/\/www.conveniosocial.com.br\/blog\/wp-content\/uploads\/2021\/11\/novo_logo-convenio-socia-digital.png","contentUrl":"https:\/\/www.conveniosocial.com.br\/blog\/wp-content\/uploads\/2021\/11\/novo_logo-convenio-socia-digital.png","width":400,"height":102,"caption":"Conv\u00eanio Social"},"image":{"@id":"https:\/\/www.conveniosocial.com.br\/blog\/#\/schema\/logo\/image\/"}},{"@type":"Person","@id":"https:\/\/www.conveniosocial.com.br\/blog\/#\/schema\/person\/95c30bfdd058f90f62325275583f6bdb","name":"Reda\u00e7\u00e3o","image":{"@type":"ImageObject","inLanguage":"pt-BR","@id":"https:\/\/www.conveniosocial.com.br\/blog\/wp-content\/litespeed\/avatar\/4e54f19e6593de883bfb434e7ed885ea.jpg?ver=1777443823","url":"https:\/\/www.conveniosocial.com.br\/blog\/wp-content\/litespeed\/avatar\/4e54f19e6593de883bfb434e7ed885ea.jpg?ver=1777443823","contentUrl":"https:\/\/www.conveniosocial.com.br\/blog\/wp-content\/litespeed\/avatar\/4e54f19e6593de883bfb434e7ed885ea.jpg?ver=1777443823","caption":"Reda\u00e7\u00e3o"},"description":"Presente nos 26 estados do Pa\u00eds e no Distrito Federal, Conv\u00eanio Social vem simplificando a experi\u00eancia dos usu\u00e1rios, que por meio do nosso portal, encontram, em um s\u00f3 local, tudo o que se refere aos servi\u00e7os de sa\u00fade a pre\u00e7os populares."}]}},"_links":{"self":[{"href":"https:\/\/www.conveniosocial.com.br\/blog\/wp-json\/wp\/v2\/posts\/735","targetHints":{"allow":["GET"]}}],"collection":[{"href":"https:\/\/www.conveniosocial.com.br\/blog\/wp-json\/wp\/v2\/posts"}],"about":[{"href":"https:\/\/www.conveniosocial.com.br\/blog\/wp-json\/wp\/v2\/types\/post"}],"author":[{"embeddable":true,"href":"https:\/\/www.conveniosocial.com.br\/blog\/wp-json\/wp\/v2\/users\/2"}],"replies":[{"embeddable":true,"href":"https:\/\/www.conveniosocial.com.br\/blog\/wp-json\/wp\/v2\/comments?post=735"}],"version-history":[{"count":0,"href":"https:\/\/www.conveniosocial.com.br\/blog\/wp-json\/wp\/v2\/posts\/735\/revisions"}],"wp:featuredmedia":[{"embeddable":true,"href":"https:\/\/www.conveniosocial.com.br\/blog\/wp-json\/"}],"wp:attachment":[{"href":"https:\/\/www.conveniosocial.com.br\/blog\/wp-json\/wp\/v2\/media?parent=735"}],"wp:term":[{"taxonomy":"category","embeddable":true,"href":"https:\/\/www.conveniosocial.com.br\/blog\/wp-json\/wp\/v2\/categories?post=735"},{"taxonomy":"post_tag","embeddable":true,"href":"https:\/\/www.conveniosocial.com.br\/blog\/wp-json\/wp\/v2\/tags?post=735"}],"curies":[{"name":"wp","href":"https:\/\/api.w.org\/{rel}","templated":true}]}}