{"id":927,"date":"2019-09-24T16:18:35","date_gmt":"2019-09-24T19:18:35","guid":{"rendered":"https:\/\/www.manualdeideias.com\/estilo-de-vida\/saude\/beba-isto-por-7-dias-e-vai-acelerar-seu-metabolismo-para-perder-muito-peso\/"},"modified":"2019-09-24T16:18:35","modified_gmt":"2019-09-24T19:18:35","slug":"beba-isto-por-7-dias-e-vai-acelerar-seu-metabolismo-para-perder-muito-peso","status":"publish","type":"post","link":"https:\/\/www.conveniosocial.com.br\/blog\/saude\/beba-isto-por-7-dias-e-vai-acelerar-seu-metabolismo-para-perder-muito-peso\/","title":{"rendered":"Beba isto por 7 dias e vai acelerar seu metabolismo para perder muito peso"},"content":{"rendered":"\n<p><strong>Gra\u00e7as a esta bebida, muitas pessoas t\u00eam reduzido a circunfer\u00eancia da cintura.<\/strong><\/p>\n<p>Para muitos, ela \u00e9 uma verdadeira exterminadora de gorduras.<\/p>\n<p>E isso se deve \u00e0 sua enorme for\u00e7a para melhorar o metabolismo e eliminar gordura e l\u00edquido do organismo.<\/p>\n<p>Olhando a composi\u00e7\u00e3o da receita, vemos que a fama de exterminadora de gorduras cai muito bem.<\/p>\n<p>Afinal, dos cinco ingredientes,<strong> tr\u00eas s\u00e3o poderosos aceleradores do metabolismo e queimadores de gordura.<\/strong><\/p>\n<p><strong>Os poderes do lim\u00e3o, canela e vinagre de ma\u00e7\u00e3 s\u00e3o bem conhecidos.<\/strong><br \/>\nO lim\u00e3o alcaliniza o sangue, ou seja, melhora a qualidade do fluido que percorre veias, art\u00e9rias e vasos capilares.<\/p>\n<p>Essa capacidade de melhorar a qualidade do sangue faz com que o lim\u00e3o seja um dos mais importantes medicamentos da natureza, combatendo e prevenindo doen\u00e7as.<\/p>\n<p><strong>O vinagre de ma\u00e7\u00e3 tamb\u00e9m \u00e9 um forte alcalinizante.<\/strong><\/p>\n<p>Gra\u00e7as a isso, ele \u201cderrete\u201d todo tipo de gordura, melhora a circula\u00e7\u00e3o e normaliza a press\u00e3o arterial e tamb\u00e9m atua contra a dor de cabe\u00e7a, azia e m\u00e1 digest\u00e3o.<\/p>\n<p>Al\u00e9m disso, controla o desejo compulsivo por alimentos.<\/p>\n<p><strong>A canela \u00e9 um poderoso alimento termog\u00eanico<\/strong>, o que quer dizer que, por acelerar o metabolismo, intensifica a perda de peso.<\/p>\n<p>Outro benef\u00edcio da canela \u00e9 melhorar a circula\u00e7\u00e3o.<\/p>\n<p>Por isso as pessoas que consomem frequentemente canela t\u00eam menos predisposi\u00e7\u00e3o \u00e0 acumula\u00e7\u00e3o de plaquetas no sangue.<\/p>\n<p>Se voc\u00ea \u00e9 mulher e quer se prevenir contra varizes, deve consumir canela por ela ser um alimento antiplaquet\u00e1rio, antitromb\u00f3tico e antiescler\u00f3tico.<\/p>\n<p>Vamos aprender agora a receita?<\/p>\n<p>Anote com aten\u00e7\u00e3o:<\/p>\n<p><strong>INGREDIENTES<\/strong><\/p>\n<ul>\n<li>O suco de 1 lim\u00e3o espremido na hora<\/li>\n<li>2 colheres (ch\u00e1) de vinagre de ma\u00e7\u00e3<\/li>\n<li>1 colher (ch\u00e1) de canela<\/li>\n<li>1 colher (ch\u00e1) de mel<\/li>\n<li>150 mL de \u00e1gua<\/li>\n<\/ul>\n<p><strong>MODO DE PREPARO<\/strong><\/p>\n<ul>\n<li>Bata todos os ingredientes no liquidificador at\u00e9 obter uma mistura homog\u00eanea.<\/li>\n<li>Consuma imediatamente.<\/li>\n<li>Beba antes do almo\u00e7o ou jantar durante sete dias.<\/li>\n<li>D\u00ea uma pausa de uma semana e tome por mais sete dias.<\/li>\n<li>Fa\u00e7a mais dois ciclos da mesma forma.<\/li>\n<\/ul>\n<p><strong>Al\u00e9m de dar uma superfor\u00e7a ao emagrecimento, esta bebida melhora a fun\u00e7\u00e3o cerebral (por melhorar a circula\u00e7\u00e3o sangu\u00ednea) e a mem\u00f3ria.<\/strong><\/p>\n<p><em>Este \u00e9 um blog de not\u00edcias sobre tratamentos caseiros. Ele n\u00e3o substitui um especialista. Consulte sempre seu m\u00e9dico.<\/em><\/p>\n","protected":false},"excerpt":{"rendered":"<p>Gra\u00e7as a esta bebida, muitas pessoas t\u00eam reduzido a circunfer\u00eancia da cintura. Para muitos, ela \u00e9 uma verdadeira exterminadora de gorduras. E isso se deve \u00e0 sua enorme for\u00e7a para melhorar o metabolismo e eliminar gordura e l\u00edquido do organismo. Olhando a composi\u00e7\u00e3o da receita, vemos que a fama de exterminadora de gorduras cai muito [&hellip;]<\/p>\n","protected":false},"author":2,"featured_media":928,"comment_status":"open","ping_status":"open","sticky":false,"template":"","format":"standard","meta":{"_et_pb_use_builder":"o","_et_pb_old_content":"","_et_gb_content_width":"","footnotes":""},"categories":[614],"tags":[],"class_list":["post-927","post","type-post","status-publish","format-standard","has-post-thumbnail","hentry","category-saude"],"yoast_head":"<!-- This site is optimized with the Yoast SEO Premium plugin v21.3 (Yoast SEO v27.5) - https:\/\/yoast.com\/product\/yoast-seo-premium-wordpress\/ -->\n<title>Beba isto por 7 dias e vai acelerar seu metabolismo para perder muito peso - Conv\u00eanio Social<\/title>\n<meta name=\"robots\" content=\"index, follow, max-snippet:-1, max-image-preview:large, max-video-preview:-1\" \/>\n<link rel=\"canonical\" href=\"https:\/\/www.conveniosocial.com.br\/blog\/nehuma\/beba-isto-por-7-dias-e-vai-acelerar-seu-metabolismo-para-perder-muito-peso\/\" \/>\n<meta property=\"og:locale\" content=\"pt_BR\" \/>\n<meta property=\"og:type\" content=\"article\" \/>\n<meta property=\"og:title\" content=\"Beba isto por 7 dias e vai acelerar seu metabolismo para perder muito peso\" \/>\n<meta property=\"og:description\" content=\"Gra\u00e7as a esta bebida, muitas pessoas t\u00eam reduzido a circunfer\u00eancia da cintura. Para muitos, ela \u00e9 uma verdadeira exterminadora de gorduras. E isso se deve \u00e0 sua enorme for\u00e7a para melhorar o metabolismo e eliminar gordura e l\u00edquido do organismo. Olhando a composi\u00e7\u00e3o da receita, vemos que a fama de exterminadora de gorduras cai muito [&hellip;]\" \/>\n<meta property=\"og:url\" content=\"https:\/\/www.conveniosocial.com.br\/blog\/nehuma\/beba-isto-por-7-dias-e-vai-acelerar-seu-metabolismo-para-perder-muito-peso\/\" \/>\n<meta property=\"og:site_name\" content=\"Conv\u00eanio Social\" \/>\n<meta property=\"article:published_time\" content=\"2019-09-24T19:18:35+00:00\" \/>\n<meta name=\"author\" content=\"Reda\u00e7\u00e3o\" \/>\n<meta name=\"twitter:card\" content=\"summary_large_image\" \/>\n<meta name=\"twitter:label1\" content=\"Escrito por\" \/>\n\t<meta name=\"twitter:data1\" content=\"Reda\u00e7\u00e3o\" \/>\n\t<meta name=\"twitter:label2\" content=\"Est. tempo de leitura\" \/>\n\t<meta name=\"twitter:data2\" content=\"2 minutos\" \/>\n<script type=\"application\/ld+json\" class=\"yoast-schema-graph\">{\"@context\":\"https:\\\/\\\/schema.org\",\"@graph\":[{\"@type\":\"Article\",\"@id\":\"https:\\\/\\\/www.conveniosocial.com.br\\\/blog\\\/nehuma\\\/beba-isto-por-7-dias-e-vai-acelerar-seu-metabolismo-para-perder-muito-peso\\\/#article\",\"isPartOf\":{\"@id\":\"https:\\\/\\\/www.conveniosocial.com.br\\\/blog\\\/nehuma\\\/beba-isto-por-7-dias-e-vai-acelerar-seu-metabolismo-para-perder-muito-peso\\\/\"},\"author\":{\"name\":\"Reda\u00e7\u00e3o\",\"@id\":\"https:\\\/\\\/www.conveniosocial.com.br\\\/blog\\\/#\\\/schema\\\/person\\\/95c30bfdd058f90f62325275583f6bdb\"},\"headline\":\"Beba isto por 7 dias e vai acelerar seu metabolismo para perder muito peso\",\"datePublished\":\"2019-09-24T19:18:35+00:00\",\"mainEntityOfPage\":{\"@id\":\"https:\\\/\\\/www.conveniosocial.com.br\\\/blog\\\/nehuma\\\/beba-isto-por-7-dias-e-vai-acelerar-seu-metabolismo-para-perder-muito-peso\\\/\"},\"wordCount\":406,\"commentCount\":0,\"publisher\":{\"@id\":\"https:\\\/\\\/www.conveniosocial.com.br\\\/blog\\\/#organization\"},\"image\":{\"@id\":\"https:\\\/\\\/www.conveniosocial.com.br\\\/blog\\\/nehuma\\\/beba-isto-por-7-dias-e-vai-acelerar-seu-metabolismo-para-perder-muito-peso\\\/#primaryimage\"},\"thumbnailUrl\":\"\",\"articleSection\":[\"Sa\u00fade\"],\"inLanguage\":\"pt-BR\"},{\"@type\":\"WebPage\",\"@id\":\"https:\\\/\\\/www.conveniosocial.com.br\\\/blog\\\/nehuma\\\/beba-isto-por-7-dias-e-vai-acelerar-seu-metabolismo-para-perder-muito-peso\\\/\",\"url\":\"https:\\\/\\\/www.conveniosocial.com.br\\\/blog\\\/nehuma\\\/beba-isto-por-7-dias-e-vai-acelerar-seu-metabolismo-para-perder-muito-peso\\\/\",\"name\":\"Beba isto por 7 dias e vai acelerar seu metabolismo para perder muito peso - Conv\u00eanio Social\",\"isPartOf\":{\"@id\":\"https:\\\/\\\/www.conveniosocial.com.br\\\/blog\\\/#website\"},\"primaryImageOfPage\":{\"@id\":\"https:\\\/\\\/www.conveniosocial.com.br\\\/blog\\\/nehuma\\\/beba-isto-por-7-dias-e-vai-acelerar-seu-metabolismo-para-perder-muito-peso\\\/#primaryimage\"},\"image\":{\"@id\":\"https:\\\/\\\/www.conveniosocial.com.br\\\/blog\\\/nehuma\\\/beba-isto-por-7-dias-e-vai-acelerar-seu-metabolismo-para-perder-muito-peso\\\/#primaryimage\"},\"thumbnailUrl\":\"\",\"datePublished\":\"2019-09-24T19:18:35+00:00\",\"breadcrumb\":{\"@id\":\"https:\\\/\\\/www.conveniosocial.com.br\\\/blog\\\/nehuma\\\/beba-isto-por-7-dias-e-vai-acelerar-seu-metabolismo-para-perder-muito-peso\\\/#breadcrumb\"},\"inLanguage\":\"pt-BR\",\"potentialAction\":[{\"@type\":\"ReadAction\",\"target\":[\"https:\\\/\\\/www.conveniosocial.com.br\\\/blog\\\/nehuma\\\/beba-isto-por-7-dias-e-vai-acelerar-seu-metabolismo-para-perder-muito-peso\\\/\"]}]},{\"@type\":\"ImageObject\",\"inLanguage\":\"pt-BR\",\"@id\":\"https:\\\/\\\/www.conveniosocial.com.br\\\/blog\\\/nehuma\\\/beba-isto-por-7-dias-e-vai-acelerar-seu-metabolismo-para-perder-muito-peso\\\/#primaryimage\",\"url\":\"\",\"contentUrl\":\"\"},{\"@type\":\"BreadcrumbList\",\"@id\":\"https:\\\/\\\/www.conveniosocial.com.br\\\/blog\\\/nehuma\\\/beba-isto-por-7-dias-e-vai-acelerar-seu-metabolismo-para-perder-muito-peso\\\/#breadcrumb\",\"itemListElement\":[{\"@type\":\"ListItem\",\"position\":1,\"name\":\"Home\",\"item\":\"https:\\\/\\\/www.conveniosocial.com.br\\\/blog\\\/\"},{\"@type\":\"ListItem\",\"position\":2,\"name\":\"Nenhuma\",\"item\":\"https:\\\/\\\/www.conveniosocial.com.br\\\/blog\\\/nehuma\\\/\"},{\"@type\":\"ListItem\",\"position\":3,\"name\":\"Beba isto por 7 dias e vai acelerar seu metabolismo para perder muito peso\"}]},{\"@type\":\"WebSite\",\"@id\":\"https:\\\/\\\/www.conveniosocial.com.br\\\/blog\\\/#website\",\"url\":\"https:\\\/\\\/www.conveniosocial.com.br\\\/blog\\\/\",\"name\":\"Conv\u00eanio Social\",\"description\":\"Informa\u00e7\u00f5es de Sa\u00fade e Bem-estar, Consultas e Exames Popular\",\"publisher\":{\"@id\":\"https:\\\/\\\/www.conveniosocial.com.br\\\/blog\\\/#organization\"},\"potentialAction\":[{\"@type\":\"SearchAction\",\"target\":{\"@type\":\"EntryPoint\",\"urlTemplate\":\"https:\\\/\\\/www.conveniosocial.com.br\\\/blog\\\/?s={search_term_string}\"},\"query-input\":{\"@type\":\"PropertyValueSpecification\",\"valueRequired\":true,\"valueName\":\"search_term_string\"}}],\"inLanguage\":\"pt-BR\"},{\"@type\":\"Organization\",\"@id\":\"https:\\\/\\\/www.conveniosocial.com.br\\\/blog\\\/#organization\",\"name\":\"Conv\u00eanio Social\",\"url\":\"https:\\\/\\\/www.conveniosocial.com.br\\\/blog\\\/\",\"logo\":{\"@type\":\"ImageObject\",\"inLanguage\":\"pt-BR\",\"@id\":\"https:\\\/\\\/www.conveniosocial.com.br\\\/blog\\\/#\\\/schema\\\/logo\\\/image\\\/\",\"url\":\"https:\\\/\\\/www.conveniosocial.com.br\\\/blog\\\/wp-content\\\/uploads\\\/2021\\\/11\\\/novo_logo-convenio-socia-digital.png\",\"contentUrl\":\"https:\\\/\\\/www.conveniosocial.com.br\\\/blog\\\/wp-content\\\/uploads\\\/2021\\\/11\\\/novo_logo-convenio-socia-digital.png\",\"width\":400,\"height\":102,\"caption\":\"Conv\u00eanio Social\"},\"image\":{\"@id\":\"https:\\\/\\\/www.conveniosocial.com.br\\\/blog\\\/#\\\/schema\\\/logo\\\/image\\\/\"}},{\"@type\":\"Person\",\"@id\":\"https:\\\/\\\/www.conveniosocial.com.br\\\/blog\\\/#\\\/schema\\\/person\\\/95c30bfdd058f90f62325275583f6bdb\",\"name\":\"Reda\u00e7\u00e3o\",\"image\":{\"@type\":\"ImageObject\",\"inLanguage\":\"pt-BR\",\"@id\":\"https:\\\/\\\/www.conveniosocial.com.br\\\/blog\\\/wp-content\\\/litespeed\\\/avatar\\\/4e54f19e6593de883bfb434e7ed885ea.jpg?ver=1777443823\",\"url\":\"https:\\\/\\\/www.conveniosocial.com.br\\\/blog\\\/wp-content\\\/litespeed\\\/avatar\\\/4e54f19e6593de883bfb434e7ed885ea.jpg?ver=1777443823\",\"contentUrl\":\"https:\\\/\\\/www.conveniosocial.com.br\\\/blog\\\/wp-content\\\/litespeed\\\/avatar\\\/4e54f19e6593de883bfb434e7ed885ea.jpg?ver=1777443823\",\"caption\":\"Reda\u00e7\u00e3o\"},\"description\":\"Presente nos 26 estados do Pa\u00eds e no Distrito Federal, Conv\u00eanio Social vem simplificando a experi\u00eancia dos usu\u00e1rios, que por meio do nosso portal, encontram, em um s\u00f3 local, tudo o que se refere aos servi\u00e7os de sa\u00fade a pre\u00e7os populares.\"}]}<\/script>\n<!-- \/ Yoast SEO Premium plugin. -->","yoast_head_json":{"title":"Beba isto por 7 dias e vai acelerar seu metabolismo para perder muito peso - Conv\u00eanio Social","robots":{"index":"index","follow":"follow","max-snippet":"max-snippet:-1","max-image-preview":"max-image-preview:large","max-video-preview":"max-video-preview:-1"},"canonical":"https:\/\/www.conveniosocial.com.br\/blog\/nehuma\/beba-isto-por-7-dias-e-vai-acelerar-seu-metabolismo-para-perder-muito-peso\/","og_locale":"pt_BR","og_type":"article","og_title":"Beba isto por 7 dias e vai acelerar seu metabolismo para perder muito peso","og_description":"Gra\u00e7as a esta bebida, muitas pessoas t\u00eam reduzido a circunfer\u00eancia da cintura. Para muitos, ela \u00e9 uma verdadeira exterminadora de gorduras. E isso se deve \u00e0 sua enorme for\u00e7a para melhorar o metabolismo e eliminar gordura e l\u00edquido do organismo. Olhando a composi\u00e7\u00e3o da receita, vemos que a fama de exterminadora de gorduras cai muito [&hellip;]","og_url":"https:\/\/www.conveniosocial.com.br\/blog\/nehuma\/beba-isto-por-7-dias-e-vai-acelerar-seu-metabolismo-para-perder-muito-peso\/","og_site_name":"Conv\u00eanio Social","article_published_time":"2019-09-24T19:18:35+00:00","author":"Reda\u00e7\u00e3o","twitter_card":"summary_large_image","twitter_misc":{"Escrito por":"Reda\u00e7\u00e3o","Est. tempo de leitura":"2 minutos"},"schema":{"@context":"https:\/\/schema.org","@graph":[{"@type":"Article","@id":"https:\/\/www.conveniosocial.com.br\/blog\/nehuma\/beba-isto-por-7-dias-e-vai-acelerar-seu-metabolismo-para-perder-muito-peso\/#article","isPartOf":{"@id":"https:\/\/www.conveniosocial.com.br\/blog\/nehuma\/beba-isto-por-7-dias-e-vai-acelerar-seu-metabolismo-para-perder-muito-peso\/"},"author":{"name":"Reda\u00e7\u00e3o","@id":"https:\/\/www.conveniosocial.com.br\/blog\/#\/schema\/person\/95c30bfdd058f90f62325275583f6bdb"},"headline":"Beba isto por 7 dias e vai acelerar seu metabolismo para perder muito peso","datePublished":"2019-09-24T19:18:35+00:00","mainEntityOfPage":{"@id":"https:\/\/www.conveniosocial.com.br\/blog\/nehuma\/beba-isto-por-7-dias-e-vai-acelerar-seu-metabolismo-para-perder-muito-peso\/"},"wordCount":406,"commentCount":0,"publisher":{"@id":"https:\/\/www.conveniosocial.com.br\/blog\/#organization"},"image":{"@id":"https:\/\/www.conveniosocial.com.br\/blog\/nehuma\/beba-isto-por-7-dias-e-vai-acelerar-seu-metabolismo-para-perder-muito-peso\/#primaryimage"},"thumbnailUrl":"","articleSection":["Sa\u00fade"],"inLanguage":"pt-BR"},{"@type":"WebPage","@id":"https:\/\/www.conveniosocial.com.br\/blog\/nehuma\/beba-isto-por-7-dias-e-vai-acelerar-seu-metabolismo-para-perder-muito-peso\/","url":"https:\/\/www.conveniosocial.com.br\/blog\/nehuma\/beba-isto-por-7-dias-e-vai-acelerar-seu-metabolismo-para-perder-muito-peso\/","name":"Beba isto por 7 dias e vai acelerar seu metabolismo para perder muito peso - Conv\u00eanio Social","isPartOf":{"@id":"https:\/\/www.conveniosocial.com.br\/blog\/#website"},"primaryImageOfPage":{"@id":"https:\/\/www.conveniosocial.com.br\/blog\/nehuma\/beba-isto-por-7-dias-e-vai-acelerar-seu-metabolismo-para-perder-muito-peso\/#primaryimage"},"image":{"@id":"https:\/\/www.conveniosocial.com.br\/blog\/nehuma\/beba-isto-por-7-dias-e-vai-acelerar-seu-metabolismo-para-perder-muito-peso\/#primaryimage"},"thumbnailUrl":"","datePublished":"2019-09-24T19:18:35+00:00","breadcrumb":{"@id":"https:\/\/www.conveniosocial.com.br\/blog\/nehuma\/beba-isto-por-7-dias-e-vai-acelerar-seu-metabolismo-para-perder-muito-peso\/#breadcrumb"},"inLanguage":"pt-BR","potentialAction":[{"@type":"ReadAction","target":["https:\/\/www.conveniosocial.com.br\/blog\/nehuma\/beba-isto-por-7-dias-e-vai-acelerar-seu-metabolismo-para-perder-muito-peso\/"]}]},{"@type":"ImageObject","inLanguage":"pt-BR","@id":"https:\/\/www.conveniosocial.com.br\/blog\/nehuma\/beba-isto-por-7-dias-e-vai-acelerar-seu-metabolismo-para-perder-muito-peso\/#primaryimage","url":"","contentUrl":""},{"@type":"BreadcrumbList","@id":"https:\/\/www.conveniosocial.com.br\/blog\/nehuma\/beba-isto-por-7-dias-e-vai-acelerar-seu-metabolismo-para-perder-muito-peso\/#breadcrumb","itemListElement":[{"@type":"ListItem","position":1,"name":"Home","item":"https:\/\/www.conveniosocial.com.br\/blog\/"},{"@type":"ListItem","position":2,"name":"Nenhuma","item":"https:\/\/www.conveniosocial.com.br\/blog\/nehuma\/"},{"@type":"ListItem","position":3,"name":"Beba isto por 7 dias e vai acelerar seu metabolismo para perder muito peso"}]},{"@type":"WebSite","@id":"https:\/\/www.conveniosocial.com.br\/blog\/#website","url":"https:\/\/www.conveniosocial.com.br\/blog\/","name":"Conv\u00eanio Social","description":"Informa\u00e7\u00f5es de Sa\u00fade e Bem-estar, Consultas e Exames Popular","publisher":{"@id":"https:\/\/www.conveniosocial.com.br\/blog\/#organization"},"potentialAction":[{"@type":"SearchAction","target":{"@type":"EntryPoint","urlTemplate":"https:\/\/www.conveniosocial.com.br\/blog\/?s={search_term_string}"},"query-input":{"@type":"PropertyValueSpecification","valueRequired":true,"valueName":"search_term_string"}}],"inLanguage":"pt-BR"},{"@type":"Organization","@id":"https:\/\/www.conveniosocial.com.br\/blog\/#organization","name":"Conv\u00eanio Social","url":"https:\/\/www.conveniosocial.com.br\/blog\/","logo":{"@type":"ImageObject","inLanguage":"pt-BR","@id":"https:\/\/www.conveniosocial.com.br\/blog\/#\/schema\/logo\/image\/","url":"https:\/\/www.conveniosocial.com.br\/blog\/wp-content\/uploads\/2021\/11\/novo_logo-convenio-socia-digital.png","contentUrl":"https:\/\/www.conveniosocial.com.br\/blog\/wp-content\/uploads\/2021\/11\/novo_logo-convenio-socia-digital.png","width":400,"height":102,"caption":"Conv\u00eanio Social"},"image":{"@id":"https:\/\/www.conveniosocial.com.br\/blog\/#\/schema\/logo\/image\/"}},{"@type":"Person","@id":"https:\/\/www.conveniosocial.com.br\/blog\/#\/schema\/person\/95c30bfdd058f90f62325275583f6bdb","name":"Reda\u00e7\u00e3o","image":{"@type":"ImageObject","inLanguage":"pt-BR","@id":"https:\/\/www.conveniosocial.com.br\/blog\/wp-content\/litespeed\/avatar\/4e54f19e6593de883bfb434e7ed885ea.jpg?ver=1777443823","url":"https:\/\/www.conveniosocial.com.br\/blog\/wp-content\/litespeed\/avatar\/4e54f19e6593de883bfb434e7ed885ea.jpg?ver=1777443823","contentUrl":"https:\/\/www.conveniosocial.com.br\/blog\/wp-content\/litespeed\/avatar\/4e54f19e6593de883bfb434e7ed885ea.jpg?ver=1777443823","caption":"Reda\u00e7\u00e3o"},"description":"Presente nos 26 estados do Pa\u00eds e no Distrito Federal, Conv\u00eanio Social vem simplificando a experi\u00eancia dos usu\u00e1rios, que por meio do nosso portal, encontram, em um s\u00f3 local, tudo o que se refere aos servi\u00e7os de sa\u00fade a pre\u00e7os populares."}]}},"_links":{"self":[{"href":"https:\/\/www.conveniosocial.com.br\/blog\/wp-json\/wp\/v2\/posts\/927","targetHints":{"allow":["GET"]}}],"collection":[{"href":"https:\/\/www.conveniosocial.com.br\/blog\/wp-json\/wp\/v2\/posts"}],"about":[{"href":"https:\/\/www.conveniosocial.com.br\/blog\/wp-json\/wp\/v2\/types\/post"}],"author":[{"embeddable":true,"href":"https:\/\/www.conveniosocial.com.br\/blog\/wp-json\/wp\/v2\/users\/2"}],"replies":[{"embeddable":true,"href":"https:\/\/www.conveniosocial.com.br\/blog\/wp-json\/wp\/v2\/comments?post=927"}],"version-history":[{"count":0,"href":"https:\/\/www.conveniosocial.com.br\/blog\/wp-json\/wp\/v2\/posts\/927\/revisions"}],"wp:featuredmedia":[{"embeddable":true,"href":"https:\/\/www.conveniosocial.com.br\/blog\/wp-json\/"}],"wp:attachment":[{"href":"https:\/\/www.conveniosocial.com.br\/blog\/wp-json\/wp\/v2\/media?parent=927"}],"wp:term":[{"taxonomy":"category","embeddable":true,"href":"https:\/\/www.conveniosocial.com.br\/blog\/wp-json\/wp\/v2\/categories?post=927"},{"taxonomy":"post_tag","embeddable":true,"href":"https:\/\/www.conveniosocial.com.br\/blog\/wp-json\/wp\/v2\/tags?post=927"}],"curies":[{"name":"wp","href":"https:\/\/api.w.org\/{rel}","templated":true}]}}